{"id":202,"date":"2013-05-13T00:01:40","date_gmt":"2013-05-13T03:01:40","guid":{"rendered":"http:\/\/www.encontrabelem.com.br\/noticias\/?p=202"},"modified":"2023-11-13T11:17:37","modified_gmt":"2023-11-13T14:17:37","slug":"fumbel-antecipa-inscricoes-de-quadrilhas-juninas-mirins-em-belem","status":"publish","type":"post","link":"https:\/\/www.encontrabelem.com.br\/sobre\/fumbel-antecipa-inscricoes-de-quadrilhas-juninas-mirins-em-belem","title":{"rendered":"Fumbel antecipa inscri\u00e7\u00f5es de quadrilhas juninas mirins em Bel\u00e9m"},"content":{"rendered":"<div class=\"b22802487b0d38c4c6d9f34966e16421\" data-index=\"1\" style=\"float: none; margin:0px;\">\n<!-- Anuncio display - global -->\r\n<ins class=\"adsbygoogle\"\r\n     style=\"display:block\"\r\n     data-ad-client=\"ca-pub-8585364105181520\"\r\n     data-ad-slot=\"8789329856\"\r\n     data-ad-format=\"auto\"\r\n     data-full-width-responsive=\"true\"><\/ins>\r\n<script>\r\n     (adsbygoogle = window.adsbygoogle || []).push({});\r\n<\/script>\n<\/div>\n<p>As inscri\u00e7\u00f5es para o Concurso da Quadrilha Junina da Prefeitura Municipal de\u00a0Bel\u00e9m\u00a0na categoria mirim foram antecipadas para os pr\u00f3ximos dias 13 e 14 de maio. Os grupos devem procurar a sede da Funda\u00e7\u00e3o Cultural da <a href=\"http:\/\/www.encontrabelem.com.br\" target=\"_blank\" rel=\"noopener\">cidade de Bel\u00e9m<\/a> (Fumbel), localizada na rua Padre Champagnat, s\/n, Pra\u00e7a Frei Caetano Brand\u00e3o, no bairro da Cidade Velha, no hor\u00e1rio de 9h \u00e0s 14h.<\/p>\n<p>De acordo com a Fumbel, a mudan\u00e7a foi feita para que a regulariza\u00e7\u00e3o dos documentos das crian\u00e7as seja feita no Juizado da Crian\u00e7a e do Adolescente em tempo h\u00e1bil para o <a title=\"Eventos em Bel\u00e9m\" href=\"http:\/\/www.encontrabelem.com.br\/e\/eventos-em-belem.shtml\" target=\"_blank\" rel=\"noopener\">evento na cidade de Bel\u00e9m<\/a>.<\/p>\n<p>O \u201cArrai\u00e1 da Capit\u00e1\u201d ir\u00e1 acontecer no Portal da Amaz\u00f4nia, no bairro do Jurunas, neste ano, ao inv\u00e9s do tradicional palco da Pra\u00e7a Waldemar Henrique. A escolha do novo local foi definida em reuni\u00e3o na \u00faltima quarta-feira (08) entre o prefeito Zenaldo Coutinho e cerca de 80 representantes de quadrilhas juninas.<\/p>\n<p>\u201cEstou muito feliz, pois vejo um amadurecimento desses artistas que t\u00eam tanto esfor\u00e7o para colocar suas quadrilhas na rua. Vejo que hoje eles est\u00e3o abertos a novas vis\u00f5es, que s\u00f3 v\u00e3o somar ao belo trabalho que j\u00e1 vem sendo feito por cada um de n\u00f3s\u201d, disse a diretora da Confedera\u00e7\u00e3o Brasileira de Entidades de Quadrilhas Juninas (Confebraq) e vice-presidente da Associa\u00e7\u00e3o de Quadrilhas Juninas do <a href=\"http:\/\/www.encontrapara.com.br\" target=\"_blank\" rel=\"noopener\">Estado do Par\u00e1<\/a> (Aquanto), Itamar Oliveira.<\/p>\n<p>No encontro tamb\u00e9m foi definido que o n\u00famero de quadrilhas adultas campe\u00e3s ser\u00e1 de 20 e a de mirins, 10.<\/p>\n<p><em>Fonte: G1<\/em><\/p>\n\n<div style=\"font-size: 0px; height: 0px; line-height: 0px; margin: 0; padding: 0; clear: both;\"><\/div>","protected":false},"excerpt":{"rendered":"<p>As inscri\u00e7\u00f5es para o Concurso da Quadrilha Junina da Prefeitura Municipal de\u00a0Bel\u00e9m\u00a0na categoria mirim foram antecipadas para os pr\u00f3ximos dias 13 e 14 de maio. Os grupos devem procurar a sede da Funda\u00e7\u00e3o Cultural da cidade de Bel\u00e9m (Fumbel), localizada na rua Padre Champagnat, s\/n, Pra\u00e7a Frei Caetano Brand\u00e3o, no bairro da Cidade Velha, no hor\u00e1rio de 9h \u00e0s 14h. De acordo com a Fumbel, a mudan\u00e7a foi feita para que a regulariza\u00e7\u00e3o dos documentos das crian\u00e7as seja feita no Juizado da Crian\u00e7a e do Adolescente em tempo h\u00e1bil para o evento na cidade de Bel\u00e9m. O \u201cArrai\u00e1 da Capit\u00e1\u201d <\/p>\n","protected":false},"author":1,"featured_media":0,"comment_status":"closed","ping_status":"closed","sticky":false,"template":"","format":"standard","meta":{"footnotes":""},"categories":[1,7],"tags":[11],"class_list":["post-202","post","type-post","status-publish","format-standard","hentry","category-noticias-em-belem","category-servicos-em-belem","tag-belem"],"aioseo_notices":[],"_links":{"self":[{"href":"https:\/\/www.encontrabelem.com.br\/sobre\/wp-json\/wp\/v2\/posts\/202","targetHints":{"allow":["GET"]}}],"collection":[{"href":"https:\/\/www.encontrabelem.com.br\/sobre\/wp-json\/wp\/v2\/posts"}],"about":[{"href":"https:\/\/www.encontrabelem.com.br\/sobre\/wp-json\/wp\/v2\/types\/post"}],"author":[{"embeddable":true,"href":"https:\/\/www.encontrabelem.com.br\/sobre\/wp-json\/wp\/v2\/users\/1"}],"replies":[{"embeddable":true,"href":"https:\/\/www.encontrabelem.com.br\/sobre\/wp-json\/wp\/v2\/comments?post=202"}],"version-history":[{"count":0,"href":"https:\/\/www.encontrabelem.com.br\/sobre\/wp-json\/wp\/v2\/posts\/202\/revisions"}],"wp:attachment":[{"href":"https:\/\/www.encontrabelem.com.br\/sobre\/wp-json\/wp\/v2\/media?parent=202"}],"wp:term":[{"taxonomy":"category","embeddable":true,"href":"https:\/\/www.encontrabelem.com.br\/sobre\/wp-json\/wp\/v2\/categories?post=202"},{"taxonomy":"post_tag","embeddable":true,"href":"https:\/\/www.encontrabelem.com.br\/sobre\/wp-json\/wp\/v2\/tags?post=202"}],"curies":[{"name":"wp","href":"https:\/\/api.w.org\/{rel}","templated":true}]}}