{"id":2016,"date":"2026-07-11T05:49:57","date_gmt":"2026-07-11T08:49:57","guid":{"rendered":"https:\/\/www.encontrabelem.com.br\/sobre\/manutencao-programada-afeta-abastecimento-de-agua-em-6-bairros-de-belem-nesta-madrugada"},"modified":"2026-07-11T05:49:57","modified_gmt":"2026-07-11T08:49:57","slug":"manutencao-programada-afeta-abastecimento-de-agua-em-6-bairros-de-belem-nesta-madrugada","status":"publish","type":"post","link":"https:\/\/www.encontrabelem.com.br\/sobre\/manutencao-programada-afeta-abastecimento-de-agua-em-6-bairros-de-belem-nesta-madrugada","title":{"rendered":"Manuten\u00e7\u00e3o programada afeta abastecimento de \u00e1gua em 6 bairros de Bel\u00e9m nesta madrugada"},"content":{"rendered":"<div class=\"b22802487b0d38c4c6d9f34966e16421\" data-index=\"1\" style=\"float: none; margin:0px;\">\n<!-- Anuncio display - global -->\r\n<ins class=\"adsbygoogle\"\r\n     style=\"display:block\"\r\n     data-ad-client=\"ca-pub-8585364105181520\"\r\n     data-ad-slot=\"8789329856\"\r\n     data-ad-format=\"auto\"\r\n     data-full-width-responsive=\"true\"><\/ins>\r\n<script>\r\n     (adsbygoogle = window.adsbygoogle || []).push({});\r\n<\/script>\n<\/div>\n<h2>Impactos da Falta de \u00c1gua nos Bairros<\/h2>\n<p>A interrup\u00e7\u00e3o no abastecimento de \u00e1gua pode gerar s\u00e9rios efeitos para a popula\u00e7\u00e3o. Durante per\u00edodos sem fornecimento, muitos residentes enfrentam dificuldades para realizar tarefas cotidianas, como cozinhar, tomar banho e manter a higiene pessoal. Al\u00e9m disso, a falta de \u00e1gua pode afetar o com\u00e9rcio local, especialmente empresas que dependem de \u00e1gua para suas opera\u00e7\u00f5es. A sensa\u00e7\u00e3o de inseguran\u00e7a e descontentamento na popula\u00e7\u00e3o tamb\u00e9m pode aumentar durante esses epis\u00f3dios, especialmente quando a interrup\u00e7\u00e3o \u00e9 prolongada.<\/p>\n<h2>Hor\u00e1rio de Interrup\u00e7\u00e3o do Abastecimento<\/h2>\n<p>A interrup\u00e7\u00e3o programada come\u00e7ar\u00e1 \u00e0s 22h deste fim de semana e se estender\u00e1 at\u00e9 \u00e0s 3h da madrugada do dia seguinte, conforme informado pela concession\u00e1ria respons\u00e1vel. Este per\u00edodo foi escolhido para causar o m\u00ednimo de transtornos aos moradores, que geralmente est\u00e3o em casa durante a noite e podem se preparar para a falta de \u00e1gua.<\/p>\n<h2>Quais Bairros Ser\u00e3o Afetados<\/h2>\n<p>Os bairros afetados pela interrup\u00e7\u00e3o incluem:<\/p>\n<p><img decoding=\"async\" src=\"https:\/\/www.encontrabelem.com.br\/sobre\/wp-content\/uploads\/2026\/07\/manutencao-programada-afeta-abastecimento-de-agua-em-6-bairros-de-belem-nesta-madrugada.webp\" alt=\"falta de \u00e1gua em Bel\u00e9m\" loading=\"lazy\" \/><\/p>\n<ul>\n<li>S\u00e3o Br\u00e1s<\/li>\n<li>F\u00e1tima<\/li>\n<li>Pedreira (parcialmente)<\/li>\n<li>Nazar\u00e9 (parcialmente)<\/li>\n<li>Canudos (parcialmente)<\/li>\n<li>Marco (parcialmente)<\/li>\n<\/ul>\n<p>Essa lista destaca \u00e1reas onde a falta de \u00e1gua ser\u00e1 total ou parcial, dependendo da localiza\u00e7\u00e3o espec\u00edfica de cada resid\u00eancia dentro dos bairros mencionados.<\/p>\n<h2>Import\u00e2ncia da Manuten\u00e7\u00e3o no Sistema de Abastecimento<\/h2>\n<p>A manuten\u00e7\u00e3o do sistema de abastecimento \u00e9 crucial para garantir que o fornecimento de \u00e1gua seja seguro e eficiente. As interven\u00e7\u00f5es programadas ajudam a prevenir falhas futuras e a garantir a qualidade da \u00e1gua distribu\u00edda. Isso inclui a verifica\u00e7\u00e3o e atualiza\u00e7\u00e3o de equipamentos de bombeamento, tubula\u00e7\u00f5es e reservas. Embora haja inconvenientes tempor\u00e1rios, os benef\u00edcios a longo prazo superam os transtornos moment\u00e2neos.<\/p>\n<h2>Orienta\u00e7\u00f5es para Uso Consciente da \u00c1gua<\/h2>\n<p>Durante o per\u00edodo de interrup\u00e7\u00e3o, a concession\u00e1ria recomenda que os moradores fa\u00e7am uso consciente da \u00e1gua. Algumas orienta\u00e7\u00f5es incluem:<\/p>\n<ul>\n<li>Armazenar \u00e1gua em recipientes apropriados antes da interrup\u00e7\u00e3o.<\/li>\n<li>Priorizar o uso da \u00e1gua para necessidades b\u00e1sicas, como beber e cozinhar.<\/li>\n<li>Evitar atividades que consumam muita \u00e1gua, como lavagem de carros ou irriga\u00e7\u00e3o de jardins.<\/li>\n<li>Utilizar \u00e1gua de forma moderada e evitar desperd\u00edcios.<\/li>\n<\/ul>\n<h2>Retomada Gradual do Servi\u00e7o<\/h2>\n<p>Ap\u00f3s a conclus\u00e3o dos trabalhos de manuten\u00e7\u00e3o, o restabelecimento do abastecimento de \u00e1gua ser\u00e1 feito de maneira gradual. Isso significa que algumas \u00e1reas poder\u00e3o ter o fornecimento restitu\u00eddo antes de outras, dependendo da execu\u00e7\u00e3o das interven\u00e7\u00f5es. Residentes devem estar cientes que, mesmo ap\u00f3s a reabertura do fornecimento, pode haver flutua\u00e7\u00f5es na press\u00e3o da \u00e1gua nas primeiras horas.<\/p>\n<h2>Hist\u00f3rico de Manuten\u00e7\u00f5es Anteriores<\/h2>\n<p>Em situa\u00e7\u00f5es anteriores semelhantes, a concession\u00e1ria j\u00e1 havia promovido manuten\u00e7\u00f5es programadas em outras \u00e1reas da cidade. Historicamente, essas a\u00e7\u00f5es t\u00eam resultado em melhorias significativas na qualidade da \u00e1gua e na efici\u00eancia do sistema. As queixas dos moradores durante essas manuten\u00e7\u00f5es s\u00e3o levadas em considera\u00e7\u00e3o, e a empresa busca sempre aprimorar o planejamento para minimizar os impactos na popula\u00e7\u00e3o.<\/p>\n<h2>Como a Concession\u00e1ria Informa Sobre Manuten\u00e7\u00f5es<\/h2>\n<p>A concession\u00e1ria comunica aos clientes sobre as manuten\u00e7\u00f5es programadas atrav\u00e9s de diversos canais, incluindo:<\/p>\n<ul>\n<li>Redes sociais, onde postam atualiza\u00e7\u00f5es em tempo real.<\/li>\n<li>Comunicados enviados via mensagem de texto ou e-mail, caso o usu\u00e1rio tenha optado por esse tipo de notifica\u00e7\u00e3o.<\/li>\n<li>An\u00fancios em r\u00e1dio local e televis\u00e3o.<\/li>\n<li>Coloca\u00e7\u00e3o de cartazes em \u00e1reas afetadas, informando sobre o plano de manuten\u00e7\u00e3o com anteced\u00eancia.<\/li>\n<\/ul>\n<h2>O que Fazer em Caso de Emerg\u00eancia<\/h2>\n<p>Se os moradores enfrentarem uma situa\u00e7\u00e3o de emerg\u00eancia devido \u00e0 falta de \u00e1gua, como queimaduras ou outras necessidades imediatas de \u00e1gua, deve-se:<\/p>\n<ul>\n<li>Receber informa\u00e7\u00f5es sobre po\u00e7os artesianos ou fontes de \u00e1gua dispon\u00edveis na \u00e1rea.<\/li>\n<li>Entrar em contato com a concession\u00e1ria para informar sobre a emerg\u00eancia e buscar orienta\u00e7\u00f5es.<\/li>\n<li>Manter a calma e compartilhar informa\u00e7\u00f5es com os vizinhos para coordenar a\u00e7\u00f5es coletivas.<\/li>\n<\/ul>\n<h2>A Import\u00e2ncia da Conscientiza\u00e7\u00e3o Sobre a \u00c1gua<\/h2>\n<p>A conscientiza\u00e7\u00e3o sobre o uso da \u00e1gua deve ser uma preocupa\u00e7\u00e3o constante, mesmo fora de per\u00edodos de racionamento. O uso respons\u00e1vel da \u00e1gua n\u00e3o s\u00f3 ajuda a economizar recursos, mas tamb\u00e9m assegura que comunidades tenham acesso cont\u00ednuo a este recurso vital. Programas de educa\u00e7\u00e3o e campanhas de sensibiliza\u00e7\u00e3o devem ser implementados para envolver a popula\u00e7\u00e3o e encorajar pr\u00e1ticas sustent\u00e1veis de uso da \u00e1gua.<\/p>\n\n<div style=\"font-size: 0px; height: 0px; line-height: 0px; margin: 0; padding: 0; clear: both;\"><\/div>","protected":false},"excerpt":{"rendered":"<p>Falta de \u00e1gua em Bel\u00e9m impacta v\u00e1rias regi\u00f5es devido \u00e0 manuten\u00e7\u00e3o programada.<\/p>\n","protected":false},"author":1,"featured_media":2015,"comment_status":"open","ping_status":"closed","sticky":false,"template":"","format":"standard","meta":{"footnotes":""},"categories":[1],"tags":[],"class_list":["post-2016","post","type-post","status-publish","format-standard","has-post-thumbnail","hentry","category-noticias-em-belem","has_thumb"],"aioseo_notices":[],"aioseo_head":"\n\t\t<!-- All in One SEO 5.0.0.1 - aioseo.com -->\n\t<meta name=\"description\" content=\"Falta de \u00e1gua em Bel\u00e9m impacta v\u00e1rias regi\u00f5es devido \u00e0 manuten\u00e7\u00e3o programada.\" \/>\n\t<meta name=\"robots\" content=\"max-image-preview:large\" \/>\n\t<meta name=\"author\" content=\"Encontra Bel\u00e9m\"\/>\n\t<link rel=\"canonical\" href=\"https:\/\/www.encontrabelem.com.br\/sobre\/manutencao-programada-afeta-abastecimento-de-agua-em-6-bairros-de-belem-nesta-madrugada\" \/>\n\t<meta name=\"generator\" content=\"All in One SEO (AIOSEO) 5.0.0.1\" \/>\n\t\t<meta property=\"og:locale\" content=\"pt_BR\" \/>\n\t\t<meta property=\"og:site_name\" content=\"Encontra Bel\u00e9m | Not\u00edcias, eventos, informa\u00e7\u00f5es e dicas na cidade Bel\u00e9m e regi\u00e3o.\" \/>\n\t\t<meta property=\"og:type\" content=\"article\" \/>\n\t\t<meta property=\"og:title\" content=\"Manuten\u00e7\u00e3o programada afeta abastecimento de \u00e1gua em 6 bairros de Bel\u00e9m nesta madrugada | Encontra Bel\u00e9m\" \/>\n\t\t<meta property=\"og:description\" content=\"Falta de \u00e1gua em Bel\u00e9m impacta v\u00e1rias regi\u00f5es devido \u00e0 manuten\u00e7\u00e3o programada.\" \/>\n\t\t<meta property=\"og:url\" content=\"https:\/\/www.encontrabelem.com.br\/sobre\/manutencao-programada-afeta-abastecimento-de-agua-em-6-bairros-de-belem-nesta-madrugada\" \/>\n\t\t<meta property=\"article:published_time\" content=\"2026-07-11T08:49:57+00:00\" \/>\n\t\t<meta property=\"article:modified_time\" content=\"2026-07-11T08:49:57+00:00\" \/>\n\t\t<meta name=\"twitter:card\" content=\"summary\" \/>\n\t\t<meta name=\"twitter:title\" content=\"Manuten\u00e7\u00e3o programada afeta abastecimento de \u00e1gua em 6 bairros de Bel\u00e9m nesta madrugada | Encontra Bel\u00e9m\" \/>\n\t\t<meta name=\"twitter:description\" content=\"Falta de \u00e1gua em Bel\u00e9m impacta v\u00e1rias regi\u00f5es devido \u00e0 manuten\u00e7\u00e3o programada.\" \/>\n\t\t<script type=\"application\/ld+json\" class=\"aioseo-schema\">\n\t\t\t{\"@context\":\"https:\\\/\\\/schema.org\",\"@graph\":[{\"@type\":\"Article\",\"@id\":\"https:\\\/\\\/www.encontrabelem.com.br\\\/sobre\\\/manutencao-programada-afeta-abastecimento-de-agua-em-6-bairros-de-belem-nesta-madrugada#article\",\"name\":\"Manuten\\u00e7\\u00e3o programada afeta abastecimento de \\u00e1gua em 6 bairros de Bel\\u00e9m nesta madrugada | Encontra Bel\\u00e9m\",\"headline\":\"Manuten\\u00e7\\u00e3o programada afeta abastecimento de \\u00e1gua em 6 bairros de Bel\\u00e9m nesta madrugada\",\"author\":{\"@id\":\"https:\\\/\\\/www.encontrabelem.com.br\\\/sobre\\\/author\\\/ebelem#author\"},\"publisher\":{\"@id\":\"https:\\\/\\\/www.encontrabelem.com.br\\\/sobre\\\/#organization\"},\"image\":{\"@type\":\"ImageObject\",\"url\":\"https:\\\/\\\/www.encontrabelem.com.br\\\/sobre\\\/wp-content\\\/uploads\\\/2026\\\/07\\\/manutencao-programada-afeta-abastecimento-de-agua-em-6-bairros-de-belem-nesta-madrugada.webp\",\"width\":280,\"height\":280,\"caption\":\"falta de \\u00e1gua em Bel\\u00e9m\"},\"datePublished\":\"2026-07-11T05:49:57-03:00\",\"dateModified\":\"2026-07-11T05:49:57-03:00\",\"inLanguage\":\"pt-BR\",\"mainEntityOfPage\":{\"@id\":\"https:\\\/\\\/www.encontrabelem.com.br\\\/sobre\\\/manutencao-programada-afeta-abastecimento-de-agua-em-6-bairros-de-belem-nesta-madrugada#webpage\"},\"isPartOf\":{\"@id\":\"https:\\\/\\\/www.encontrabelem.com.br\\\/sobre\\\/manutencao-programada-afeta-abastecimento-de-agua-em-6-bairros-de-belem-nesta-madrugada#webpage\"},\"articleSection\":\"Not\\u00edcias Bel\\u00e9m\"},{\"@type\":\"BreadcrumbList\",\"@id\":\"https:\\\/\\\/www.encontrabelem.com.br\\\/sobre\\\/manutencao-programada-afeta-abastecimento-de-agua-em-6-bairros-de-belem-nesta-madrugada#breadcrumblist\",\"itemListElement\":[{\"@type\":\"ListItem\",\"@id\":\"https:\\\/\\\/www.encontrabelem.com.br\\\/sobre#listItem\",\"position\":1,\"name\":\"In\\u00edcio\",\"item\":\"https:\\\/\\\/www.encontrabelem.com.br\\\/sobre\",\"nextItem\":{\"@type\":\"ListItem\",\"@id\":\"https:\\\/\\\/www.encontrabelem.com.br\\\/sobre\\\/noticias-em-belem#listItem\",\"name\":\"Not\\u00edcias Bel\\u00e9m\"}},{\"@type\":\"ListItem\",\"@id\":\"https:\\\/\\\/www.encontrabelem.com.br\\\/sobre\\\/noticias-em-belem#listItem\",\"position\":2,\"name\":\"Not\\u00edcias Bel\\u00e9m\",\"item\":\"https:\\\/\\\/www.encontrabelem.com.br\\\/sobre\\\/noticias-em-belem\",\"nextItem\":{\"@type\":\"ListItem\",\"@id\":\"https:\\\/\\\/www.encontrabelem.com.br\\\/sobre\\\/manutencao-programada-afeta-abastecimento-de-agua-em-6-bairros-de-belem-nesta-madrugada#listItem\",\"name\":\"Manuten\\u00e7\\u00e3o programada afeta abastecimento de \\u00e1gua em 6 bairros de Bel\\u00e9m nesta madrugada\"},\"previousItem\":{\"@type\":\"ListItem\",\"@id\":\"https:\\\/\\\/www.encontrabelem.com.br\\\/sobre#listItem\",\"name\":\"In\\u00edcio\"}},{\"@type\":\"ListItem\",\"@id\":\"https:\\\/\\\/www.encontrabelem.com.br\\\/sobre\\\/manutencao-programada-afeta-abastecimento-de-agua-em-6-bairros-de-belem-nesta-madrugada#listItem\",\"position\":3,\"name\":\"Manuten\\u00e7\\u00e3o programada afeta abastecimento de \\u00e1gua em 6 bairros de Bel\\u00e9m nesta madrugada\",\"previousItem\":{\"@type\":\"ListItem\",\"@id\":\"https:\\\/\\\/www.encontrabelem.com.br\\\/sobre\\\/noticias-em-belem#listItem\",\"name\":\"Not\\u00edcias Bel\\u00e9m\"}}]},{\"@type\":\"Organization\",\"@id\":\"https:\\\/\\\/www.encontrabelem.com.br\\\/sobre\\\/#organization\",\"name\":\"Encontra Bel\\u00e9m\",\"description\":\"Not\\u00edcias, eventos, informa\\u00e7\\u00f5es e dicas na cidade Bel\\u00e9m e regi\\u00e3o.\",\"url\":\"https:\\\/\\\/www.encontrabelem.com.br\\\/sobre\\\/\"},{\"@type\":\"Person\",\"@id\":\"https:\\\/\\\/www.encontrabelem.com.br\\\/sobre\\\/author\\\/ebelem#author\",\"url\":\"https:\\\/\\\/www.encontrabelem.com.br\\\/sobre\\\/author\\\/ebelem\",\"name\":\"Encontra Bel\\u00e9m\",\"image\":{\"@type\":\"ImageObject\",\"@id\":\"https:\\\/\\\/www.encontrabelem.com.br\\\/sobre\\\/manutencao-programada-afeta-abastecimento-de-agua-em-6-bairros-de-belem-nesta-madrugada#authorImage\",\"url\":\"https:\\\/\\\/secure.gravatar.com\\\/avatar\\\/507340682b8270222e1f208e23198b6ae7e2c6a1033ae84e99bc6bce4f82a387?s=96&d=mm&r=g\",\"width\":96,\"height\":96,\"caption\":\"Encontra Bel\\u00e9m\"}},{\"@type\":\"WebPage\",\"@id\":\"https:\\\/\\\/www.encontrabelem.com.br\\\/sobre\\\/manutencao-programada-afeta-abastecimento-de-agua-em-6-bairros-de-belem-nesta-madrugada#webpage\",\"url\":\"https:\\\/\\\/www.encontrabelem.com.br\\\/sobre\\\/manutencao-programada-afeta-abastecimento-de-agua-em-6-bairros-de-belem-nesta-madrugada\",\"name\":\"Manuten\\u00e7\\u00e3o programada afeta abastecimento de \\u00e1gua em 6 bairros de Bel\\u00e9m nesta madrugada | Encontra Bel\\u00e9m\",\"description\":\"Falta de \\u00e1gua em Bel\\u00e9m impacta v\\u00e1rias regi\\u00f5es devido \\u00e0 manuten\\u00e7\\u00e3o programada.\",\"inLanguage\":\"pt-BR\",\"isPartOf\":{\"@id\":\"https:\\\/\\\/www.encontrabelem.com.br\\\/sobre\\\/#website\"},\"breadcrumb\":{\"@id\":\"https:\\\/\\\/www.encontrabelem.com.br\\\/sobre\\\/manutencao-programada-afeta-abastecimento-de-agua-em-6-bairros-de-belem-nesta-madrugada#breadcrumblist\"},\"author\":{\"@id\":\"https:\\\/\\\/www.encontrabelem.com.br\\\/sobre\\\/author\\\/ebelem#author\"},\"creator\":{\"@id\":\"https:\\\/\\\/www.encontrabelem.com.br\\\/sobre\\\/author\\\/ebelem#author\"},\"image\":{\"@type\":\"ImageObject\",\"url\":\"https:\\\/\\\/www.encontrabelem.com.br\\\/sobre\\\/wp-content\\\/uploads\\\/2026\\\/07\\\/manutencao-programada-afeta-abastecimento-de-agua-em-6-bairros-de-belem-nesta-madrugada.webp\",\"@id\":\"https:\\\/\\\/www.encontrabelem.com.br\\\/sobre\\\/manutencao-programada-afeta-abastecimento-de-agua-em-6-bairros-de-belem-nesta-madrugada\\\/#mainImage\",\"width\":280,\"height\":280,\"caption\":\"falta de \\u00e1gua em Bel\\u00e9m\"},\"primaryImageOfPage\":{\"@id\":\"https:\\\/\\\/www.encontrabelem.com.br\\\/sobre\\\/manutencao-programada-afeta-abastecimento-de-agua-em-6-bairros-de-belem-nesta-madrugada#mainImage\"},\"datePublished\":\"2026-07-11T05:49:57-03:00\",\"dateModified\":\"2026-07-11T05:49:57-03:00\"},{\"@type\":\"WebSite\",\"@id\":\"https:\\\/\\\/www.encontrabelem.com.br\\\/sobre\\\/#website\",\"url\":\"https:\\\/\\\/www.encontrabelem.com.br\\\/sobre\\\/\",\"name\":\"Encontra Bel\\u00e9m\",\"description\":\"Not\\u00edcias, eventos, informa\\u00e7\\u00f5es e dicas na cidade Bel\\u00e9m e regi\\u00e3o.\",\"inLanguage\":\"pt-BR\",\"publisher\":{\"@id\":\"https:\\\/\\\/www.encontrabelem.com.br\\\/sobre\\\/#organization\"}}]}\n\t\t<\/script>\n\t\t<!-- All in One SEO -->\n\n","aioseo_head_json":{"title":"Manuten\u00e7\u00e3o programada afeta abastecimento de \u00e1gua em 6 bairros de Bel\u00e9m nesta madrugada | Encontra Bel\u00e9m","description":"Falta de \u00e1gua em Bel\u00e9m impacta v\u00e1rias regi\u00f5es devido \u00e0 manuten\u00e7\u00e3o programada.","canonical_url":"https:\/\/www.encontrabelem.com.br\/sobre\/manutencao-programada-afeta-abastecimento-de-agua-em-6-bairros-de-belem-nesta-madrugada","robots":"max-image-preview:large","keywords":"","webmasterTools":{"miscellaneous":""},"schema":{"@context":"https:\/\/schema.org","@graph":[{"@type":"Article","@id":"https:\/\/www.encontrabelem.com.br\/sobre\/manutencao-programada-afeta-abastecimento-de-agua-em-6-bairros-de-belem-nesta-madrugada#article","name":"Manuten\u00e7\u00e3o programada afeta abastecimento de \u00e1gua em 6 bairros de Bel\u00e9m nesta madrugada | Encontra Bel\u00e9m","headline":"Manuten\u00e7\u00e3o programada afeta abastecimento de \u00e1gua em 6 bairros de Bel\u00e9m nesta madrugada","author":{"@id":"https:\/\/www.encontrabelem.com.br\/sobre\/author\/ebelem#author"},"publisher":{"@id":"https:\/\/www.encontrabelem.com.br\/sobre\/#organization"},"image":{"@type":"ImageObject","url":"https:\/\/www.encontrabelem.com.br\/sobre\/wp-content\/uploads\/2026\/07\/manutencao-programada-afeta-abastecimento-de-agua-em-6-bairros-de-belem-nesta-madrugada.webp","width":280,"height":280,"caption":"falta de \u00e1gua em Bel\u00e9m"},"datePublished":"2026-07-11T05:49:57-03:00","dateModified":"2026-07-11T05:49:57-03:00","inLanguage":"pt-BR","mainEntityOfPage":{"@id":"https:\/\/www.encontrabelem.com.br\/sobre\/manutencao-programada-afeta-abastecimento-de-agua-em-6-bairros-de-belem-nesta-madrugada#webpage"},"isPartOf":{"@id":"https:\/\/www.encontrabelem.com.br\/sobre\/manutencao-programada-afeta-abastecimento-de-agua-em-6-bairros-de-belem-nesta-madrugada#webpage"},"articleSection":"Not\u00edcias Bel\u00e9m"},{"@type":"BreadcrumbList","@id":"https:\/\/www.encontrabelem.com.br\/sobre\/manutencao-programada-afeta-abastecimento-de-agua-em-6-bairros-de-belem-nesta-madrugada#breadcrumblist","itemListElement":[{"@type":"ListItem","@id":"https:\/\/www.encontrabelem.com.br\/sobre#listItem","position":1,"name":"In\u00edcio","item":"https:\/\/www.encontrabelem.com.br\/sobre","nextItem":{"@type":"ListItem","@id":"https:\/\/www.encontrabelem.com.br\/sobre\/noticias-em-belem#listItem","name":"Not\u00edcias Bel\u00e9m"}},{"@type":"ListItem","@id":"https:\/\/www.encontrabelem.com.br\/sobre\/noticias-em-belem#listItem","position":2,"name":"Not\u00edcias Bel\u00e9m","item":"https:\/\/www.encontrabelem.com.br\/sobre\/noticias-em-belem","nextItem":{"@type":"ListItem","@id":"https:\/\/www.encontrabelem.com.br\/sobre\/manutencao-programada-afeta-abastecimento-de-agua-em-6-bairros-de-belem-nesta-madrugada#listItem","name":"Manuten\u00e7\u00e3o programada afeta abastecimento de \u00e1gua em 6 bairros de Bel\u00e9m nesta madrugada"},"previousItem":{"@type":"ListItem","@id":"https:\/\/www.encontrabelem.com.br\/sobre#listItem","name":"In\u00edcio"}},{"@type":"ListItem","@id":"https:\/\/www.encontrabelem.com.br\/sobre\/manutencao-programada-afeta-abastecimento-de-agua-em-6-bairros-de-belem-nesta-madrugada#listItem","position":3,"name":"Manuten\u00e7\u00e3o programada afeta abastecimento de \u00e1gua em 6 bairros de Bel\u00e9m nesta madrugada","previousItem":{"@type":"ListItem","@id":"https:\/\/www.encontrabelem.com.br\/sobre\/noticias-em-belem#listItem","name":"Not\u00edcias Bel\u00e9m"}}]},{"@type":"Organization","@id":"https:\/\/www.encontrabelem.com.br\/sobre\/#organization","name":"Encontra Bel\u00e9m","description":"Not\u00edcias, eventos, informa\u00e7\u00f5es e dicas na cidade Bel\u00e9m e regi\u00e3o.","url":"https:\/\/www.encontrabelem.com.br\/sobre\/"},{"@type":"Person","@id":"https:\/\/www.encontrabelem.com.br\/sobre\/author\/ebelem#author","url":"https:\/\/www.encontrabelem.com.br\/sobre\/author\/ebelem","name":"Encontra Bel\u00e9m","image":{"@type":"ImageObject","@id":"https:\/\/www.encontrabelem.com.br\/sobre\/manutencao-programada-afeta-abastecimento-de-agua-em-6-bairros-de-belem-nesta-madrugada#authorImage","url":"https:\/\/secure.gravatar.com\/avatar\/507340682b8270222e1f208e23198b6ae7e2c6a1033ae84e99bc6bce4f82a387?s=96&d=mm&r=g","width":96,"height":96,"caption":"Encontra Bel\u00e9m"}},{"@type":"WebPage","@id":"https:\/\/www.encontrabelem.com.br\/sobre\/manutencao-programada-afeta-abastecimento-de-agua-em-6-bairros-de-belem-nesta-madrugada#webpage","url":"https:\/\/www.encontrabelem.com.br\/sobre\/manutencao-programada-afeta-abastecimento-de-agua-em-6-bairros-de-belem-nesta-madrugada","name":"Manuten\u00e7\u00e3o programada afeta abastecimento de \u00e1gua em 6 bairros de Bel\u00e9m nesta madrugada | Encontra Bel\u00e9m","description":"Falta de \u00e1gua em Bel\u00e9m impacta v\u00e1rias regi\u00f5es devido \u00e0 manuten\u00e7\u00e3o programada.","inLanguage":"pt-BR","isPartOf":{"@id":"https:\/\/www.encontrabelem.com.br\/sobre\/#website"},"breadcrumb":{"@id":"https:\/\/www.encontrabelem.com.br\/sobre\/manutencao-programada-afeta-abastecimento-de-agua-em-6-bairros-de-belem-nesta-madrugada#breadcrumblist"},"author":{"@id":"https:\/\/www.encontrabelem.com.br\/sobre\/author\/ebelem#author"},"creator":{"@id":"https:\/\/www.encontrabelem.com.br\/sobre\/author\/ebelem#author"},"image":{"@type":"ImageObject","url":"https:\/\/www.encontrabelem.com.br\/sobre\/wp-content\/uploads\/2026\/07\/manutencao-programada-afeta-abastecimento-de-agua-em-6-bairros-de-belem-nesta-madrugada.webp","@id":"https:\/\/www.encontrabelem.com.br\/sobre\/manutencao-programada-afeta-abastecimento-de-agua-em-6-bairros-de-belem-nesta-madrugada\/#mainImage","width":280,"height":280,"caption":"falta de \u00e1gua em Bel\u00e9m"},"primaryImageOfPage":{"@id":"https:\/\/www.encontrabelem.com.br\/sobre\/manutencao-programada-afeta-abastecimento-de-agua-em-6-bairros-de-belem-nesta-madrugada#mainImage"},"datePublished":"2026-07-11T05:49:57-03:00","dateModified":"2026-07-11T05:49:57-03:00"},{"@type":"WebSite","@id":"https:\/\/www.encontrabelem.com.br\/sobre\/#website","url":"https:\/\/www.encontrabelem.com.br\/sobre\/","name":"Encontra Bel\u00e9m","description":"Not\u00edcias, eventos, informa\u00e7\u00f5es e dicas na cidade Bel\u00e9m e regi\u00e3o.","inLanguage":"pt-BR","publisher":{"@id":"https:\/\/www.encontrabelem.com.br\/sobre\/#organization"}}]},"og:locale":"pt_BR","og:site_name":"Encontra Bel\u00e9m | Not\u00edcias, eventos, informa\u00e7\u00f5es e dicas na cidade Bel\u00e9m e regi\u00e3o.","og:type":"article","og:title":"Manuten\u00e7\u00e3o programada afeta abastecimento de \u00e1gua em 6 bairros de Bel\u00e9m nesta madrugada | Encontra Bel\u00e9m","og:description":"Falta de \u00e1gua em Bel\u00e9m impacta v\u00e1rias regi\u00f5es devido \u00e0 manuten\u00e7\u00e3o programada.","og:url":"https:\/\/www.encontrabelem.com.br\/sobre\/manutencao-programada-afeta-abastecimento-de-agua-em-6-bairros-de-belem-nesta-madrugada","article:published_time":"2026-07-11T08:49:57+00:00","article:modified_time":"2026-07-11T08:49:57+00:00","twitter:card":"summary","twitter:title":"Manuten\u00e7\u00e3o programada afeta abastecimento de \u00e1gua em 6 bairros de Bel\u00e9m nesta madrugada | Encontra Bel\u00e9m","twitter:description":"Falta de \u00e1gua em Bel\u00e9m impacta v\u00e1rias regi\u00f5es devido \u00e0 manuten\u00e7\u00e3o programada."},"aioseo_meta_data":{"post_id":"2016","title":null,"description":null,"keywords":null,"keyphrases":null,"primary_term":null,"canonical_url":null,"og_title":null,"og_description":null,"og_object_type":"default","og_image_type":"default","og_image_url":null,"og_image_width":null,"og_image_height":null,"og_image_custom_url":null,"og_image_custom_fields":null,"og_video":null,"og_custom_url":null,"og_article_section":null,"og_article_tags":null,"twitter_use_og":false,"twitter_card":"default","twitter_image_type":"default","twitter_image_url":null,"twitter_image_custom_url":null,"twitter_image_custom_fields":null,"twitter_title":null,"twitter_description":null,"schema":{"blockGraphs":[],"customGraphs":[],"default":{"data":{"Article":[],"Course":[],"Dataset":[],"FAQPage":[],"Movie":[],"Person":[],"Product":[],"ProductReview":[],"Car":[],"Recipe":[],"Service":[],"SoftwareApplication":[],"WebPage":[]},"graphName":"Article","isEnabled":true},"graphs":[]},"schema_type":"default","schema_type_options":null,"pillar_content":false,"robots_default":true,"robots_noindex":false,"robots_noarchive":false,"robots_nosnippet":false,"robots_nofollow":false,"robots_noimageindex":false,"robots_noodp":false,"robots_notranslate":false,"robots_max_snippet":null,"robots_max_videopreview":null,"robots_max_imagepreview":"large","priority":null,"frequency":null,"local_seo":null,"breadcrumb_settings":null,"limit_modified_date":false,"ai":null,"created":"2026-07-11 08:49:59","updated":"2026-07-11 09:43:53","focus_keyword":null,"additional_keywords":null,"truseo_locale":null,"seo_analyzer_scan_date":null},"aioseo_breadcrumb":"<div class=\"aioseo-breadcrumbs\"><span class=\"aioseo-breadcrumb\">\n\t\t\t<a href=\"https:\/\/www.encontrabelem.com.br\/sobre\" title=\"In\u00edcio\">In\u00edcio<\/a>\n\t\t<\/span><span class=\"aioseo-breadcrumb-separator\">&raquo;<\/span><span class=\"aioseo-breadcrumb\">\n\t\t\t<a href=\"https:\/\/www.encontrabelem.com.br\/sobre\/noticias-em-belem\" title=\"Not\u00edcias Bel\u00e9m\">Not\u00edcias Bel\u00e9m<\/a>\n\t\t<\/span><span class=\"aioseo-breadcrumb-separator\">&raquo;<\/span><span class=\"aioseo-breadcrumb\">\n\t\t\tManuten\u00e7\u00e3o programada afeta abastecimento de \u00e1gua em 6 bairros de Bel\u00e9m nesta madrugada\n\t\t<\/span><\/div>","aioseo_breadcrumb_json":[{"label":"In\u00edcio","link":"https:\/\/www.encontrabelem.com.br\/sobre"},{"label":"Not\u00edcias Bel\u00e9m","link":"https:\/\/www.encontrabelem.com.br\/sobre\/noticias-em-belem"},{"label":"Manuten\u00e7\u00e3o programada afeta abastecimento de \u00e1gua em 6 bairros de Bel\u00e9m nesta madrugada","link":"https:\/\/www.encontrabelem.com.br\/sobre\/manutencao-programada-afeta-abastecimento-de-agua-em-6-bairros-de-belem-nesta-madrugada"}],"_links":{"self":[{"href":"https:\/\/www.encontrabelem.com.br\/sobre\/wp-json\/wp\/v2\/posts\/2016","targetHints":{"allow":["GET"]}}],"collection":[{"href":"https:\/\/www.encontrabelem.com.br\/sobre\/wp-json\/wp\/v2\/posts"}],"about":[{"href":"https:\/\/www.encontrabelem.com.br\/sobre\/wp-json\/wp\/v2\/types\/post"}],"author":[{"embeddable":true,"href":"https:\/\/www.encontrabelem.com.br\/sobre\/wp-json\/wp\/v2\/users\/1"}],"replies":[{"embeddable":true,"href":"https:\/\/www.encontrabelem.com.br\/sobre\/wp-json\/wp\/v2\/comments?post=2016"}],"version-history":[{"count":0,"href":"https:\/\/www.encontrabelem.com.br\/sobre\/wp-json\/wp\/v2\/posts\/2016\/revisions"}],"wp:featuredmedia":[{"embeddable":true,"href":"https:\/\/www.encontrabelem.com.br\/sobre\/wp-json\/wp\/v2\/media\/2015"}],"wp:attachment":[{"href":"https:\/\/www.encontrabelem.com.br\/sobre\/wp-json\/wp\/v2\/media?parent=2016"}],"wp:term":[{"taxonomy":"category","embeddable":true,"href":"https:\/\/www.encontrabelem.com.br\/sobre\/wp-json\/wp\/v2\/categories?post=2016"},{"taxonomy":"post_tag","embeddable":true,"href":"https:\/\/www.encontrabelem.com.br\/sobre\/wp-json\/wp\/v2\/tags?post=2016"}],"curies":[{"name":"wp","href":"https:\/\/api.w.org\/{rel}","templated":true}]}}