{"id":2002,"date":"2026-07-09T23:14:10","date_gmt":"2026-07-10T02:14:10","guid":{"rendered":"https:\/\/www.encontrabelem.com.br\/sobre\/processo-seletivo-seju-pa-abre-15-vagas-de-nivel-superior"},"modified":"2026-07-09T23:14:10","modified_gmt":"2026-07-10T02:14:10","slug":"processo-seletivo-seju-pa-abre-15-vagas-de-nivel-superior","status":"publish","type":"post","link":"https:\/\/www.encontrabelem.com.br\/sobre\/processo-seletivo-seju-pa-abre-15-vagas-de-nivel-superior","title":{"rendered":"Processo seletivo SEJU PA abre 15 vagas de n\u00edvel superior"},"content":{"rendered":"<div class=\"b22802487b0d38c4c6d9f34966e16421\" data-index=\"1\" style=\"float: none; margin:0px;\">\n<!-- Anuncio display - global -->\r\n<ins class=\"adsbygoogle\"\r\n     style=\"display:block\"\r\n     data-ad-client=\"ca-pub-8585364105181520\"\r\n     data-ad-slot=\"8789329856\"\r\n     data-ad-format=\"auto\"\r\n     data-full-width-responsive=\"true\"><\/ins>\r\n<script>\r\n     (adsbygoogle = window.adsbygoogle || []).push({});\r\n<\/script>\n<\/div>\n<h2>Vagas Dispon\u00edveis no SEJU PA<\/h2>\n<p>A <strong>Secretaria de Estado de Justi\u00e7a do Par\u00e1<\/strong> (SEJU PA) anunciou a abertura de um <strong>Processo Seletivo Simplificado<\/strong> (PSS) que ir\u00e1 ofertar <strong>15 vagas tempor\u00e1rias<\/strong> para profissionais de n\u00edvel superior nas \u00e1reas de <strong>Administra\u00e7\u00e3o<\/strong>, <strong>Ci\u00eancias Cont\u00e1beis<\/strong>, <strong>Servi\u00e7o Social<\/strong> e <strong>Pedagogia<\/strong>. As oportunidades est\u00e3o distribu\u00eddas entre as cidades de <strong>Bel\u00e9m<\/strong>, <strong>Marab\u00e1<\/strong> e <strong>Altamira<\/strong>. Vale ressaltar que as inscri\u00e7\u00f5es para este processo seletivo ocorrer\u00e3o no <strong>dia 22 de junho de 2026<\/strong>, exclusivamente de forma online atrav\u00e9s do <a href=\"https:\/\/www.sipros.pa.gov.br\/\">SIPROS<\/a>.<\/p>\n<h2>Remunera\u00e7\u00e3o e Benef\u00edcios Atrativos<\/h2>\n<p>Os candidatos aprovados ir\u00e3o perceber uma remunera\u00e7\u00e3o total que chega a <strong>R$4.059,37<\/strong>, composta por um vencimento b\u00e1sico de <strong>R$2.559,37<\/strong> mais um aux\u00edlio alimenta\u00e7\u00e3o que soma <strong>R$1.500<\/strong>. O regime de trabalho ser\u00e1 de <strong>30 horas semanais<\/strong>, garantindo uma jornada equilibrada para os profissionais.<\/p>\n<h2>Como Funciona o Processo de Inscri\u00e7\u00e3o<\/h2>\n<p>As inscri\u00e7\u00f5es para o processo seletivo ser\u00e3o realizadas exclusivamente de forma digital e ocorrer\u00e3o em um \u00fanico dia, <strong>22 de junho de 2026<\/strong>, no per\u00edodo das <strong>0h01 \u00e0s 23h59<\/strong> (hor\u00e1rio de Bel\u00e9m). A inscri\u00e7\u00e3o \u00e9 gratuita e deve ser feita pelo site do <a href=\"https:\/\/www.sipros.pa.gov.br\/\">SIPROS<\/a>. \u00c9 imprescind\u00edvel que os candidatos estejam atentos aos documentos que precisam ser apresentados durante a inscri\u00e7\u00f5es, uma vez que a falta de qualquer um deles pode resultar na desclassifica\u00e7\u00e3o do candidato.<\/p>\n<p><img decoding=\"async\" src=\"https:\/\/www.encontrabelem.com.br\/sobre\/wp-content\/uploads\/2026\/07\/processo-seletivo-seju-pa-abre-15-vagas-de-nivel-superior.webp\" alt=\"Processo seletivo SEJU PA\" loading=\"lazy\" \/><\/p>\n<h2>Etapas da Sele\u00e7\u00e3o e Avalia\u00e7\u00e3o<\/h2>\n<p>O processo seletivo ser\u00e1 composto por algumas etapas:<\/p>\n<ul>\n<li><strong>Inscri\u00e7\u00e3o:<\/strong> Habilitat\u00f3ria, diretamente no <a href=\"https:\/\/www.sipros.pa.gov.br\/\">SIPROS<\/a>.<\/li>\n<li><strong>An\u00e1lise Documental e Curricular:<\/strong> Eliminat\u00f3ria e classificat\u00f3ria, com pontua\u00e7\u00e3o m\u00ednima de 5.<\/li>\n<li><strong>Ratifica\u00e7\u00e3o das vagas reservadas:<\/strong> Para pessoas pretas, pardas, ind\u00edgenas e quilombolas (PPIQ).<\/li>\n<li><strong>Entrevista:<\/strong> Eliminat\u00f3ria e classificat\u00f3ria, exigindo nota m\u00ednima de 6.<\/li>\n<li><strong>Homologa\u00e7\u00e3o:<\/strong> Com divulga\u00e7\u00e3o dos resultados finais.<\/li>\n<\/ul>\n<p>Os resultados e publica\u00e7\u00f5es correspondentes ser\u00e3o disponibilizados no <strong>Di\u00e1rio Oficial do Estado<\/strong> e no <a href=\"https:\/\/www.sipros.pa.gov.br\/\">SIPROS<\/a>.<\/p>\n<h2>Requisitos Necess\u00e1rios para Candidatura<\/h2>\n<p>Para se candidatar a uma das vagas dispon\u00edveis, os interessados precisam atender aos seguintes requisitos:<\/p>\n<ul>\n<li>Forma\u00e7\u00e3o superior completa na \u00e1rea de atua\u00e7\u00e3o desejada, com registro ativo no conselho competente quando aplic\u00e1vel:<\/li>\n<ul>\n<li>Administra\u00e7\u00e3o (CRA)<\/li>\n<li>Ci\u00eancias Cont\u00e1beis (CRC)<\/li>\n<li>Servi\u00e7o Social (CRESS)<\/li>\n<li>Pedagogia (sem conselho regulamentar)<\/li>\n<\/ul>\n<li>Ter pelo menos <strong>18 anos<\/strong> na data da contrata\u00e7\u00e3o.<\/li>\n<li>Estar em dia com as obriga\u00e7\u00f5es eleitorais e, no caso de homens, com o servi\u00e7o militar.<\/li>\n<li>N\u00e3o ter tido contrato tempor\u00e1rio com o estado encerrado h\u00e1 menos de seis meses, nem acumular cargos incompat\u00edveis entre si.<\/li>\n<li>Candidatos com defici\u00eancia devem apresentar laudo m\u00e9dico atualizado que comprove compatibilidade com as atribui\u00e7\u00f5es do cargo.<\/li>\n<\/ul>\n<h2>Locais de Atua\u00e7\u00e3o das Vagas<\/h2>\n<p>Os selecionados poder\u00e3o trabalhar em diferentes unidades vinculadas \u00e0 SEJU. As principais localidades de atua\u00e7\u00e3o s\u00e3o:<\/p>\n<ul>\n<li><strong>Bel\u00e9m:<\/strong> na sede administrativa da SEJU e em unidades como as Usinas da Paz.<\/li>\n<li><strong>Marab\u00e1<\/strong> e <strong>Altamira:<\/strong> em diversos \u00f3rg\u00e3os e unidades que se relacionam \u00e0 SEJU, conforme a necessidade encontrada.<\/li>\n<\/ul>\n<p>\u00c9 importante notar que pode haver remanejamento entre unidades localizadas no mesmo munic\u00edpio, de acordo com as diretrizes do edital.<\/p>\n<h2>Cronograma do Processo Seletivo<\/h2>\n<p>O cronograma do PSS \u00e9 o seguinte:<\/p>\n<ul>\n<li><strong>Publica\u00e7\u00e3o do edital:<\/strong> 19 de junho de 2026<\/li>\n<li><strong>Inscri\u00e7\u00f5es:<\/strong> 22 de junho de 2026 (um \u00fanico dia)<\/li>\n<li><strong>An\u00e1lise curricular:<\/strong> 23 a 24 de junho de 2026<\/li>\n<li><strong>Resultado preliminar (an\u00e1lise):<\/strong> 24 de junho de 2026<\/li>\n<li><strong>Recursos:<\/strong> 25 de junho de 2026<\/li>\n<li><strong>Convoca\u00e7\u00e3o para entrevistas:<\/strong> 26 de junho de 2026<\/li>\n<li><strong>Entrevistas:<\/strong> 27 de junho de 2026<\/li>\n<li><strong>Resultado preliminar (entrevista):<\/strong> 29 de junho de 2026<\/li>\n<li><strong>Resultado final:<\/strong> 30 de junho de 2026<\/li>\n<\/ul>\n<h2>Documenta\u00e7\u00e3o Necess\u00e1ria para Inscri\u00e7\u00e3o<\/h2>\n<p>Os candidatos dever\u00e3o reunir e encaminhar a seguinte documenta\u00e7\u00e3o em formato PDF (at\u00e9 1 MB por arquivo):<\/p>\n<ul>\n<li>Documento de Identidade (RG) e CPF;<\/li>\n<li>Comprovante de resid\u00eancia (com data de at\u00e9 60 dias);<\/li>\n<li>Certid\u00e3o de quita\u00e7\u00e3o eleitoral;<\/li>\n<li>Comprovante de servi\u00e7o militar (para os candidatos do sexo masculino);<\/li>\n<li>Diploma ou certificado de gradua\u00e7\u00e3o e registro profissional, se exigido;<\/li>\n<li>Documentos que comprovem experi\u00eancia e capacita\u00e7\u00f5es realizadas;<\/li>\n<li>CTPS (Carteira de Trabalho e Previd\u00eancia Social), f\u00edsica ou digital, se aplic\u00e1vel;<\/li>\n<li>N\u00famero do PIS\/PASEP\/NIT, se houver;<\/li>\n<li>Certid\u00f5es negativas criminais (Federal, Estadual, Pol\u00edcia Civil e Pol\u00edcia Federal);<\/li>\n<li>Declara\u00e7\u00f5es que estejam especificadas nos anexos do edital (sobre resid\u00eancia, disponibilidade, v\u00ednculos, autodeclara\u00e7\u00e3o PPIQ, entre outros).<\/li>\n<\/ul>\n<p>A falta de qualquer documento requerido pode resultar na elimina\u00e7\u00e3o do candidato do processo seletivo.<\/p>\n<h2>Cotas e Inclus\u00e3o no Processo Seletivo<\/h2>\n<p>O SEJU PA reserva:<\/p>\n<ul>\n<li><strong>30%<\/strong> das vagas para pessoas pretas, pardas, ind\u00edgenas e quilombolas (PPIQ).<\/li>\n<li><strong>5%<\/strong> para candidatos com defici\u00eancia (PcD).<\/li>\n<\/ul>\n<p>A op\u00e7\u00e3o por concorrer a uma das cotas deve ser realizada no ato da inscri\u00e7\u00e3o, juntamente com o envio das autodeclara\u00e7\u00f5es e laudos pedidos no edital.<\/p>\n<h2>O Que Esperar do Trabalho no SEJU PA<\/h2>\n<p>Os t\u00e9cnicos em gest\u00e3o p\u00fablica desempenhar\u00e3o fun\u00e7\u00f5es variadas, conforme a \u00e1rea de atua\u00e7\u00e3o:<\/p>\n<ul>\n<li><strong>Administra\u00e7\u00e3o e Ci\u00eancias Cont\u00e1beis:<\/strong> Os profissionais apoiar\u00e3o os processos de planejamento, gest\u00e3o or\u00e7ament\u00e1ria, compras p\u00fablicas, presta\u00e7\u00f5es de contas e auditorias internas.<\/li>\n<li><strong>Servi\u00e7o Social:<\/strong> Todos os atendimentos, orienta\u00e7\u00f5es, acolhimentos e articula\u00e7\u00e3o com a rede de prote\u00e7\u00e3o social ser\u00e3o responsabilidade desses profissionais.<\/li>\n<li><strong>Pedagogia:<\/strong> Ser\u00e3o encarregados do planejamento e execu\u00e7\u00e3o de a\u00e7\u00f5es educativas, desenvolvimento de projetos socioeducativos e capacita\u00e7\u00f5es internas.<\/li>\n<\/ul>\n<p>Essas oportunidades s\u00e3o voltadas para profissionais que buscam uma experi\u00eancia significativa na gest\u00e3o p\u00fablica e que desejam trabalhar diretamente no atendimento \u00e0 popula\u00e7\u00e3o. A jornada semanal \u00e9 de 30 horas, possibilitando atividades em equipamentos sociais na Regi\u00e3o Metropolitana de Bel\u00e9m.<\/p>\n\n<div style=\"font-size: 0px; height: 0px; line-height: 0px; margin: 0; padding: 0; clear: both;\"><\/div>","protected":false},"excerpt":{"rendered":"<p>Processo Seletivo SEJU PA abre 15 vagas para n\u00edvel superior em v\u00e1rias \u00e1reas.<\/p>\n","protected":false},"author":1,"featured_media":2001,"comment_status":"open","ping_status":"closed","sticky":false,"template":"","format":"standard","meta":{"footnotes":""},"categories":[23],"tags":[],"class_list":["post-2002","post","type-post","status-publish","format-standard","has-post-thumbnail","hentry","category-concursos-em-belem","has_thumb"],"aioseo_notices":[],"aioseo_head":"\n\t\t<!-- All in One SEO 5.0.0.1 - aioseo.com -->\n\t<meta name=\"description\" content=\"Processo Seletivo SEJU PA abre 15 vagas para n\u00edvel superior em v\u00e1rias \u00e1reas.\" \/>\n\t<meta name=\"robots\" content=\"max-image-preview:large\" \/>\n\t<meta name=\"author\" content=\"Encontra Bel\u00e9m\"\/>\n\t<link rel=\"canonical\" href=\"https:\/\/www.encontrabelem.com.br\/sobre\/processo-seletivo-seju-pa-abre-15-vagas-de-nivel-superior\" \/>\n\t<meta name=\"generator\" content=\"All in One SEO (AIOSEO) 5.0.0.1\" \/>\n\t\t<meta property=\"og:locale\" content=\"pt_BR\" \/>\n\t\t<meta property=\"og:site_name\" content=\"Encontra Bel\u00e9m | Not\u00edcias, eventos, informa\u00e7\u00f5es e dicas na cidade Bel\u00e9m e regi\u00e3o.\" \/>\n\t\t<meta property=\"og:type\" content=\"article\" \/>\n\t\t<meta property=\"og:title\" content=\"Processo seletivo SEJU PA abre 15 vagas de n\u00edvel superior | Encontra Bel\u00e9m\" \/>\n\t\t<meta property=\"og:description\" content=\"Processo Seletivo SEJU PA abre 15 vagas para n\u00edvel superior em v\u00e1rias \u00e1reas.\" \/>\n\t\t<meta property=\"og:url\" content=\"https:\/\/www.encontrabelem.com.br\/sobre\/processo-seletivo-seju-pa-abre-15-vagas-de-nivel-superior\" \/>\n\t\t<meta property=\"article:published_time\" content=\"2026-07-10T02:14:10+00:00\" \/>\n\t\t<meta property=\"article:modified_time\" content=\"2026-07-10T02:14:10+00:00\" \/>\n\t\t<meta name=\"twitter:card\" content=\"summary\" \/>\n\t\t<meta name=\"twitter:title\" content=\"Processo seletivo SEJU PA abre 15 vagas de n\u00edvel superior | Encontra Bel\u00e9m\" \/>\n\t\t<meta name=\"twitter:description\" content=\"Processo Seletivo SEJU PA abre 15 vagas para n\u00edvel superior em v\u00e1rias \u00e1reas.\" \/>\n\t\t<script type=\"application\/ld+json\" class=\"aioseo-schema\">\n\t\t\t{\"@context\":\"https:\\\/\\\/schema.org\",\"@graph\":[{\"@type\":\"Article\",\"@id\":\"https:\\\/\\\/www.encontrabelem.com.br\\\/sobre\\\/processo-seletivo-seju-pa-abre-15-vagas-de-nivel-superior#article\",\"name\":\"Processo seletivo SEJU PA abre 15 vagas de n\\u00edvel superior | Encontra Bel\\u00e9m\",\"headline\":\"Processo seletivo SEJU PA abre 15 vagas de n\\u00edvel superior\",\"author\":{\"@id\":\"https:\\\/\\\/www.encontrabelem.com.br\\\/sobre\\\/author\\\/ebelem#author\"},\"publisher\":{\"@id\":\"https:\\\/\\\/www.encontrabelem.com.br\\\/sobre\\\/#organization\"},\"image\":{\"@type\":\"ImageObject\",\"url\":\"https:\\\/\\\/www.encontrabelem.com.br\\\/sobre\\\/wp-content\\\/uploads\\\/2026\\\/07\\\/processo-seletivo-seju-pa-abre-15-vagas-de-nivel-superior.webp\",\"width\":280,\"height\":280,\"caption\":\"Processo seletivo SEJU PA\"},\"datePublished\":\"2026-07-09T23:14:10-03:00\",\"dateModified\":\"2026-07-09T23:14:10-03:00\",\"inLanguage\":\"pt-BR\",\"mainEntityOfPage\":{\"@id\":\"https:\\\/\\\/www.encontrabelem.com.br\\\/sobre\\\/processo-seletivo-seju-pa-abre-15-vagas-de-nivel-superior#webpage\"},\"isPartOf\":{\"@id\":\"https:\\\/\\\/www.encontrabelem.com.br\\\/sobre\\\/processo-seletivo-seju-pa-abre-15-vagas-de-nivel-superior#webpage\"},\"articleSection\":\"Concursos Bel\\u00e9m\"},{\"@type\":\"BreadcrumbList\",\"@id\":\"https:\\\/\\\/www.encontrabelem.com.br\\\/sobre\\\/processo-seletivo-seju-pa-abre-15-vagas-de-nivel-superior#breadcrumblist\",\"itemListElement\":[{\"@type\":\"ListItem\",\"@id\":\"https:\\\/\\\/www.encontrabelem.com.br\\\/sobre#listItem\",\"position\":1,\"name\":\"In\\u00edcio\",\"item\":\"https:\\\/\\\/www.encontrabelem.com.br\\\/sobre\",\"nextItem\":{\"@type\":\"ListItem\",\"@id\":\"https:\\\/\\\/www.encontrabelem.com.br\\\/sobre\\\/concursos-em-belem#listItem\",\"name\":\"Concursos Bel\\u00e9m\"}},{\"@type\":\"ListItem\",\"@id\":\"https:\\\/\\\/www.encontrabelem.com.br\\\/sobre\\\/concursos-em-belem#listItem\",\"position\":2,\"name\":\"Concursos Bel\\u00e9m\",\"item\":\"https:\\\/\\\/www.encontrabelem.com.br\\\/sobre\\\/concursos-em-belem\",\"nextItem\":{\"@type\":\"ListItem\",\"@id\":\"https:\\\/\\\/www.encontrabelem.com.br\\\/sobre\\\/processo-seletivo-seju-pa-abre-15-vagas-de-nivel-superior#listItem\",\"name\":\"Processo seletivo SEJU PA abre 15 vagas de n\\u00edvel superior\"},\"previousItem\":{\"@type\":\"ListItem\",\"@id\":\"https:\\\/\\\/www.encontrabelem.com.br\\\/sobre#listItem\",\"name\":\"In\\u00edcio\"}},{\"@type\":\"ListItem\",\"@id\":\"https:\\\/\\\/www.encontrabelem.com.br\\\/sobre\\\/processo-seletivo-seju-pa-abre-15-vagas-de-nivel-superior#listItem\",\"position\":3,\"name\":\"Processo seletivo SEJU PA abre 15 vagas de n\\u00edvel superior\",\"previousItem\":{\"@type\":\"ListItem\",\"@id\":\"https:\\\/\\\/www.encontrabelem.com.br\\\/sobre\\\/concursos-em-belem#listItem\",\"name\":\"Concursos Bel\\u00e9m\"}}]},{\"@type\":\"Organization\",\"@id\":\"https:\\\/\\\/www.encontrabelem.com.br\\\/sobre\\\/#organization\",\"name\":\"Encontra Bel\\u00e9m\",\"description\":\"Not\\u00edcias, eventos, informa\\u00e7\\u00f5es e dicas na cidade Bel\\u00e9m e regi\\u00e3o.\",\"url\":\"https:\\\/\\\/www.encontrabelem.com.br\\\/sobre\\\/\"},{\"@type\":\"Person\",\"@id\":\"https:\\\/\\\/www.encontrabelem.com.br\\\/sobre\\\/author\\\/ebelem#author\",\"url\":\"https:\\\/\\\/www.encontrabelem.com.br\\\/sobre\\\/author\\\/ebelem\",\"name\":\"Encontra Bel\\u00e9m\",\"image\":{\"@type\":\"ImageObject\",\"@id\":\"https:\\\/\\\/www.encontrabelem.com.br\\\/sobre\\\/processo-seletivo-seju-pa-abre-15-vagas-de-nivel-superior#authorImage\",\"url\":\"https:\\\/\\\/secure.gravatar.com\\\/avatar\\\/507340682b8270222e1f208e23198b6ae7e2c6a1033ae84e99bc6bce4f82a387?s=96&d=mm&r=g\",\"width\":96,\"height\":96,\"caption\":\"Encontra Bel\\u00e9m\"}},{\"@type\":\"WebPage\",\"@id\":\"https:\\\/\\\/www.encontrabelem.com.br\\\/sobre\\\/processo-seletivo-seju-pa-abre-15-vagas-de-nivel-superior#webpage\",\"url\":\"https:\\\/\\\/www.encontrabelem.com.br\\\/sobre\\\/processo-seletivo-seju-pa-abre-15-vagas-de-nivel-superior\",\"name\":\"Processo seletivo SEJU PA abre 15 vagas de n\\u00edvel superior | Encontra Bel\\u00e9m\",\"description\":\"Processo Seletivo SEJU PA abre 15 vagas para n\\u00edvel superior em v\\u00e1rias \\u00e1reas.\",\"inLanguage\":\"pt-BR\",\"isPartOf\":{\"@id\":\"https:\\\/\\\/www.encontrabelem.com.br\\\/sobre\\\/#website\"},\"breadcrumb\":{\"@id\":\"https:\\\/\\\/www.encontrabelem.com.br\\\/sobre\\\/processo-seletivo-seju-pa-abre-15-vagas-de-nivel-superior#breadcrumblist\"},\"author\":{\"@id\":\"https:\\\/\\\/www.encontrabelem.com.br\\\/sobre\\\/author\\\/ebelem#author\"},\"creator\":{\"@id\":\"https:\\\/\\\/www.encontrabelem.com.br\\\/sobre\\\/author\\\/ebelem#author\"},\"image\":{\"@type\":\"ImageObject\",\"url\":\"https:\\\/\\\/www.encontrabelem.com.br\\\/sobre\\\/wp-content\\\/uploads\\\/2026\\\/07\\\/processo-seletivo-seju-pa-abre-15-vagas-de-nivel-superior.webp\",\"@id\":\"https:\\\/\\\/www.encontrabelem.com.br\\\/sobre\\\/processo-seletivo-seju-pa-abre-15-vagas-de-nivel-superior\\\/#mainImage\",\"width\":280,\"height\":280,\"caption\":\"Processo seletivo SEJU PA\"},\"primaryImageOfPage\":{\"@id\":\"https:\\\/\\\/www.encontrabelem.com.br\\\/sobre\\\/processo-seletivo-seju-pa-abre-15-vagas-de-nivel-superior#mainImage\"},\"datePublished\":\"2026-07-09T23:14:10-03:00\",\"dateModified\":\"2026-07-09T23:14:10-03:00\"},{\"@type\":\"WebSite\",\"@id\":\"https:\\\/\\\/www.encontrabelem.com.br\\\/sobre\\\/#website\",\"url\":\"https:\\\/\\\/www.encontrabelem.com.br\\\/sobre\\\/\",\"name\":\"Encontra Bel\\u00e9m\",\"description\":\"Not\\u00edcias, eventos, informa\\u00e7\\u00f5es e dicas na cidade Bel\\u00e9m e regi\\u00e3o.\",\"inLanguage\":\"pt-BR\",\"publisher\":{\"@id\":\"https:\\\/\\\/www.encontrabelem.com.br\\\/sobre\\\/#organization\"}}]}\n\t\t<\/script>\n\t\t<!-- All in One SEO -->\n\n","aioseo_head_json":{"title":"Processo seletivo SEJU PA abre 15 vagas de n\u00edvel superior | Encontra Bel\u00e9m","description":"Processo Seletivo SEJU PA abre 15 vagas para n\u00edvel superior em v\u00e1rias \u00e1reas.","canonical_url":"https:\/\/www.encontrabelem.com.br\/sobre\/processo-seletivo-seju-pa-abre-15-vagas-de-nivel-superior","robots":"max-image-preview:large","keywords":"","webmasterTools":{"miscellaneous":""},"schema":{"@context":"https:\/\/schema.org","@graph":[{"@type":"Article","@id":"https:\/\/www.encontrabelem.com.br\/sobre\/processo-seletivo-seju-pa-abre-15-vagas-de-nivel-superior#article","name":"Processo seletivo SEJU PA abre 15 vagas de n\u00edvel superior | Encontra Bel\u00e9m","headline":"Processo seletivo SEJU PA abre 15 vagas de n\u00edvel superior","author":{"@id":"https:\/\/www.encontrabelem.com.br\/sobre\/author\/ebelem#author"},"publisher":{"@id":"https:\/\/www.encontrabelem.com.br\/sobre\/#organization"},"image":{"@type":"ImageObject","url":"https:\/\/www.encontrabelem.com.br\/sobre\/wp-content\/uploads\/2026\/07\/processo-seletivo-seju-pa-abre-15-vagas-de-nivel-superior.webp","width":280,"height":280,"caption":"Processo seletivo SEJU PA"},"datePublished":"2026-07-09T23:14:10-03:00","dateModified":"2026-07-09T23:14:10-03:00","inLanguage":"pt-BR","mainEntityOfPage":{"@id":"https:\/\/www.encontrabelem.com.br\/sobre\/processo-seletivo-seju-pa-abre-15-vagas-de-nivel-superior#webpage"},"isPartOf":{"@id":"https:\/\/www.encontrabelem.com.br\/sobre\/processo-seletivo-seju-pa-abre-15-vagas-de-nivel-superior#webpage"},"articleSection":"Concursos Bel\u00e9m"},{"@type":"BreadcrumbList","@id":"https:\/\/www.encontrabelem.com.br\/sobre\/processo-seletivo-seju-pa-abre-15-vagas-de-nivel-superior#breadcrumblist","itemListElement":[{"@type":"ListItem","@id":"https:\/\/www.encontrabelem.com.br\/sobre#listItem","position":1,"name":"In\u00edcio","item":"https:\/\/www.encontrabelem.com.br\/sobre","nextItem":{"@type":"ListItem","@id":"https:\/\/www.encontrabelem.com.br\/sobre\/concursos-em-belem#listItem","name":"Concursos Bel\u00e9m"}},{"@type":"ListItem","@id":"https:\/\/www.encontrabelem.com.br\/sobre\/concursos-em-belem#listItem","position":2,"name":"Concursos Bel\u00e9m","item":"https:\/\/www.encontrabelem.com.br\/sobre\/concursos-em-belem","nextItem":{"@type":"ListItem","@id":"https:\/\/www.encontrabelem.com.br\/sobre\/processo-seletivo-seju-pa-abre-15-vagas-de-nivel-superior#listItem","name":"Processo seletivo SEJU PA abre 15 vagas de n\u00edvel superior"},"previousItem":{"@type":"ListItem","@id":"https:\/\/www.encontrabelem.com.br\/sobre#listItem","name":"In\u00edcio"}},{"@type":"ListItem","@id":"https:\/\/www.encontrabelem.com.br\/sobre\/processo-seletivo-seju-pa-abre-15-vagas-de-nivel-superior#listItem","position":3,"name":"Processo seletivo SEJU PA abre 15 vagas de n\u00edvel superior","previousItem":{"@type":"ListItem","@id":"https:\/\/www.encontrabelem.com.br\/sobre\/concursos-em-belem#listItem","name":"Concursos Bel\u00e9m"}}]},{"@type":"Organization","@id":"https:\/\/www.encontrabelem.com.br\/sobre\/#organization","name":"Encontra Bel\u00e9m","description":"Not\u00edcias, eventos, informa\u00e7\u00f5es e dicas na cidade Bel\u00e9m e regi\u00e3o.","url":"https:\/\/www.encontrabelem.com.br\/sobre\/"},{"@type":"Person","@id":"https:\/\/www.encontrabelem.com.br\/sobre\/author\/ebelem#author","url":"https:\/\/www.encontrabelem.com.br\/sobre\/author\/ebelem","name":"Encontra Bel\u00e9m","image":{"@type":"ImageObject","@id":"https:\/\/www.encontrabelem.com.br\/sobre\/processo-seletivo-seju-pa-abre-15-vagas-de-nivel-superior#authorImage","url":"https:\/\/secure.gravatar.com\/avatar\/507340682b8270222e1f208e23198b6ae7e2c6a1033ae84e99bc6bce4f82a387?s=96&d=mm&r=g","width":96,"height":96,"caption":"Encontra Bel\u00e9m"}},{"@type":"WebPage","@id":"https:\/\/www.encontrabelem.com.br\/sobre\/processo-seletivo-seju-pa-abre-15-vagas-de-nivel-superior#webpage","url":"https:\/\/www.encontrabelem.com.br\/sobre\/processo-seletivo-seju-pa-abre-15-vagas-de-nivel-superior","name":"Processo seletivo SEJU PA abre 15 vagas de n\u00edvel superior | Encontra Bel\u00e9m","description":"Processo Seletivo SEJU PA abre 15 vagas para n\u00edvel superior em v\u00e1rias \u00e1reas.","inLanguage":"pt-BR","isPartOf":{"@id":"https:\/\/www.encontrabelem.com.br\/sobre\/#website"},"breadcrumb":{"@id":"https:\/\/www.encontrabelem.com.br\/sobre\/processo-seletivo-seju-pa-abre-15-vagas-de-nivel-superior#breadcrumblist"},"author":{"@id":"https:\/\/www.encontrabelem.com.br\/sobre\/author\/ebelem#author"},"creator":{"@id":"https:\/\/www.encontrabelem.com.br\/sobre\/author\/ebelem#author"},"image":{"@type":"ImageObject","url":"https:\/\/www.encontrabelem.com.br\/sobre\/wp-content\/uploads\/2026\/07\/processo-seletivo-seju-pa-abre-15-vagas-de-nivel-superior.webp","@id":"https:\/\/www.encontrabelem.com.br\/sobre\/processo-seletivo-seju-pa-abre-15-vagas-de-nivel-superior\/#mainImage","width":280,"height":280,"caption":"Processo seletivo SEJU PA"},"primaryImageOfPage":{"@id":"https:\/\/www.encontrabelem.com.br\/sobre\/processo-seletivo-seju-pa-abre-15-vagas-de-nivel-superior#mainImage"},"datePublished":"2026-07-09T23:14:10-03:00","dateModified":"2026-07-09T23:14:10-03:00"},{"@type":"WebSite","@id":"https:\/\/www.encontrabelem.com.br\/sobre\/#website","url":"https:\/\/www.encontrabelem.com.br\/sobre\/","name":"Encontra Bel\u00e9m","description":"Not\u00edcias, eventos, informa\u00e7\u00f5es e dicas na cidade Bel\u00e9m e regi\u00e3o.","inLanguage":"pt-BR","publisher":{"@id":"https:\/\/www.encontrabelem.com.br\/sobre\/#organization"}}]},"og:locale":"pt_BR","og:site_name":"Encontra Bel\u00e9m | Not\u00edcias, eventos, informa\u00e7\u00f5es e dicas na cidade Bel\u00e9m e regi\u00e3o.","og:type":"article","og:title":"Processo seletivo SEJU PA abre 15 vagas de n\u00edvel superior | Encontra Bel\u00e9m","og:description":"Processo Seletivo SEJU PA abre 15 vagas para n\u00edvel superior em v\u00e1rias \u00e1reas.","og:url":"https:\/\/www.encontrabelem.com.br\/sobre\/processo-seletivo-seju-pa-abre-15-vagas-de-nivel-superior","article:published_time":"2026-07-10T02:14:10+00:00","article:modified_time":"2026-07-10T02:14:10+00:00","twitter:card":"summary","twitter:title":"Processo seletivo SEJU PA abre 15 vagas de n\u00edvel superior | Encontra Bel\u00e9m","twitter:description":"Processo Seletivo SEJU PA abre 15 vagas para n\u00edvel superior em v\u00e1rias \u00e1reas."},"aioseo_meta_data":{"post_id":"2002","title":null,"description":null,"keywords":null,"keyphrases":null,"primary_term":null,"canonical_url":null,"og_title":null,"og_description":null,"og_object_type":"default","og_image_type":"default","og_image_url":null,"og_image_width":null,"og_image_height":null,"og_image_custom_url":null,"og_image_custom_fields":null,"og_video":null,"og_custom_url":null,"og_article_section":null,"og_article_tags":null,"twitter_use_og":false,"twitter_card":"default","twitter_image_type":"default","twitter_image_url":null,"twitter_image_custom_url":null,"twitter_image_custom_fields":null,"twitter_title":null,"twitter_description":null,"schema":{"blockGraphs":[],"customGraphs":[],"default":{"data":{"Article":[],"Course":[],"Dataset":[],"FAQPage":[],"Movie":[],"Person":[],"Product":[],"ProductReview":[],"Car":[],"Recipe":[],"Service":[],"SoftwareApplication":[],"WebPage":[]},"graphName":"Article","isEnabled":true},"graphs":[]},"schema_type":"default","schema_type_options":null,"pillar_content":false,"robots_default":true,"robots_noindex":false,"robots_noarchive":false,"robots_nosnippet":false,"robots_nofollow":false,"robots_noimageindex":false,"robots_noodp":false,"robots_notranslate":false,"robots_max_snippet":null,"robots_max_videopreview":null,"robots_max_imagepreview":"large","priority":null,"frequency":null,"local_seo":null,"breadcrumb_settings":null,"limit_modified_date":false,"ai":null,"created":"2026-07-10 02:14:12","updated":"2026-07-10 02:20:29","focus_keyword":null,"additional_keywords":null,"truseo_locale":null,"seo_analyzer_scan_date":null},"aioseo_breadcrumb":"<div class=\"aioseo-breadcrumbs\"><span class=\"aioseo-breadcrumb\">\n\t\t\t<a href=\"https:\/\/www.encontrabelem.com.br\/sobre\" title=\"In\u00edcio\">In\u00edcio<\/a>\n\t\t<\/span><span class=\"aioseo-breadcrumb-separator\">&raquo;<\/span><span class=\"aioseo-breadcrumb\">\n\t\t\t<a href=\"https:\/\/www.encontrabelem.com.br\/sobre\/concursos-em-belem\" title=\"Concursos Bel\u00e9m\">Concursos Bel\u00e9m<\/a>\n\t\t<\/span><span class=\"aioseo-breadcrumb-separator\">&raquo;<\/span><span class=\"aioseo-breadcrumb\">\n\t\t\tProcesso seletivo SEJU PA abre 15 vagas de n\u00edvel superior\n\t\t<\/span><\/div>","aioseo_breadcrumb_json":[{"label":"In\u00edcio","link":"https:\/\/www.encontrabelem.com.br\/sobre"},{"label":"Concursos Bel\u00e9m","link":"https:\/\/www.encontrabelem.com.br\/sobre\/concursos-em-belem"},{"label":"Processo seletivo SEJU PA abre 15 vagas de n\u00edvel superior","link":"https:\/\/www.encontrabelem.com.br\/sobre\/processo-seletivo-seju-pa-abre-15-vagas-de-nivel-superior"}],"_links":{"self":[{"href":"https:\/\/www.encontrabelem.com.br\/sobre\/wp-json\/wp\/v2\/posts\/2002","targetHints":{"allow":["GET"]}}],"collection":[{"href":"https:\/\/www.encontrabelem.com.br\/sobre\/wp-json\/wp\/v2\/posts"}],"about":[{"href":"https:\/\/www.encontrabelem.com.br\/sobre\/wp-json\/wp\/v2\/types\/post"}],"author":[{"embeddable":true,"href":"https:\/\/www.encontrabelem.com.br\/sobre\/wp-json\/wp\/v2\/users\/1"}],"replies":[{"embeddable":true,"href":"https:\/\/www.encontrabelem.com.br\/sobre\/wp-json\/wp\/v2\/comments?post=2002"}],"version-history":[{"count":0,"href":"https:\/\/www.encontrabelem.com.br\/sobre\/wp-json\/wp\/v2\/posts\/2002\/revisions"}],"wp:featuredmedia":[{"embeddable":true,"href":"https:\/\/www.encontrabelem.com.br\/sobre\/wp-json\/wp\/v2\/media\/2001"}],"wp:attachment":[{"href":"https:\/\/www.encontrabelem.com.br\/sobre\/wp-json\/wp\/v2\/media?parent=2002"}],"wp:term":[{"taxonomy":"category","embeddable":true,"href":"https:\/\/www.encontrabelem.com.br\/sobre\/wp-json\/wp\/v2\/categories?post=2002"},{"taxonomy":"post_tag","embeddable":true,"href":"https:\/\/www.encontrabelem.com.br\/sobre\/wp-json\/wp\/v2\/tags?post=2002"}],"curies":[{"name":"wp","href":"https:\/\/api.w.org\/{rel}","templated":true}]}}