{"id":1992,"date":"2026-07-09T09:19:59","date_gmt":"2026-07-09T12:19:59","guid":{"rendered":"https:\/\/www.encontrabelem.com.br\/sobre\/governo-do-para-e-prefeitura-de-belem-mudam-expediente-em-julho-veja-datas-e-como-fica-o-atendimento"},"modified":"2026-07-09T09:19:59","modified_gmt":"2026-07-09T12:19:59","slug":"governo-do-para-e-prefeitura-de-belem-mudam-expediente-em-julho-veja-datas-e-como-fica-o-atendimento","status":"publish","type":"post","link":"https:\/\/www.encontrabelem.com.br\/sobre\/governo-do-para-e-prefeitura-de-belem-mudam-expediente-em-julho-veja-datas-e-como-fica-o-atendimento","title":{"rendered":"Governo do Par\u00e1 e Prefeitura de Bel\u00e9m mudam expediente em julho; veja datas e como fica o atendimento"},"content":{"rendered":"<div class=\"b22802487b0d38c4c6d9f34966e16421\" data-index=\"1\" style=\"float: none; margin:0px;\">\n<!-- Anuncio display - global -->\r\n<ins class=\"adsbygoogle\"\r\n     style=\"display:block\"\r\n     data-ad-client=\"ca-pub-8585364105181520\"\r\n     data-ad-slot=\"8789329856\"\r\n     data-ad-format=\"auto\"\r\n     data-full-width-responsive=\"true\"><\/ins>\r\n<script>\r\n     (adsbygoogle = window.adsbygoogle || []).push({});\r\n<\/script>\n<\/div>\n<h2>Mudan\u00e7as nos hor\u00e1rios de funcionamento em julho<\/h2>\n<p>Recentemente, o <strong>Governo do Par\u00e1<\/strong> e a <strong>Prefeitura de Bel\u00e9m<\/strong> implementaram altera\u00e7\u00f5es significativas no expediente dos \u00f3rg\u00e3os p\u00fablicos. Essa decis\u00e3o abrange o m\u00eas de julho de 2026 e visa otimizar o atendimento durante per\u00edodos espec\u00edficos. As mudan\u00e7as foram formalizadas atrav\u00e9s de decretos oficiais que determinam novos hor\u00e1rios para diferentes datas ao longo do m\u00eas.<\/p>\n<h2>Datas e hor\u00e1rios espec\u00edficos do novo expediente<\/h2>\n<p>O novo hor\u00e1rio de funcionamento definido para os \u00f3rg\u00e3os estaduais e municipais em Bel\u00e9m e no Par\u00e1 ser\u00e1 das 8h \u00e0s 12h em quatro datas-chave. Esses dias foram escolhidos para que a popula\u00e7\u00e3o tenha acesso aos servi\u00e7os necess\u00e1rios com uma agenda que possibilite melhor organiza\u00e7\u00e3o e efici\u00eancia.<\/p>\n<ul>\n<li>10 de julho<\/li>\n<li>17 de julho<\/li>\n<li>24 de julho<\/li>\n<li>31 de julho<\/li>\n<\/ul>\n<p>A partir dessas altera\u00e7\u00f5es, o funcionamento dos \u00f3rg\u00e3os p\u00fablicos ser\u00e1 totalmente adaptado para que a popula\u00e7\u00e3o possa ser atendida adequadamente, mesmo com a redu\u00e7\u00e3o de hor\u00e1rio.<\/p>\n<p><img decoding=\"async\" src=\"https:\/\/www.encontrabelem.com.br\/sobre\/wp-content\/uploads\/2026\/07\/governo-do-para-e-prefeitura-de-belem-mudam-expediente-em-julho-veja-datas-e-como-fica-o-atendimento.webp\" alt=\"mudan\u00e7a no expediente \u00f3rg\u00e3os p\u00fablicos Par\u00e1\" loading=\"lazy\" \/><\/p>\n<h2>Compensa\u00e7\u00e3o da jornada de trabalho<\/h2>\n<p>Para compensar a redu\u00e7\u00e3o de horas nos dias mencionados, haver\u00e1 um acr\u00e9scimo nas jornadas de trabalho durante os demais dias do m\u00eas. O <strong>Governo do Par\u00e1<\/strong> estabeleceu que os servidores ter\u00e3o que trabalhar uma hora a mais diariamente nos per\u00edodos que v\u00e3o de:<\/p>\n<ul>\n<li>6 a 9 de julho<\/li>\n<li>13 a 16 de julho<\/li>\n<li>20 a 23 de julho<\/li>\n<li>27 a 30 de julho<\/li>\n<\/ul>\n<p>Servidores com uma carga semanal de 30 horas ter\u00e3o uma compensa\u00e7\u00e3o de 30 minutos adicionais por dia durante os mesmos per\u00edodos. Essas medidas buscam manter a continuidade dos servi\u00e7os prestados e minimizar qualquer impacto negativo resultante das mudan\u00e7as nos hor\u00e1rios.<\/p>\n<h2>Servi\u00e7os essenciais que continuar\u00e3o operando<\/h2>\n<p>Os servi\u00e7os considerados essenciais estar\u00e3o dispon\u00edveis em ambas as esferas, estadual e municipal, mesmo com as mudan\u00e7as de hor\u00e1rio. Alguns dos principais servi\u00e7os garantidos incluem:<\/p>\n<ul>\n<li>Arrecada\u00e7\u00e3o<\/li>\n<li>Sa\u00fade P\u00fablica<\/li>\n<li>Educa\u00e7\u00e3o<\/li>\n<li>Seguran\u00e7a e Defesa Social<\/li>\n<li>Mobilidade Urbana<\/li>\n<li>Limpeza Urbana e Coleta de Lixo<\/li>\n<li>Assist\u00eancia Social e Conselhos Tutelares<\/li>\n<li>Espa\u00e7os Tur\u00edsticos, Culturais e Cemit\u00e9rios<\/li>\n<li>Servi\u00e7os de Tecnologia da Informa\u00e7\u00e3o<\/li>\n<\/ul>\n<p>As \u00e1reas citadas precisam organizar escalas de trabalho para garantir que todos os servi\u00e7os essenciais funcionem sem interrup\u00e7\u00f5es, a fim de atender \u00e0 demanda da popula\u00e7\u00e3o.<\/p>\n<h2>Decretos oficiais que fundamentam as altera\u00e7\u00f5es<\/h2>\n<p>As mudan\u00e7as no expediente foram institucionalizadas atrav\u00e9s de dois decretos distintos: o <strong>Decreto n\u00ba 5.510<\/strong>, assinado pela governadora <strong>Hana Ghassan Tuma<\/strong>, e o <strong>Decreto n\u00ba 114.523\/2026<\/strong>, emitido pelo prefeito <strong>Igor Normando<\/strong>. O primeiro foi publicado em 3 de julho e o segundo em 6 de julho. Esses documentos estabelecem as diretrizes para a nova organiza\u00e7\u00e3o do funcionamento dos \u00f3rg\u00e3os p\u00fablicos.<\/p>\n<h2>Impactos na popula\u00e7\u00e3o e nos servidores<\/h2>\n<p>A implementa\u00e7\u00e3o dessas altera\u00e7\u00f5es dever\u00e1 impactar tanto a popula\u00e7\u00e3o quanto os servidores p\u00fablicos, com a expectativa de que a organiza\u00e7\u00e3o dos atendimentos se torne mais eficiente e acess\u00edvel. A redu\u00e7\u00e3o do hor\u00e1rio de funcionamento pode facilitar o acesso aos servi\u00e7os essenciais, ao mesmo tempo que promove um ambiente de trabalho equilibrado para os servidores.<\/p>\n<h2>Como ser\u00e3o organizadas as escalas de trabalho<\/h2>\n<p>Os \u00f3rg\u00e3os respons\u00e1veis pelos servi\u00e7os essenciais devem elaborar escalas de trabalho que permitam a continuidade dos atendimentos. A estrutura\u00e7\u00e3o dessas escalas levar\u00e1 em considera\u00e7\u00e3o as necessidades espec\u00edficas de cada setor, garantindo que sempre haja profissionais dispon\u00edveis para atender o p\u00fablico.<\/p>\n<h2>Orienta\u00e7\u00f5es para cidad\u00e3os sobre os atendimentos<\/h2>\n<p>A popula\u00e7\u00e3o \u00e9 orientada a ficar atenta \u00e0s mudan\u00e7as e a se programar para acessar os servi\u00e7os p\u00fablicos nos novos hor\u00e1rios estabelecidos. Para evitar contratempos, recomenda-se que os cidad\u00e3os planejem suas visitas e busquem informa\u00e7\u00f5es com anteced\u00eancia sobre a disponibilidade dos servi\u00e7os que necessitam.<\/p>\n<h2>Expectativas para os meses seguintes<\/h2>\n<p>Ap\u00f3s a implementa\u00e7\u00e3o dessas novas diretrizes em julho, as autoridades esperam uma rea\u00e7\u00e3o positiva tanto por parte dos servidores quanto da popula\u00e7\u00e3o. A inten\u00e7\u00e3o \u00e9 que, com o t\u00e9rmino desse m\u00eas, a gest\u00e3o p\u00fablica possa avaliar a efic\u00e1cia da medida e as poss\u00edveis melhorias a serem feitas nas pr\u00e1ticas de atendimento ao p\u00fablico no futuro.<\/p>\n<h2>O que esperar da gest\u00e3o p\u00fablica em per\u00edodos de mudan\u00e7a<\/h2>\n<p>Em per\u00edodos de mudan\u00e7a como este, a gest\u00e3o p\u00fablica deve se manter flex\u00edvel e aberta para ajustes conforme necess\u00e1rio. Isso inclui a an\u00e1lise constante dos feedbacks da popula\u00e7\u00e3o e dos servidores, para que as opera\u00e7\u00f5es possam ser continuamente aprimoradas e adaptadas \u00e0s necessidades da sociedade.<\/p>\n\n<div style=\"font-size: 0px; height: 0px; line-height: 0px; margin: 0; padding: 0; clear: both;\"><\/div>","protected":false},"excerpt":{"rendered":"<p>Mudan\u00e7a no expediente para \u00f3rg\u00e3os p\u00fablicos em julho: entenda o que isso significa.<\/p>\n","protected":false},"author":1,"featured_media":1991,"comment_status":"open","ping_status":"closed","sticky":false,"template":"","format":"standard","meta":{"footnotes":""},"categories":[1],"tags":[],"class_list":["post-1992","post","type-post","status-publish","format-standard","has-post-thumbnail","hentry","category-noticias-em-belem","has_thumb"],"aioseo_notices":[],"aioseo_head":"\n\t\t<!-- All in One SEO 5.0.0.1 - aioseo.com -->\n\t<meta name=\"description\" content=\"Mudan\u00e7a no expediente para \u00f3rg\u00e3os p\u00fablicos em julho: entenda o que isso significa.\" \/>\n\t<meta name=\"robots\" content=\"max-image-preview:large\" \/>\n\t<meta name=\"author\" content=\"Encontra Bel\u00e9m\"\/>\n\t<link rel=\"canonical\" href=\"https:\/\/www.encontrabelem.com.br\/sobre\/governo-do-para-e-prefeitura-de-belem-mudam-expediente-em-julho-veja-datas-e-como-fica-o-atendimento\" \/>\n\t<meta name=\"generator\" content=\"All in One SEO (AIOSEO) 5.0.0.1\" \/>\n\t\t<meta property=\"og:locale\" content=\"pt_BR\" \/>\n\t\t<meta property=\"og:site_name\" content=\"Encontra Bel\u00e9m | Not\u00edcias, eventos, informa\u00e7\u00f5es e dicas na cidade Bel\u00e9m e regi\u00e3o.\" \/>\n\t\t<meta property=\"og:type\" content=\"article\" \/>\n\t\t<meta property=\"og:title\" content=\"Governo do Par\u00e1 e Prefeitura de Bel\u00e9m mudam expediente em julho; veja datas e como fica o atendimento | Encontra Bel\u00e9m\" \/>\n\t\t<meta property=\"og:description\" content=\"Mudan\u00e7a no expediente para \u00f3rg\u00e3os p\u00fablicos em julho: entenda o que isso significa.\" \/>\n\t\t<meta property=\"og:url\" content=\"https:\/\/www.encontrabelem.com.br\/sobre\/governo-do-para-e-prefeitura-de-belem-mudam-expediente-em-julho-veja-datas-e-como-fica-o-atendimento\" \/>\n\t\t<meta property=\"article:published_time\" content=\"2026-07-09T12:19:59+00:00\" \/>\n\t\t<meta property=\"article:modified_time\" content=\"2026-07-09T12:19:59+00:00\" \/>\n\t\t<meta name=\"twitter:card\" content=\"summary\" \/>\n\t\t<meta name=\"twitter:title\" content=\"Governo do Par\u00e1 e Prefeitura de Bel\u00e9m mudam expediente em julho; veja datas e como fica o atendimento | Encontra Bel\u00e9m\" \/>\n\t\t<meta name=\"twitter:description\" content=\"Mudan\u00e7a no expediente para \u00f3rg\u00e3os p\u00fablicos em julho: entenda o que isso significa.\" \/>\n\t\t<script type=\"application\/ld+json\" class=\"aioseo-schema\">\n\t\t\t{\"@context\":\"https:\\\/\\\/schema.org\",\"@graph\":[{\"@type\":\"Article\",\"@id\":\"https:\\\/\\\/www.encontrabelem.com.br\\\/sobre\\\/governo-do-para-e-prefeitura-de-belem-mudam-expediente-em-julho-veja-datas-e-como-fica-o-atendimento#article\",\"name\":\"Governo do Par\\u00e1 e Prefeitura de Bel\\u00e9m mudam expediente em julho; veja datas e como fica o atendimento | Encontra Bel\\u00e9m\",\"headline\":\"Governo do Par\\u00e1 e Prefeitura de Bel\\u00e9m mudam expediente em julho; veja datas e como fica o atendimento\",\"author\":{\"@id\":\"https:\\\/\\\/www.encontrabelem.com.br\\\/sobre\\\/author\\\/ebelem#author\"},\"publisher\":{\"@id\":\"https:\\\/\\\/www.encontrabelem.com.br\\\/sobre\\\/#organization\"},\"image\":{\"@type\":\"ImageObject\",\"url\":\"https:\\\/\\\/www.encontrabelem.com.br\\\/sobre\\\/wp-content\\\/uploads\\\/2026\\\/07\\\/governo-do-para-e-prefeitura-de-belem-mudam-expediente-em-julho-veja-datas-e-como-fica-o-atendimento.webp\",\"width\":280,\"height\":280,\"caption\":\"mudan\\u00e7a no expediente \\u00f3rg\\u00e3os p\\u00fablicos Par\\u00e1\"},\"datePublished\":\"2026-07-09T09:19:59-03:00\",\"dateModified\":\"2026-07-09T09:19:59-03:00\",\"inLanguage\":\"pt-BR\",\"mainEntityOfPage\":{\"@id\":\"https:\\\/\\\/www.encontrabelem.com.br\\\/sobre\\\/governo-do-para-e-prefeitura-de-belem-mudam-expediente-em-julho-veja-datas-e-como-fica-o-atendimento#webpage\"},\"isPartOf\":{\"@id\":\"https:\\\/\\\/www.encontrabelem.com.br\\\/sobre\\\/governo-do-para-e-prefeitura-de-belem-mudam-expediente-em-julho-veja-datas-e-como-fica-o-atendimento#webpage\"},\"articleSection\":\"Not\\u00edcias Bel\\u00e9m\"},{\"@type\":\"BreadcrumbList\",\"@id\":\"https:\\\/\\\/www.encontrabelem.com.br\\\/sobre\\\/governo-do-para-e-prefeitura-de-belem-mudam-expediente-em-julho-veja-datas-e-como-fica-o-atendimento#breadcrumblist\",\"itemListElement\":[{\"@type\":\"ListItem\",\"@id\":\"https:\\\/\\\/www.encontrabelem.com.br\\\/sobre#listItem\",\"position\":1,\"name\":\"In\\u00edcio\",\"item\":\"https:\\\/\\\/www.encontrabelem.com.br\\\/sobre\",\"nextItem\":{\"@type\":\"ListItem\",\"@id\":\"https:\\\/\\\/www.encontrabelem.com.br\\\/sobre\\\/noticias-em-belem#listItem\",\"name\":\"Not\\u00edcias Bel\\u00e9m\"}},{\"@type\":\"ListItem\",\"@id\":\"https:\\\/\\\/www.encontrabelem.com.br\\\/sobre\\\/noticias-em-belem#listItem\",\"position\":2,\"name\":\"Not\\u00edcias Bel\\u00e9m\",\"item\":\"https:\\\/\\\/www.encontrabelem.com.br\\\/sobre\\\/noticias-em-belem\",\"nextItem\":{\"@type\":\"ListItem\",\"@id\":\"https:\\\/\\\/www.encontrabelem.com.br\\\/sobre\\\/governo-do-para-e-prefeitura-de-belem-mudam-expediente-em-julho-veja-datas-e-como-fica-o-atendimento#listItem\",\"name\":\"Governo do Par\\u00e1 e Prefeitura de Bel\\u00e9m mudam expediente em julho; veja datas e como fica o atendimento\"},\"previousItem\":{\"@type\":\"ListItem\",\"@id\":\"https:\\\/\\\/www.encontrabelem.com.br\\\/sobre#listItem\",\"name\":\"In\\u00edcio\"}},{\"@type\":\"ListItem\",\"@id\":\"https:\\\/\\\/www.encontrabelem.com.br\\\/sobre\\\/governo-do-para-e-prefeitura-de-belem-mudam-expediente-em-julho-veja-datas-e-como-fica-o-atendimento#listItem\",\"position\":3,\"name\":\"Governo do Par\\u00e1 e Prefeitura de Bel\\u00e9m mudam expediente em julho; veja datas e como fica o atendimento\",\"previousItem\":{\"@type\":\"ListItem\",\"@id\":\"https:\\\/\\\/www.encontrabelem.com.br\\\/sobre\\\/noticias-em-belem#listItem\",\"name\":\"Not\\u00edcias Bel\\u00e9m\"}}]},{\"@type\":\"Organization\",\"@id\":\"https:\\\/\\\/www.encontrabelem.com.br\\\/sobre\\\/#organization\",\"name\":\"Encontra Bel\\u00e9m\",\"description\":\"Not\\u00edcias, eventos, informa\\u00e7\\u00f5es e dicas na cidade Bel\\u00e9m e regi\\u00e3o.\",\"url\":\"https:\\\/\\\/www.encontrabelem.com.br\\\/sobre\\\/\"},{\"@type\":\"Person\",\"@id\":\"https:\\\/\\\/www.encontrabelem.com.br\\\/sobre\\\/author\\\/ebelem#author\",\"url\":\"https:\\\/\\\/www.encontrabelem.com.br\\\/sobre\\\/author\\\/ebelem\",\"name\":\"Encontra Bel\\u00e9m\",\"image\":{\"@type\":\"ImageObject\",\"@id\":\"https:\\\/\\\/www.encontrabelem.com.br\\\/sobre\\\/governo-do-para-e-prefeitura-de-belem-mudam-expediente-em-julho-veja-datas-e-como-fica-o-atendimento#authorImage\",\"url\":\"https:\\\/\\\/secure.gravatar.com\\\/avatar\\\/507340682b8270222e1f208e23198b6ae7e2c6a1033ae84e99bc6bce4f82a387?s=96&d=mm&r=g\",\"width\":96,\"height\":96,\"caption\":\"Encontra Bel\\u00e9m\"}},{\"@type\":\"WebPage\",\"@id\":\"https:\\\/\\\/www.encontrabelem.com.br\\\/sobre\\\/governo-do-para-e-prefeitura-de-belem-mudam-expediente-em-julho-veja-datas-e-como-fica-o-atendimento#webpage\",\"url\":\"https:\\\/\\\/www.encontrabelem.com.br\\\/sobre\\\/governo-do-para-e-prefeitura-de-belem-mudam-expediente-em-julho-veja-datas-e-como-fica-o-atendimento\",\"name\":\"Governo do Par\\u00e1 e Prefeitura de Bel\\u00e9m mudam expediente em julho; veja datas e como fica o atendimento | Encontra Bel\\u00e9m\",\"description\":\"Mudan\\u00e7a no expediente para \\u00f3rg\\u00e3os p\\u00fablicos em julho: entenda o que isso significa.\",\"inLanguage\":\"pt-BR\",\"isPartOf\":{\"@id\":\"https:\\\/\\\/www.encontrabelem.com.br\\\/sobre\\\/#website\"},\"breadcrumb\":{\"@id\":\"https:\\\/\\\/www.encontrabelem.com.br\\\/sobre\\\/governo-do-para-e-prefeitura-de-belem-mudam-expediente-em-julho-veja-datas-e-como-fica-o-atendimento#breadcrumblist\"},\"author\":{\"@id\":\"https:\\\/\\\/www.encontrabelem.com.br\\\/sobre\\\/author\\\/ebelem#author\"},\"creator\":{\"@id\":\"https:\\\/\\\/www.encontrabelem.com.br\\\/sobre\\\/author\\\/ebelem#author\"},\"image\":{\"@type\":\"ImageObject\",\"url\":\"https:\\\/\\\/www.encontrabelem.com.br\\\/sobre\\\/wp-content\\\/uploads\\\/2026\\\/07\\\/governo-do-para-e-prefeitura-de-belem-mudam-expediente-em-julho-veja-datas-e-como-fica-o-atendimento.webp\",\"@id\":\"https:\\\/\\\/www.encontrabelem.com.br\\\/sobre\\\/governo-do-para-e-prefeitura-de-belem-mudam-expediente-em-julho-veja-datas-e-como-fica-o-atendimento\\\/#mainImage\",\"width\":280,\"height\":280,\"caption\":\"mudan\\u00e7a no expediente \\u00f3rg\\u00e3os p\\u00fablicos Par\\u00e1\"},\"primaryImageOfPage\":{\"@id\":\"https:\\\/\\\/www.encontrabelem.com.br\\\/sobre\\\/governo-do-para-e-prefeitura-de-belem-mudam-expediente-em-julho-veja-datas-e-como-fica-o-atendimento#mainImage\"},\"datePublished\":\"2026-07-09T09:19:59-03:00\",\"dateModified\":\"2026-07-09T09:19:59-03:00\"},{\"@type\":\"WebSite\",\"@id\":\"https:\\\/\\\/www.encontrabelem.com.br\\\/sobre\\\/#website\",\"url\":\"https:\\\/\\\/www.encontrabelem.com.br\\\/sobre\\\/\",\"name\":\"Encontra Bel\\u00e9m\",\"description\":\"Not\\u00edcias, eventos, informa\\u00e7\\u00f5es e dicas na cidade Bel\\u00e9m e regi\\u00e3o.\",\"inLanguage\":\"pt-BR\",\"publisher\":{\"@id\":\"https:\\\/\\\/www.encontrabelem.com.br\\\/sobre\\\/#organization\"}}]}\n\t\t<\/script>\n\t\t<!-- All in One SEO -->\n\n","aioseo_head_json":{"title":"Governo do Par\u00e1 e Prefeitura de Bel\u00e9m mudam expediente em julho; veja datas e como fica o atendimento | Encontra Bel\u00e9m","description":"Mudan\u00e7a no expediente para \u00f3rg\u00e3os p\u00fablicos em julho: entenda o que isso significa.","canonical_url":"https:\/\/www.encontrabelem.com.br\/sobre\/governo-do-para-e-prefeitura-de-belem-mudam-expediente-em-julho-veja-datas-e-como-fica-o-atendimento","robots":"max-image-preview:large","keywords":"","webmasterTools":{"miscellaneous":""},"schema":{"@context":"https:\/\/schema.org","@graph":[{"@type":"Article","@id":"https:\/\/www.encontrabelem.com.br\/sobre\/governo-do-para-e-prefeitura-de-belem-mudam-expediente-em-julho-veja-datas-e-como-fica-o-atendimento#article","name":"Governo do Par\u00e1 e Prefeitura de Bel\u00e9m mudam expediente em julho; veja datas e como fica o atendimento | Encontra Bel\u00e9m","headline":"Governo do Par\u00e1 e Prefeitura de Bel\u00e9m mudam expediente em julho; veja datas e como fica o atendimento","author":{"@id":"https:\/\/www.encontrabelem.com.br\/sobre\/author\/ebelem#author"},"publisher":{"@id":"https:\/\/www.encontrabelem.com.br\/sobre\/#organization"},"image":{"@type":"ImageObject","url":"https:\/\/www.encontrabelem.com.br\/sobre\/wp-content\/uploads\/2026\/07\/governo-do-para-e-prefeitura-de-belem-mudam-expediente-em-julho-veja-datas-e-como-fica-o-atendimento.webp","width":280,"height":280,"caption":"mudan\u00e7a no expediente \u00f3rg\u00e3os p\u00fablicos Par\u00e1"},"datePublished":"2026-07-09T09:19:59-03:00","dateModified":"2026-07-09T09:19:59-03:00","inLanguage":"pt-BR","mainEntityOfPage":{"@id":"https:\/\/www.encontrabelem.com.br\/sobre\/governo-do-para-e-prefeitura-de-belem-mudam-expediente-em-julho-veja-datas-e-como-fica-o-atendimento#webpage"},"isPartOf":{"@id":"https:\/\/www.encontrabelem.com.br\/sobre\/governo-do-para-e-prefeitura-de-belem-mudam-expediente-em-julho-veja-datas-e-como-fica-o-atendimento#webpage"},"articleSection":"Not\u00edcias Bel\u00e9m"},{"@type":"BreadcrumbList","@id":"https:\/\/www.encontrabelem.com.br\/sobre\/governo-do-para-e-prefeitura-de-belem-mudam-expediente-em-julho-veja-datas-e-como-fica-o-atendimento#breadcrumblist","itemListElement":[{"@type":"ListItem","@id":"https:\/\/www.encontrabelem.com.br\/sobre#listItem","position":1,"name":"In\u00edcio","item":"https:\/\/www.encontrabelem.com.br\/sobre","nextItem":{"@type":"ListItem","@id":"https:\/\/www.encontrabelem.com.br\/sobre\/noticias-em-belem#listItem","name":"Not\u00edcias Bel\u00e9m"}},{"@type":"ListItem","@id":"https:\/\/www.encontrabelem.com.br\/sobre\/noticias-em-belem#listItem","position":2,"name":"Not\u00edcias Bel\u00e9m","item":"https:\/\/www.encontrabelem.com.br\/sobre\/noticias-em-belem","nextItem":{"@type":"ListItem","@id":"https:\/\/www.encontrabelem.com.br\/sobre\/governo-do-para-e-prefeitura-de-belem-mudam-expediente-em-julho-veja-datas-e-como-fica-o-atendimento#listItem","name":"Governo do Par\u00e1 e Prefeitura de Bel\u00e9m mudam expediente em julho; veja datas e como fica o atendimento"},"previousItem":{"@type":"ListItem","@id":"https:\/\/www.encontrabelem.com.br\/sobre#listItem","name":"In\u00edcio"}},{"@type":"ListItem","@id":"https:\/\/www.encontrabelem.com.br\/sobre\/governo-do-para-e-prefeitura-de-belem-mudam-expediente-em-julho-veja-datas-e-como-fica-o-atendimento#listItem","position":3,"name":"Governo do Par\u00e1 e Prefeitura de Bel\u00e9m mudam expediente em julho; veja datas e como fica o atendimento","previousItem":{"@type":"ListItem","@id":"https:\/\/www.encontrabelem.com.br\/sobre\/noticias-em-belem#listItem","name":"Not\u00edcias Bel\u00e9m"}}]},{"@type":"Organization","@id":"https:\/\/www.encontrabelem.com.br\/sobre\/#organization","name":"Encontra Bel\u00e9m","description":"Not\u00edcias, eventos, informa\u00e7\u00f5es e dicas na cidade Bel\u00e9m e regi\u00e3o.","url":"https:\/\/www.encontrabelem.com.br\/sobre\/"},{"@type":"Person","@id":"https:\/\/www.encontrabelem.com.br\/sobre\/author\/ebelem#author","url":"https:\/\/www.encontrabelem.com.br\/sobre\/author\/ebelem","name":"Encontra Bel\u00e9m","image":{"@type":"ImageObject","@id":"https:\/\/www.encontrabelem.com.br\/sobre\/governo-do-para-e-prefeitura-de-belem-mudam-expediente-em-julho-veja-datas-e-como-fica-o-atendimento#authorImage","url":"https:\/\/secure.gravatar.com\/avatar\/507340682b8270222e1f208e23198b6ae7e2c6a1033ae84e99bc6bce4f82a387?s=96&d=mm&r=g","width":96,"height":96,"caption":"Encontra Bel\u00e9m"}},{"@type":"WebPage","@id":"https:\/\/www.encontrabelem.com.br\/sobre\/governo-do-para-e-prefeitura-de-belem-mudam-expediente-em-julho-veja-datas-e-como-fica-o-atendimento#webpage","url":"https:\/\/www.encontrabelem.com.br\/sobre\/governo-do-para-e-prefeitura-de-belem-mudam-expediente-em-julho-veja-datas-e-como-fica-o-atendimento","name":"Governo do Par\u00e1 e Prefeitura de Bel\u00e9m mudam expediente em julho; veja datas e como fica o atendimento | Encontra Bel\u00e9m","description":"Mudan\u00e7a no expediente para \u00f3rg\u00e3os p\u00fablicos em julho: entenda o que isso significa.","inLanguage":"pt-BR","isPartOf":{"@id":"https:\/\/www.encontrabelem.com.br\/sobre\/#website"},"breadcrumb":{"@id":"https:\/\/www.encontrabelem.com.br\/sobre\/governo-do-para-e-prefeitura-de-belem-mudam-expediente-em-julho-veja-datas-e-como-fica-o-atendimento#breadcrumblist"},"author":{"@id":"https:\/\/www.encontrabelem.com.br\/sobre\/author\/ebelem#author"},"creator":{"@id":"https:\/\/www.encontrabelem.com.br\/sobre\/author\/ebelem#author"},"image":{"@type":"ImageObject","url":"https:\/\/www.encontrabelem.com.br\/sobre\/wp-content\/uploads\/2026\/07\/governo-do-para-e-prefeitura-de-belem-mudam-expediente-em-julho-veja-datas-e-como-fica-o-atendimento.webp","@id":"https:\/\/www.encontrabelem.com.br\/sobre\/governo-do-para-e-prefeitura-de-belem-mudam-expediente-em-julho-veja-datas-e-como-fica-o-atendimento\/#mainImage","width":280,"height":280,"caption":"mudan\u00e7a no expediente \u00f3rg\u00e3os p\u00fablicos Par\u00e1"},"primaryImageOfPage":{"@id":"https:\/\/www.encontrabelem.com.br\/sobre\/governo-do-para-e-prefeitura-de-belem-mudam-expediente-em-julho-veja-datas-e-como-fica-o-atendimento#mainImage"},"datePublished":"2026-07-09T09:19:59-03:00","dateModified":"2026-07-09T09:19:59-03:00"},{"@type":"WebSite","@id":"https:\/\/www.encontrabelem.com.br\/sobre\/#website","url":"https:\/\/www.encontrabelem.com.br\/sobre\/","name":"Encontra Bel\u00e9m","description":"Not\u00edcias, eventos, informa\u00e7\u00f5es e dicas na cidade Bel\u00e9m e regi\u00e3o.","inLanguage":"pt-BR","publisher":{"@id":"https:\/\/www.encontrabelem.com.br\/sobre\/#organization"}}]},"og:locale":"pt_BR","og:site_name":"Encontra Bel\u00e9m | Not\u00edcias, eventos, informa\u00e7\u00f5es e dicas na cidade Bel\u00e9m e regi\u00e3o.","og:type":"article","og:title":"Governo do Par\u00e1 e Prefeitura de Bel\u00e9m mudam expediente em julho; veja datas e como fica o atendimento | Encontra Bel\u00e9m","og:description":"Mudan\u00e7a no expediente para \u00f3rg\u00e3os p\u00fablicos em julho: entenda o que isso significa.","og:url":"https:\/\/www.encontrabelem.com.br\/sobre\/governo-do-para-e-prefeitura-de-belem-mudam-expediente-em-julho-veja-datas-e-como-fica-o-atendimento","article:published_time":"2026-07-09T12:19:59+00:00","article:modified_time":"2026-07-09T12:19:59+00:00","twitter:card":"summary","twitter:title":"Governo do Par\u00e1 e Prefeitura de Bel\u00e9m mudam expediente em julho; veja datas e como fica o atendimento | Encontra Bel\u00e9m","twitter:description":"Mudan\u00e7a no expediente para \u00f3rg\u00e3os p\u00fablicos em julho: entenda o que isso significa."},"aioseo_meta_data":{"post_id":"1992","title":null,"description":null,"keywords":null,"keyphrases":null,"primary_term":null,"canonical_url":null,"og_title":null,"og_description":null,"og_object_type":"default","og_image_type":"default","og_image_url":null,"og_image_width":null,"og_image_height":null,"og_image_custom_url":null,"og_image_custom_fields":null,"og_video":null,"og_custom_url":null,"og_article_section":null,"og_article_tags":null,"twitter_use_og":false,"twitter_card":"default","twitter_image_type":"default","twitter_image_url":null,"twitter_image_custom_url":null,"twitter_image_custom_fields":null,"twitter_title":null,"twitter_description":null,"schema":{"blockGraphs":[],"customGraphs":[],"default":{"data":{"Article":[],"Course":[],"Dataset":[],"FAQPage":[],"Movie":[],"Person":[],"Product":[],"ProductReview":[],"Car":[],"Recipe":[],"Service":[],"SoftwareApplication":[],"WebPage":[]},"graphName":"Article","isEnabled":true},"graphs":[]},"schema_type":"default","schema_type_options":null,"pillar_content":false,"robots_default":true,"robots_noindex":false,"robots_noarchive":false,"robots_nosnippet":false,"robots_nofollow":false,"robots_noimageindex":false,"robots_noodp":false,"robots_notranslate":false,"robots_max_snippet":null,"robots_max_videopreview":null,"robots_max_imagepreview":"large","priority":null,"frequency":null,"local_seo":null,"breadcrumb_settings":null,"limit_modified_date":false,"ai":null,"created":"2026-07-09 12:20:01","updated":"2026-07-09 12:33:13","focus_keyword":null,"additional_keywords":null,"truseo_locale":null,"seo_analyzer_scan_date":null},"aioseo_breadcrumb":"<div class=\"aioseo-breadcrumbs\"><span class=\"aioseo-breadcrumb\">\n\t\t\t<a href=\"https:\/\/www.encontrabelem.com.br\/sobre\" title=\"In\u00edcio\">In\u00edcio<\/a>\n\t\t<\/span><span class=\"aioseo-breadcrumb-separator\">&raquo;<\/span><span class=\"aioseo-breadcrumb\">\n\t\t\t<a href=\"https:\/\/www.encontrabelem.com.br\/sobre\/noticias-em-belem\" title=\"Not\u00edcias Bel\u00e9m\">Not\u00edcias Bel\u00e9m<\/a>\n\t\t<\/span><span class=\"aioseo-breadcrumb-separator\">&raquo;<\/span><span class=\"aioseo-breadcrumb\">\n\t\t\tGoverno do Par\u00e1 e Prefeitura de Bel\u00e9m mudam expediente em julho; veja datas e como fica o atendimento\n\t\t<\/span><\/div>","aioseo_breadcrumb_json":[{"label":"In\u00edcio","link":"https:\/\/www.encontrabelem.com.br\/sobre"},{"label":"Not\u00edcias Bel\u00e9m","link":"https:\/\/www.encontrabelem.com.br\/sobre\/noticias-em-belem"},{"label":"Governo do Par\u00e1 e Prefeitura de Bel\u00e9m mudam expediente em julho; veja datas e como fica o atendimento","link":"https:\/\/www.encontrabelem.com.br\/sobre\/governo-do-para-e-prefeitura-de-belem-mudam-expediente-em-julho-veja-datas-e-como-fica-o-atendimento"}],"_links":{"self":[{"href":"https:\/\/www.encontrabelem.com.br\/sobre\/wp-json\/wp\/v2\/posts\/1992","targetHints":{"allow":["GET"]}}],"collection":[{"href":"https:\/\/www.encontrabelem.com.br\/sobre\/wp-json\/wp\/v2\/posts"}],"about":[{"href":"https:\/\/www.encontrabelem.com.br\/sobre\/wp-json\/wp\/v2\/types\/post"}],"author":[{"embeddable":true,"href":"https:\/\/www.encontrabelem.com.br\/sobre\/wp-json\/wp\/v2\/users\/1"}],"replies":[{"embeddable":true,"href":"https:\/\/www.encontrabelem.com.br\/sobre\/wp-json\/wp\/v2\/comments?post=1992"}],"version-history":[{"count":0,"href":"https:\/\/www.encontrabelem.com.br\/sobre\/wp-json\/wp\/v2\/posts\/1992\/revisions"}],"wp:featuredmedia":[{"embeddable":true,"href":"https:\/\/www.encontrabelem.com.br\/sobre\/wp-json\/wp\/v2\/media\/1991"}],"wp:attachment":[{"href":"https:\/\/www.encontrabelem.com.br\/sobre\/wp-json\/wp\/v2\/media?parent=1992"}],"wp:term":[{"taxonomy":"category","embeddable":true,"href":"https:\/\/www.encontrabelem.com.br\/sobre\/wp-json\/wp\/v2\/categories?post=1992"},{"taxonomy":"post_tag","embeddable":true,"href":"https:\/\/www.encontrabelem.com.br\/sobre\/wp-json\/wp\/v2\/tags?post=1992"}],"curies":[{"name":"wp","href":"https:\/\/api.w.org\/{rel}","templated":true}]}}