{"id":1982,"date":"2026-07-08T12:15:54","date_gmt":"2026-07-08T15:15:54","guid":{"rendered":"https:\/\/www.encontrabelem.com.br\/sobre\/avenida-liberdade-ministerio-publico-faz-vistoria-tecnica-apos-trecho-ceder-na-grande-belem"},"modified":"2026-07-08T12:15:54","modified_gmt":"2026-07-08T15:15:54","slug":"avenida-liberdade-ministerio-publico-faz-vistoria-tecnica-apos-trecho-ceder-na-grande-belem","status":"publish","type":"post","link":"https:\/\/www.encontrabelem.com.br\/sobre\/avenida-liberdade-ministerio-publico-faz-vistoria-tecnica-apos-trecho-ceder-na-grande-belem","title":{"rendered":"Avenida Liberdade: Minist\u00e9rio P\u00fablico faz vistoria t\u00e9cnica ap\u00f3s trecho ceder na Grande Bel\u00e9m"},"content":{"rendered":"<div class=\"b22802487b0d38c4c6d9f34966e16421\" data-index=\"1\" style=\"float: none; margin:0px;\">\n<!-- Anuncio display - global -->\r\n<ins class=\"adsbygoogle\"\r\n     style=\"display:block\"\r\n     data-ad-client=\"ca-pub-8585364105181520\"\r\n     data-ad-slot=\"8789329856\"\r\n     data-ad-format=\"auto\"\r\n     data-full-width-responsive=\"true\"><\/ins>\r\n<script>\r\n     (adsbygoogle = window.adsbygoogle || []).push({});\r\n<\/script>\n<\/div>\n<h2>Objetivo da Vistoria do MPPA<\/h2>\n<p>No dia 7 de julho de 2026, o Minist\u00e9rio P\u00fablico do Estado do Par\u00e1 (MPPA) realizou uma vistoria t\u00e9cnica na Avenida Liberdade, situada na Grande Bel\u00e9m. O foco dessa inspe\u00e7\u00e3o foi acompanhar as obras de recupera\u00e7\u00e3o da via ap\u00f3s o colapso de um trecho significativo que ocorreu em 28 de junho. A a\u00e7\u00e3o do MPPA visa garantir a seguran\u00e7a do tr\u00e1fego e a preserva\u00e7\u00e3o ambiental na \u00e1rea, levantando informa\u00e7\u00f5es necess\u00e1rias para a elabora\u00e7\u00e3o de um relat\u00f3rio que ser\u00e1 encaminhado \u00e0 Promotoria de Justi\u00e7a.<\/p>\n<h2>An\u00e1lise das Obras de Recupera\u00e7\u00e3o<\/h2>\n<p>Durante a vistoria, os t\u00e9cnicos do MPPA monitoraram de perto os servi\u00e7os que est\u00e3o sendo realizados na Avenida Liberdade, que consistem no refor\u00e7o do solo e a cria\u00e7\u00e3o de desvios provis\u00f3rios. Estas obras visam restaurar a integridade da pavimenta\u00e7\u00e3o que foi afetada. A recupera\u00e7\u00e3o \u00e9 crucial n\u00e3o apenas para garantir a passagem de ve\u00edculos, especialmente durante o movimento intenso das f\u00e9rias de julho, mas tamb\u00e9m para evitar novos incidentes que comprometam a seguran\u00e7a vi\u00e1ria.<\/p>\n<h2>Impacto no Tr\u00e1fego na Avenida Liberdade<\/h2>\n<p>O trecho que cedeu na Avenida Liberdade abrange cerca de 150 metros. Antes das obras, a interdi\u00e7\u00e3o do local provocou impactos diretos no tr\u00e1fego local, obrigando motoristas a buscar rotas alternativas. A execu\u00e7\u00e3o dos servi\u00e7os, que inclui a instala\u00e7\u00e3o de desvio, \u00e9 uma tentativa de minimizar os transtornos para motoristas e passageiros. Com a implementa\u00e7\u00e3o do desvio, espera-se que o fluxo de ve\u00edculos seja regularizado rapidamente, garantindo maior mobilidade \u00e0 regi\u00e3o.<\/p>\n<p><img decoding=\"async\" src=\"https:\/\/www.encontrabelem.com.br\/sobre\/wp-content\/uploads\/2026\/07\/avenida-liberdade-ministerio-publico-faz-vistoria-tecnica-apos-trecho-ceder-na-grande-belem.webp\" alt=\"vigil\u00e2ncia na Avenida Liberdade\" loading=\"lazy\" \/><\/p>\n<h2>Uso de Tecnologia na Vistoria<\/h2>\n<p>Uma das inova\u00e7\u00f5es adotadas durante a vistoria foi o uso de drones pelos t\u00e9cnicos do MPPA. Esta tecnologia possibilita a realiza\u00e7\u00e3o de um levantamento mais detalhado das \u00e1reas pr\u00f3ximas \u00e0 Avenida Liberdade, focando na identifica\u00e7\u00e3o de pontos de supress\u00e3o vegetal e potenciais riscos ambientais. O uso de drones tem sido cada vez mais comum em fiscaliza\u00e7\u00f5es, pois proporciona uma vis\u00e3o ampla e uma an\u00e1lise eficiente das \u00e1reas afetadas, contribuindo para um monitoramento mais seguro e preciso.<\/p>\n<h2>Considera\u00e7\u00f5es sobre o Solo e Sustentabilidade<\/h2>\n<p>A Avenida Liberdade \u00e9 uma via expressa importante na mobilidade urbana de Bel\u00e9m, e sua recupera\u00e7\u00e3o envolve considera\u00e7\u00f5es aprofundadas sobre a gest\u00e3o do solo. O incentivo \u00e0 constru\u00e7\u00e3o sustent\u00e1vel e a avalia\u00e7\u00e3o de processos que possam levar a eros\u00f5es ou danos ambientais \u00e9 essencial. O MPPA pretende garantir que as medidas de recupera\u00e7\u00e3o n\u00e3o causem mais impactos ao meio ambiente, tendo em vista que a regi\u00e3o se encontra na \u00c1rea de Prote\u00e7\u00e3o Ambiental da Metropolitana de Bel\u00e9m.<\/p>\n<h2>Preven\u00e7\u00e3o de Ocupa\u00e7\u00f5es Irregulares<\/h2>\n<p>Durante a vistoria, al\u00e9m da recupera\u00e7\u00e3o da via, o MPPA est\u00e1 acompanhando processos que visam evitar ocupa\u00e7\u00f5es irregulares e quaisquer crimes ambientais ao longo da Avenida Liberdade. As a\u00e7\u00f5es de preven\u00e7\u00e3o de invas\u00f5es s\u00e3o necess\u00e1rias para assegurar a prote\u00e7\u00e3o de \u00e1reas que s\u00e3o consideradas essenciais para a din\u00e2mica ecol\u00f3gica da regi\u00e3o. A fiscaliza\u00e7\u00e3o est\u00e1 alinhada com as pol\u00edticas p\u00fablicas que visam a ordena\u00e7\u00e3o do territ\u00f3rio e a prote\u00e7\u00e3o do meio ambiente.<\/p>\n<h2>Import\u00e2ncia da \u00c1rea de Prote\u00e7\u00e3o Ambiental<\/h2>\n<p>A \u00e1rea onde est\u00e1 localizada a Avenida Liberdade pertence \u00e0 \u00c1rea de Prote\u00e7\u00e3o Ambiental (APA) de Bel\u00e9m, criada para preservar os mananciais que abastecem a regi\u00e3o. Munic\u00edpios vizinhos dependem da qualidade da \u00e1gua dos lagos Bolonha e \u00c1gua Preta. O MPPA observa atentamente qualquer atividade que possa comprometer a integridade desses recursos, j\u00e1 que a prote\u00e7\u00e3o ambiental \u00e9 uma prioridade tanto para o governo estadual quanto para a comunidade local.<\/p>\n<h2>Investimentos na Mobilidade Urbana<\/h2>\n<p>Com um custo total de R$ 410 milh\u00f5es, a Avenida Liberdade foi projetada para ser a primeira via expressa da cidade. A conclus\u00e3o da obra foi anunciada em 2 de abril de 2026, ap\u00f3s diversos atrasos que ultrapassaram as previs\u00f5es iniciais. O investimento em infraestrutura rodovi\u00e1ria dessa magnitude reflete a necessidade de melhorar a mobilidade na Grande Bel\u00e9m, embora tenha gerado controv\u00e9rsias sobre os impactos socioambientais resultantes de sua constru\u00e7\u00e3o. Atualmente, o investimento deve garantir um transporte mais eficiente e r\u00e1pido para os cidad\u00e3os.<\/p>\n<h2>A Rea\u00e7\u00e3o da Comunidade Local<\/h2>\n<p>A constru\u00e7\u00e3o da Avenida Liberdade provocou rea\u00e7\u00f5es diversas entre os moradores e ambientalistas. Embora a melhoria na movimenta\u00e7\u00e3o seja amplamente reconhecida, muitas cr\u00edticas surgiram relacionadas ao desmatamento e \u00e0 press\u00e3o sobre os recursos locais, especialmente para comunidades que dependem da pesca e do extrativismo. As fam\u00edlias ribeirinhas reportaram perdas significativas em suas fontes de subsist\u00eancia devido \u00e0s mudan\u00e7as provocadas pela nova rodovia. O MPPA e as associa\u00e7\u00f5es de moradores t\u00eam buscado di\u00e1logo para abordar essas preocupa\u00e7\u00f5es e formular solu\u00e7\u00f5es que atendam \u00e0s necessidades da comunidade.<\/p>\n<h2>Pr\u00f3ximos Passos para a Avenida Liberdade<\/h2>\n<p>Com a condu\u00e7\u00e3o da vistoria t\u00e9cnica e a supervis\u00e3o das obras, o MPPA continuar\u00e1 a monitorar o progresso da recupera\u00e7\u00e3o da Avenida Liberdade. A expectativa \u00e9 que um relat\u00f3rio abrangente, derivado das informa\u00e7\u00f5es coletadas, seja produzido e apresentado \u00e0 Promotoria de Justi\u00e7a. As autoridades, assim como os cidad\u00e3os, aguardam a an\u00e1lise que trar\u00e1 mais clareza sobre os impactos enfrentados e as medidas corretivas necess\u00e1rias. O compromisso com a seguran\u00e7a vi\u00e1ria e a conserva\u00e7\u00e3o ambiental ser\u00e1 fundamental nas pr\u00f3ximas etapas deste projeto imprescind\u00edvel para a mobilidade urbana de Bel\u00e9m.<\/p>\n\n<div style=\"font-size: 0px; height: 0px; line-height: 0px; margin: 0; padding: 0; clear: both;\"><\/div>","protected":false},"excerpt":{"rendered":"<p>Avenida Liberdade passa por vistoria do MPPA ap\u00f3s trecho ceder em Bel\u00e9m.<\/p>\n","protected":false},"author":1,"featured_media":1981,"comment_status":"open","ping_status":"closed","sticky":false,"template":"","format":"standard","meta":{"footnotes":""},"categories":[1],"tags":[],"class_list":["post-1982","post","type-post","status-publish","format-standard","has-post-thumbnail","hentry","category-noticias-em-belem","has_thumb"],"aioseo_notices":[],"aioseo_head":"\n\t\t<!-- All in One SEO 5.0.0.1 - aioseo.com -->\n\t<meta name=\"description\" content=\"Avenida Liberdade passa por vistoria do MPPA ap\u00f3s trecho ceder em Bel\u00e9m.\" \/>\n\t<meta name=\"robots\" content=\"max-image-preview:large\" \/>\n\t<meta name=\"author\" content=\"Encontra Bel\u00e9m\"\/>\n\t<link rel=\"canonical\" href=\"https:\/\/www.encontrabelem.com.br\/sobre\/avenida-liberdade-ministerio-publico-faz-vistoria-tecnica-apos-trecho-ceder-na-grande-belem\" \/>\n\t<meta name=\"generator\" content=\"All in One SEO (AIOSEO) 5.0.0.1\" \/>\n\t\t<meta property=\"og:locale\" content=\"pt_BR\" \/>\n\t\t<meta property=\"og:site_name\" content=\"Encontra Bel\u00e9m | Not\u00edcias, eventos, informa\u00e7\u00f5es e dicas na cidade Bel\u00e9m e regi\u00e3o.\" \/>\n\t\t<meta property=\"og:type\" content=\"article\" \/>\n\t\t<meta property=\"og:title\" content=\"Avenida Liberdade: Minist\u00e9rio P\u00fablico faz vistoria t\u00e9cnica ap\u00f3s trecho ceder na Grande Bel\u00e9m | Encontra Bel\u00e9m\" \/>\n\t\t<meta property=\"og:description\" content=\"Avenida Liberdade passa por vistoria do MPPA ap\u00f3s trecho ceder em Bel\u00e9m.\" \/>\n\t\t<meta property=\"og:url\" content=\"https:\/\/www.encontrabelem.com.br\/sobre\/avenida-liberdade-ministerio-publico-faz-vistoria-tecnica-apos-trecho-ceder-na-grande-belem\" \/>\n\t\t<meta property=\"article:published_time\" content=\"2026-07-08T15:15:54+00:00\" \/>\n\t\t<meta property=\"article:modified_time\" content=\"2026-07-08T15:15:54+00:00\" \/>\n\t\t<meta name=\"twitter:card\" content=\"summary\" \/>\n\t\t<meta name=\"twitter:title\" content=\"Avenida Liberdade: Minist\u00e9rio P\u00fablico faz vistoria t\u00e9cnica ap\u00f3s trecho ceder na Grande Bel\u00e9m | Encontra Bel\u00e9m\" \/>\n\t\t<meta name=\"twitter:description\" content=\"Avenida Liberdade passa por vistoria do MPPA ap\u00f3s trecho ceder em Bel\u00e9m.\" \/>\n\t\t<script type=\"application\/ld+json\" class=\"aioseo-schema\">\n\t\t\t{\"@context\":\"https:\\\/\\\/schema.org\",\"@graph\":[{\"@type\":\"Article\",\"@id\":\"https:\\\/\\\/www.encontrabelem.com.br\\\/sobre\\\/avenida-liberdade-ministerio-publico-faz-vistoria-tecnica-apos-trecho-ceder-na-grande-belem#article\",\"name\":\"Avenida Liberdade: Minist\\u00e9rio P\\u00fablico faz vistoria t\\u00e9cnica ap\\u00f3s trecho ceder na Grande Bel\\u00e9m | Encontra Bel\\u00e9m\",\"headline\":\"Avenida Liberdade: Minist\\u00e9rio P\\u00fablico faz vistoria t\\u00e9cnica ap\\u00f3s trecho ceder na Grande Bel\\u00e9m\",\"author\":{\"@id\":\"https:\\\/\\\/www.encontrabelem.com.br\\\/sobre\\\/author\\\/ebelem#author\"},\"publisher\":{\"@id\":\"https:\\\/\\\/www.encontrabelem.com.br\\\/sobre\\\/#organization\"},\"image\":{\"@type\":\"ImageObject\",\"url\":\"https:\\\/\\\/www.encontrabelem.com.br\\\/sobre\\\/wp-content\\\/uploads\\\/2026\\\/07\\\/avenida-liberdade-ministerio-publico-faz-vistoria-tecnica-apos-trecho-ceder-na-grande-belem.webp\",\"width\":280,\"height\":280,\"caption\":\"vigil\\u00e2ncia na Avenida Liberdade\"},\"datePublished\":\"2026-07-08T12:15:54-03:00\",\"dateModified\":\"2026-07-08T12:15:54-03:00\",\"inLanguage\":\"pt-BR\",\"mainEntityOfPage\":{\"@id\":\"https:\\\/\\\/www.encontrabelem.com.br\\\/sobre\\\/avenida-liberdade-ministerio-publico-faz-vistoria-tecnica-apos-trecho-ceder-na-grande-belem#webpage\"},\"isPartOf\":{\"@id\":\"https:\\\/\\\/www.encontrabelem.com.br\\\/sobre\\\/avenida-liberdade-ministerio-publico-faz-vistoria-tecnica-apos-trecho-ceder-na-grande-belem#webpage\"},\"articleSection\":\"Not\\u00edcias Bel\\u00e9m\"},{\"@type\":\"BreadcrumbList\",\"@id\":\"https:\\\/\\\/www.encontrabelem.com.br\\\/sobre\\\/avenida-liberdade-ministerio-publico-faz-vistoria-tecnica-apos-trecho-ceder-na-grande-belem#breadcrumblist\",\"itemListElement\":[{\"@type\":\"ListItem\",\"@id\":\"https:\\\/\\\/www.encontrabelem.com.br\\\/sobre#listItem\",\"position\":1,\"name\":\"In\\u00edcio\",\"item\":\"https:\\\/\\\/www.encontrabelem.com.br\\\/sobre\",\"nextItem\":{\"@type\":\"ListItem\",\"@id\":\"https:\\\/\\\/www.encontrabelem.com.br\\\/sobre\\\/noticias-em-belem#listItem\",\"name\":\"Not\\u00edcias Bel\\u00e9m\"}},{\"@type\":\"ListItem\",\"@id\":\"https:\\\/\\\/www.encontrabelem.com.br\\\/sobre\\\/noticias-em-belem#listItem\",\"position\":2,\"name\":\"Not\\u00edcias Bel\\u00e9m\",\"item\":\"https:\\\/\\\/www.encontrabelem.com.br\\\/sobre\\\/noticias-em-belem\",\"nextItem\":{\"@type\":\"ListItem\",\"@id\":\"https:\\\/\\\/www.encontrabelem.com.br\\\/sobre\\\/avenida-liberdade-ministerio-publico-faz-vistoria-tecnica-apos-trecho-ceder-na-grande-belem#listItem\",\"name\":\"Avenida Liberdade: Minist\\u00e9rio P\\u00fablico faz vistoria t\\u00e9cnica ap\\u00f3s trecho ceder na Grande Bel\\u00e9m\"},\"previousItem\":{\"@type\":\"ListItem\",\"@id\":\"https:\\\/\\\/www.encontrabelem.com.br\\\/sobre#listItem\",\"name\":\"In\\u00edcio\"}},{\"@type\":\"ListItem\",\"@id\":\"https:\\\/\\\/www.encontrabelem.com.br\\\/sobre\\\/avenida-liberdade-ministerio-publico-faz-vistoria-tecnica-apos-trecho-ceder-na-grande-belem#listItem\",\"position\":3,\"name\":\"Avenida Liberdade: Minist\\u00e9rio P\\u00fablico faz vistoria t\\u00e9cnica ap\\u00f3s trecho ceder na Grande Bel\\u00e9m\",\"previousItem\":{\"@type\":\"ListItem\",\"@id\":\"https:\\\/\\\/www.encontrabelem.com.br\\\/sobre\\\/noticias-em-belem#listItem\",\"name\":\"Not\\u00edcias Bel\\u00e9m\"}}]},{\"@type\":\"Organization\",\"@id\":\"https:\\\/\\\/www.encontrabelem.com.br\\\/sobre\\\/#organization\",\"name\":\"Encontra Bel\\u00e9m\",\"description\":\"Not\\u00edcias, eventos, informa\\u00e7\\u00f5es e dicas na cidade Bel\\u00e9m e regi\\u00e3o.\",\"url\":\"https:\\\/\\\/www.encontrabelem.com.br\\\/sobre\\\/\"},{\"@type\":\"Person\",\"@id\":\"https:\\\/\\\/www.encontrabelem.com.br\\\/sobre\\\/author\\\/ebelem#author\",\"url\":\"https:\\\/\\\/www.encontrabelem.com.br\\\/sobre\\\/author\\\/ebelem\",\"name\":\"Encontra Bel\\u00e9m\",\"image\":{\"@type\":\"ImageObject\",\"@id\":\"https:\\\/\\\/www.encontrabelem.com.br\\\/sobre\\\/avenida-liberdade-ministerio-publico-faz-vistoria-tecnica-apos-trecho-ceder-na-grande-belem#authorImage\",\"url\":\"https:\\\/\\\/secure.gravatar.com\\\/avatar\\\/507340682b8270222e1f208e23198b6ae7e2c6a1033ae84e99bc6bce4f82a387?s=96&d=mm&r=g\",\"width\":96,\"height\":96,\"caption\":\"Encontra Bel\\u00e9m\"}},{\"@type\":\"WebPage\",\"@id\":\"https:\\\/\\\/www.encontrabelem.com.br\\\/sobre\\\/avenida-liberdade-ministerio-publico-faz-vistoria-tecnica-apos-trecho-ceder-na-grande-belem#webpage\",\"url\":\"https:\\\/\\\/www.encontrabelem.com.br\\\/sobre\\\/avenida-liberdade-ministerio-publico-faz-vistoria-tecnica-apos-trecho-ceder-na-grande-belem\",\"name\":\"Avenida Liberdade: Minist\\u00e9rio P\\u00fablico faz vistoria t\\u00e9cnica ap\\u00f3s trecho ceder na Grande Bel\\u00e9m | Encontra Bel\\u00e9m\",\"description\":\"Avenida Liberdade passa por vistoria do MPPA ap\\u00f3s trecho ceder em Bel\\u00e9m.\",\"inLanguage\":\"pt-BR\",\"isPartOf\":{\"@id\":\"https:\\\/\\\/www.encontrabelem.com.br\\\/sobre\\\/#website\"},\"breadcrumb\":{\"@id\":\"https:\\\/\\\/www.encontrabelem.com.br\\\/sobre\\\/avenida-liberdade-ministerio-publico-faz-vistoria-tecnica-apos-trecho-ceder-na-grande-belem#breadcrumblist\"},\"author\":{\"@id\":\"https:\\\/\\\/www.encontrabelem.com.br\\\/sobre\\\/author\\\/ebelem#author\"},\"creator\":{\"@id\":\"https:\\\/\\\/www.encontrabelem.com.br\\\/sobre\\\/author\\\/ebelem#author\"},\"image\":{\"@type\":\"ImageObject\",\"url\":\"https:\\\/\\\/www.encontrabelem.com.br\\\/sobre\\\/wp-content\\\/uploads\\\/2026\\\/07\\\/avenida-liberdade-ministerio-publico-faz-vistoria-tecnica-apos-trecho-ceder-na-grande-belem.webp\",\"@id\":\"https:\\\/\\\/www.encontrabelem.com.br\\\/sobre\\\/avenida-liberdade-ministerio-publico-faz-vistoria-tecnica-apos-trecho-ceder-na-grande-belem\\\/#mainImage\",\"width\":280,\"height\":280,\"caption\":\"vigil\\u00e2ncia na Avenida Liberdade\"},\"primaryImageOfPage\":{\"@id\":\"https:\\\/\\\/www.encontrabelem.com.br\\\/sobre\\\/avenida-liberdade-ministerio-publico-faz-vistoria-tecnica-apos-trecho-ceder-na-grande-belem#mainImage\"},\"datePublished\":\"2026-07-08T12:15:54-03:00\",\"dateModified\":\"2026-07-08T12:15:54-03:00\"},{\"@type\":\"WebSite\",\"@id\":\"https:\\\/\\\/www.encontrabelem.com.br\\\/sobre\\\/#website\",\"url\":\"https:\\\/\\\/www.encontrabelem.com.br\\\/sobre\\\/\",\"name\":\"Encontra Bel\\u00e9m\",\"description\":\"Not\\u00edcias, eventos, informa\\u00e7\\u00f5es e dicas na cidade Bel\\u00e9m e regi\\u00e3o.\",\"inLanguage\":\"pt-BR\",\"publisher\":{\"@id\":\"https:\\\/\\\/www.encontrabelem.com.br\\\/sobre\\\/#organization\"}}]}\n\t\t<\/script>\n\t\t<!-- All in One SEO -->\n\n","aioseo_head_json":{"title":"Avenida Liberdade: Minist\u00e9rio P\u00fablico faz vistoria t\u00e9cnica ap\u00f3s trecho ceder na Grande Bel\u00e9m | Encontra Bel\u00e9m","description":"Avenida Liberdade passa por vistoria do MPPA ap\u00f3s trecho ceder em Bel\u00e9m.","canonical_url":"https:\/\/www.encontrabelem.com.br\/sobre\/avenida-liberdade-ministerio-publico-faz-vistoria-tecnica-apos-trecho-ceder-na-grande-belem","robots":"max-image-preview:large","keywords":"","webmasterTools":{"miscellaneous":""},"schema":{"@context":"https:\/\/schema.org","@graph":[{"@type":"Article","@id":"https:\/\/www.encontrabelem.com.br\/sobre\/avenida-liberdade-ministerio-publico-faz-vistoria-tecnica-apos-trecho-ceder-na-grande-belem#article","name":"Avenida Liberdade: Minist\u00e9rio P\u00fablico faz vistoria t\u00e9cnica ap\u00f3s trecho ceder na Grande Bel\u00e9m | Encontra Bel\u00e9m","headline":"Avenida Liberdade: Minist\u00e9rio P\u00fablico faz vistoria t\u00e9cnica ap\u00f3s trecho ceder na Grande Bel\u00e9m","author":{"@id":"https:\/\/www.encontrabelem.com.br\/sobre\/author\/ebelem#author"},"publisher":{"@id":"https:\/\/www.encontrabelem.com.br\/sobre\/#organization"},"image":{"@type":"ImageObject","url":"https:\/\/www.encontrabelem.com.br\/sobre\/wp-content\/uploads\/2026\/07\/avenida-liberdade-ministerio-publico-faz-vistoria-tecnica-apos-trecho-ceder-na-grande-belem.webp","width":280,"height":280,"caption":"vigil\u00e2ncia na Avenida Liberdade"},"datePublished":"2026-07-08T12:15:54-03:00","dateModified":"2026-07-08T12:15:54-03:00","inLanguage":"pt-BR","mainEntityOfPage":{"@id":"https:\/\/www.encontrabelem.com.br\/sobre\/avenida-liberdade-ministerio-publico-faz-vistoria-tecnica-apos-trecho-ceder-na-grande-belem#webpage"},"isPartOf":{"@id":"https:\/\/www.encontrabelem.com.br\/sobre\/avenida-liberdade-ministerio-publico-faz-vistoria-tecnica-apos-trecho-ceder-na-grande-belem#webpage"},"articleSection":"Not\u00edcias Bel\u00e9m"},{"@type":"BreadcrumbList","@id":"https:\/\/www.encontrabelem.com.br\/sobre\/avenida-liberdade-ministerio-publico-faz-vistoria-tecnica-apos-trecho-ceder-na-grande-belem#breadcrumblist","itemListElement":[{"@type":"ListItem","@id":"https:\/\/www.encontrabelem.com.br\/sobre#listItem","position":1,"name":"In\u00edcio","item":"https:\/\/www.encontrabelem.com.br\/sobre","nextItem":{"@type":"ListItem","@id":"https:\/\/www.encontrabelem.com.br\/sobre\/noticias-em-belem#listItem","name":"Not\u00edcias Bel\u00e9m"}},{"@type":"ListItem","@id":"https:\/\/www.encontrabelem.com.br\/sobre\/noticias-em-belem#listItem","position":2,"name":"Not\u00edcias Bel\u00e9m","item":"https:\/\/www.encontrabelem.com.br\/sobre\/noticias-em-belem","nextItem":{"@type":"ListItem","@id":"https:\/\/www.encontrabelem.com.br\/sobre\/avenida-liberdade-ministerio-publico-faz-vistoria-tecnica-apos-trecho-ceder-na-grande-belem#listItem","name":"Avenida Liberdade: Minist\u00e9rio P\u00fablico faz vistoria t\u00e9cnica ap\u00f3s trecho ceder na Grande Bel\u00e9m"},"previousItem":{"@type":"ListItem","@id":"https:\/\/www.encontrabelem.com.br\/sobre#listItem","name":"In\u00edcio"}},{"@type":"ListItem","@id":"https:\/\/www.encontrabelem.com.br\/sobre\/avenida-liberdade-ministerio-publico-faz-vistoria-tecnica-apos-trecho-ceder-na-grande-belem#listItem","position":3,"name":"Avenida Liberdade: Minist\u00e9rio P\u00fablico faz vistoria t\u00e9cnica ap\u00f3s trecho ceder na Grande Bel\u00e9m","previousItem":{"@type":"ListItem","@id":"https:\/\/www.encontrabelem.com.br\/sobre\/noticias-em-belem#listItem","name":"Not\u00edcias Bel\u00e9m"}}]},{"@type":"Organization","@id":"https:\/\/www.encontrabelem.com.br\/sobre\/#organization","name":"Encontra Bel\u00e9m","description":"Not\u00edcias, eventos, informa\u00e7\u00f5es e dicas na cidade Bel\u00e9m e regi\u00e3o.","url":"https:\/\/www.encontrabelem.com.br\/sobre\/"},{"@type":"Person","@id":"https:\/\/www.encontrabelem.com.br\/sobre\/author\/ebelem#author","url":"https:\/\/www.encontrabelem.com.br\/sobre\/author\/ebelem","name":"Encontra Bel\u00e9m","image":{"@type":"ImageObject","@id":"https:\/\/www.encontrabelem.com.br\/sobre\/avenida-liberdade-ministerio-publico-faz-vistoria-tecnica-apos-trecho-ceder-na-grande-belem#authorImage","url":"https:\/\/secure.gravatar.com\/avatar\/507340682b8270222e1f208e23198b6ae7e2c6a1033ae84e99bc6bce4f82a387?s=96&d=mm&r=g","width":96,"height":96,"caption":"Encontra Bel\u00e9m"}},{"@type":"WebPage","@id":"https:\/\/www.encontrabelem.com.br\/sobre\/avenida-liberdade-ministerio-publico-faz-vistoria-tecnica-apos-trecho-ceder-na-grande-belem#webpage","url":"https:\/\/www.encontrabelem.com.br\/sobre\/avenida-liberdade-ministerio-publico-faz-vistoria-tecnica-apos-trecho-ceder-na-grande-belem","name":"Avenida Liberdade: Minist\u00e9rio P\u00fablico faz vistoria t\u00e9cnica ap\u00f3s trecho ceder na Grande Bel\u00e9m | Encontra Bel\u00e9m","description":"Avenida Liberdade passa por vistoria do MPPA ap\u00f3s trecho ceder em Bel\u00e9m.","inLanguage":"pt-BR","isPartOf":{"@id":"https:\/\/www.encontrabelem.com.br\/sobre\/#website"},"breadcrumb":{"@id":"https:\/\/www.encontrabelem.com.br\/sobre\/avenida-liberdade-ministerio-publico-faz-vistoria-tecnica-apos-trecho-ceder-na-grande-belem#breadcrumblist"},"author":{"@id":"https:\/\/www.encontrabelem.com.br\/sobre\/author\/ebelem#author"},"creator":{"@id":"https:\/\/www.encontrabelem.com.br\/sobre\/author\/ebelem#author"},"image":{"@type":"ImageObject","url":"https:\/\/www.encontrabelem.com.br\/sobre\/wp-content\/uploads\/2026\/07\/avenida-liberdade-ministerio-publico-faz-vistoria-tecnica-apos-trecho-ceder-na-grande-belem.webp","@id":"https:\/\/www.encontrabelem.com.br\/sobre\/avenida-liberdade-ministerio-publico-faz-vistoria-tecnica-apos-trecho-ceder-na-grande-belem\/#mainImage","width":280,"height":280,"caption":"vigil\u00e2ncia na Avenida Liberdade"},"primaryImageOfPage":{"@id":"https:\/\/www.encontrabelem.com.br\/sobre\/avenida-liberdade-ministerio-publico-faz-vistoria-tecnica-apos-trecho-ceder-na-grande-belem#mainImage"},"datePublished":"2026-07-08T12:15:54-03:00","dateModified":"2026-07-08T12:15:54-03:00"},{"@type":"WebSite","@id":"https:\/\/www.encontrabelem.com.br\/sobre\/#website","url":"https:\/\/www.encontrabelem.com.br\/sobre\/","name":"Encontra Bel\u00e9m","description":"Not\u00edcias, eventos, informa\u00e7\u00f5es e dicas na cidade Bel\u00e9m e regi\u00e3o.","inLanguage":"pt-BR","publisher":{"@id":"https:\/\/www.encontrabelem.com.br\/sobre\/#organization"}}]},"og:locale":"pt_BR","og:site_name":"Encontra Bel\u00e9m | Not\u00edcias, eventos, informa\u00e7\u00f5es e dicas na cidade Bel\u00e9m e regi\u00e3o.","og:type":"article","og:title":"Avenida Liberdade: Minist\u00e9rio P\u00fablico faz vistoria t\u00e9cnica ap\u00f3s trecho ceder na Grande Bel\u00e9m | Encontra Bel\u00e9m","og:description":"Avenida Liberdade passa por vistoria do MPPA ap\u00f3s trecho ceder em Bel\u00e9m.","og:url":"https:\/\/www.encontrabelem.com.br\/sobre\/avenida-liberdade-ministerio-publico-faz-vistoria-tecnica-apos-trecho-ceder-na-grande-belem","article:published_time":"2026-07-08T15:15:54+00:00","article:modified_time":"2026-07-08T15:15:54+00:00","twitter:card":"summary","twitter:title":"Avenida Liberdade: Minist\u00e9rio P\u00fablico faz vistoria t\u00e9cnica ap\u00f3s trecho ceder na Grande Bel\u00e9m | Encontra Bel\u00e9m","twitter:description":"Avenida Liberdade passa por vistoria do MPPA ap\u00f3s trecho ceder em Bel\u00e9m."},"aioseo_meta_data":{"post_id":"1982","title":null,"description":null,"keywords":null,"keyphrases":null,"primary_term":null,"canonical_url":null,"og_title":null,"og_description":null,"og_object_type":"default","og_image_type":"default","og_image_url":null,"og_image_width":null,"og_image_height":null,"og_image_custom_url":null,"og_image_custom_fields":null,"og_video":null,"og_custom_url":null,"og_article_section":null,"og_article_tags":null,"twitter_use_og":false,"twitter_card":"default","twitter_image_type":"default","twitter_image_url":null,"twitter_image_custom_url":null,"twitter_image_custom_fields":null,"twitter_title":null,"twitter_description":null,"schema":{"blockGraphs":[],"customGraphs":[],"default":{"data":{"Article":[],"Course":[],"Dataset":[],"FAQPage":[],"Movie":[],"Person":[],"Product":[],"ProductReview":[],"Car":[],"Recipe":[],"Service":[],"SoftwareApplication":[],"WebPage":[]},"graphName":"Article","isEnabled":true},"graphs":[]},"schema_type":"default","schema_type_options":null,"pillar_content":false,"robots_default":true,"robots_noindex":false,"robots_noarchive":false,"robots_nosnippet":false,"robots_nofollow":false,"robots_noimageindex":false,"robots_noodp":false,"robots_notranslate":false,"robots_max_snippet":null,"robots_max_videopreview":null,"robots_max_imagepreview":"large","priority":null,"frequency":null,"local_seo":null,"breadcrumb_settings":null,"limit_modified_date":false,"ai":null,"created":"2026-07-08 15:15:56","updated":"2026-07-08 15:31:00","focus_keyword":null,"additional_keywords":null,"truseo_locale":null,"seo_analyzer_scan_date":null},"aioseo_breadcrumb":"<div class=\"aioseo-breadcrumbs\"><span class=\"aioseo-breadcrumb\">\n\t\t\t<a href=\"https:\/\/www.encontrabelem.com.br\/sobre\" title=\"In\u00edcio\">In\u00edcio<\/a>\n\t\t<\/span><span class=\"aioseo-breadcrumb-separator\">&raquo;<\/span><span class=\"aioseo-breadcrumb\">\n\t\t\t<a href=\"https:\/\/www.encontrabelem.com.br\/sobre\/noticias-em-belem\" title=\"Not\u00edcias Bel\u00e9m\">Not\u00edcias Bel\u00e9m<\/a>\n\t\t<\/span><span class=\"aioseo-breadcrumb-separator\">&raquo;<\/span><span class=\"aioseo-breadcrumb\">\n\t\t\tAvenida Liberdade: Minist\u00e9rio P\u00fablico faz vistoria t\u00e9cnica ap\u00f3s trecho ceder na Grande Bel\u00e9m\n\t\t<\/span><\/div>","aioseo_breadcrumb_json":[{"label":"In\u00edcio","link":"https:\/\/www.encontrabelem.com.br\/sobre"},{"label":"Not\u00edcias Bel\u00e9m","link":"https:\/\/www.encontrabelem.com.br\/sobre\/noticias-em-belem"},{"label":"Avenida Liberdade: Minist\u00e9rio P\u00fablico faz vistoria t\u00e9cnica ap\u00f3s trecho ceder na Grande Bel\u00e9m","link":"https:\/\/www.encontrabelem.com.br\/sobre\/avenida-liberdade-ministerio-publico-faz-vistoria-tecnica-apos-trecho-ceder-na-grande-belem"}],"_links":{"self":[{"href":"https:\/\/www.encontrabelem.com.br\/sobre\/wp-json\/wp\/v2\/posts\/1982","targetHints":{"allow":["GET"]}}],"collection":[{"href":"https:\/\/www.encontrabelem.com.br\/sobre\/wp-json\/wp\/v2\/posts"}],"about":[{"href":"https:\/\/www.encontrabelem.com.br\/sobre\/wp-json\/wp\/v2\/types\/post"}],"author":[{"embeddable":true,"href":"https:\/\/www.encontrabelem.com.br\/sobre\/wp-json\/wp\/v2\/users\/1"}],"replies":[{"embeddable":true,"href":"https:\/\/www.encontrabelem.com.br\/sobre\/wp-json\/wp\/v2\/comments?post=1982"}],"version-history":[{"count":0,"href":"https:\/\/www.encontrabelem.com.br\/sobre\/wp-json\/wp\/v2\/posts\/1982\/revisions"}],"wp:featuredmedia":[{"embeddable":true,"href":"https:\/\/www.encontrabelem.com.br\/sobre\/wp-json\/wp\/v2\/media\/1981"}],"wp:attachment":[{"href":"https:\/\/www.encontrabelem.com.br\/sobre\/wp-json\/wp\/v2\/media?parent=1982"}],"wp:term":[{"taxonomy":"category","embeddable":true,"href":"https:\/\/www.encontrabelem.com.br\/sobre\/wp-json\/wp\/v2\/categories?post=1982"},{"taxonomy":"post_tag","embeddable":true,"href":"https:\/\/www.encontrabelem.com.br\/sobre\/wp-json\/wp\/v2\/tags?post=1982"}],"curies":[{"name":"wp","href":"https:\/\/api.w.org\/{rel}","templated":true}]}}