{"id":1964,"date":"2026-07-07T06:11:22","date_gmt":"2026-07-07T09:11:22","guid":{"rendered":"https:\/\/www.encontrabelem.com.br\/sobre\/tremores-no-para-predios-sao-evacuados-apos-terremoto-na-venezuela"},"modified":"2026-07-07T06:11:22","modified_gmt":"2026-07-07T09:11:22","slug":"tremores-no-para-predios-sao-evacuados-apos-terremoto-na-venezuela","status":"publish","type":"post","link":"https:\/\/www.encontrabelem.com.br\/sobre\/tremores-no-para-predios-sao-evacuados-apos-terremoto-na-venezuela","title":{"rendered":"Tremores no Par\u00e1: pr\u00e9dios s\u00e3o evacuados ap\u00f3s terremoto na Venezuela"},"content":{"rendered":"<div class=\"b22802487b0d38c4c6d9f34966e16421\" data-index=\"1\" style=\"float: none; margin:0px;\">\n<!-- Anuncio display - global -->\r\n<ins class=\"adsbygoogle\"\r\n     style=\"display:block\"\r\n     data-ad-client=\"ca-pub-8585364105181520\"\r\n     data-ad-slot=\"8789329856\"\r\n     data-ad-format=\"auto\"\r\n     data-full-width-responsive=\"true\"><\/ins>\r\n<script>\r\n     (adsbygoogle = window.adsbygoogle || []).push({});\r\n<\/script>\n<\/div>\n<h2>O que ocorreu em Bel\u00e9m durante o terremoto<\/h2>\n<p>Na noite de <strong>24 de junho de 2026<\/strong>, durante a transmiss\u00e3o do jogo entre Brasil e Esc\u00f3cia, a cidade de Bel\u00e9m, localizada no estado do Par\u00e1, foi palco de um evento incomum. Moradores relataram a sensa\u00e7\u00e3o de tremores em diversos bairros, evidenciando um poss\u00edvel impacto de um forte terremoto que ocorreu na Venezuela. O evento s\u00edsmico de magnitude <strong>7,5<\/strong> provocou a evacua\u00e7\u00e3o de v\u00e1rios pr\u00e9dios na cidade como medida de precau\u00e7\u00e3o.<\/p>\n<h2>Impacto dos tremores em pr\u00e9dios locais<\/h2>\n<p>De acordo com as informa\u00e7\u00f5es da Defesa Civil Municipal, foram <strong>dez pr\u00e9dios evacuados<\/strong> em cinco bairros diferentes de Bel\u00e9m. As \u00e1reas mais afetadas incluem os bairros Umarizal, Crema\u00e7\u00e3o e Batista Campos, onde os relatos de moradores indicaram que o fen\u00f4meno foi mais percept\u00edvel para aqueles que residiam em andares mais altos, como mencionado pelo morador <strong>Luiz Cl\u00e1udio Fernandes<\/strong>. O s\u00edndico do pr\u00e9dio no qual ele reside afirmou que, ap\u00f3s avalia\u00e7\u00e3o dos bombeiros, o local foi considerado seguro para a volta dos moradores.<\/p>\n<h2>Relatos de moradores sobre os tremores<\/h2>\n<p>Os relatos dos residentes foram de grande preocupa\u00e7\u00e3o e medo. Muitos afirmaram que sentiram a movimenta\u00e7\u00e3o de objetos dentro de casa, descrevendo a experi\u00eancia como uma sensa\u00e7\u00e3o de desequil\u00edbrio e nervosismo. O professor universit\u00e1rio Luiz Cl\u00e1udio compartilhou que as pessoas do seu pr\u00e9dio, especialmente aqueles que moravam nos andares superiores, correram para descer as escadas em busca de seguran\u00e7a. Para alguns, a experi\u00eancia foi t\u00e3o intensa que acabaram se deslocando para a casa de amigos ou familiares.<\/p>\n<p><img decoding=\"async\" src=\"https:\/\/www.encontrabelem.com.br\/sobre\/wp-content\/uploads\/2026\/07\/tremores-no-para-predios-sao-evacuados-apos-terremoto-na-venezuela.webp\" alt=\"tremores no Par\u00e1\" loading=\"lazy\" \/><\/p>\n<h2>Medidas de seguran\u00e7a adotadas pela Defesa Civil<\/h2>\n<p>Ap\u00f3s as primeiras percep\u00e7\u00f5es dos tremores, a Defesa Civil Municipal, em colabora\u00e7\u00e3o com a Defesa Civil Estadual, iniciou uma s\u00e9rie de processos de monitoramento e avalia\u00e7\u00e3o. O prefeito <strong>Igor Normando<\/strong> comunicou que as equipes estavam trabalhando para garantir a seguran\u00e7a da popula\u00e7\u00e3o e orientou a evacua\u00e7\u00e3o de pr\u00e9dios em \u00e1reas de risco. &#8220;A orienta\u00e7\u00e3o \u00e9 manter a calma e seguir as recomenda\u00e7\u00f5es dos \u00f3rg\u00e3os respons\u00e1veis&#8221;, ressaltou o prefeito.<\/p>\n<h2>Avalia\u00e7\u00f5es das estruturas evacuadas<\/h2>\n<p>As equipes do Corpo de Bombeiros realizaram vistorias em diversos pr\u00e9dios evacuados, inspecionando as estruturas e elevadores para assegurar que estavam aptos para reabrir para os moradores. A an\u00e1lise t\u00e9cnica conclu\u00edda indicou que n\u00e3o houve danos estruturais aparentes em muitos dos im\u00f3veis revisados, permitindo que os residentes retornassem \u00e0s suas casas ap\u00f3s a devida autoriza\u00e7\u00e3o das autoridades.<\/p>\n<h2>Orienta\u00e7\u00f5es da Prefeitura de Bel\u00e9m<\/h2>\n<p>Em comunicado, a Prefeitura de Bel\u00e9m pediu \u00e0 popula\u00e7\u00e3o que permanecesse atenta a quaisquer novas orienta\u00e7\u00f5es e que reportasse imediatamente novos tremores ou qualquer situa\u00e7\u00e3o de emerg\u00eancia. Foi destacada a import\u00e2ncia da colabora\u00e7\u00e3o de todos para a efetividade do monitoramento das situa\u00e7\u00f5es de risco.<\/p>\n<h2>A import\u00e2ncia da calma em situa\u00e7\u00f5es de emerg\u00eancia<\/h2>\n<p>Em momentos de crise como esse, a tranquilidade desempenha um papel fundamental no gerenciamento do p\u00e2nico. A Defesa Civil enfatizou que, embora a situa\u00e7\u00e3o seja alarmante, \u00e9 crucial que os cidad\u00e3os mantenham a serenidade e sigam as diretrizes das autoridades. A comunica\u00e7\u00e3o clara e imediata com as institui\u00e7\u00f5es locais \u00e9 essencial para garantir a prote\u00e7\u00e3o de todos.<\/p>\n<h2>Reflexos do terremoto na Venezuela e no Brasil<\/h2>\n<p>O terremoto na Venezuela, cujo epicentro foi registrado na cidade de Montalb\u00e1n, teve repercuss\u00f5es n\u00e3o apenas na regi\u00e3o, mas tamb\u00e9m em pa\u00edses vizinhos, incluindo o Brasil. A sua magnitude e profundidade, reportadas em <strong>168 km<\/strong> da capital caribenha a uma profundidade de <strong>13 km<\/strong>, geraram ondas s\u00edsmicas que foram percebidas em v\u00e1rias cidades amparadas pelo Norte do Brasil, incluindo Bel\u00e9m e at\u00e9 mesmo Manaus.<\/p>\n<h2>Como a popula\u00e7\u00e3o deve agir em casos de tremores<\/h2>\n<p>Para assegurar a seguran\u00e7a pessoal e coletiva, recomenda-se que a popula\u00e7\u00e3o esteja informada sobre os procedimentos adequados a serem adotados durante e ap\u00f3s tremores. As orienta\u00e7\u00f5es incluem:<\/p>\n<ul>\n<li><strong>Procurar abrigo:<\/strong> Em caso de tremores, se resguardem a \u00e1reas abertas e longe de pr\u00e9dios.<\/li>\n<li><strong>Manter a calma:<\/strong> Evitem correr ou se apavorar, mantendo a tranquilidade.<\/li>\n<li><strong>Seguir as orienta\u00e7\u00f5es das autoridades:<\/strong> Assim que a situa\u00e7\u00e3o for reavaliada, fa\u00e7am o retorno seguindo as instru\u00e7\u00f5es das equipes de emerg\u00eancia.<\/li>\n<\/ul>\n<h2>Hist\u00f3rico de terremotos na regi\u00e3o amaz\u00f4nica<\/h2>\n<p>A regi\u00e3o amaz\u00f4nica, embora considerada menos propensa a grandes ocorr\u00eancias s\u00edsmicas se comparada a outras partes do Brasil, registrou eventos significativos. O deslizamento de placas tect\u00f4nicas e a instabilidade geol\u00f3gica podem ocasionar tremores de terra, que frequentemente n\u00e3o s\u00e3o sentidos, mas podem impactar \u00e1reas espec\u00edficas em situa\u00e7\u00f5es excepcionais, como ocorreu com o recente terremoto na Venezuela.<\/p>\n\n<div style=\"font-size: 0px; height: 0px; line-height: 0px; margin: 0; padding: 0; clear: both;\"><\/div>","protected":false},"excerpt":{"rendered":"<p>Tremores em Bel\u00e9m levam a evacua\u00e7\u00e3o; saiba as informa\u00e7\u00f5es importantes.<\/p>\n","protected":false},"author":1,"featured_media":1963,"comment_status":"open","ping_status":"closed","sticky":false,"template":"","format":"standard","meta":{"footnotes":""},"categories":[1],"tags":[],"class_list":["post-1964","post","type-post","status-publish","format-standard","has-post-thumbnail","hentry","category-noticias-em-belem","has_thumb"],"aioseo_notices":[],"aioseo_head":"\n\t\t<!-- All in One SEO 5.0.0.1 - aioseo.com -->\n\t<meta name=\"description\" content=\"Tremores em Bel\u00e9m levam a evacua\u00e7\u00e3o; saiba as informa\u00e7\u00f5es importantes.\" \/>\n\t<meta name=\"robots\" content=\"max-image-preview:large\" \/>\n\t<meta name=\"author\" content=\"Encontra Bel\u00e9m\"\/>\n\t<link rel=\"canonical\" href=\"https:\/\/www.encontrabelem.com.br\/sobre\/tremores-no-para-predios-sao-evacuados-apos-terremoto-na-venezuela\" \/>\n\t<meta name=\"generator\" content=\"All in One SEO (AIOSEO) 5.0.0.1\" \/>\n\t\t<meta property=\"og:locale\" content=\"pt_BR\" \/>\n\t\t<meta property=\"og:site_name\" content=\"Encontra Bel\u00e9m | Not\u00edcias, eventos, informa\u00e7\u00f5es e dicas na cidade Bel\u00e9m e regi\u00e3o.\" \/>\n\t\t<meta property=\"og:type\" content=\"article\" \/>\n\t\t<meta property=\"og:title\" content=\"Tremores no Par\u00e1: pr\u00e9dios s\u00e3o evacuados ap\u00f3s terremoto na Venezuela | Encontra Bel\u00e9m\" \/>\n\t\t<meta property=\"og:description\" content=\"Tremores em Bel\u00e9m levam a evacua\u00e7\u00e3o; saiba as informa\u00e7\u00f5es importantes.\" \/>\n\t\t<meta property=\"og:url\" content=\"https:\/\/www.encontrabelem.com.br\/sobre\/tremores-no-para-predios-sao-evacuados-apos-terremoto-na-venezuela\" \/>\n\t\t<meta property=\"article:published_time\" content=\"2026-07-07T09:11:22+00:00\" \/>\n\t\t<meta property=\"article:modified_time\" content=\"2026-07-07T09:11:22+00:00\" \/>\n\t\t<meta name=\"twitter:card\" content=\"summary\" \/>\n\t\t<meta name=\"twitter:title\" content=\"Tremores no Par\u00e1: pr\u00e9dios s\u00e3o evacuados ap\u00f3s terremoto na Venezuela | Encontra Bel\u00e9m\" \/>\n\t\t<meta name=\"twitter:description\" content=\"Tremores em Bel\u00e9m levam a evacua\u00e7\u00e3o; saiba as informa\u00e7\u00f5es importantes.\" \/>\n\t\t<script type=\"application\/ld+json\" class=\"aioseo-schema\">\n\t\t\t{\"@context\":\"https:\\\/\\\/schema.org\",\"@graph\":[{\"@type\":\"Article\",\"@id\":\"https:\\\/\\\/www.encontrabelem.com.br\\\/sobre\\\/tremores-no-para-predios-sao-evacuados-apos-terremoto-na-venezuela#article\",\"name\":\"Tremores no Par\\u00e1: pr\\u00e9dios s\\u00e3o evacuados ap\\u00f3s terremoto na Venezuela | Encontra Bel\\u00e9m\",\"headline\":\"Tremores no Par\\u00e1: pr\\u00e9dios s\\u00e3o evacuados ap\\u00f3s terremoto na Venezuela\",\"author\":{\"@id\":\"https:\\\/\\\/www.encontrabelem.com.br\\\/sobre\\\/author\\\/ebelem#author\"},\"publisher\":{\"@id\":\"https:\\\/\\\/www.encontrabelem.com.br\\\/sobre\\\/#organization\"},\"image\":{\"@type\":\"ImageObject\",\"url\":\"https:\\\/\\\/www.encontrabelem.com.br\\\/sobre\\\/wp-content\\\/uploads\\\/2026\\\/07\\\/tremores-no-para-predios-sao-evacuados-apos-terremoto-na-venezuela.webp\",\"width\":280,\"height\":280,\"caption\":\"tremores no Par\\u00e1\"},\"datePublished\":\"2026-07-07T06:11:22-03:00\",\"dateModified\":\"2026-07-07T06:11:22-03:00\",\"inLanguage\":\"pt-BR\",\"mainEntityOfPage\":{\"@id\":\"https:\\\/\\\/www.encontrabelem.com.br\\\/sobre\\\/tremores-no-para-predios-sao-evacuados-apos-terremoto-na-venezuela#webpage\"},\"isPartOf\":{\"@id\":\"https:\\\/\\\/www.encontrabelem.com.br\\\/sobre\\\/tremores-no-para-predios-sao-evacuados-apos-terremoto-na-venezuela#webpage\"},\"articleSection\":\"Not\\u00edcias Bel\\u00e9m\"},{\"@type\":\"BreadcrumbList\",\"@id\":\"https:\\\/\\\/www.encontrabelem.com.br\\\/sobre\\\/tremores-no-para-predios-sao-evacuados-apos-terremoto-na-venezuela#breadcrumblist\",\"itemListElement\":[{\"@type\":\"ListItem\",\"@id\":\"https:\\\/\\\/www.encontrabelem.com.br\\\/sobre#listItem\",\"position\":1,\"name\":\"In\\u00edcio\",\"item\":\"https:\\\/\\\/www.encontrabelem.com.br\\\/sobre\",\"nextItem\":{\"@type\":\"ListItem\",\"@id\":\"https:\\\/\\\/www.encontrabelem.com.br\\\/sobre\\\/noticias-em-belem#listItem\",\"name\":\"Not\\u00edcias Bel\\u00e9m\"}},{\"@type\":\"ListItem\",\"@id\":\"https:\\\/\\\/www.encontrabelem.com.br\\\/sobre\\\/noticias-em-belem#listItem\",\"position\":2,\"name\":\"Not\\u00edcias Bel\\u00e9m\",\"item\":\"https:\\\/\\\/www.encontrabelem.com.br\\\/sobre\\\/noticias-em-belem\",\"nextItem\":{\"@type\":\"ListItem\",\"@id\":\"https:\\\/\\\/www.encontrabelem.com.br\\\/sobre\\\/tremores-no-para-predios-sao-evacuados-apos-terremoto-na-venezuela#listItem\",\"name\":\"Tremores no Par\\u00e1: pr\\u00e9dios s\\u00e3o evacuados ap\\u00f3s terremoto na Venezuela\"},\"previousItem\":{\"@type\":\"ListItem\",\"@id\":\"https:\\\/\\\/www.encontrabelem.com.br\\\/sobre#listItem\",\"name\":\"In\\u00edcio\"}},{\"@type\":\"ListItem\",\"@id\":\"https:\\\/\\\/www.encontrabelem.com.br\\\/sobre\\\/tremores-no-para-predios-sao-evacuados-apos-terremoto-na-venezuela#listItem\",\"position\":3,\"name\":\"Tremores no Par\\u00e1: pr\\u00e9dios s\\u00e3o evacuados ap\\u00f3s terremoto na Venezuela\",\"previousItem\":{\"@type\":\"ListItem\",\"@id\":\"https:\\\/\\\/www.encontrabelem.com.br\\\/sobre\\\/noticias-em-belem#listItem\",\"name\":\"Not\\u00edcias Bel\\u00e9m\"}}]},{\"@type\":\"Organization\",\"@id\":\"https:\\\/\\\/www.encontrabelem.com.br\\\/sobre\\\/#organization\",\"name\":\"Encontra Bel\\u00e9m\",\"description\":\"Not\\u00edcias, eventos, informa\\u00e7\\u00f5es e dicas na cidade Bel\\u00e9m e regi\\u00e3o.\",\"url\":\"https:\\\/\\\/www.encontrabelem.com.br\\\/sobre\\\/\"},{\"@type\":\"Person\",\"@id\":\"https:\\\/\\\/www.encontrabelem.com.br\\\/sobre\\\/author\\\/ebelem#author\",\"url\":\"https:\\\/\\\/www.encontrabelem.com.br\\\/sobre\\\/author\\\/ebelem\",\"name\":\"Encontra Bel\\u00e9m\",\"image\":{\"@type\":\"ImageObject\",\"@id\":\"https:\\\/\\\/www.encontrabelem.com.br\\\/sobre\\\/tremores-no-para-predios-sao-evacuados-apos-terremoto-na-venezuela#authorImage\",\"url\":\"https:\\\/\\\/secure.gravatar.com\\\/avatar\\\/507340682b8270222e1f208e23198b6ae7e2c6a1033ae84e99bc6bce4f82a387?s=96&d=mm&r=g\",\"width\":96,\"height\":96,\"caption\":\"Encontra Bel\\u00e9m\"}},{\"@type\":\"WebPage\",\"@id\":\"https:\\\/\\\/www.encontrabelem.com.br\\\/sobre\\\/tremores-no-para-predios-sao-evacuados-apos-terremoto-na-venezuela#webpage\",\"url\":\"https:\\\/\\\/www.encontrabelem.com.br\\\/sobre\\\/tremores-no-para-predios-sao-evacuados-apos-terremoto-na-venezuela\",\"name\":\"Tremores no Par\\u00e1: pr\\u00e9dios s\\u00e3o evacuados ap\\u00f3s terremoto na Venezuela | Encontra Bel\\u00e9m\",\"description\":\"Tremores em Bel\\u00e9m levam a evacua\\u00e7\\u00e3o; saiba as informa\\u00e7\\u00f5es importantes.\",\"inLanguage\":\"pt-BR\",\"isPartOf\":{\"@id\":\"https:\\\/\\\/www.encontrabelem.com.br\\\/sobre\\\/#website\"},\"breadcrumb\":{\"@id\":\"https:\\\/\\\/www.encontrabelem.com.br\\\/sobre\\\/tremores-no-para-predios-sao-evacuados-apos-terremoto-na-venezuela#breadcrumblist\"},\"author\":{\"@id\":\"https:\\\/\\\/www.encontrabelem.com.br\\\/sobre\\\/author\\\/ebelem#author\"},\"creator\":{\"@id\":\"https:\\\/\\\/www.encontrabelem.com.br\\\/sobre\\\/author\\\/ebelem#author\"},\"image\":{\"@type\":\"ImageObject\",\"url\":\"https:\\\/\\\/www.encontrabelem.com.br\\\/sobre\\\/wp-content\\\/uploads\\\/2026\\\/07\\\/tremores-no-para-predios-sao-evacuados-apos-terremoto-na-venezuela.webp\",\"@id\":\"https:\\\/\\\/www.encontrabelem.com.br\\\/sobre\\\/tremores-no-para-predios-sao-evacuados-apos-terremoto-na-venezuela\\\/#mainImage\",\"width\":280,\"height\":280,\"caption\":\"tremores no Par\\u00e1\"},\"primaryImageOfPage\":{\"@id\":\"https:\\\/\\\/www.encontrabelem.com.br\\\/sobre\\\/tremores-no-para-predios-sao-evacuados-apos-terremoto-na-venezuela#mainImage\"},\"datePublished\":\"2026-07-07T06:11:22-03:00\",\"dateModified\":\"2026-07-07T06:11:22-03:00\"},{\"@type\":\"WebSite\",\"@id\":\"https:\\\/\\\/www.encontrabelem.com.br\\\/sobre\\\/#website\",\"url\":\"https:\\\/\\\/www.encontrabelem.com.br\\\/sobre\\\/\",\"name\":\"Encontra Bel\\u00e9m\",\"description\":\"Not\\u00edcias, eventos, informa\\u00e7\\u00f5es e dicas na cidade Bel\\u00e9m e regi\\u00e3o.\",\"inLanguage\":\"pt-BR\",\"publisher\":{\"@id\":\"https:\\\/\\\/www.encontrabelem.com.br\\\/sobre\\\/#organization\"}}]}\n\t\t<\/script>\n\t\t<!-- All in One SEO -->\n\n","aioseo_head_json":{"title":"Tremores no Par\u00e1: pr\u00e9dios s\u00e3o evacuados ap\u00f3s terremoto na Venezuela | Encontra Bel\u00e9m","description":"Tremores em Bel\u00e9m levam a evacua\u00e7\u00e3o; saiba as informa\u00e7\u00f5es importantes.","canonical_url":"https:\/\/www.encontrabelem.com.br\/sobre\/tremores-no-para-predios-sao-evacuados-apos-terremoto-na-venezuela","robots":"max-image-preview:large","keywords":"","webmasterTools":{"miscellaneous":""},"schema":{"@context":"https:\/\/schema.org","@graph":[{"@type":"Article","@id":"https:\/\/www.encontrabelem.com.br\/sobre\/tremores-no-para-predios-sao-evacuados-apos-terremoto-na-venezuela#article","name":"Tremores no Par\u00e1: pr\u00e9dios s\u00e3o evacuados ap\u00f3s terremoto na Venezuela | Encontra Bel\u00e9m","headline":"Tremores no Par\u00e1: pr\u00e9dios s\u00e3o evacuados ap\u00f3s terremoto na Venezuela","author":{"@id":"https:\/\/www.encontrabelem.com.br\/sobre\/author\/ebelem#author"},"publisher":{"@id":"https:\/\/www.encontrabelem.com.br\/sobre\/#organization"},"image":{"@type":"ImageObject","url":"https:\/\/www.encontrabelem.com.br\/sobre\/wp-content\/uploads\/2026\/07\/tremores-no-para-predios-sao-evacuados-apos-terremoto-na-venezuela.webp","width":280,"height":280,"caption":"tremores no Par\u00e1"},"datePublished":"2026-07-07T06:11:22-03:00","dateModified":"2026-07-07T06:11:22-03:00","inLanguage":"pt-BR","mainEntityOfPage":{"@id":"https:\/\/www.encontrabelem.com.br\/sobre\/tremores-no-para-predios-sao-evacuados-apos-terremoto-na-venezuela#webpage"},"isPartOf":{"@id":"https:\/\/www.encontrabelem.com.br\/sobre\/tremores-no-para-predios-sao-evacuados-apos-terremoto-na-venezuela#webpage"},"articleSection":"Not\u00edcias Bel\u00e9m"},{"@type":"BreadcrumbList","@id":"https:\/\/www.encontrabelem.com.br\/sobre\/tremores-no-para-predios-sao-evacuados-apos-terremoto-na-venezuela#breadcrumblist","itemListElement":[{"@type":"ListItem","@id":"https:\/\/www.encontrabelem.com.br\/sobre#listItem","position":1,"name":"In\u00edcio","item":"https:\/\/www.encontrabelem.com.br\/sobre","nextItem":{"@type":"ListItem","@id":"https:\/\/www.encontrabelem.com.br\/sobre\/noticias-em-belem#listItem","name":"Not\u00edcias Bel\u00e9m"}},{"@type":"ListItem","@id":"https:\/\/www.encontrabelem.com.br\/sobre\/noticias-em-belem#listItem","position":2,"name":"Not\u00edcias Bel\u00e9m","item":"https:\/\/www.encontrabelem.com.br\/sobre\/noticias-em-belem","nextItem":{"@type":"ListItem","@id":"https:\/\/www.encontrabelem.com.br\/sobre\/tremores-no-para-predios-sao-evacuados-apos-terremoto-na-venezuela#listItem","name":"Tremores no Par\u00e1: pr\u00e9dios s\u00e3o evacuados ap\u00f3s terremoto na Venezuela"},"previousItem":{"@type":"ListItem","@id":"https:\/\/www.encontrabelem.com.br\/sobre#listItem","name":"In\u00edcio"}},{"@type":"ListItem","@id":"https:\/\/www.encontrabelem.com.br\/sobre\/tremores-no-para-predios-sao-evacuados-apos-terremoto-na-venezuela#listItem","position":3,"name":"Tremores no Par\u00e1: pr\u00e9dios s\u00e3o evacuados ap\u00f3s terremoto na Venezuela","previousItem":{"@type":"ListItem","@id":"https:\/\/www.encontrabelem.com.br\/sobre\/noticias-em-belem#listItem","name":"Not\u00edcias Bel\u00e9m"}}]},{"@type":"Organization","@id":"https:\/\/www.encontrabelem.com.br\/sobre\/#organization","name":"Encontra Bel\u00e9m","description":"Not\u00edcias, eventos, informa\u00e7\u00f5es e dicas na cidade Bel\u00e9m e regi\u00e3o.","url":"https:\/\/www.encontrabelem.com.br\/sobre\/"},{"@type":"Person","@id":"https:\/\/www.encontrabelem.com.br\/sobre\/author\/ebelem#author","url":"https:\/\/www.encontrabelem.com.br\/sobre\/author\/ebelem","name":"Encontra Bel\u00e9m","image":{"@type":"ImageObject","@id":"https:\/\/www.encontrabelem.com.br\/sobre\/tremores-no-para-predios-sao-evacuados-apos-terremoto-na-venezuela#authorImage","url":"https:\/\/secure.gravatar.com\/avatar\/507340682b8270222e1f208e23198b6ae7e2c6a1033ae84e99bc6bce4f82a387?s=96&d=mm&r=g","width":96,"height":96,"caption":"Encontra Bel\u00e9m"}},{"@type":"WebPage","@id":"https:\/\/www.encontrabelem.com.br\/sobre\/tremores-no-para-predios-sao-evacuados-apos-terremoto-na-venezuela#webpage","url":"https:\/\/www.encontrabelem.com.br\/sobre\/tremores-no-para-predios-sao-evacuados-apos-terremoto-na-venezuela","name":"Tremores no Par\u00e1: pr\u00e9dios s\u00e3o evacuados ap\u00f3s terremoto na Venezuela | Encontra Bel\u00e9m","description":"Tremores em Bel\u00e9m levam a evacua\u00e7\u00e3o; saiba as informa\u00e7\u00f5es importantes.","inLanguage":"pt-BR","isPartOf":{"@id":"https:\/\/www.encontrabelem.com.br\/sobre\/#website"},"breadcrumb":{"@id":"https:\/\/www.encontrabelem.com.br\/sobre\/tremores-no-para-predios-sao-evacuados-apos-terremoto-na-venezuela#breadcrumblist"},"author":{"@id":"https:\/\/www.encontrabelem.com.br\/sobre\/author\/ebelem#author"},"creator":{"@id":"https:\/\/www.encontrabelem.com.br\/sobre\/author\/ebelem#author"},"image":{"@type":"ImageObject","url":"https:\/\/www.encontrabelem.com.br\/sobre\/wp-content\/uploads\/2026\/07\/tremores-no-para-predios-sao-evacuados-apos-terremoto-na-venezuela.webp","@id":"https:\/\/www.encontrabelem.com.br\/sobre\/tremores-no-para-predios-sao-evacuados-apos-terremoto-na-venezuela\/#mainImage","width":280,"height":280,"caption":"tremores no Par\u00e1"},"primaryImageOfPage":{"@id":"https:\/\/www.encontrabelem.com.br\/sobre\/tremores-no-para-predios-sao-evacuados-apos-terremoto-na-venezuela#mainImage"},"datePublished":"2026-07-07T06:11:22-03:00","dateModified":"2026-07-07T06:11:22-03:00"},{"@type":"WebSite","@id":"https:\/\/www.encontrabelem.com.br\/sobre\/#website","url":"https:\/\/www.encontrabelem.com.br\/sobre\/","name":"Encontra Bel\u00e9m","description":"Not\u00edcias, eventos, informa\u00e7\u00f5es e dicas na cidade Bel\u00e9m e regi\u00e3o.","inLanguage":"pt-BR","publisher":{"@id":"https:\/\/www.encontrabelem.com.br\/sobre\/#organization"}}]},"og:locale":"pt_BR","og:site_name":"Encontra Bel\u00e9m | Not\u00edcias, eventos, informa\u00e7\u00f5es e dicas na cidade Bel\u00e9m e regi\u00e3o.","og:type":"article","og:title":"Tremores no Par\u00e1: pr\u00e9dios s\u00e3o evacuados ap\u00f3s terremoto na Venezuela | Encontra Bel\u00e9m","og:description":"Tremores em Bel\u00e9m levam a evacua\u00e7\u00e3o; saiba as informa\u00e7\u00f5es importantes.","og:url":"https:\/\/www.encontrabelem.com.br\/sobre\/tremores-no-para-predios-sao-evacuados-apos-terremoto-na-venezuela","article:published_time":"2026-07-07T09:11:22+00:00","article:modified_time":"2026-07-07T09:11:22+00:00","twitter:card":"summary","twitter:title":"Tremores no Par\u00e1: pr\u00e9dios s\u00e3o evacuados ap\u00f3s terremoto na Venezuela | Encontra Bel\u00e9m","twitter:description":"Tremores em Bel\u00e9m levam a evacua\u00e7\u00e3o; saiba as informa\u00e7\u00f5es importantes."},"aioseo_meta_data":{"post_id":"1964","title":null,"description":null,"keywords":null,"keyphrases":null,"primary_term":null,"canonical_url":null,"og_title":null,"og_description":null,"og_object_type":"default","og_image_type":"default","og_image_url":null,"og_image_width":null,"og_image_height":null,"og_image_custom_url":null,"og_image_custom_fields":null,"og_video":null,"og_custom_url":null,"og_article_section":null,"og_article_tags":null,"twitter_use_og":false,"twitter_card":"default","twitter_image_type":"default","twitter_image_url":null,"twitter_image_custom_url":null,"twitter_image_custom_fields":null,"twitter_title":null,"twitter_description":null,"schema":{"blockGraphs":[],"customGraphs":[],"default":{"data":{"Article":[],"Course":[],"Dataset":[],"FAQPage":[],"Movie":[],"Person":[],"Product":[],"ProductReview":[],"Car":[],"Recipe":[],"Service":[],"SoftwareApplication":[],"WebPage":[]},"graphName":"Article","isEnabled":true},"graphs":[]},"schema_type":"default","schema_type_options":null,"pillar_content":false,"robots_default":true,"robots_noindex":false,"robots_noarchive":false,"robots_nosnippet":false,"robots_nofollow":false,"robots_noimageindex":false,"robots_noodp":false,"robots_notranslate":false,"robots_max_snippet":null,"robots_max_videopreview":null,"robots_max_imagepreview":"large","priority":null,"frequency":null,"local_seo":null,"breadcrumb_settings":null,"limit_modified_date":false,"ai":null,"created":"2026-07-07 09:11:25","updated":"2026-07-07 09:24:48","focus_keyword":null,"additional_keywords":null,"truseo_locale":null,"seo_analyzer_scan_date":null},"aioseo_breadcrumb":"<div class=\"aioseo-breadcrumbs\"><span class=\"aioseo-breadcrumb\">\n\t\t\t<a href=\"https:\/\/www.encontrabelem.com.br\/sobre\" title=\"In\u00edcio\">In\u00edcio<\/a>\n\t\t<\/span><span class=\"aioseo-breadcrumb-separator\">&raquo;<\/span><span class=\"aioseo-breadcrumb\">\n\t\t\t<a href=\"https:\/\/www.encontrabelem.com.br\/sobre\/noticias-em-belem\" title=\"Not\u00edcias Bel\u00e9m\">Not\u00edcias Bel\u00e9m<\/a>\n\t\t<\/span><span class=\"aioseo-breadcrumb-separator\">&raquo;<\/span><span class=\"aioseo-breadcrumb\">\n\t\t\tTremores no Par\u00e1: pr\u00e9dios s\u00e3o evacuados ap\u00f3s terremoto na Venezuela\n\t\t<\/span><\/div>","aioseo_breadcrumb_json":[{"label":"In\u00edcio","link":"https:\/\/www.encontrabelem.com.br\/sobre"},{"label":"Not\u00edcias Bel\u00e9m","link":"https:\/\/www.encontrabelem.com.br\/sobre\/noticias-em-belem"},{"label":"Tremores no Par\u00e1: pr\u00e9dios s\u00e3o evacuados ap\u00f3s terremoto na Venezuela","link":"https:\/\/www.encontrabelem.com.br\/sobre\/tremores-no-para-predios-sao-evacuados-apos-terremoto-na-venezuela"}],"_links":{"self":[{"href":"https:\/\/www.encontrabelem.com.br\/sobre\/wp-json\/wp\/v2\/posts\/1964","targetHints":{"allow":["GET"]}}],"collection":[{"href":"https:\/\/www.encontrabelem.com.br\/sobre\/wp-json\/wp\/v2\/posts"}],"about":[{"href":"https:\/\/www.encontrabelem.com.br\/sobre\/wp-json\/wp\/v2\/types\/post"}],"author":[{"embeddable":true,"href":"https:\/\/www.encontrabelem.com.br\/sobre\/wp-json\/wp\/v2\/users\/1"}],"replies":[{"embeddable":true,"href":"https:\/\/www.encontrabelem.com.br\/sobre\/wp-json\/wp\/v2\/comments?post=1964"}],"version-history":[{"count":0,"href":"https:\/\/www.encontrabelem.com.br\/sobre\/wp-json\/wp\/v2\/posts\/1964\/revisions"}],"wp:featuredmedia":[{"embeddable":true,"href":"https:\/\/www.encontrabelem.com.br\/sobre\/wp-json\/wp\/v2\/media\/1963"}],"wp:attachment":[{"href":"https:\/\/www.encontrabelem.com.br\/sobre\/wp-json\/wp\/v2\/media?parent=1964"}],"wp:term":[{"taxonomy":"category","embeddable":true,"href":"https:\/\/www.encontrabelem.com.br\/sobre\/wp-json\/wp\/v2\/categories?post=1964"},{"taxonomy":"post_tag","embeddable":true,"href":"https:\/\/www.encontrabelem.com.br\/sobre\/wp-json\/wp\/v2\/tags?post=1964"}],"curies":[{"name":"wp","href":"https:\/\/api.w.org\/{rel}","templated":true}]}}