{"id":19,"date":"2013-01-24T02:01:28","date_gmt":"2013-01-24T04:01:28","guid":{"rendered":"http:\/\/www.encontrabelem.com.br\/noticias\/?p=19"},"modified":"2023-11-13T11:17:50","modified_gmt":"2023-11-13T14:17:50","slug":"carnaval-de-belem-levara-atracoes-culturais-pelas-ruas-da-cidade","status":"publish","type":"post","link":"https:\/\/www.encontrabelem.com.br\/sobre\/carnaval-de-belem-levara-atracoes-culturais-pelas-ruas-da-cidade","title":{"rendered":"Carnaval de Bel\u00e9m levar\u00e1 atra\u00e7\u00f5es culturais pelas ruas da cidade"},"content":{"rendered":"<div class=\"b22802487b0d38c4c6d9f34966e16421\" data-index=\"1\" style=\"float: none; margin:0px;\">\n<!-- Anuncio display - global -->\r\n<ins class=\"adsbygoogle\"\r\n     style=\"display:block\"\r\n     data-ad-client=\"ca-pub-8585364105181520\"\r\n     data-ad-slot=\"8789329856\"\r\n     data-ad-format=\"auto\"\r\n     data-full-width-responsive=\"true\"><\/ins>\r\n<script>\r\n     (adsbygoogle = window.adsbygoogle || []).push({});\r\n<\/script>\n<\/div>\n<p>O Carnaval do estado do Par\u00e1, a \u201cBumbarqueira\u201d, ganha as ruas da cidade de\u00a0Bel\u00e9m no pr\u00f3ximo dia 2 de fevereiro, com as tradi\u00e7\u00f5es culturais de diversos munic\u00edpios do estado com blocos de rua da cidade. A concentra\u00e7\u00e3o do cortejo ser\u00e1 em frente ao Polo Joalheiro e o trajeto ser\u00e1 feito pelas ruas Ces\u00e1rio Alvim, Arsenal e Bernardo Say\u00e3o, na capital paraense, at\u00e9 a chegada no Portal da Amaz\u00f4nia.<\/p>\n<p>\u201cBumbarqueira\u201d \u00e9 um termo utilizado no nordeste paraense que significa \u201cgrande festa\u201d. Grupos de carimb\u00f3, blocos, fanfarras e bandas carnavalescas formar\u00e3o os cortejos, que ir\u00e3o passar por diversos <a title=\"Pontos de T\u00e1xi em Bel\u00e9m\" href=\"http:\/\/www.encontrabelem.com.br\/t\/taxi-em-belem.shtml\" target=\"_blank\" rel=\"noopener\">pontos<\/a> da orla de Bel\u00e9m.<\/p>\n<p>O evento \u00e9 organizado pelo governo do estado, por meio da Funda\u00e7\u00e3o Cultural do Par\u00e1 Tancredo Neves, Secretaria de Estado de Cultura (Secult), Funda\u00e7\u00e3o Curro Velho, Instituto de Artes do Par\u00e1 (IAP) e Funda\u00e7\u00e3o Carlos Gomes.<\/p>\n<p>A Bumbarqueira 2013 contar\u00e1 com a participa\u00e7\u00e3o de 16 blocos de Bel\u00e9m e 13 manifesta\u00e7\u00f5es do interior do estado, que ir\u00e3o percorrer 2.200km de extens\u00e3o no bairro do Jurunas, local de grande import\u00e2ncia cultural para a cidade. A organiza\u00e7\u00e3o do evento ainda est\u00e1 fechando poss\u00edveis novas participa\u00e7\u00f5es tanto na capital como no interior e que ser\u00e3o divulgadas nos pr\u00f3ximos dias.<\/p>\n<p>O carnaval ainda trabalhar\u00e1 com campanhas de conscientiza\u00e7\u00e3o como a que combate \u00e0 explora\u00e7\u00e3o do trabalho infantil e pedofilia, distribui\u00e7\u00e3o de preservativos, adesivos educativos e o trabalho ambiental e de reciclagem de lixo da ONG &#8220;No Olhar&#8221;.<\/p>\n<p>Segundo a Diretora de Intera\u00e7\u00e3o Cultural Lucinnha Bastos, a Bumbarqueira \u00e9 um carnaval que quer valorizar a cultura paraense, promovendo o encontro de diversas manifesta\u00e7\u00f5es culturais. \u201cN\u00e3o se trata de um regaste, e sim de mostrar para as pessoas como essas manifesta\u00e7\u00f5es sempre existiram e continuam fortes\u201d, explica.<\/p>\n<p><em>Fonte: G1<\/em><\/p>\n\n<div style=\"font-size: 0px; height: 0px; line-height: 0px; margin: 0; padding: 0; clear: both;\"><\/div>","protected":false},"excerpt":{"rendered":"<p>O Carnaval do estado do Par\u00e1, a \u201cBumbarqueira\u201d, ganha as ruas da cidade de\u00a0Bel\u00e9m no pr\u00f3ximo dia 2 de fevereiro, com as tradi\u00e7\u00f5es culturais de diversos munic\u00edpios do estado com blocos de rua da cidade. A concentra\u00e7\u00e3o do cortejo ser\u00e1 em frente ao Polo Joalheiro e o trajeto ser\u00e1 feito pelas ruas Ces\u00e1rio Alvim, Arsenal e Bernardo Say\u00e3o, na capital paraense, at\u00e9 a chegada no Portal da Amaz\u00f4nia. \u201cBumbarqueira\u201d \u00e9 um termo utilizado no nordeste paraense que significa \u201cgrande festa\u201d. Grupos de carimb\u00f3, blocos, fanfarras e bandas carnavalescas formar\u00e3o os cortejos, que ir\u00e3o passar por diversos pontos da orla de <\/p>\n","protected":false},"author":1,"featured_media":0,"comment_status":"closed","ping_status":"closed","sticky":false,"template":"","format":"standard","meta":{"footnotes":""},"categories":[1],"tags":[11],"class_list":["post-19","post","type-post","status-publish","format-standard","hentry","category-noticias-em-belem","tag-belem"],"aioseo_notices":[],"_links":{"self":[{"href":"https:\/\/www.encontrabelem.com.br\/sobre\/wp-json\/wp\/v2\/posts\/19","targetHints":{"allow":["GET"]}}],"collection":[{"href":"https:\/\/www.encontrabelem.com.br\/sobre\/wp-json\/wp\/v2\/posts"}],"about":[{"href":"https:\/\/www.encontrabelem.com.br\/sobre\/wp-json\/wp\/v2\/types\/post"}],"author":[{"embeddable":true,"href":"https:\/\/www.encontrabelem.com.br\/sobre\/wp-json\/wp\/v2\/users\/1"}],"replies":[{"embeddable":true,"href":"https:\/\/www.encontrabelem.com.br\/sobre\/wp-json\/wp\/v2\/comments?post=19"}],"version-history":[{"count":0,"href":"https:\/\/www.encontrabelem.com.br\/sobre\/wp-json\/wp\/v2\/posts\/19\/revisions"}],"wp:attachment":[{"href":"https:\/\/www.encontrabelem.com.br\/sobre\/wp-json\/wp\/v2\/media?parent=19"}],"wp:term":[{"taxonomy":"category","embeddable":true,"href":"https:\/\/www.encontrabelem.com.br\/sobre\/wp-json\/wp\/v2\/categories?post=19"},{"taxonomy":"post_tag","embeddable":true,"href":"https:\/\/www.encontrabelem.com.br\/sobre\/wp-json\/wp\/v2\/tags?post=19"}],"curies":[{"name":"wp","href":"https:\/\/api.w.org\/{rel}","templated":true}]}}