{"id":1891,"date":"2026-06-28T13:54:51","date_gmt":"2026-06-28T16:54:51","guid":{"rendered":"https:\/\/www.encontrabelem.com.br\/sobre\/o-que-fazer-em-belem-agenda-cultural-tem-vem-louvar-para-ntx-kisu-bruno-diegues-e-mais"},"modified":"2026-06-28T13:54:51","modified_gmt":"2026-06-28T16:54:51","slug":"o-que-fazer-em-belem-agenda-cultural-tem-vem-louvar-para-ntx-kisu-bruno-diegues-e-mais","status":"publish","type":"post","link":"https:\/\/www.encontrabelem.com.br\/sobre\/o-que-fazer-em-belem-agenda-cultural-tem-vem-louvar-para-ntx-kisu-bruno-diegues-e-mais","title":{"rendered":"O que fazer em Bel\u00e9m: agenda cultural tem &#8216;Vem Louvar Par\u00e1&#8217;, NTX, KISU, Bruno Diegues e mais"},"content":{"rendered":"<div class=\"b22802487b0d38c4c6d9f34966e16421\" data-index=\"1\" style=\"float: none; margin:0px;\">\n<!-- Anuncio display - global -->\r\n<ins class=\"adsbygoogle\"\r\n     style=\"display:block\"\r\n     data-ad-client=\"ca-pub-8585364105181520\"\r\n     data-ad-slot=\"8789329856\"\r\n     data-ad-format=\"auto\"\r\n     data-full-width-responsive=\"true\"><\/ins>\r\n<script>\r\n     (adsbygoogle = window.adsbygoogle || []).push({});\r\n<\/script>\n<\/div>\n<h2>Eventos Imperd\u00edveis em Bel\u00e9m<\/h2>\n<p>Bel\u00e9m \u00e9 uma cidade rica em cultura, oferecendo uma gama de atividades vibrantes que ocorrem durante o final de semana. Este ano, o \u00faltimo fim de semana de junho promete ser especialmente agitado com diversos shows, exposi\u00e7\u00f5es e eventos que devem atrair um p\u00fablico diverso.<\/p>\n<h2>Destaques da Agenda Cultural<\/h2>\n<p>Na agenda cultural de Bel\u00e9m, o festival gospel **Vem Louvar Par\u00e1** e o **2\u00ba Festival Srta. Kim** s\u00e3o alguns dos principais destaques. Enquanto isso, o pagode de **Bruno Diegues** e o **Festival da Sardinha** tamb\u00e9m prometem animar a cidade. Para aqueles interessados em dan\u00e7a, a **Cia Waldete Brito** traz uma estreia baseada na obra de Jos\u00e9 Saramago.<\/p>\n<h2>Programa\u00e7\u00e3o do Festival Vem Louvar Par\u00e1<\/h2>\n<p>O **Vem Louvar Par\u00e1**, um evento muito querido pela comunidade, est\u00e1 programado para ocorrer em dois dias, a sexta-feira (26) e o s\u00e1bado (27). Com uma linha de artistas renomados, como **Thalles Roberto** e **Bruna Karla**, o festival se consolidou como um momento especial de celebra\u00e7\u00e3o e adora\u00e7\u00e3o.<\/p>\n<p><img decoding=\"async\" src=\"https:\/\/www.encontrabelem.com.br\/sobre\/wp-content\/uploads\/2026\/06\/o-que-fazer-em-belem-agenda-cultural-tem-vem-louvar-para-ntx-kisu-bruno-diegues-e-mais.webp\" alt=\"o que fazer em Bel\u00e9m\" loading=\"lazy\" \/><\/p>\n<ul>\n<li><strong>Sexta-feira (26):<\/strong> Julliany Souza, Diante do Trono, Thalles Roberto.<\/li>\n<li><strong>S\u00e1bado (27):<\/strong> Novo Som, Bruna Karla, Anderson Freire, Isadora Pompeo.<\/li>\n<\/ul>\n<p>O evento ocorrer\u00e1 no estacionamento do Est\u00e1dio do Mangueir\u00e3o, com port\u00f5es abrindo \u00e0s 17h e shows come\u00e7ando \u00e0s 19h. E o melhor: a entrada \u00e9 gratuita!<\/p>\n<h2>O que esperar do Festival Srta. Kim<\/h2>\n<p>O **2\u00ba Festival Srta. Kim** \u00e9 o grande evento que traz a cultura coreana para Bel\u00e9m, contando com a presen\u00e7a de artistas como o grupo sul-coreano NTX e o cantor KISU. Este festival, voltado para f\u00e3s do K-pop e da cultura coreana, proporcionar\u00e1 mais de dez horas de apresenta\u00e7\u00f5es e experi\u00eancias culturais, incluindo dan\u00e7a e concursos.<\/p>\n<ul>\n<li><strong>Dia do Evento:<\/strong> Domingo (28)<\/li>\n<li><strong>Local:<\/strong> Gin\u00e1sio da UEPA \u2013 Avenida Almirante Barroso.<\/li>\n<li><strong>Hor\u00e1rio:<\/strong> a partir das 11h<\/li>\n<li><strong>Entrada:<\/strong> Lote especial com pre\u00e7os a partir de R$ 50.<\/li>\n<\/ul>\n<h2>Relaxando com Shows e Exposi\u00e7\u00f5es<\/h2>\n<p>Al\u00e9m dos festivais, Bel\u00e9m tamb\u00e9m receber\u00e1 diversos shows e exposi\u00e7\u00f5es. O **Sonora Brasil**, que ocorre no Sesc Doca, apresentar\u00e1 artistas como **Cabokaji** e **Nder\u00e9 Obl\u00e9**, celebrando as tradi\u00e7\u00f5es afro e ind\u00edgenas. A entrada para esses shows \u00e9 totalmente gratuita, permitindo que todos desfrutem das ricas express\u00f5es culturais da regi\u00e3o.<\/p>\n<h2>Festividades Juninas: Uma Tradi\u00e7\u00e3o de Alegria<\/h2>\n<p>A \u00e9poca das festividades juninas traz consigo uma variedade de eventos gratuitos. O **Arraial do Pavulagem** \u00e9 um evento especialmente famoso que re\u00fane uma multid\u00e3o todos os anos, oferecendo uma atmosfera festiva com dan\u00e7as e comidas t\u00edpicas. Al\u00e9m disso, a primeira edi\u00e7\u00e3o do **Arraial Arteiro** tamb\u00e9m \u00e9 uma \u00f3tima op\u00e7\u00e3o, trazendo oficinas, gastronomia e apresenta\u00e7\u00f5es de artistas da cultura local.<\/p>\n<ul>\n<li><strong>Arraial do Pavulagem:<\/strong> Domingo, 28 de junho, na Pra\u00e7a da Rep\u00fablica.<\/li>\n<li><strong>Arraial Arteiro:<\/strong> 27 e 28 de junho, CAIXA Cultural Bel\u00e9m, com entrada gratuita.<\/li>\n<\/ul>\n<h2>Espet\u00e1culo Mal Branco: Arte e Reflex\u00e3o<\/h2>\n<p>Um dos eventos mais esperados \u00e9 a estreia do espet\u00e1culo **&#8217;Mal Branco&#8217;**, da Cia Experimental de Dan\u00e7a Waldete Brito. Inspirado na obra *Ensaio sobre a cegueira*, de Jos\u00e9 Saramago, o espet\u00e1culo aborda temas de desigualdade e a condi\u00e7\u00e3o humana, trazendo uma reflex\u00e3o importante por meio da arte.<\/p>\n<ul>\n<li><strong>Datas de Apresenta\u00e7\u00e3o:<\/strong> 26 e 27 de junho, e 3 a 5 de julho.<\/li>\n<li><strong>Local:<\/strong> Espa\u00e7o Experimental de Dan\u00e7a Waldete Brito.<\/li>\n<li><strong>Hor\u00e1rio:<\/strong> 19h<\/li>\n<li><strong>Entrada:<\/strong> R$ 40 (inteira) e R$ 20 (meia).<\/li>\n<\/ul>\n<h2>Experi\u00eancias Culturais no Centro de Bel\u00e9m<\/h2>\n<p>Bel\u00e9m \u00e9 um caldeir\u00e3o cultural e nessa semana, os moradores e visitantes poder\u00e3o aproveitar diversas op\u00e7\u00f5es. Desde o festival da sardinha at\u00e9 o pagode de Bruno Diegues, h\u00e1 um pouco de tudo para todos os gostos. O **Festival da Sardinha**, marcado para s\u00e1bado, promete uma festa completa para a fam\u00edlia, unindo m\u00fasica ao sabor t\u00edpico da culin\u00e1ria local.<\/p>\n<ul>\n<li><strong>Dia do Evento:<\/strong> S\u00e1bado (27)<\/li>\n<li><strong>Local:<\/strong> Sede Campestre do Gr\u00eamio Liter\u00e1rio e Recreativo Portugu\u00eas.<\/li>\n<li><strong>Hor\u00e1rio:<\/strong> a partir das 20h<\/li>\n<li><strong>Entrada:<\/strong> Link para compra no site.<\/li>\n<\/ul>\n<h2>Gastronomia e Cultura no Arraial Arteiro<\/h2>\n<p>No Arraial Arteiro, al\u00e9m da rica programa\u00e7\u00e3o musical, os participantes poder\u00e3o se deliciar com comidas t\u00edpicas juninas, proporcionando uma verdadeira imers\u00e3o na cultura local. Acesse a programa\u00e7\u00e3o completa e n\u00e3o perca as oficinas art\u00edsticas que far\u00e3o parte do evento.<\/p>\n<h2>Como Participar dos Eventos de Forma Gratuita<\/h2>\n<p>Uma das melhores coisas sobre a programa\u00e7\u00e3o desse fim de semana em Bel\u00e9m \u00e9 a variedade de eventos gratuitos. Isso proporciona a oportunidade de todos os cidad\u00e3os, independentemente de seu or\u00e7amento, de se envolverem e celebrarem a cultura local. Fique atento \u00e0s redes sociais e aos canais de comunica\u00e7\u00e3o da cidade para mais informa\u00e7\u00f5es sobre a programa\u00e7\u00e3o e como participar.<\/p>\n<p>Com tantas op\u00e7\u00f5es culturais, tend\u00eancias e tradi\u00e7\u00f5es, Bel\u00e9m aguarda todos de bra\u00e7os abertos nesse \u00faltimo fim de semana de junho. Prepare-se para aproveitar essa vibrante agenda cultural!<\/p>\n\n<div style=\"font-size: 0px; height: 0px; line-height: 0px; margin: 0; padding: 0; clear: both;\"><\/div>","protected":false},"excerpt":{"rendered":"<p>O que fazer em Bel\u00e9m? Descubra shows e eventos imperd\u00edveis para o fim de semana.<\/p>\n","protected":false},"author":1,"featured_media":1890,"comment_status":"open","ping_status":"closed","sticky":false,"template":"","format":"standard","meta":{"footnotes":""},"categories":[1],"tags":[],"class_list":["post-1891","post","type-post","status-publish","format-standard","has-post-thumbnail","hentry","category-noticias-em-belem","has_thumb"],"aioseo_notices":[],"aioseo_head":"\n\t\t<!-- All in One SEO 5.0.0.1 - aioseo.com -->\n\t<meta name=\"description\" content=\"O que fazer em Bel\u00e9m? Descubra shows e eventos imperd\u00edveis para o fim de semana.\" \/>\n\t<meta name=\"robots\" content=\"max-image-preview:large\" \/>\n\t<meta name=\"author\" content=\"Encontra Bel\u00e9m\"\/>\n\t<link rel=\"canonical\" href=\"https:\/\/www.encontrabelem.com.br\/sobre\/o-que-fazer-em-belem-agenda-cultural-tem-vem-louvar-para-ntx-kisu-bruno-diegues-e-mais\" \/>\n\t<meta name=\"generator\" content=\"All in One SEO (AIOSEO) 5.0.0.1\" \/>\n\t\t<meta property=\"og:locale\" content=\"pt_BR\" \/>\n\t\t<meta property=\"og:site_name\" content=\"Encontra Bel\u00e9m | Not\u00edcias, eventos, informa\u00e7\u00f5es e dicas na cidade Bel\u00e9m e regi\u00e3o.\" \/>\n\t\t<meta property=\"og:type\" content=\"article\" \/>\n\t\t<meta property=\"og:title\" content=\"O que fazer em Bel\u00e9m: agenda cultural tem \u2018Vem Louvar Par\u00e1\u2019, NTX, KISU, Bruno Diegues e mais | Encontra Bel\u00e9m\" \/>\n\t\t<meta property=\"og:description\" content=\"O que fazer em Bel\u00e9m? Descubra shows e eventos imperd\u00edveis para o fim de semana.\" \/>\n\t\t<meta property=\"og:url\" content=\"https:\/\/www.encontrabelem.com.br\/sobre\/o-que-fazer-em-belem-agenda-cultural-tem-vem-louvar-para-ntx-kisu-bruno-diegues-e-mais\" \/>\n\t\t<meta property=\"article:published_time\" content=\"2026-06-28T16:54:51+00:00\" \/>\n\t\t<meta property=\"article:modified_time\" content=\"2026-06-28T16:54:51+00:00\" \/>\n\t\t<meta name=\"twitter:card\" content=\"summary\" \/>\n\t\t<meta name=\"twitter:title\" content=\"O que fazer em Bel\u00e9m: agenda cultural tem \u2018Vem Louvar Par\u00e1\u2019, NTX, KISU, Bruno Diegues e mais | Encontra Bel\u00e9m\" \/>\n\t\t<meta name=\"twitter:description\" content=\"O que fazer em Bel\u00e9m? Descubra shows e eventos imperd\u00edveis para o fim de semana.\" \/>\n\t\t<script type=\"application\/ld+json\" class=\"aioseo-schema\">\n\t\t\t{\"@context\":\"https:\\\/\\\/schema.org\",\"@graph\":[{\"@type\":\"Article\",\"@id\":\"https:\\\/\\\/www.encontrabelem.com.br\\\/sobre\\\/o-que-fazer-em-belem-agenda-cultural-tem-vem-louvar-para-ntx-kisu-bruno-diegues-e-mais#article\",\"name\":\"O que fazer em Bel\\u00e9m: agenda cultural tem \\u2018Vem Louvar Par\\u00e1\\u2019, NTX, KISU, Bruno Diegues e mais | Encontra Bel\\u00e9m\",\"headline\":\"O que fazer em Bel\\u00e9m: agenda cultural tem &#8216;Vem Louvar Par\\u00e1&#8217;, NTX, KISU, Bruno Diegues e mais\",\"author\":{\"@id\":\"https:\\\/\\\/www.encontrabelem.com.br\\\/sobre\\\/author\\\/ebelem#author\"},\"publisher\":{\"@id\":\"https:\\\/\\\/www.encontrabelem.com.br\\\/sobre\\\/#organization\"},\"image\":{\"@type\":\"ImageObject\",\"url\":\"https:\\\/\\\/www.encontrabelem.com.br\\\/sobre\\\/wp-content\\\/uploads\\\/2026\\\/06\\\/o-que-fazer-em-belem-agenda-cultural-tem-vem-louvar-para-ntx-kisu-bruno-diegues-e-mais.webp\",\"width\":280,\"height\":280,\"caption\":\"o que fazer em Bel\\u00e9m\"},\"datePublished\":\"2026-06-28T13:54:51-03:00\",\"dateModified\":\"2026-06-28T13:54:51-03:00\",\"inLanguage\":\"pt-BR\",\"mainEntityOfPage\":{\"@id\":\"https:\\\/\\\/www.encontrabelem.com.br\\\/sobre\\\/o-que-fazer-em-belem-agenda-cultural-tem-vem-louvar-para-ntx-kisu-bruno-diegues-e-mais#webpage\"},\"isPartOf\":{\"@id\":\"https:\\\/\\\/www.encontrabelem.com.br\\\/sobre\\\/o-que-fazer-em-belem-agenda-cultural-tem-vem-louvar-para-ntx-kisu-bruno-diegues-e-mais#webpage\"},\"articleSection\":\"Not\\u00edcias Bel\\u00e9m\"},{\"@type\":\"BreadcrumbList\",\"@id\":\"https:\\\/\\\/www.encontrabelem.com.br\\\/sobre\\\/o-que-fazer-em-belem-agenda-cultural-tem-vem-louvar-para-ntx-kisu-bruno-diegues-e-mais#breadcrumblist\",\"itemListElement\":[{\"@type\":\"ListItem\",\"@id\":\"https:\\\/\\\/www.encontrabelem.com.br\\\/sobre#listItem\",\"position\":1,\"name\":\"In\\u00edcio\",\"item\":\"https:\\\/\\\/www.encontrabelem.com.br\\\/sobre\",\"nextItem\":{\"@type\":\"ListItem\",\"@id\":\"https:\\\/\\\/www.encontrabelem.com.br\\\/sobre\\\/noticias-em-belem#listItem\",\"name\":\"Not\\u00edcias Bel\\u00e9m\"}},{\"@type\":\"ListItem\",\"@id\":\"https:\\\/\\\/www.encontrabelem.com.br\\\/sobre\\\/noticias-em-belem#listItem\",\"position\":2,\"name\":\"Not\\u00edcias Bel\\u00e9m\",\"item\":\"https:\\\/\\\/www.encontrabelem.com.br\\\/sobre\\\/noticias-em-belem\",\"nextItem\":{\"@type\":\"ListItem\",\"@id\":\"https:\\\/\\\/www.encontrabelem.com.br\\\/sobre\\\/o-que-fazer-em-belem-agenda-cultural-tem-vem-louvar-para-ntx-kisu-bruno-diegues-e-mais#listItem\",\"name\":\"O que fazer em Bel\\u00e9m: agenda cultural tem &#8216;Vem Louvar Par\\u00e1&#8217;, NTX, KISU, Bruno Diegues e mais\"},\"previousItem\":{\"@type\":\"ListItem\",\"@id\":\"https:\\\/\\\/www.encontrabelem.com.br\\\/sobre#listItem\",\"name\":\"In\\u00edcio\"}},{\"@type\":\"ListItem\",\"@id\":\"https:\\\/\\\/www.encontrabelem.com.br\\\/sobre\\\/o-que-fazer-em-belem-agenda-cultural-tem-vem-louvar-para-ntx-kisu-bruno-diegues-e-mais#listItem\",\"position\":3,\"name\":\"O que fazer em Bel\\u00e9m: agenda cultural tem &#8216;Vem Louvar Par\\u00e1&#8217;, NTX, KISU, Bruno Diegues e mais\",\"previousItem\":{\"@type\":\"ListItem\",\"@id\":\"https:\\\/\\\/www.encontrabelem.com.br\\\/sobre\\\/noticias-em-belem#listItem\",\"name\":\"Not\\u00edcias Bel\\u00e9m\"}}]},{\"@type\":\"Organization\",\"@id\":\"https:\\\/\\\/www.encontrabelem.com.br\\\/sobre\\\/#organization\",\"name\":\"Encontra Bel\\u00e9m\",\"description\":\"Not\\u00edcias, eventos, informa\\u00e7\\u00f5es e dicas na cidade Bel\\u00e9m e regi\\u00e3o.\",\"url\":\"https:\\\/\\\/www.encontrabelem.com.br\\\/sobre\\\/\"},{\"@type\":\"Person\",\"@id\":\"https:\\\/\\\/www.encontrabelem.com.br\\\/sobre\\\/author\\\/ebelem#author\",\"url\":\"https:\\\/\\\/www.encontrabelem.com.br\\\/sobre\\\/author\\\/ebelem\",\"name\":\"Encontra Bel\\u00e9m\",\"image\":{\"@type\":\"ImageObject\",\"@id\":\"https:\\\/\\\/www.encontrabelem.com.br\\\/sobre\\\/o-que-fazer-em-belem-agenda-cultural-tem-vem-louvar-para-ntx-kisu-bruno-diegues-e-mais#authorImage\",\"url\":\"https:\\\/\\\/secure.gravatar.com\\\/avatar\\\/507340682b8270222e1f208e23198b6ae7e2c6a1033ae84e99bc6bce4f82a387?s=96&d=mm&r=g\",\"width\":96,\"height\":96,\"caption\":\"Encontra Bel\\u00e9m\"}},{\"@type\":\"WebPage\",\"@id\":\"https:\\\/\\\/www.encontrabelem.com.br\\\/sobre\\\/o-que-fazer-em-belem-agenda-cultural-tem-vem-louvar-para-ntx-kisu-bruno-diegues-e-mais#webpage\",\"url\":\"https:\\\/\\\/www.encontrabelem.com.br\\\/sobre\\\/o-que-fazer-em-belem-agenda-cultural-tem-vem-louvar-para-ntx-kisu-bruno-diegues-e-mais\",\"name\":\"O que fazer em Bel\\u00e9m: agenda cultural tem \\u2018Vem Louvar Par\\u00e1\\u2019, NTX, KISU, Bruno Diegues e mais | Encontra Bel\\u00e9m\",\"description\":\"O que fazer em Bel\\u00e9m? Descubra shows e eventos imperd\\u00edveis para o fim de semana.\",\"inLanguage\":\"pt-BR\",\"isPartOf\":{\"@id\":\"https:\\\/\\\/www.encontrabelem.com.br\\\/sobre\\\/#website\"},\"breadcrumb\":{\"@id\":\"https:\\\/\\\/www.encontrabelem.com.br\\\/sobre\\\/o-que-fazer-em-belem-agenda-cultural-tem-vem-louvar-para-ntx-kisu-bruno-diegues-e-mais#breadcrumblist\"},\"author\":{\"@id\":\"https:\\\/\\\/www.encontrabelem.com.br\\\/sobre\\\/author\\\/ebelem#author\"},\"creator\":{\"@id\":\"https:\\\/\\\/www.encontrabelem.com.br\\\/sobre\\\/author\\\/ebelem#author\"},\"image\":{\"@type\":\"ImageObject\",\"url\":\"https:\\\/\\\/www.encontrabelem.com.br\\\/sobre\\\/wp-content\\\/uploads\\\/2026\\\/06\\\/o-que-fazer-em-belem-agenda-cultural-tem-vem-louvar-para-ntx-kisu-bruno-diegues-e-mais.webp\",\"@id\":\"https:\\\/\\\/www.encontrabelem.com.br\\\/sobre\\\/o-que-fazer-em-belem-agenda-cultural-tem-vem-louvar-para-ntx-kisu-bruno-diegues-e-mais\\\/#mainImage\",\"width\":280,\"height\":280,\"caption\":\"o que fazer em Bel\\u00e9m\"},\"primaryImageOfPage\":{\"@id\":\"https:\\\/\\\/www.encontrabelem.com.br\\\/sobre\\\/o-que-fazer-em-belem-agenda-cultural-tem-vem-louvar-para-ntx-kisu-bruno-diegues-e-mais#mainImage\"},\"datePublished\":\"2026-06-28T13:54:51-03:00\",\"dateModified\":\"2026-06-28T13:54:51-03:00\"},{\"@type\":\"WebSite\",\"@id\":\"https:\\\/\\\/www.encontrabelem.com.br\\\/sobre\\\/#website\",\"url\":\"https:\\\/\\\/www.encontrabelem.com.br\\\/sobre\\\/\",\"name\":\"Encontra Bel\\u00e9m\",\"description\":\"Not\\u00edcias, eventos, informa\\u00e7\\u00f5es e dicas na cidade Bel\\u00e9m e regi\\u00e3o.\",\"inLanguage\":\"pt-BR\",\"publisher\":{\"@id\":\"https:\\\/\\\/www.encontrabelem.com.br\\\/sobre\\\/#organization\"}}]}\n\t\t<\/script>\n\t\t<!-- All in One SEO -->\n\n","aioseo_head_json":{"title":"O que fazer em Bel\u00e9m: agenda cultural tem \u2018Vem Louvar Par\u00e1\u2019, NTX, KISU, Bruno Diegues e mais | Encontra Bel\u00e9m","description":"O que fazer em Bel\u00e9m? Descubra shows e eventos imperd\u00edveis para o fim de semana.","canonical_url":"https:\/\/www.encontrabelem.com.br\/sobre\/o-que-fazer-em-belem-agenda-cultural-tem-vem-louvar-para-ntx-kisu-bruno-diegues-e-mais","robots":"max-image-preview:large","keywords":"","webmasterTools":{"miscellaneous":""},"schema":{"@context":"https:\/\/schema.org","@graph":[{"@type":"Article","@id":"https:\/\/www.encontrabelem.com.br\/sobre\/o-que-fazer-em-belem-agenda-cultural-tem-vem-louvar-para-ntx-kisu-bruno-diegues-e-mais#article","name":"O que fazer em Bel\u00e9m: agenda cultural tem \u2018Vem Louvar Par\u00e1\u2019, NTX, KISU, Bruno Diegues e mais | Encontra Bel\u00e9m","headline":"O que fazer em Bel\u00e9m: agenda cultural tem &#8216;Vem Louvar Par\u00e1&#8217;, NTX, KISU, Bruno Diegues e mais","author":{"@id":"https:\/\/www.encontrabelem.com.br\/sobre\/author\/ebelem#author"},"publisher":{"@id":"https:\/\/www.encontrabelem.com.br\/sobre\/#organization"},"image":{"@type":"ImageObject","url":"https:\/\/www.encontrabelem.com.br\/sobre\/wp-content\/uploads\/2026\/06\/o-que-fazer-em-belem-agenda-cultural-tem-vem-louvar-para-ntx-kisu-bruno-diegues-e-mais.webp","width":280,"height":280,"caption":"o que fazer em Bel\u00e9m"},"datePublished":"2026-06-28T13:54:51-03:00","dateModified":"2026-06-28T13:54:51-03:00","inLanguage":"pt-BR","mainEntityOfPage":{"@id":"https:\/\/www.encontrabelem.com.br\/sobre\/o-que-fazer-em-belem-agenda-cultural-tem-vem-louvar-para-ntx-kisu-bruno-diegues-e-mais#webpage"},"isPartOf":{"@id":"https:\/\/www.encontrabelem.com.br\/sobre\/o-que-fazer-em-belem-agenda-cultural-tem-vem-louvar-para-ntx-kisu-bruno-diegues-e-mais#webpage"},"articleSection":"Not\u00edcias Bel\u00e9m"},{"@type":"BreadcrumbList","@id":"https:\/\/www.encontrabelem.com.br\/sobre\/o-que-fazer-em-belem-agenda-cultural-tem-vem-louvar-para-ntx-kisu-bruno-diegues-e-mais#breadcrumblist","itemListElement":[{"@type":"ListItem","@id":"https:\/\/www.encontrabelem.com.br\/sobre#listItem","position":1,"name":"In\u00edcio","item":"https:\/\/www.encontrabelem.com.br\/sobre","nextItem":{"@type":"ListItem","@id":"https:\/\/www.encontrabelem.com.br\/sobre\/noticias-em-belem#listItem","name":"Not\u00edcias Bel\u00e9m"}},{"@type":"ListItem","@id":"https:\/\/www.encontrabelem.com.br\/sobre\/noticias-em-belem#listItem","position":2,"name":"Not\u00edcias Bel\u00e9m","item":"https:\/\/www.encontrabelem.com.br\/sobre\/noticias-em-belem","nextItem":{"@type":"ListItem","@id":"https:\/\/www.encontrabelem.com.br\/sobre\/o-que-fazer-em-belem-agenda-cultural-tem-vem-louvar-para-ntx-kisu-bruno-diegues-e-mais#listItem","name":"O que fazer em Bel\u00e9m: agenda cultural tem &#8216;Vem Louvar Par\u00e1&#8217;, NTX, KISU, Bruno Diegues e mais"},"previousItem":{"@type":"ListItem","@id":"https:\/\/www.encontrabelem.com.br\/sobre#listItem","name":"In\u00edcio"}},{"@type":"ListItem","@id":"https:\/\/www.encontrabelem.com.br\/sobre\/o-que-fazer-em-belem-agenda-cultural-tem-vem-louvar-para-ntx-kisu-bruno-diegues-e-mais#listItem","position":3,"name":"O que fazer em Bel\u00e9m: agenda cultural tem &#8216;Vem Louvar Par\u00e1&#8217;, NTX, KISU, Bruno Diegues e mais","previousItem":{"@type":"ListItem","@id":"https:\/\/www.encontrabelem.com.br\/sobre\/noticias-em-belem#listItem","name":"Not\u00edcias Bel\u00e9m"}}]},{"@type":"Organization","@id":"https:\/\/www.encontrabelem.com.br\/sobre\/#organization","name":"Encontra Bel\u00e9m","description":"Not\u00edcias, eventos, informa\u00e7\u00f5es e dicas na cidade Bel\u00e9m e regi\u00e3o.","url":"https:\/\/www.encontrabelem.com.br\/sobre\/"},{"@type":"Person","@id":"https:\/\/www.encontrabelem.com.br\/sobre\/author\/ebelem#author","url":"https:\/\/www.encontrabelem.com.br\/sobre\/author\/ebelem","name":"Encontra Bel\u00e9m","image":{"@type":"ImageObject","@id":"https:\/\/www.encontrabelem.com.br\/sobre\/o-que-fazer-em-belem-agenda-cultural-tem-vem-louvar-para-ntx-kisu-bruno-diegues-e-mais#authorImage","url":"https:\/\/secure.gravatar.com\/avatar\/507340682b8270222e1f208e23198b6ae7e2c6a1033ae84e99bc6bce4f82a387?s=96&d=mm&r=g","width":96,"height":96,"caption":"Encontra Bel\u00e9m"}},{"@type":"WebPage","@id":"https:\/\/www.encontrabelem.com.br\/sobre\/o-que-fazer-em-belem-agenda-cultural-tem-vem-louvar-para-ntx-kisu-bruno-diegues-e-mais#webpage","url":"https:\/\/www.encontrabelem.com.br\/sobre\/o-que-fazer-em-belem-agenda-cultural-tem-vem-louvar-para-ntx-kisu-bruno-diegues-e-mais","name":"O que fazer em Bel\u00e9m: agenda cultural tem \u2018Vem Louvar Par\u00e1\u2019, NTX, KISU, Bruno Diegues e mais | Encontra Bel\u00e9m","description":"O que fazer em Bel\u00e9m? Descubra shows e eventos imperd\u00edveis para o fim de semana.","inLanguage":"pt-BR","isPartOf":{"@id":"https:\/\/www.encontrabelem.com.br\/sobre\/#website"},"breadcrumb":{"@id":"https:\/\/www.encontrabelem.com.br\/sobre\/o-que-fazer-em-belem-agenda-cultural-tem-vem-louvar-para-ntx-kisu-bruno-diegues-e-mais#breadcrumblist"},"author":{"@id":"https:\/\/www.encontrabelem.com.br\/sobre\/author\/ebelem#author"},"creator":{"@id":"https:\/\/www.encontrabelem.com.br\/sobre\/author\/ebelem#author"},"image":{"@type":"ImageObject","url":"https:\/\/www.encontrabelem.com.br\/sobre\/wp-content\/uploads\/2026\/06\/o-que-fazer-em-belem-agenda-cultural-tem-vem-louvar-para-ntx-kisu-bruno-diegues-e-mais.webp","@id":"https:\/\/www.encontrabelem.com.br\/sobre\/o-que-fazer-em-belem-agenda-cultural-tem-vem-louvar-para-ntx-kisu-bruno-diegues-e-mais\/#mainImage","width":280,"height":280,"caption":"o que fazer em Bel\u00e9m"},"primaryImageOfPage":{"@id":"https:\/\/www.encontrabelem.com.br\/sobre\/o-que-fazer-em-belem-agenda-cultural-tem-vem-louvar-para-ntx-kisu-bruno-diegues-e-mais#mainImage"},"datePublished":"2026-06-28T13:54:51-03:00","dateModified":"2026-06-28T13:54:51-03:00"},{"@type":"WebSite","@id":"https:\/\/www.encontrabelem.com.br\/sobre\/#website","url":"https:\/\/www.encontrabelem.com.br\/sobre\/","name":"Encontra Bel\u00e9m","description":"Not\u00edcias, eventos, informa\u00e7\u00f5es e dicas na cidade Bel\u00e9m e regi\u00e3o.","inLanguage":"pt-BR","publisher":{"@id":"https:\/\/www.encontrabelem.com.br\/sobre\/#organization"}}]},"og:locale":"pt_BR","og:site_name":"Encontra Bel\u00e9m | Not\u00edcias, eventos, informa\u00e7\u00f5es e dicas na cidade Bel\u00e9m e regi\u00e3o.","og:type":"article","og:title":"O que fazer em Bel\u00e9m: agenda cultural tem \u2018Vem Louvar Par\u00e1\u2019, NTX, KISU, Bruno Diegues e mais | Encontra Bel\u00e9m","og:description":"O que fazer em Bel\u00e9m? Descubra shows e eventos imperd\u00edveis para o fim de semana.","og:url":"https:\/\/www.encontrabelem.com.br\/sobre\/o-que-fazer-em-belem-agenda-cultural-tem-vem-louvar-para-ntx-kisu-bruno-diegues-e-mais","article:published_time":"2026-06-28T16:54:51+00:00","article:modified_time":"2026-06-28T16:54:51+00:00","twitter:card":"summary","twitter:title":"O que fazer em Bel\u00e9m: agenda cultural tem \u2018Vem Louvar Par\u00e1\u2019, NTX, KISU, Bruno Diegues e mais | Encontra Bel\u00e9m","twitter:description":"O que fazer em Bel\u00e9m? Descubra shows e eventos imperd\u00edveis para o fim de semana."},"aioseo_meta_data":{"post_id":"1891","title":null,"description":null,"keywords":null,"keyphrases":null,"primary_term":null,"canonical_url":null,"og_title":null,"og_description":null,"og_object_type":"default","og_image_type":"default","og_image_url":null,"og_image_width":null,"og_image_height":null,"og_image_custom_url":null,"og_image_custom_fields":null,"og_video":null,"og_custom_url":null,"og_article_section":null,"og_article_tags":null,"twitter_use_og":false,"twitter_card":"default","twitter_image_type":"default","twitter_image_url":null,"twitter_image_custom_url":null,"twitter_image_custom_fields":null,"twitter_title":null,"twitter_description":null,"schema":{"blockGraphs":[],"customGraphs":[],"default":{"data":{"Article":[],"Course":[],"Dataset":[],"FAQPage":[],"Movie":[],"Person":[],"Product":[],"ProductReview":[],"Car":[],"Recipe":[],"Service":[],"SoftwareApplication":[],"WebPage":[]},"graphName":"Article","isEnabled":true},"graphs":[]},"schema_type":"default","schema_type_options":null,"pillar_content":false,"robots_default":true,"robots_noindex":false,"robots_noarchive":false,"robots_nosnippet":false,"robots_nofollow":false,"robots_noimageindex":false,"robots_noodp":false,"robots_notranslate":false,"robots_max_snippet":null,"robots_max_videopreview":null,"robots_max_imagepreview":"large","priority":null,"frequency":null,"local_seo":null,"breadcrumb_settings":null,"limit_modified_date":false,"ai":null,"created":"2026-06-28 16:54:54","updated":"2026-06-28 17:46:56","focus_keyword":null,"additional_keywords":null,"truseo_locale":null,"seo_analyzer_scan_date":null},"aioseo_breadcrumb":"<div class=\"aioseo-breadcrumbs\"><span class=\"aioseo-breadcrumb\">\n\t\t\t<a href=\"https:\/\/www.encontrabelem.com.br\/sobre\" title=\"In\u00edcio\">In\u00edcio<\/a>\n\t\t<\/span><span class=\"aioseo-breadcrumb-separator\">&raquo;<\/span><span class=\"aioseo-breadcrumb\">\n\t\t\t<a href=\"https:\/\/www.encontrabelem.com.br\/sobre\/noticias-em-belem\" title=\"Not\u00edcias Bel\u00e9m\">Not\u00edcias Bel\u00e9m<\/a>\n\t\t<\/span><span class=\"aioseo-breadcrumb-separator\">&raquo;<\/span><span class=\"aioseo-breadcrumb\">\n\t\t\tO que fazer em Bel\u00e9m: agenda cultural tem \u2018Vem Louvar Par\u00e1\u2019, NTX, KISU, Bruno Diegues e mais\n\t\t<\/span><\/div>","aioseo_breadcrumb_json":[{"label":"In\u00edcio","link":"https:\/\/www.encontrabelem.com.br\/sobre"},{"label":"Not\u00edcias Bel\u00e9m","link":"https:\/\/www.encontrabelem.com.br\/sobre\/noticias-em-belem"},{"label":"O que fazer em Bel\u00e9m: agenda cultural tem &#8216;Vem Louvar Par\u00e1&#8217;, NTX, KISU, Bruno Diegues e mais","link":"https:\/\/www.encontrabelem.com.br\/sobre\/o-que-fazer-em-belem-agenda-cultural-tem-vem-louvar-para-ntx-kisu-bruno-diegues-e-mais"}],"_links":{"self":[{"href":"https:\/\/www.encontrabelem.com.br\/sobre\/wp-json\/wp\/v2\/posts\/1891","targetHints":{"allow":["GET"]}}],"collection":[{"href":"https:\/\/www.encontrabelem.com.br\/sobre\/wp-json\/wp\/v2\/posts"}],"about":[{"href":"https:\/\/www.encontrabelem.com.br\/sobre\/wp-json\/wp\/v2\/types\/post"}],"author":[{"embeddable":true,"href":"https:\/\/www.encontrabelem.com.br\/sobre\/wp-json\/wp\/v2\/users\/1"}],"replies":[{"embeddable":true,"href":"https:\/\/www.encontrabelem.com.br\/sobre\/wp-json\/wp\/v2\/comments?post=1891"}],"version-history":[{"count":0,"href":"https:\/\/www.encontrabelem.com.br\/sobre\/wp-json\/wp\/v2\/posts\/1891\/revisions"}],"wp:featuredmedia":[{"embeddable":true,"href":"https:\/\/www.encontrabelem.com.br\/sobre\/wp-json\/wp\/v2\/media\/1890"}],"wp:attachment":[{"href":"https:\/\/www.encontrabelem.com.br\/sobre\/wp-json\/wp\/v2\/media?parent=1891"}],"wp:term":[{"taxonomy":"category","embeddable":true,"href":"https:\/\/www.encontrabelem.com.br\/sobre\/wp-json\/wp\/v2\/categories?post=1891"},{"taxonomy":"post_tag","embeddable":true,"href":"https:\/\/www.encontrabelem.com.br\/sobre\/wp-json\/wp\/v2\/tags?post=1891"}],"curies":[{"name":"wp","href":"https:\/\/api.w.org\/{rel}","templated":true}]}}