{"id":1793,"date":"2026-06-04T13:32:36","date_gmt":"2026-06-04T16:32:36","guid":{"rendered":"https:\/\/www.encontrabelem.com.br\/sobre\/embrapa-abre-floresta-urbana-em-belem-para-observacao-cientifica-da-biodiversidade"},"modified":"2026-06-04T13:32:36","modified_gmt":"2026-06-04T16:32:36","slug":"embrapa-abre-floresta-urbana-em-belem-para-observacao-cientifica-da-biodiversidade","status":"publish","type":"post","link":"https:\/\/www.encontrabelem.com.br\/sobre\/embrapa-abre-floresta-urbana-em-belem-para-observacao-cientifica-da-biodiversidade","title":{"rendered":"Embrapa abre floresta urbana em Bel\u00e9m para observa\u00e7\u00e3o cient\u00edfica da biodiversidade"},"content":{"rendered":"<div class=\"b22802487b0d38c4c6d9f34966e16421\" data-index=\"1\" style=\"float: none; margin:0px;\">\n<!-- Anuncio display - global -->\r\n<ins class=\"adsbygoogle\"\r\n     style=\"display:block\"\r\n     data-ad-client=\"ca-pub-8585364105181520\"\r\n     data-ad-slot=\"8789329856\"\r\n     data-ad-format=\"auto\"\r\n     data-full-width-responsive=\"true\"><\/ins>\r\n<script>\r\n     (adsbygoogle = window.adsbygoogle || []).push({});\r\n<\/script>\n<\/div>\n<h2>Descubra a Capoeira do Black<\/h2>\n<p>A Capoeira do Black \u00e9 um fragmento florestal em regenera\u00e7\u00e3o, localizado na sede da Embrapa Amaz\u00f4nia Oriental em Bel\u00e9m. Este espa\u00e7o verde \u00e9 um exemplo representativo da biodiversidade da regi\u00e3o amaz\u00f4nica e serve como um laborat\u00f3rio natural para diversas pesquisas. Com uma \u00e1rea de 8,5 hectares, o que equivale a quase 12 campos de futebol, a Capoeira \u00e9 um ref\u00fagio de conhecimento cient\u00edfico e uma oportunidade para o p\u00fablico explorar a natureza de forma interativa.<\/p>\n<h2>Celebra\u00e7\u00e3o do Dia Internacional da Biodiversidade<\/h2>\n<p>Em comemora\u00e7\u00e3o ao Dia Internacional da Biodiversidade, que ocorre no dia 22 de maio, a Embrapa promove um evento especial no dia 23 de maio. A iniciativa faz parte da Semana Nacional da Biodiversidade, que visa sensibilizar as pessoas sobre a import\u00e2ncia da biodiversidade e estimular a participa\u00e7\u00e3o do p\u00fablico na documenta\u00e7\u00e3o das esp\u00e9cies presentes na Capoeira do Black, utilizando celulares como ferramentas de pesquisa.<\/p>\n<h2>O que \u00e9 a Ci\u00eancia Cidad\u00e3?<\/h2>\n<p>A Ci\u00eancia Cidad\u00e3 \u00e9 um conceito que envolve a colabora\u00e7\u00e3o entre cidad\u00e3os e cientistas em atividades de pesquisa. Nesse contexto, o evento na Capoeira do Black permite que os participantes utilizem o aplicativo iNaturalist para registrar a flora e fauna que encontrarem durante a trilha. Atrav\u00e9s desse aplicativo gratuito, qualquer pessoa pode fotografar esp\u00e9cies de plantas e animais e, com a supervis\u00e3o de cientistas, contribuir para uma base de dados global que ajuda em investiga\u00e7\u00f5es cient\u00edficas. Essa intera\u00e7\u00e3o entre o p\u00fablico e a pesquisa cient\u00edfica \u00e9 fundamental para a preserva\u00e7\u00e3o do meio ambiente.<\/p>\n<p><img decoding=\"async\" src=\"https:\/\/www.encontrabelem.com.br\/sobre\/wp-content\/uploads\/2026\/06\/embrapa-abre-floresta-urbana-em-belem-para-observacao-cientifica-da-biodiversidade.webp\" alt=\"Embrapa abre floresta urbana em Bel\u00e9m para observa\u00e7\u00e3o cient\u00edfica da biodiversidade\" loading=\"lazy\" \/><\/p>\n<h2>Como Participar da Imers\u00e3o<\/h2>\n<p>Para participar da imers\u00e3o na Capoeira do Black, basta se inscrever no formul\u00e1rio disponibilizado pela Embrapa. O evento acontecer\u00e1 das 9h \u00e0s 12h, e a participa\u00e7\u00e3o \u00e9 gratuita, mas as vagas s\u00e3o limitadas. Os interessados devem se preparar para uma experi\u00eancia enriquecedora na natureza, observando as diversas esp\u00e9cies presentes na \u00e1rea.<\/p>\n<h2>Ferramentas para Mapear a Biodiversidade<\/h2>\n<p>O aplicativo iNaturalist \u00e9 a principal ferramenta que os participantes usar\u00e3o para mapear a biodiversidade durante o evento. O uso desta tecnologia n\u00e3o s\u00f3 facilita a identifica\u00e7\u00e3o de esp\u00e9cies, mas tamb\u00e9m permite que as informa\u00e7\u00f5es coletadas sejam integradas a um banco de dados global que \u00e9 utilizado por pesquisadores ao redor do mundo.<\/p>\n<h2>O Papel das Trilhas Guiadas<\/h2>\n<p>Durante o evento, ser\u00e3o realizadas tr\u00eas trilhas guiadas, com sa\u00eddas programadas para as 9h, 10h e 11h. Cada expedi\u00e7\u00e3o ter\u00e1 a dura\u00e7\u00e3o de 50 minutos, onde os participantes poder\u00e3o observar e registrar a riqueza da biodiversidade da Capoeira do Black. \u00c9 importante que os visitantes estejam vestidos de forma confort\u00e1vel e tragam \u00e1gua, j\u00e1 que a atividade ser\u00e1 leve e acess\u00edvel a pessoas de todas as idades, incluindo crian\u00e7as e idosos.<\/p>\n<h2>Esp\u00e9cies Encontradas na Capoeira do Black<\/h2>\n<p>A pesquisa na Capoeira do Black revelou a presen\u00e7a de mais de 1.000 \u00e1rvores e arbustos, representando 260 esp\u00e9cies distribu\u00eddas em 54 fam\u00edlias bot\u00e2nicas. Al\u00e9m de uma rica diversidade de plantas, o local abriga uma variedade significativa de insetos, aves e pequenos animais, destacando a import\u00e2ncia desse fragmento de floresta para a biodiversidade urbana. A pesquisadora Joice Ferreira enfatiza que a densidade de esp\u00e9cies presentes na Capoeira supera a de muitos pa\u00edses, como o Reino Unido.<\/p>\n<h2>A Import\u00e2ncia da Conserva\u00e7\u00e3o<\/h2>\n<p>A conserva\u00e7\u00e3o de espa\u00e7os como a Capoeira do Black \u00e9 crucial para a manuten\u00e7\u00e3o da biodiversidade e para entender os ecossistemas urbanos. A observa\u00e7\u00e3o atenta da natureza ajuda a conscientizar o p\u00fablico sobre a import\u00e2ncia de preservar esses ambientes e os servi\u00e7os ecol\u00f3gicos que eles oferecem. A pesquisadora Lis Stegmann ressalta que cada detalhe observado contribui para uma compreens\u00e3o mais profunda da complexa teia de vida que sustenta uma \u00e1rea verde na cidade.<\/p>\n<h2>Centro Capoeira: Pesquisa e Sustentabilidade<\/h2>\n<p>O Centro Avan\u00e7ado em Pesquisas Socioecol\u00f3gicas para a Recupera\u00e7\u00e3o Ambiental, conhecido como Capoeira, re\u00fane 180 pesquisadores de 33 institui\u00e7\u00f5es. O foco do centro \u00e9 a recupera\u00e7\u00e3o de ecossistemas desmatados e degradados. Atrav\u00e9s de pesquisas em rede e colabora\u00e7\u00e3o com diversas comunidades e gestores p\u00fablicos, o centro visa promover a sustentabilidade e a preserva\u00e7\u00e3o ambiental. O Capoeira \u00e9 financiado pelo CNPq e conta com apoio do Global Centre on Biodiversity for Climate.<\/p>\n<h2>Inscri\u00e7\u00f5es e Informa\u00e7\u00f5es para o Evento<\/h2>\n<p>Os interessados em participar da visita guiada na Capoeira do Black devem garantir suas vagas atrav\u00e9s do formul\u00e1rio online. O evento acontece no dia 23 de maio, das 9h \u00e0s 12h, na Embrapa Amaz\u00f4nia Oriental, localizada na Trav. Dr. Ene\u00e1s Pinheiro, s\/v, esquina com Av. Perimetral, Bel\u00e9m (PA). N\u00e3o perca a oportunidade de se conectar com a natureza e contribuir para a pesquisa cient\u00edfica!<\/p>\n\n<div style=\"font-size: 0px; height: 0px; line-height: 0px; margin: 0; padding: 0; clear: both;\"><\/div>","protected":false},"excerpt":{"rendered":"<p>Embrapa abre floresta urbana em Bel\u00e9m para observar biodiversidade local.<\/p>\n","protected":false},"author":1,"featured_media":1792,"comment_status":"open","ping_status":"closed","sticky":false,"template":"","format":"standard","meta":{"footnotes":""},"categories":[1],"tags":[],"class_list":["post-1793","post","type-post","status-publish","format-standard","has-post-thumbnail","hentry","category-noticias-em-belem","has_thumb"],"aioseo_notices":[],"aioseo_head":"\n\t\t<!-- All in One SEO 5.0.0.1 - aioseo.com -->\n\t<meta name=\"description\" content=\"Embrapa abre floresta urbana em Bel\u00e9m para observar biodiversidade local.\" \/>\n\t<meta name=\"robots\" content=\"max-image-preview:large\" \/>\n\t<meta name=\"author\" content=\"Encontra Bel\u00e9m\"\/>\n\t<link rel=\"canonical\" href=\"https:\/\/www.encontrabelem.com.br\/sobre\/embrapa-abre-floresta-urbana-em-belem-para-observacao-cientifica-da-biodiversidade\" \/>\n\t<meta name=\"generator\" content=\"All in One SEO (AIOSEO) 5.0.0.1\" \/>\n\t\t<meta property=\"og:locale\" content=\"pt_BR\" \/>\n\t\t<meta property=\"og:site_name\" content=\"Encontra Bel\u00e9m | Not\u00edcias, eventos, informa\u00e7\u00f5es e dicas na cidade Bel\u00e9m e regi\u00e3o.\" \/>\n\t\t<meta property=\"og:type\" content=\"article\" \/>\n\t\t<meta property=\"og:title\" content=\"Embrapa abre floresta urbana em Bel\u00e9m para observa\u00e7\u00e3o cient\u00edfica da biodiversidade | Encontra Bel\u00e9m\" \/>\n\t\t<meta property=\"og:description\" content=\"Embrapa abre floresta urbana em Bel\u00e9m para observar biodiversidade local.\" \/>\n\t\t<meta property=\"og:url\" content=\"https:\/\/www.encontrabelem.com.br\/sobre\/embrapa-abre-floresta-urbana-em-belem-para-observacao-cientifica-da-biodiversidade\" \/>\n\t\t<meta property=\"article:published_time\" content=\"2026-06-04T16:32:36+00:00\" \/>\n\t\t<meta property=\"article:modified_time\" content=\"2026-06-04T16:32:36+00:00\" \/>\n\t\t<meta name=\"twitter:card\" content=\"summary\" \/>\n\t\t<meta name=\"twitter:title\" content=\"Embrapa abre floresta urbana em Bel\u00e9m para observa\u00e7\u00e3o cient\u00edfica da biodiversidade | Encontra Bel\u00e9m\" \/>\n\t\t<meta name=\"twitter:description\" content=\"Embrapa abre floresta urbana em Bel\u00e9m para observar biodiversidade local.\" \/>\n\t\t<script type=\"application\/ld+json\" class=\"aioseo-schema\">\n\t\t\t{\"@context\":\"https:\\\/\\\/schema.org\",\"@graph\":[{\"@type\":\"Article\",\"@id\":\"https:\\\/\\\/www.encontrabelem.com.br\\\/sobre\\\/embrapa-abre-floresta-urbana-em-belem-para-observacao-cientifica-da-biodiversidade#article\",\"name\":\"Embrapa abre floresta urbana em Bel\\u00e9m para observa\\u00e7\\u00e3o cient\\u00edfica da biodiversidade | Encontra Bel\\u00e9m\",\"headline\":\"Embrapa abre floresta urbana em Bel\\u00e9m para observa\\u00e7\\u00e3o cient\\u00edfica da biodiversidade\",\"author\":{\"@id\":\"https:\\\/\\\/www.encontrabelem.com.br\\\/sobre\\\/author\\\/ebelem#author\"},\"publisher\":{\"@id\":\"https:\\\/\\\/www.encontrabelem.com.br\\\/sobre\\\/#organization\"},\"image\":{\"@type\":\"ImageObject\",\"url\":\"https:\\\/\\\/www.encontrabelem.com.br\\\/sobre\\\/wp-content\\\/uploads\\\/2026\\\/06\\\/embrapa-abre-floresta-urbana-em-belem-para-observacao-cientifica-da-biodiversidade.webp\",\"width\":280,\"height\":280,\"caption\":\"Embrapa abre floresta urbana em Bel\\u00e9m para observa\\u00e7\\u00e3o cient\\u00edfica da biodiversidade\"},\"datePublished\":\"2026-06-04T13:32:36-03:00\",\"dateModified\":\"2026-06-04T13:32:36-03:00\",\"inLanguage\":\"pt-BR\",\"mainEntityOfPage\":{\"@id\":\"https:\\\/\\\/www.encontrabelem.com.br\\\/sobre\\\/embrapa-abre-floresta-urbana-em-belem-para-observacao-cientifica-da-biodiversidade#webpage\"},\"isPartOf\":{\"@id\":\"https:\\\/\\\/www.encontrabelem.com.br\\\/sobre\\\/embrapa-abre-floresta-urbana-em-belem-para-observacao-cientifica-da-biodiversidade#webpage\"},\"articleSection\":\"Not\\u00edcias Bel\\u00e9m\"},{\"@type\":\"BreadcrumbList\",\"@id\":\"https:\\\/\\\/www.encontrabelem.com.br\\\/sobre\\\/embrapa-abre-floresta-urbana-em-belem-para-observacao-cientifica-da-biodiversidade#breadcrumblist\",\"itemListElement\":[{\"@type\":\"ListItem\",\"@id\":\"https:\\\/\\\/www.encontrabelem.com.br\\\/sobre#listItem\",\"position\":1,\"name\":\"In\\u00edcio\",\"item\":\"https:\\\/\\\/www.encontrabelem.com.br\\\/sobre\",\"nextItem\":{\"@type\":\"ListItem\",\"@id\":\"https:\\\/\\\/www.encontrabelem.com.br\\\/sobre\\\/noticias-em-belem#listItem\",\"name\":\"Not\\u00edcias Bel\\u00e9m\"}},{\"@type\":\"ListItem\",\"@id\":\"https:\\\/\\\/www.encontrabelem.com.br\\\/sobre\\\/noticias-em-belem#listItem\",\"position\":2,\"name\":\"Not\\u00edcias Bel\\u00e9m\",\"item\":\"https:\\\/\\\/www.encontrabelem.com.br\\\/sobre\\\/noticias-em-belem\",\"nextItem\":{\"@type\":\"ListItem\",\"@id\":\"https:\\\/\\\/www.encontrabelem.com.br\\\/sobre\\\/embrapa-abre-floresta-urbana-em-belem-para-observacao-cientifica-da-biodiversidade#listItem\",\"name\":\"Embrapa abre floresta urbana em Bel\\u00e9m para observa\\u00e7\\u00e3o cient\\u00edfica da biodiversidade\"},\"previousItem\":{\"@type\":\"ListItem\",\"@id\":\"https:\\\/\\\/www.encontrabelem.com.br\\\/sobre#listItem\",\"name\":\"In\\u00edcio\"}},{\"@type\":\"ListItem\",\"@id\":\"https:\\\/\\\/www.encontrabelem.com.br\\\/sobre\\\/embrapa-abre-floresta-urbana-em-belem-para-observacao-cientifica-da-biodiversidade#listItem\",\"position\":3,\"name\":\"Embrapa abre floresta urbana em Bel\\u00e9m para observa\\u00e7\\u00e3o cient\\u00edfica da biodiversidade\",\"previousItem\":{\"@type\":\"ListItem\",\"@id\":\"https:\\\/\\\/www.encontrabelem.com.br\\\/sobre\\\/noticias-em-belem#listItem\",\"name\":\"Not\\u00edcias Bel\\u00e9m\"}}]},{\"@type\":\"Organization\",\"@id\":\"https:\\\/\\\/www.encontrabelem.com.br\\\/sobre\\\/#organization\",\"name\":\"Encontra Bel\\u00e9m\",\"description\":\"Not\\u00edcias, eventos, informa\\u00e7\\u00f5es e dicas na cidade Bel\\u00e9m e regi\\u00e3o.\",\"url\":\"https:\\\/\\\/www.encontrabelem.com.br\\\/sobre\\\/\"},{\"@type\":\"Person\",\"@id\":\"https:\\\/\\\/www.encontrabelem.com.br\\\/sobre\\\/author\\\/ebelem#author\",\"url\":\"https:\\\/\\\/www.encontrabelem.com.br\\\/sobre\\\/author\\\/ebelem\",\"name\":\"Encontra Bel\\u00e9m\",\"image\":{\"@type\":\"ImageObject\",\"@id\":\"https:\\\/\\\/www.encontrabelem.com.br\\\/sobre\\\/embrapa-abre-floresta-urbana-em-belem-para-observacao-cientifica-da-biodiversidade#authorImage\",\"url\":\"https:\\\/\\\/secure.gravatar.com\\\/avatar\\\/507340682b8270222e1f208e23198b6ae7e2c6a1033ae84e99bc6bce4f82a387?s=96&d=mm&r=g\",\"width\":96,\"height\":96,\"caption\":\"Encontra Bel\\u00e9m\"}},{\"@type\":\"WebPage\",\"@id\":\"https:\\\/\\\/www.encontrabelem.com.br\\\/sobre\\\/embrapa-abre-floresta-urbana-em-belem-para-observacao-cientifica-da-biodiversidade#webpage\",\"url\":\"https:\\\/\\\/www.encontrabelem.com.br\\\/sobre\\\/embrapa-abre-floresta-urbana-em-belem-para-observacao-cientifica-da-biodiversidade\",\"name\":\"Embrapa abre floresta urbana em Bel\\u00e9m para observa\\u00e7\\u00e3o cient\\u00edfica da biodiversidade | Encontra Bel\\u00e9m\",\"description\":\"Embrapa abre floresta urbana em Bel\\u00e9m para observar biodiversidade local.\",\"inLanguage\":\"pt-BR\",\"isPartOf\":{\"@id\":\"https:\\\/\\\/www.encontrabelem.com.br\\\/sobre\\\/#website\"},\"breadcrumb\":{\"@id\":\"https:\\\/\\\/www.encontrabelem.com.br\\\/sobre\\\/embrapa-abre-floresta-urbana-em-belem-para-observacao-cientifica-da-biodiversidade#breadcrumblist\"},\"author\":{\"@id\":\"https:\\\/\\\/www.encontrabelem.com.br\\\/sobre\\\/author\\\/ebelem#author\"},\"creator\":{\"@id\":\"https:\\\/\\\/www.encontrabelem.com.br\\\/sobre\\\/author\\\/ebelem#author\"},\"image\":{\"@type\":\"ImageObject\",\"url\":\"https:\\\/\\\/www.encontrabelem.com.br\\\/sobre\\\/wp-content\\\/uploads\\\/2026\\\/06\\\/embrapa-abre-floresta-urbana-em-belem-para-observacao-cientifica-da-biodiversidade.webp\",\"@id\":\"https:\\\/\\\/www.encontrabelem.com.br\\\/sobre\\\/embrapa-abre-floresta-urbana-em-belem-para-observacao-cientifica-da-biodiversidade\\\/#mainImage\",\"width\":280,\"height\":280,\"caption\":\"Embrapa abre floresta urbana em Bel\\u00e9m para observa\\u00e7\\u00e3o cient\\u00edfica da biodiversidade\"},\"primaryImageOfPage\":{\"@id\":\"https:\\\/\\\/www.encontrabelem.com.br\\\/sobre\\\/embrapa-abre-floresta-urbana-em-belem-para-observacao-cientifica-da-biodiversidade#mainImage\"},\"datePublished\":\"2026-06-04T13:32:36-03:00\",\"dateModified\":\"2026-06-04T13:32:36-03:00\"},{\"@type\":\"WebSite\",\"@id\":\"https:\\\/\\\/www.encontrabelem.com.br\\\/sobre\\\/#website\",\"url\":\"https:\\\/\\\/www.encontrabelem.com.br\\\/sobre\\\/\",\"name\":\"Encontra Bel\\u00e9m\",\"description\":\"Not\\u00edcias, eventos, informa\\u00e7\\u00f5es e dicas na cidade Bel\\u00e9m e regi\\u00e3o.\",\"inLanguage\":\"pt-BR\",\"publisher\":{\"@id\":\"https:\\\/\\\/www.encontrabelem.com.br\\\/sobre\\\/#organization\"}}]}\n\t\t<\/script>\n\t\t<!-- All in One SEO -->\n\n","aioseo_head_json":{"title":"Embrapa abre floresta urbana em Bel\u00e9m para observa\u00e7\u00e3o cient\u00edfica da biodiversidade | Encontra Bel\u00e9m","description":"Embrapa abre floresta urbana em Bel\u00e9m para observar biodiversidade local.","canonical_url":"https:\/\/www.encontrabelem.com.br\/sobre\/embrapa-abre-floresta-urbana-em-belem-para-observacao-cientifica-da-biodiversidade","robots":"max-image-preview:large","keywords":"","webmasterTools":{"miscellaneous":""},"schema":{"@context":"https:\/\/schema.org","@graph":[{"@type":"Article","@id":"https:\/\/www.encontrabelem.com.br\/sobre\/embrapa-abre-floresta-urbana-em-belem-para-observacao-cientifica-da-biodiversidade#article","name":"Embrapa abre floresta urbana em Bel\u00e9m para observa\u00e7\u00e3o cient\u00edfica da biodiversidade | Encontra Bel\u00e9m","headline":"Embrapa abre floresta urbana em Bel\u00e9m para observa\u00e7\u00e3o cient\u00edfica da biodiversidade","author":{"@id":"https:\/\/www.encontrabelem.com.br\/sobre\/author\/ebelem#author"},"publisher":{"@id":"https:\/\/www.encontrabelem.com.br\/sobre\/#organization"},"image":{"@type":"ImageObject","url":"https:\/\/www.encontrabelem.com.br\/sobre\/wp-content\/uploads\/2026\/06\/embrapa-abre-floresta-urbana-em-belem-para-observacao-cientifica-da-biodiversidade.webp","width":280,"height":280,"caption":"Embrapa abre floresta urbana em Bel\u00e9m para observa\u00e7\u00e3o cient\u00edfica da biodiversidade"},"datePublished":"2026-06-04T13:32:36-03:00","dateModified":"2026-06-04T13:32:36-03:00","inLanguage":"pt-BR","mainEntityOfPage":{"@id":"https:\/\/www.encontrabelem.com.br\/sobre\/embrapa-abre-floresta-urbana-em-belem-para-observacao-cientifica-da-biodiversidade#webpage"},"isPartOf":{"@id":"https:\/\/www.encontrabelem.com.br\/sobre\/embrapa-abre-floresta-urbana-em-belem-para-observacao-cientifica-da-biodiversidade#webpage"},"articleSection":"Not\u00edcias Bel\u00e9m"},{"@type":"BreadcrumbList","@id":"https:\/\/www.encontrabelem.com.br\/sobre\/embrapa-abre-floresta-urbana-em-belem-para-observacao-cientifica-da-biodiversidade#breadcrumblist","itemListElement":[{"@type":"ListItem","@id":"https:\/\/www.encontrabelem.com.br\/sobre#listItem","position":1,"name":"In\u00edcio","item":"https:\/\/www.encontrabelem.com.br\/sobre","nextItem":{"@type":"ListItem","@id":"https:\/\/www.encontrabelem.com.br\/sobre\/noticias-em-belem#listItem","name":"Not\u00edcias Bel\u00e9m"}},{"@type":"ListItem","@id":"https:\/\/www.encontrabelem.com.br\/sobre\/noticias-em-belem#listItem","position":2,"name":"Not\u00edcias Bel\u00e9m","item":"https:\/\/www.encontrabelem.com.br\/sobre\/noticias-em-belem","nextItem":{"@type":"ListItem","@id":"https:\/\/www.encontrabelem.com.br\/sobre\/embrapa-abre-floresta-urbana-em-belem-para-observacao-cientifica-da-biodiversidade#listItem","name":"Embrapa abre floresta urbana em Bel\u00e9m para observa\u00e7\u00e3o cient\u00edfica da biodiversidade"},"previousItem":{"@type":"ListItem","@id":"https:\/\/www.encontrabelem.com.br\/sobre#listItem","name":"In\u00edcio"}},{"@type":"ListItem","@id":"https:\/\/www.encontrabelem.com.br\/sobre\/embrapa-abre-floresta-urbana-em-belem-para-observacao-cientifica-da-biodiversidade#listItem","position":3,"name":"Embrapa abre floresta urbana em Bel\u00e9m para observa\u00e7\u00e3o cient\u00edfica da biodiversidade","previousItem":{"@type":"ListItem","@id":"https:\/\/www.encontrabelem.com.br\/sobre\/noticias-em-belem#listItem","name":"Not\u00edcias Bel\u00e9m"}}]},{"@type":"Organization","@id":"https:\/\/www.encontrabelem.com.br\/sobre\/#organization","name":"Encontra Bel\u00e9m","description":"Not\u00edcias, eventos, informa\u00e7\u00f5es e dicas na cidade Bel\u00e9m e regi\u00e3o.","url":"https:\/\/www.encontrabelem.com.br\/sobre\/"},{"@type":"Person","@id":"https:\/\/www.encontrabelem.com.br\/sobre\/author\/ebelem#author","url":"https:\/\/www.encontrabelem.com.br\/sobre\/author\/ebelem","name":"Encontra Bel\u00e9m","image":{"@type":"ImageObject","@id":"https:\/\/www.encontrabelem.com.br\/sobre\/embrapa-abre-floresta-urbana-em-belem-para-observacao-cientifica-da-biodiversidade#authorImage","url":"https:\/\/secure.gravatar.com\/avatar\/507340682b8270222e1f208e23198b6ae7e2c6a1033ae84e99bc6bce4f82a387?s=96&d=mm&r=g","width":96,"height":96,"caption":"Encontra Bel\u00e9m"}},{"@type":"WebPage","@id":"https:\/\/www.encontrabelem.com.br\/sobre\/embrapa-abre-floresta-urbana-em-belem-para-observacao-cientifica-da-biodiversidade#webpage","url":"https:\/\/www.encontrabelem.com.br\/sobre\/embrapa-abre-floresta-urbana-em-belem-para-observacao-cientifica-da-biodiversidade","name":"Embrapa abre floresta urbana em Bel\u00e9m para observa\u00e7\u00e3o cient\u00edfica da biodiversidade | Encontra Bel\u00e9m","description":"Embrapa abre floresta urbana em Bel\u00e9m para observar biodiversidade local.","inLanguage":"pt-BR","isPartOf":{"@id":"https:\/\/www.encontrabelem.com.br\/sobre\/#website"},"breadcrumb":{"@id":"https:\/\/www.encontrabelem.com.br\/sobre\/embrapa-abre-floresta-urbana-em-belem-para-observacao-cientifica-da-biodiversidade#breadcrumblist"},"author":{"@id":"https:\/\/www.encontrabelem.com.br\/sobre\/author\/ebelem#author"},"creator":{"@id":"https:\/\/www.encontrabelem.com.br\/sobre\/author\/ebelem#author"},"image":{"@type":"ImageObject","url":"https:\/\/www.encontrabelem.com.br\/sobre\/wp-content\/uploads\/2026\/06\/embrapa-abre-floresta-urbana-em-belem-para-observacao-cientifica-da-biodiversidade.webp","@id":"https:\/\/www.encontrabelem.com.br\/sobre\/embrapa-abre-floresta-urbana-em-belem-para-observacao-cientifica-da-biodiversidade\/#mainImage","width":280,"height":280,"caption":"Embrapa abre floresta urbana em Bel\u00e9m para observa\u00e7\u00e3o cient\u00edfica da biodiversidade"},"primaryImageOfPage":{"@id":"https:\/\/www.encontrabelem.com.br\/sobre\/embrapa-abre-floresta-urbana-em-belem-para-observacao-cientifica-da-biodiversidade#mainImage"},"datePublished":"2026-06-04T13:32:36-03:00","dateModified":"2026-06-04T13:32:36-03:00"},{"@type":"WebSite","@id":"https:\/\/www.encontrabelem.com.br\/sobre\/#website","url":"https:\/\/www.encontrabelem.com.br\/sobre\/","name":"Encontra Bel\u00e9m","description":"Not\u00edcias, eventos, informa\u00e7\u00f5es e dicas na cidade Bel\u00e9m e regi\u00e3o.","inLanguage":"pt-BR","publisher":{"@id":"https:\/\/www.encontrabelem.com.br\/sobre\/#organization"}}]},"og:locale":"pt_BR","og:site_name":"Encontra Bel\u00e9m | Not\u00edcias, eventos, informa\u00e7\u00f5es e dicas na cidade Bel\u00e9m e regi\u00e3o.","og:type":"article","og:title":"Embrapa abre floresta urbana em Bel\u00e9m para observa\u00e7\u00e3o cient\u00edfica da biodiversidade | Encontra Bel\u00e9m","og:description":"Embrapa abre floresta urbana em Bel\u00e9m para observar biodiversidade local.","og:url":"https:\/\/www.encontrabelem.com.br\/sobre\/embrapa-abre-floresta-urbana-em-belem-para-observacao-cientifica-da-biodiversidade","article:published_time":"2026-06-04T16:32:36+00:00","article:modified_time":"2026-06-04T16:32:36+00:00","twitter:card":"summary","twitter:title":"Embrapa abre floresta urbana em Bel\u00e9m para observa\u00e7\u00e3o cient\u00edfica da biodiversidade | Encontra Bel\u00e9m","twitter:description":"Embrapa abre floresta urbana em Bel\u00e9m para observar biodiversidade local."},"aioseo_meta_data":{"post_id":"1793","title":null,"description":null,"keywords":null,"keyphrases":null,"primary_term":null,"canonical_url":null,"og_title":null,"og_description":null,"og_object_type":"default","og_image_type":"default","og_image_url":null,"og_image_width":null,"og_image_height":null,"og_image_custom_url":null,"og_image_custom_fields":null,"og_video":null,"og_custom_url":null,"og_article_section":null,"og_article_tags":null,"twitter_use_og":false,"twitter_card":"default","twitter_image_type":"default","twitter_image_url":null,"twitter_image_custom_url":null,"twitter_image_custom_fields":null,"twitter_title":null,"twitter_description":null,"schema":{"blockGraphs":[],"customGraphs":[],"default":{"data":{"Article":[],"Course":[],"Dataset":[],"FAQPage":[],"Movie":[],"Person":[],"Product":[],"ProductReview":[],"Car":[],"Recipe":[],"Service":[],"SoftwareApplication":[],"WebPage":[]},"graphName":"Article","isEnabled":true},"graphs":[]},"schema_type":"default","schema_type_options":null,"pillar_content":false,"robots_default":true,"robots_noindex":false,"robots_noarchive":false,"robots_nosnippet":false,"robots_nofollow":false,"robots_noimageindex":false,"robots_noodp":false,"robots_notranslate":false,"robots_max_snippet":null,"robots_max_videopreview":null,"robots_max_imagepreview":"large","priority":null,"frequency":null,"local_seo":null,"breadcrumb_settings":null,"limit_modified_date":false,"ai":null,"created":"2026-06-04 16:32:40","updated":"2026-06-04 16:51:36","focus_keyword":null,"additional_keywords":null,"truseo_locale":null,"seo_analyzer_scan_date":null},"aioseo_breadcrumb":"<div class=\"aioseo-breadcrumbs\"><span class=\"aioseo-breadcrumb\">\n\t\t\t<a href=\"https:\/\/www.encontrabelem.com.br\/sobre\" title=\"In\u00edcio\">In\u00edcio<\/a>\n\t\t<\/span><span class=\"aioseo-breadcrumb-separator\">&raquo;<\/span><span class=\"aioseo-breadcrumb\">\n\t\t\t<a href=\"https:\/\/www.encontrabelem.com.br\/sobre\/noticias-em-belem\" title=\"Not\u00edcias Bel\u00e9m\">Not\u00edcias Bel\u00e9m<\/a>\n\t\t<\/span><span class=\"aioseo-breadcrumb-separator\">&raquo;<\/span><span class=\"aioseo-breadcrumb\">\n\t\t\tEmbrapa abre floresta urbana em Bel\u00e9m para observa\u00e7\u00e3o cient\u00edfica da biodiversidade\n\t\t<\/span><\/div>","aioseo_breadcrumb_json":[{"label":"In\u00edcio","link":"https:\/\/www.encontrabelem.com.br\/sobre"},{"label":"Not\u00edcias Bel\u00e9m","link":"https:\/\/www.encontrabelem.com.br\/sobre\/noticias-em-belem"},{"label":"Embrapa abre floresta urbana em Bel\u00e9m para observa\u00e7\u00e3o cient\u00edfica da biodiversidade","link":"https:\/\/www.encontrabelem.com.br\/sobre\/embrapa-abre-floresta-urbana-em-belem-para-observacao-cientifica-da-biodiversidade"}],"_links":{"self":[{"href":"https:\/\/www.encontrabelem.com.br\/sobre\/wp-json\/wp\/v2\/posts\/1793","targetHints":{"allow":["GET"]}}],"collection":[{"href":"https:\/\/www.encontrabelem.com.br\/sobre\/wp-json\/wp\/v2\/posts"}],"about":[{"href":"https:\/\/www.encontrabelem.com.br\/sobre\/wp-json\/wp\/v2\/types\/post"}],"author":[{"embeddable":true,"href":"https:\/\/www.encontrabelem.com.br\/sobre\/wp-json\/wp\/v2\/users\/1"}],"replies":[{"embeddable":true,"href":"https:\/\/www.encontrabelem.com.br\/sobre\/wp-json\/wp\/v2\/comments?post=1793"}],"version-history":[{"count":0,"href":"https:\/\/www.encontrabelem.com.br\/sobre\/wp-json\/wp\/v2\/posts\/1793\/revisions"}],"wp:featuredmedia":[{"embeddable":true,"href":"https:\/\/www.encontrabelem.com.br\/sobre\/wp-json\/wp\/v2\/media\/1792"}],"wp:attachment":[{"href":"https:\/\/www.encontrabelem.com.br\/sobre\/wp-json\/wp\/v2\/media?parent=1793"}],"wp:term":[{"taxonomy":"category","embeddable":true,"href":"https:\/\/www.encontrabelem.com.br\/sobre\/wp-json\/wp\/v2\/categories?post=1793"},{"taxonomy":"post_tag","embeddable":true,"href":"https:\/\/www.encontrabelem.com.br\/sobre\/wp-json\/wp\/v2\/tags?post=1793"}],"curies":[{"name":"wp","href":"https:\/\/api.w.org\/{rel}","templated":true}]}}