{"id":1779,"date":"2026-05-31T13:41:13","date_gmt":"2026-05-31T16:41:13","guid":{"rendered":"https:\/\/www.encontrabelem.com.br\/sobre\/semas-fortalece-agenda-de-restauracao-florestal-durante-oficina-integrada-em-belem"},"modified":"2026-05-31T13:41:13","modified_gmt":"2026-05-31T16:41:13","slug":"semas-fortalece-agenda-de-restauracao-florestal-durante-oficina-integrada-em-belem","status":"publish","type":"post","link":"https:\/\/www.encontrabelem.com.br\/sobre\/semas-fortalece-agenda-de-restauracao-florestal-durante-oficina-integrada-em-belem","title":{"rendered":"Semas fortalece agenda de restaura\u00e7\u00e3o florestal durante oficina integrada em Bel\u00e9m"},"content":{"rendered":"<div class=\"b22802487b0d38c4c6d9f34966e16421\" data-index=\"1\" style=\"float: none; margin:0px;\">\n<!-- Anuncio display - global -->\r\n<ins class=\"adsbygoogle\"\r\n     style=\"display:block\"\r\n     data-ad-client=\"ca-pub-8585364105181520\"\r\n     data-ad-slot=\"8789329856\"\r\n     data-ad-format=\"auto\"\r\n     data-full-width-responsive=\"true\"><\/ins>\r\n<script>\r\n     (adsbygoogle = window.adsbygoogle || []).push({});\r\n<\/script>\n<\/div>\n<h2>Import\u00e2ncia da Restaura\u00e7\u00e3o Florestal<\/h2>\n<p>A restaura\u00e7\u00e3o florestal \u00e9 crucial para a prote\u00e7\u00e3o do meio ambiente e recupera\u00e7\u00e3o de ecossistemas degradados. Ela promove a recupera\u00e7\u00e3o da biodiversidade, captura de carbono e melhora a qualidade do solo e da \u00e1gua. Esta pr\u00e1tica se torna essencial especialmente em regi\u00f5es afetadas pelo desmatamento e mudan\u00e7as clim\u00e1ticas, onde a vegeta\u00e7\u00e3o nativa desempenha um papel vital na manuten\u00e7\u00e3o de ecossistemas saud\u00e1veis.<\/p>\n<h2>Oficina de Integra\u00e7\u00e3o de Territ\u00f3rios<\/h2>\n<p>No evento realizado em Bel\u00e9m, a Secretaria de Estado de Meio Ambiente, Clima e Sustentabilidade (Semas) coordenou a Oficina de Integra\u00e7\u00e3o de Territ\u00f3rios da Restaura\u00e7\u00e3o. Este encontro uniu representantes de diversos setores, incluindo governo, institui\u00e7\u00f5es financeiras, empresas e sociedade civil, com o objetivo de discutir estrat\u00e9gias para a recupera\u00e7\u00e3o da vegeta\u00e7\u00e3o nativa no Par\u00e1. A oficina abordou a necessidade de uma abordagem integrada entre diferentes partes interessadas para garantir a efic\u00e1cia das iniciativas de restaura\u00e7\u00e3o.<\/p>\n<h2>Parcerias entre Setor P\u00fablico e Privado<\/h2>\n<p>A colabora\u00e7\u00e3o entre o setor p\u00fablico e o privado \u00e9 fundamental na implementa\u00e7\u00e3o de projetos de restaura\u00e7\u00e3o. Durante a oficina, foram discutidas maneiras de unir esfor\u00e7os, incluindo o compartilhamento de recursos, conhecimento e boas pr\u00e1ticas. A sinergia entre ambos os setores pode facilitar a atra\u00e7\u00e3o de investimentos e contribuir para a sustentabilidade das a\u00e7\u00f5es de restaura\u00e7\u00e3o.<\/p>\n<p><img decoding=\"async\" src=\"https:\/\/www.encontrabelem.com.br\/sobre\/wp-content\/uploads\/2026\/05\/semas-fortalece-agenda-de-restauracao-florestal-durante-oficina-integrada-em-belem.webp\" alt=\"\" loading=\"lazy\" \/><\/p>\n<h2>Estrat\u00e9gias para Recupera\u00e7\u00e3o Ambiental<\/h2>\n<p>As estrat\u00e9gias apresentadas na oficina inclu\u00edram a prioriza\u00e7\u00e3o de \u00e1reas com potencial para restaura\u00e7\u00e3o e o desenvolvimento de mecanismos que conectem produtores, cooperativas e investidores. Tais abordagens incentivam a consolida\u00e7\u00e3o de compromissos para transformar o cen\u00e1rio ambiental do Estado. A import\u00e2ncia de um planejamento amplo que inclua o potencial das \u00e1reas para restaurar e a valoriza\u00e7\u00e3o dos servi\u00e7os ecossist\u00eamicos gerados foram aspectos destacados como essenciais para o sucesso da restaura\u00e7\u00e3o.<\/p>\n<h2>Atra\u00e7\u00e3o de Investimentos para o Setor<\/h2>\n<p>A palestra do diretor do Departamento de Florestas do Minist\u00e9rio do Meio Ambiente e Mudan\u00e7a do Clima, Thiago Belote, destacou a necessidade de cria\u00e7\u00e3o de incentivos para atrair investimentos em projetos de restaura\u00e7\u00e3o florestal. Ele mencionou que a identifica\u00e7\u00e3o do grau de maturidade dos territ\u00f3rios \u00e9 crucial para preparar estrat\u00e9gias de capta\u00e7\u00e3o de recursos. O apoio financeiro pode ser decisivo para a multiplica\u00e7\u00e3o de iniciativas que promovam a recupera\u00e7\u00e3o de \u00e1reas degradadas.<\/p>\n<h2>Desafios da Restaura\u00e7\u00e3o no Par\u00e1<\/h2>\n<p>Embora a restaura\u00e7\u00e3o florestal seja uma meta desej\u00e1vel e necess\u00e1ria, ela enfrenta diversos desafios, incluindo a necessidade de articula\u00e7\u00e3o entre os diferentes n\u00edveis de governo e a percep\u00e7\u00e3o de produtores rurais sobre o papel dos \u00f3rg\u00e3os ambientais. Essa integra\u00e7\u00e3o \u00e9 fundamental para superar a resist\u00eancia e ampliar a participa\u00e7\u00e3o ativa das comunidades nas iniciativas de restaura\u00e7\u00e3o.<\/p>\n<h2>Participa\u00e7\u00e3o das Comunidades na Restaura\u00e7\u00e3o<\/h2>\n<p>A consultora ambiental Paula Pereira enfatizou que a inclus\u00e3o das comunidades locais nas discuss\u00f5es sobre restaura\u00e7\u00e3o \u00e9 vital. A aproxima\u00e7\u00e3o e o engajamento das comunidades n\u00e3o apenas aumentam a ades\u00e3o \u00e0s pol\u00edticas p\u00fablicas, mas tamb\u00e9m ajudam a transformar a percep\u00e7\u00e3o sobre os \u00f3rg\u00e3os ambientais, que muitas vezes s\u00e3o vistos apenas como fiscalizadores. A forma\u00e7\u00e3o de uma rela\u00e7\u00e3o de confian\u00e7a \u00e9 fundamental para o sucesso das a\u00e7\u00f5es de recupera\u00e7\u00e3o.<\/p>\n<h2>Integra\u00e7\u00e3o de Pol\u00edticas P\u00fablicas<\/h2>\n<p>O sucesso da restaura\u00e7\u00e3o florestal no Par\u00e1 depende da integra\u00e7\u00e3o eficaz das pol\u00edticas p\u00fablicas existentes. Durante a oficina, ficou evidente a necessidade de um alinhamento entre iniciativas federais, estaduais e municipais, bem como a import\u00e2ncia de construir um arcabou\u00e7o regulat\u00f3rio que suporte projetos de restaura\u00e7\u00e3o. A consolida\u00e7\u00e3o de pol\u00edticas coesas foi identificada como um passo fundamental para a cria\u00e7\u00e3o de um ambiente prop\u00edcio \u00e0 restaura\u00e7\u00e3o.<\/p>\n<h2>A\u00e7\u00f5es do Plano Estadual de Recupera\u00e7\u00e3o<\/h2>\n<p>Com base no Plano Estadual de Recupera\u00e7\u00e3o da Vegeta\u00e7\u00e3o Nativa do Par\u00e1 (PRVN-PA), a Semas apresentou as iniciativas que est\u00e3o sendo implementadas para apoiar a recupera\u00e7\u00e3o da vegeta\u00e7\u00e3o nativa. Entre as a\u00e7\u00f5es, destacaram-se o planejamento espacial estrat\u00e9gico, a identifica\u00e7\u00e3o de \u00e1reas priorit\u00e1rias para restaura\u00e7\u00e3o e o fomento \u00e0 articula\u00e7\u00e3o entre os diferentes stakeholders, incluindo produtores, cooperativas e investidores.<\/p>\n<h2>Impactos da Restaura\u00e7\u00e3o Florestal<\/h2>\n<p>Os impactos positivos da restaura\u00e7\u00e3o florestal s\u00e3o amplos e variados. Eles incluem a melhoria da qualidade ambiental, a mitiga\u00e7\u00e3o das mudan\u00e7as clim\u00e1ticas, a valoriza\u00e7\u00e3o de pr\u00e1ticas sustent\u00e1veis e a promo\u00e7\u00e3o do desenvolvimento das comunidades locais. Ao se unir esfor\u00e7os entre governo, setor privado e sociedade civil, \u00e9 poss\u00edvel n\u00e3o apenas restaurar paisagens, mas tamb\u00e9m contribuir para a gera\u00e7\u00e3o de emprego, renda e benef\u00edcios sociais atrav\u00e9s da recupera\u00e7\u00e3o ambiental.<\/p>\n\n<div style=\"font-size: 0px; height: 0px; line-height: 0px; margin: 0; padding: 0; clear: both;\"><\/div>","protected":false},"excerpt":{"rendered":"<p>Semas avan\u00e7a na restaura\u00e7\u00e3o florestal, promovendo o Par\u00e1 e o meio ambiente.<\/p>\n","protected":false},"author":1,"featured_media":1778,"comment_status":"open","ping_status":"closed","sticky":false,"template":"","format":"standard","meta":{"footnotes":""},"categories":[1],"tags":[],"class_list":["post-1779","post","type-post","status-publish","format-standard","has-post-thumbnail","hentry","category-noticias-em-belem","has_thumb"],"aioseo_notices":[],"aioseo_head":"\n\t\t<!-- All in One SEO 5.0.0.1 - aioseo.com -->\n\t<meta name=\"description\" content=\"Semas avan\u00e7a na restaura\u00e7\u00e3o florestal, promovendo o Par\u00e1 e o meio ambiente.\" \/>\n\t<meta name=\"robots\" content=\"max-image-preview:large\" \/>\n\t<meta name=\"author\" content=\"Encontra Bel\u00e9m\"\/>\n\t<link rel=\"canonical\" href=\"https:\/\/www.encontrabelem.com.br\/sobre\/semas-fortalece-agenda-de-restauracao-florestal-durante-oficina-integrada-em-belem\" \/>\n\t<meta name=\"generator\" content=\"All in One SEO (AIOSEO) 5.0.0.1\" \/>\n\t\t<meta property=\"og:locale\" content=\"pt_BR\" \/>\n\t\t<meta property=\"og:site_name\" content=\"Encontra Bel\u00e9m | Not\u00edcias, eventos, informa\u00e7\u00f5es e dicas na cidade Bel\u00e9m e regi\u00e3o.\" \/>\n\t\t<meta property=\"og:type\" content=\"article\" \/>\n\t\t<meta property=\"og:title\" content=\"Semas fortalece agenda de restaura\u00e7\u00e3o florestal durante oficina integrada em Bel\u00e9m | Encontra Bel\u00e9m\" \/>\n\t\t<meta property=\"og:description\" content=\"Semas avan\u00e7a na restaura\u00e7\u00e3o florestal, promovendo o Par\u00e1 e o meio ambiente.\" \/>\n\t\t<meta property=\"og:url\" content=\"https:\/\/www.encontrabelem.com.br\/sobre\/semas-fortalece-agenda-de-restauracao-florestal-durante-oficina-integrada-em-belem\" \/>\n\t\t<meta property=\"article:published_time\" content=\"2026-05-31T16:41:13+00:00\" \/>\n\t\t<meta property=\"article:modified_time\" content=\"2026-05-31T16:41:13+00:00\" \/>\n\t\t<meta name=\"twitter:card\" content=\"summary\" \/>\n\t\t<meta name=\"twitter:title\" content=\"Semas fortalece agenda de restaura\u00e7\u00e3o florestal durante oficina integrada em Bel\u00e9m | Encontra Bel\u00e9m\" \/>\n\t\t<meta name=\"twitter:description\" content=\"Semas avan\u00e7a na restaura\u00e7\u00e3o florestal, promovendo o Par\u00e1 e o meio ambiente.\" \/>\n\t\t<script type=\"application\/ld+json\" class=\"aioseo-schema\">\n\t\t\t{\"@context\":\"https:\\\/\\\/schema.org\",\"@graph\":[{\"@type\":\"Article\",\"@id\":\"https:\\\/\\\/www.encontrabelem.com.br\\\/sobre\\\/semas-fortalece-agenda-de-restauracao-florestal-durante-oficina-integrada-em-belem#article\",\"name\":\"Semas fortalece agenda de restaura\\u00e7\\u00e3o florestal durante oficina integrada em Bel\\u00e9m | Encontra Bel\\u00e9m\",\"headline\":\"Semas fortalece agenda de restaura\\u00e7\\u00e3o florestal durante oficina integrada em Bel\\u00e9m\",\"author\":{\"@id\":\"https:\\\/\\\/www.encontrabelem.com.br\\\/sobre\\\/author\\\/ebelem#author\"},\"publisher\":{\"@id\":\"https:\\\/\\\/www.encontrabelem.com.br\\\/sobre\\\/#organization\"},\"image\":{\"@type\":\"ImageObject\",\"url\":\"https:\\\/\\\/www.encontrabelem.com.br\\\/sobre\\\/wp-content\\\/uploads\\\/2026\\\/05\\\/semas-fortalece-agenda-de-restauracao-florestal-durante-oficina-integrada-em-belem.webp\",\"width\":280,\"height\":280},\"datePublished\":\"2026-05-31T13:41:13-03:00\",\"dateModified\":\"2026-05-31T13:41:13-03:00\",\"inLanguage\":\"pt-BR\",\"mainEntityOfPage\":{\"@id\":\"https:\\\/\\\/www.encontrabelem.com.br\\\/sobre\\\/semas-fortalece-agenda-de-restauracao-florestal-durante-oficina-integrada-em-belem#webpage\"},\"isPartOf\":{\"@id\":\"https:\\\/\\\/www.encontrabelem.com.br\\\/sobre\\\/semas-fortalece-agenda-de-restauracao-florestal-durante-oficina-integrada-em-belem#webpage\"},\"articleSection\":\"Not\\u00edcias Bel\\u00e9m\"},{\"@type\":\"BreadcrumbList\",\"@id\":\"https:\\\/\\\/www.encontrabelem.com.br\\\/sobre\\\/semas-fortalece-agenda-de-restauracao-florestal-durante-oficina-integrada-em-belem#breadcrumblist\",\"itemListElement\":[{\"@type\":\"ListItem\",\"@id\":\"https:\\\/\\\/www.encontrabelem.com.br\\\/sobre#listItem\",\"position\":1,\"name\":\"In\\u00edcio\",\"item\":\"https:\\\/\\\/www.encontrabelem.com.br\\\/sobre\",\"nextItem\":{\"@type\":\"ListItem\",\"@id\":\"https:\\\/\\\/www.encontrabelem.com.br\\\/sobre\\\/noticias-em-belem#listItem\",\"name\":\"Not\\u00edcias Bel\\u00e9m\"}},{\"@type\":\"ListItem\",\"@id\":\"https:\\\/\\\/www.encontrabelem.com.br\\\/sobre\\\/noticias-em-belem#listItem\",\"position\":2,\"name\":\"Not\\u00edcias Bel\\u00e9m\",\"item\":\"https:\\\/\\\/www.encontrabelem.com.br\\\/sobre\\\/noticias-em-belem\",\"nextItem\":{\"@type\":\"ListItem\",\"@id\":\"https:\\\/\\\/www.encontrabelem.com.br\\\/sobre\\\/semas-fortalece-agenda-de-restauracao-florestal-durante-oficina-integrada-em-belem#listItem\",\"name\":\"Semas fortalece agenda de restaura\\u00e7\\u00e3o florestal durante oficina integrada em Bel\\u00e9m\"},\"previousItem\":{\"@type\":\"ListItem\",\"@id\":\"https:\\\/\\\/www.encontrabelem.com.br\\\/sobre#listItem\",\"name\":\"In\\u00edcio\"}},{\"@type\":\"ListItem\",\"@id\":\"https:\\\/\\\/www.encontrabelem.com.br\\\/sobre\\\/semas-fortalece-agenda-de-restauracao-florestal-durante-oficina-integrada-em-belem#listItem\",\"position\":3,\"name\":\"Semas fortalece agenda de restaura\\u00e7\\u00e3o florestal durante oficina integrada em Bel\\u00e9m\",\"previousItem\":{\"@type\":\"ListItem\",\"@id\":\"https:\\\/\\\/www.encontrabelem.com.br\\\/sobre\\\/noticias-em-belem#listItem\",\"name\":\"Not\\u00edcias Bel\\u00e9m\"}}]},{\"@type\":\"Organization\",\"@id\":\"https:\\\/\\\/www.encontrabelem.com.br\\\/sobre\\\/#organization\",\"name\":\"Encontra Bel\\u00e9m\",\"description\":\"Not\\u00edcias, eventos, informa\\u00e7\\u00f5es e dicas na cidade Bel\\u00e9m e regi\\u00e3o.\",\"url\":\"https:\\\/\\\/www.encontrabelem.com.br\\\/sobre\\\/\"},{\"@type\":\"Person\",\"@id\":\"https:\\\/\\\/www.encontrabelem.com.br\\\/sobre\\\/author\\\/ebelem#author\",\"url\":\"https:\\\/\\\/www.encontrabelem.com.br\\\/sobre\\\/author\\\/ebelem\",\"name\":\"Encontra Bel\\u00e9m\",\"image\":{\"@type\":\"ImageObject\",\"@id\":\"https:\\\/\\\/www.encontrabelem.com.br\\\/sobre\\\/semas-fortalece-agenda-de-restauracao-florestal-durante-oficina-integrada-em-belem#authorImage\",\"url\":\"https:\\\/\\\/secure.gravatar.com\\\/avatar\\\/507340682b8270222e1f208e23198b6ae7e2c6a1033ae84e99bc6bce4f82a387?s=96&d=mm&r=g\",\"width\":96,\"height\":96,\"caption\":\"Encontra Bel\\u00e9m\"}},{\"@type\":\"WebPage\",\"@id\":\"https:\\\/\\\/www.encontrabelem.com.br\\\/sobre\\\/semas-fortalece-agenda-de-restauracao-florestal-durante-oficina-integrada-em-belem#webpage\",\"url\":\"https:\\\/\\\/www.encontrabelem.com.br\\\/sobre\\\/semas-fortalece-agenda-de-restauracao-florestal-durante-oficina-integrada-em-belem\",\"name\":\"Semas fortalece agenda de restaura\\u00e7\\u00e3o florestal durante oficina integrada em Bel\\u00e9m | Encontra Bel\\u00e9m\",\"description\":\"Semas avan\\u00e7a na restaura\\u00e7\\u00e3o florestal, promovendo o Par\\u00e1 e o meio ambiente.\",\"inLanguage\":\"pt-BR\",\"isPartOf\":{\"@id\":\"https:\\\/\\\/www.encontrabelem.com.br\\\/sobre\\\/#website\"},\"breadcrumb\":{\"@id\":\"https:\\\/\\\/www.encontrabelem.com.br\\\/sobre\\\/semas-fortalece-agenda-de-restauracao-florestal-durante-oficina-integrada-em-belem#breadcrumblist\"},\"author\":{\"@id\":\"https:\\\/\\\/www.encontrabelem.com.br\\\/sobre\\\/author\\\/ebelem#author\"},\"creator\":{\"@id\":\"https:\\\/\\\/www.encontrabelem.com.br\\\/sobre\\\/author\\\/ebelem#author\"},\"image\":{\"@type\":\"ImageObject\",\"url\":\"https:\\\/\\\/www.encontrabelem.com.br\\\/sobre\\\/wp-content\\\/uploads\\\/2026\\\/05\\\/semas-fortalece-agenda-de-restauracao-florestal-durante-oficina-integrada-em-belem.webp\",\"@id\":\"https:\\\/\\\/www.encontrabelem.com.br\\\/sobre\\\/semas-fortalece-agenda-de-restauracao-florestal-durante-oficina-integrada-em-belem\\\/#mainImage\",\"width\":280,\"height\":280},\"primaryImageOfPage\":{\"@id\":\"https:\\\/\\\/www.encontrabelem.com.br\\\/sobre\\\/semas-fortalece-agenda-de-restauracao-florestal-durante-oficina-integrada-em-belem#mainImage\"},\"datePublished\":\"2026-05-31T13:41:13-03:00\",\"dateModified\":\"2026-05-31T13:41:13-03:00\"},{\"@type\":\"WebSite\",\"@id\":\"https:\\\/\\\/www.encontrabelem.com.br\\\/sobre\\\/#website\",\"url\":\"https:\\\/\\\/www.encontrabelem.com.br\\\/sobre\\\/\",\"name\":\"Encontra Bel\\u00e9m\",\"description\":\"Not\\u00edcias, eventos, informa\\u00e7\\u00f5es e dicas na cidade Bel\\u00e9m e regi\\u00e3o.\",\"inLanguage\":\"pt-BR\",\"publisher\":{\"@id\":\"https:\\\/\\\/www.encontrabelem.com.br\\\/sobre\\\/#organization\"}}]}\n\t\t<\/script>\n\t\t<!-- All in One SEO -->\n\n","aioseo_head_json":{"title":"Semas fortalece agenda de restaura\u00e7\u00e3o florestal durante oficina integrada em Bel\u00e9m | Encontra Bel\u00e9m","description":"Semas avan\u00e7a na restaura\u00e7\u00e3o florestal, promovendo o Par\u00e1 e o meio ambiente.","canonical_url":"https:\/\/www.encontrabelem.com.br\/sobre\/semas-fortalece-agenda-de-restauracao-florestal-durante-oficina-integrada-em-belem","robots":"max-image-preview:large","keywords":"","webmasterTools":{"miscellaneous":""},"schema":{"@context":"https:\/\/schema.org","@graph":[{"@type":"Article","@id":"https:\/\/www.encontrabelem.com.br\/sobre\/semas-fortalece-agenda-de-restauracao-florestal-durante-oficina-integrada-em-belem#article","name":"Semas fortalece agenda de restaura\u00e7\u00e3o florestal durante oficina integrada em Bel\u00e9m | Encontra Bel\u00e9m","headline":"Semas fortalece agenda de restaura\u00e7\u00e3o florestal durante oficina integrada em Bel\u00e9m","author":{"@id":"https:\/\/www.encontrabelem.com.br\/sobre\/author\/ebelem#author"},"publisher":{"@id":"https:\/\/www.encontrabelem.com.br\/sobre\/#organization"},"image":{"@type":"ImageObject","url":"https:\/\/www.encontrabelem.com.br\/sobre\/wp-content\/uploads\/2026\/05\/semas-fortalece-agenda-de-restauracao-florestal-durante-oficina-integrada-em-belem.webp","width":280,"height":280},"datePublished":"2026-05-31T13:41:13-03:00","dateModified":"2026-05-31T13:41:13-03:00","inLanguage":"pt-BR","mainEntityOfPage":{"@id":"https:\/\/www.encontrabelem.com.br\/sobre\/semas-fortalece-agenda-de-restauracao-florestal-durante-oficina-integrada-em-belem#webpage"},"isPartOf":{"@id":"https:\/\/www.encontrabelem.com.br\/sobre\/semas-fortalece-agenda-de-restauracao-florestal-durante-oficina-integrada-em-belem#webpage"},"articleSection":"Not\u00edcias Bel\u00e9m"},{"@type":"BreadcrumbList","@id":"https:\/\/www.encontrabelem.com.br\/sobre\/semas-fortalece-agenda-de-restauracao-florestal-durante-oficina-integrada-em-belem#breadcrumblist","itemListElement":[{"@type":"ListItem","@id":"https:\/\/www.encontrabelem.com.br\/sobre#listItem","position":1,"name":"In\u00edcio","item":"https:\/\/www.encontrabelem.com.br\/sobre","nextItem":{"@type":"ListItem","@id":"https:\/\/www.encontrabelem.com.br\/sobre\/noticias-em-belem#listItem","name":"Not\u00edcias Bel\u00e9m"}},{"@type":"ListItem","@id":"https:\/\/www.encontrabelem.com.br\/sobre\/noticias-em-belem#listItem","position":2,"name":"Not\u00edcias Bel\u00e9m","item":"https:\/\/www.encontrabelem.com.br\/sobre\/noticias-em-belem","nextItem":{"@type":"ListItem","@id":"https:\/\/www.encontrabelem.com.br\/sobre\/semas-fortalece-agenda-de-restauracao-florestal-durante-oficina-integrada-em-belem#listItem","name":"Semas fortalece agenda de restaura\u00e7\u00e3o florestal durante oficina integrada em Bel\u00e9m"},"previousItem":{"@type":"ListItem","@id":"https:\/\/www.encontrabelem.com.br\/sobre#listItem","name":"In\u00edcio"}},{"@type":"ListItem","@id":"https:\/\/www.encontrabelem.com.br\/sobre\/semas-fortalece-agenda-de-restauracao-florestal-durante-oficina-integrada-em-belem#listItem","position":3,"name":"Semas fortalece agenda de restaura\u00e7\u00e3o florestal durante oficina integrada em Bel\u00e9m","previousItem":{"@type":"ListItem","@id":"https:\/\/www.encontrabelem.com.br\/sobre\/noticias-em-belem#listItem","name":"Not\u00edcias Bel\u00e9m"}}]},{"@type":"Organization","@id":"https:\/\/www.encontrabelem.com.br\/sobre\/#organization","name":"Encontra Bel\u00e9m","description":"Not\u00edcias, eventos, informa\u00e7\u00f5es e dicas na cidade Bel\u00e9m e regi\u00e3o.","url":"https:\/\/www.encontrabelem.com.br\/sobre\/"},{"@type":"Person","@id":"https:\/\/www.encontrabelem.com.br\/sobre\/author\/ebelem#author","url":"https:\/\/www.encontrabelem.com.br\/sobre\/author\/ebelem","name":"Encontra Bel\u00e9m","image":{"@type":"ImageObject","@id":"https:\/\/www.encontrabelem.com.br\/sobre\/semas-fortalece-agenda-de-restauracao-florestal-durante-oficina-integrada-em-belem#authorImage","url":"https:\/\/secure.gravatar.com\/avatar\/507340682b8270222e1f208e23198b6ae7e2c6a1033ae84e99bc6bce4f82a387?s=96&d=mm&r=g","width":96,"height":96,"caption":"Encontra Bel\u00e9m"}},{"@type":"WebPage","@id":"https:\/\/www.encontrabelem.com.br\/sobre\/semas-fortalece-agenda-de-restauracao-florestal-durante-oficina-integrada-em-belem#webpage","url":"https:\/\/www.encontrabelem.com.br\/sobre\/semas-fortalece-agenda-de-restauracao-florestal-durante-oficina-integrada-em-belem","name":"Semas fortalece agenda de restaura\u00e7\u00e3o florestal durante oficina integrada em Bel\u00e9m | Encontra Bel\u00e9m","description":"Semas avan\u00e7a na restaura\u00e7\u00e3o florestal, promovendo o Par\u00e1 e o meio ambiente.","inLanguage":"pt-BR","isPartOf":{"@id":"https:\/\/www.encontrabelem.com.br\/sobre\/#website"},"breadcrumb":{"@id":"https:\/\/www.encontrabelem.com.br\/sobre\/semas-fortalece-agenda-de-restauracao-florestal-durante-oficina-integrada-em-belem#breadcrumblist"},"author":{"@id":"https:\/\/www.encontrabelem.com.br\/sobre\/author\/ebelem#author"},"creator":{"@id":"https:\/\/www.encontrabelem.com.br\/sobre\/author\/ebelem#author"},"image":{"@type":"ImageObject","url":"https:\/\/www.encontrabelem.com.br\/sobre\/wp-content\/uploads\/2026\/05\/semas-fortalece-agenda-de-restauracao-florestal-durante-oficina-integrada-em-belem.webp","@id":"https:\/\/www.encontrabelem.com.br\/sobre\/semas-fortalece-agenda-de-restauracao-florestal-durante-oficina-integrada-em-belem\/#mainImage","width":280,"height":280},"primaryImageOfPage":{"@id":"https:\/\/www.encontrabelem.com.br\/sobre\/semas-fortalece-agenda-de-restauracao-florestal-durante-oficina-integrada-em-belem#mainImage"},"datePublished":"2026-05-31T13:41:13-03:00","dateModified":"2026-05-31T13:41:13-03:00"},{"@type":"WebSite","@id":"https:\/\/www.encontrabelem.com.br\/sobre\/#website","url":"https:\/\/www.encontrabelem.com.br\/sobre\/","name":"Encontra Bel\u00e9m","description":"Not\u00edcias, eventos, informa\u00e7\u00f5es e dicas na cidade Bel\u00e9m e regi\u00e3o.","inLanguage":"pt-BR","publisher":{"@id":"https:\/\/www.encontrabelem.com.br\/sobre\/#organization"}}]},"og:locale":"pt_BR","og:site_name":"Encontra Bel\u00e9m | Not\u00edcias, eventos, informa\u00e7\u00f5es e dicas na cidade Bel\u00e9m e regi\u00e3o.","og:type":"article","og:title":"Semas fortalece agenda de restaura\u00e7\u00e3o florestal durante oficina integrada em Bel\u00e9m | Encontra Bel\u00e9m","og:description":"Semas avan\u00e7a na restaura\u00e7\u00e3o florestal, promovendo o Par\u00e1 e o meio ambiente.","og:url":"https:\/\/www.encontrabelem.com.br\/sobre\/semas-fortalece-agenda-de-restauracao-florestal-durante-oficina-integrada-em-belem","article:published_time":"2026-05-31T16:41:13+00:00","article:modified_time":"2026-05-31T16:41:13+00:00","twitter:card":"summary","twitter:title":"Semas fortalece agenda de restaura\u00e7\u00e3o florestal durante oficina integrada em Bel\u00e9m | Encontra Bel\u00e9m","twitter:description":"Semas avan\u00e7a na restaura\u00e7\u00e3o florestal, promovendo o Par\u00e1 e o meio ambiente."},"aioseo_meta_data":{"post_id":"1779","title":null,"description":null,"keywords":null,"keyphrases":null,"primary_term":null,"canonical_url":null,"og_title":null,"og_description":null,"og_object_type":"default","og_image_type":"default","og_image_url":null,"og_image_width":null,"og_image_height":null,"og_image_custom_url":null,"og_image_custom_fields":null,"og_video":null,"og_custom_url":null,"og_article_section":null,"og_article_tags":null,"twitter_use_og":false,"twitter_card":"default","twitter_image_type":"default","twitter_image_url":null,"twitter_image_custom_url":null,"twitter_image_custom_fields":null,"twitter_title":null,"twitter_description":null,"schema":{"blockGraphs":[],"customGraphs":[],"default":{"data":{"Article":[],"Course":[],"Dataset":[],"FAQPage":[],"Movie":[],"Person":[],"Product":[],"ProductReview":[],"Car":[],"Recipe":[],"Service":[],"SoftwareApplication":[],"WebPage":[]},"graphName":"Article","isEnabled":true},"graphs":[]},"schema_type":"default","schema_type_options":null,"pillar_content":false,"robots_default":true,"robots_noindex":false,"robots_noarchive":false,"robots_nosnippet":false,"robots_nofollow":false,"robots_noimageindex":false,"robots_noodp":false,"robots_notranslate":false,"robots_max_snippet":null,"robots_max_videopreview":null,"robots_max_imagepreview":"large","priority":null,"frequency":null,"local_seo":null,"breadcrumb_settings":null,"limit_modified_date":false,"ai":null,"created":"2026-05-31 16:41:18","updated":"2026-05-31 17:19:57","focus_keyword":null,"additional_keywords":null,"truseo_locale":null,"seo_analyzer_scan_date":null},"aioseo_breadcrumb":"<div class=\"aioseo-breadcrumbs\"><span class=\"aioseo-breadcrumb\">\n\t\t\t<a href=\"https:\/\/www.encontrabelem.com.br\/sobre\" title=\"In\u00edcio\">In\u00edcio<\/a>\n\t\t<\/span><span class=\"aioseo-breadcrumb-separator\">&raquo;<\/span><span class=\"aioseo-breadcrumb\">\n\t\t\t<a href=\"https:\/\/www.encontrabelem.com.br\/sobre\/noticias-em-belem\" title=\"Not\u00edcias Bel\u00e9m\">Not\u00edcias Bel\u00e9m<\/a>\n\t\t<\/span><span class=\"aioseo-breadcrumb-separator\">&raquo;<\/span><span class=\"aioseo-breadcrumb\">\n\t\t\tSemas fortalece agenda de restaura\u00e7\u00e3o florestal durante oficina integrada em Bel\u00e9m\n\t\t<\/span><\/div>","aioseo_breadcrumb_json":[{"label":"In\u00edcio","link":"https:\/\/www.encontrabelem.com.br\/sobre"},{"label":"Not\u00edcias Bel\u00e9m","link":"https:\/\/www.encontrabelem.com.br\/sobre\/noticias-em-belem"},{"label":"Semas fortalece agenda de restaura\u00e7\u00e3o florestal durante oficina integrada em Bel\u00e9m","link":"https:\/\/www.encontrabelem.com.br\/sobre\/semas-fortalece-agenda-de-restauracao-florestal-durante-oficina-integrada-em-belem"}],"_links":{"self":[{"href":"https:\/\/www.encontrabelem.com.br\/sobre\/wp-json\/wp\/v2\/posts\/1779","targetHints":{"allow":["GET"]}}],"collection":[{"href":"https:\/\/www.encontrabelem.com.br\/sobre\/wp-json\/wp\/v2\/posts"}],"about":[{"href":"https:\/\/www.encontrabelem.com.br\/sobre\/wp-json\/wp\/v2\/types\/post"}],"author":[{"embeddable":true,"href":"https:\/\/www.encontrabelem.com.br\/sobre\/wp-json\/wp\/v2\/users\/1"}],"replies":[{"embeddable":true,"href":"https:\/\/www.encontrabelem.com.br\/sobre\/wp-json\/wp\/v2\/comments?post=1779"}],"version-history":[{"count":0,"href":"https:\/\/www.encontrabelem.com.br\/sobre\/wp-json\/wp\/v2\/posts\/1779\/revisions"}],"wp:featuredmedia":[{"embeddable":true,"href":"https:\/\/www.encontrabelem.com.br\/sobre\/wp-json\/wp\/v2\/media\/1778"}],"wp:attachment":[{"href":"https:\/\/www.encontrabelem.com.br\/sobre\/wp-json\/wp\/v2\/media?parent=1779"}],"wp:term":[{"taxonomy":"category","embeddable":true,"href":"https:\/\/www.encontrabelem.com.br\/sobre\/wp-json\/wp\/v2\/categories?post=1779"},{"taxonomy":"post_tag","embeddable":true,"href":"https:\/\/www.encontrabelem.com.br\/sobre\/wp-json\/wp\/v2\/tags?post=1779"}],"curies":[{"name":"wp","href":"https:\/\/api.w.org\/{rel}","templated":true}]}}