{"id":1777,"date":"2026-05-30T13:28:32","date_gmt":"2026-05-30T16:28:32","guid":{"rendered":"https:\/\/www.encontrabelem.com.br\/sobre\/o-que-fazer-em-belem-alceu-valenca-detonautas-menos-e-mais-agitam-o-fim-de-semana"},"modified":"2026-05-30T13:28:32","modified_gmt":"2026-05-30T16:28:32","slug":"o-que-fazer-em-belem-alceu-valenca-detonautas-menos-e-mais-agitam-o-fim-de-semana","status":"publish","type":"post","link":"https:\/\/www.encontrabelem.com.br\/sobre\/o-que-fazer-em-belem-alceu-valenca-detonautas-menos-e-mais-agitam-o-fim-de-semana","title":{"rendered":"O que fazer em Bel\u00e9m: Alceu Valen\u00e7a, Detonautas, Menos \u00e9 Mais agitam o fim de semana"},"content":{"rendered":"<div class=\"b22802487b0d38c4c6d9f34966e16421\" data-index=\"1\" style=\"float: none; margin:0px;\">\n<!-- Anuncio display - global -->\r\n<ins class=\"adsbygoogle\"\r\n     style=\"display:block\"\r\n     data-ad-client=\"ca-pub-8585364105181520\"\r\n     data-ad-slot=\"8789329856\"\r\n     data-ad-format=\"auto\"\r\n     data-full-width-responsive=\"true\"><\/ins>\r\n<script>\r\n     (adsbygoogle = window.adsbygoogle || []).push({});\r\n<\/script>\n<\/div>\n<h2>Atra\u00e7\u00f5es Musicais Imperd\u00edveis<\/h2>\n<p>O final de semana em Bel\u00e9m promete ser vibrante, especialmente para os amantes da m\u00fasica. Com artistas renomados como Alceu Valen\u00e7a em sua turn\u00ea &#8220;80 Girass\u00f3is&#8221; e a banda Detonautas se apresentando no evento Luau NaB\u00eara, a programa\u00e7\u00e3o musical est\u00e1 recheada de op\u00e7\u00f5es imperd\u00edveis para todas as idades.<\/p>\n<p>Alceu Valen\u00e7a, um \u00edcone da m\u00fasica nordestina, est\u00e1 celebrando seu anivers\u00e1rio de 80 anos com uma apresenta\u00e7\u00e3o repleta de sucessos de sua carreira emblem\u00e1tica. O show ocorrer\u00e1 no Hangar, prometendo uma noite cheia de emo\u00e7\u00e3o e nostalgia para f\u00e3s.<\/p>\n<p>O evento Luau NaB\u00eara, que contar\u00e1 com a presen\u00e7a da banda Detonautas, proporcionar\u00e1 uma mistura de m\u00fasica e gastronomia em um ambiente descontra\u00eddo \u00e0s margens do rio, trazendo o melhor do rock nacional e uma atmosfera praiana.<\/p>\n<p><img decoding=\"async\" src=\"https:\/\/www.encontrabelem.com.br\/sobre\/wp-content\/uploads\/2026\/05\/o-que-fazer-em-belem-alceu-valenca-detonautas-menos-e-mais-agitam-o-fim-de-semana.webp\" alt=\"agenda cultural Bel\u00e9m\" loading=\"lazy\" \/><\/p>\n<h2>Festival do Hamb\u00farguer em Ananindeua<\/h2>\n<p>Ananindeua ser\u00e1 o palco da segunda edi\u00e7\u00e3o do Festival do Hamb\u00farguer, que promete atrair muitos aficionados por gastronomia. O evento ocorrer\u00e1 entre os dias 29 e 31 de maio e contar\u00e1 com 12 hamburguerias locais que oferecer\u00e3o receitas exclusivas. Al\u00e9m de saborear hamb\u00fargueres deliciosos, os visitantes poder\u00e3o apreciar shows ao vivo e participar de uma vota\u00e7\u00e3o popular para eleger os melhores pratos.<\/p>\n<p>A entrada \u00e9 gratuita, e os pre\u00e7os dos lanches variam de R$ 9,90 a R$ 19,90, garantindo uma experi\u00eancia acess\u00edvel e saborosa. Este festival n\u00e3o s\u00f3 fortalece a gastronomia local, mas tamb\u00e9m promove um momento de lazer e conviv\u00eancia para fam\u00edlias e amigos.<\/p>\n<h2>Espet\u00e1culos Culturais e Teatrais<\/h2>\n<p>O Theatro da Paz, uma das mais importantes casas de teatro do pa\u00eds, receber\u00e1 a \u00f3pera &#8220;La Serva Padrona &#8211; Uma releitura paraense&#8221; nos dias 30 e 31 de maio. Esta adi\u00e7\u00e3o ao Festival de \u00d3pera trar\u00e1 uma vis\u00e3o inovadora da cl\u00e1ssica obra italiana, incorporando elementos da cultura amaz\u00f4nica e da m\u00fasica local, apresentando uma fresca abordagem ao p\u00fablico.<\/p>\n<p>Al\u00e9m disso, o espet\u00e1culo infantojuvenil &#8220;K-pop e as Guerreiras M\u00e1gicas&#8221; promete encantar as crian\u00e7as e adolescentes com di\u00e1logos emocionantes e coreografias cativantes. O evento ser\u00e1 realizado no Teatro IT Center, destacando a cultura pop coreana de maneira l\u00fadica e divertida.<\/p>\n<h2>Proje\u00e7\u00f5es no Centro Hist\u00f3rico de Bel\u00e9m<\/h2>\n<p>O Centro Hist\u00f3rico de Bel\u00e9m ser\u00e1 iluminado por uma s\u00e9rie de proje\u00e7\u00f5es art\u00edsticas durante a Mostra MAPA, que ocorrer\u00e1 nos dias 29 e 30 de maio. As proje\u00e7\u00f5es, que retratam mem\u00f3rias ferrovi\u00e1rias, transformar\u00e3o o cen\u00e1rio urbano em uma galeria de arte a c\u00e9u aberto, enriquecendo a experi\u00eancia dos cidad\u00e3os e turistas que passam pela \u00e1rea.<\/p>\n<h2>Eventos Gastron\u00f4micos<\/h2>\n<p>A Feira do A\u00e7a\u00ed abrir\u00e1 suas portas para o evento &#8220;Vagalume Selvagem&#8221;, que marca o in\u00edcio da temporada junina em Bel\u00e9m. Reunindo o Ponto de Cultura Boi Vagalume e o grupo Carimb\u00f3 Selvagem, esta celebra\u00e7\u00e3o promete encantar o p\u00fablico com tradi\u00e7\u00f5es regionais, al\u00e9m de comidas t\u00edpicas e uma vibra\u00e7\u00e3o festiva t\u00edpica do m\u00eas de junho na regi\u00e3o.<\/p>\n<h2>Mostra Art\u00edstica no Sesc Ver-o-Peso<\/h2>\n<p>No Sesc Ver-o-Peso, a exposi\u00e7\u00e3o &#8220;O Lugar e o N\u00e3o-Lugar&#8221; ser\u00e1 inaugurada, convidando o p\u00fablico a refletir sobre quest\u00f5es de mem\u00f3ria, deslocamento e pertencimento. Com obras das artistas paraenses Luciana Lemos e S\u00edlvia Helena Cardoso, a mostra ser\u00e1 enriquecedora e acess\u00edvel a todos, proporcionando di\u00e1logos importantes sobre a identidade na contemporaneidade.<\/p>\n<h2>Programa\u00e7\u00e3o para Crian\u00e7as<\/h2>\n<p>Al\u00e9m da proposta cultural, Bel\u00e9m tamb\u00e9m tem eventos voltados para as crian\u00e7as. O Mercado de S\u00e3o Br\u00e1s ser\u00e1 o cen\u00e1rio da grava\u00e7\u00e3o gratuita de um novo audiovisual do cantor Thiago Costa, que promete encantar os pequenos com suas can\u00e7\u00f5es animadas, proporcionando uma experi\u00eancia cultural significativa.<\/p>\n<h2>Viva a Cultura Amaz\u00f4nica<\/h2>\n<p>Neste ambiente cultural, ser\u00e1 realizada uma grande celebra\u00e7\u00e3o dedicada ao DJ Betinho Apollo no Parque dos Igarap\u00e9s, onde o tema da festa ser\u00e1 voltado para a cultura das aparelhagens, com shows e um open bar, tudo em homenagem ao anivers\u00e1rio do artista. Essa festividade inaugura uma nova era de eventos que celebram as tradi\u00e7\u00f5es sonoras do Par\u00e1 e sua rica heran\u00e7a cultural.<\/p>\n<h2>Atra\u00e7\u00f5es Gratuitas para Todos<\/h2>\n<p>Bel\u00e9m se destaca por suas diversas op\u00e7\u00f5es de eventos gratuitos, que v\u00e3o desde a programa\u00e7\u00e3o popular na Pra\u00e7a Batista Campos, que contar\u00e1 com shows, apresenta\u00e7\u00f5es infantis e culturais at\u00e9 a Mostra MAPA. Essas atra\u00e7\u00f5es gratuitas permitem que todos possam participar, promovendo uma cidade mais inclusiva e culturalmente rica.<\/p>\n<h2>Celebra\u00e7\u00f5es Juninas em Bel\u00e9m<\/h2>\n<p>A \u00e9poca junina \u00e9 um dos per\u00edodos mais aguardados do ano em Bel\u00e9m, e eventos como o Vagalume Selvagem refor\u00e7am essa tradi\u00e7\u00e3o, trazendo \u00e0 tona as ra\u00edzes culturais da regi\u00e3o. Com m\u00fasica, dan\u00e7a e pratos t\u00edpicos, o Arraial traz \u00e0 mem\u00f3ria as festas de S\u00e3o Jo\u00e3o e as celebra\u00e7\u00f5es tradicionais que fazem parte da identidade do povo paraense.<\/p>\n<p>Essas experi\u00eancias culturais n\u00e3o s\u00f3 divertem, mas tamb\u00e9m educam e fortalecem os la\u00e7os comunit\u00e1rios, criando um ambiente onde a tradi\u00e7\u00e3o e a modernidade coexistem harmoniosamente. Bel\u00e9m, neste final de semana, se torna um polo de cultura, m\u00fasica e alegria, convidando todos a explorarem e celebrarem o que h\u00e1 de melhor na Amaz\u00f4nia.<\/p>\n\n<div style=\"font-size: 0px; height: 0px; line-height: 0px; margin: 0; padding: 0; clear: both;\"><\/div>","protected":false},"excerpt":{"rendered":"<p>Descubra a vibrante agenda cultural deste fim de semana em Bel\u00e9m!<\/p>\n","protected":false},"author":1,"featured_media":1776,"comment_status":"open","ping_status":"closed","sticky":false,"template":"","format":"standard","meta":{"footnotes":""},"categories":[1],"tags":[],"class_list":["post-1777","post","type-post","status-publish","format-standard","has-post-thumbnail","hentry","category-noticias-em-belem","has_thumb"],"aioseo_notices":[],"aioseo_head":"\n\t\t<!-- All in One SEO 5.0.0.1 - aioseo.com -->\n\t<meta name=\"description\" content=\"Descubra a vibrante agenda cultural deste fim de semana em Bel\u00e9m!\" \/>\n\t<meta name=\"robots\" content=\"max-image-preview:large\" \/>\n\t<meta name=\"author\" content=\"Encontra Bel\u00e9m\"\/>\n\t<link rel=\"canonical\" href=\"https:\/\/www.encontrabelem.com.br\/sobre\/o-que-fazer-em-belem-alceu-valenca-detonautas-menos-e-mais-agitam-o-fim-de-semana\" \/>\n\t<meta name=\"generator\" content=\"All in One SEO (AIOSEO) 5.0.0.1\" \/>\n\t\t<meta property=\"og:locale\" content=\"pt_BR\" \/>\n\t\t<meta property=\"og:site_name\" content=\"Encontra Bel\u00e9m | Not\u00edcias, eventos, informa\u00e7\u00f5es e dicas na cidade Bel\u00e9m e regi\u00e3o.\" \/>\n\t\t<meta property=\"og:type\" content=\"article\" \/>\n\t\t<meta property=\"og:title\" content=\"O que fazer em Bel\u00e9m: Alceu Valen\u00e7a, Detonautas, Menos \u00e9 Mais agitam o fim de semana | Encontra Bel\u00e9m\" \/>\n\t\t<meta property=\"og:description\" content=\"Descubra a vibrante agenda cultural deste fim de semana em Bel\u00e9m!\" \/>\n\t\t<meta property=\"og:url\" content=\"https:\/\/www.encontrabelem.com.br\/sobre\/o-que-fazer-em-belem-alceu-valenca-detonautas-menos-e-mais-agitam-o-fim-de-semana\" \/>\n\t\t<meta property=\"article:published_time\" content=\"2026-05-30T16:28:32+00:00\" \/>\n\t\t<meta property=\"article:modified_time\" content=\"2026-05-30T16:28:32+00:00\" \/>\n\t\t<meta name=\"twitter:card\" content=\"summary\" \/>\n\t\t<meta name=\"twitter:title\" content=\"O que fazer em Bel\u00e9m: Alceu Valen\u00e7a, Detonautas, Menos \u00e9 Mais agitam o fim de semana | Encontra Bel\u00e9m\" \/>\n\t\t<meta name=\"twitter:description\" content=\"Descubra a vibrante agenda cultural deste fim de semana em Bel\u00e9m!\" \/>\n\t\t<script type=\"application\/ld+json\" class=\"aioseo-schema\">\n\t\t\t{\"@context\":\"https:\\\/\\\/schema.org\",\"@graph\":[{\"@type\":\"Article\",\"@id\":\"https:\\\/\\\/www.encontrabelem.com.br\\\/sobre\\\/o-que-fazer-em-belem-alceu-valenca-detonautas-menos-e-mais-agitam-o-fim-de-semana#article\",\"name\":\"O que fazer em Bel\\u00e9m: Alceu Valen\\u00e7a, Detonautas, Menos \\u00e9 Mais agitam o fim de semana | Encontra Bel\\u00e9m\",\"headline\":\"O que fazer em Bel\\u00e9m: Alceu Valen\\u00e7a, Detonautas, Menos \\u00e9 Mais agitam o fim de semana\",\"author\":{\"@id\":\"https:\\\/\\\/www.encontrabelem.com.br\\\/sobre\\\/author\\\/ebelem#author\"},\"publisher\":{\"@id\":\"https:\\\/\\\/www.encontrabelem.com.br\\\/sobre\\\/#organization\"},\"image\":{\"@type\":\"ImageObject\",\"url\":\"https:\\\/\\\/www.encontrabelem.com.br\\\/sobre\\\/wp-content\\\/uploads\\\/2026\\\/05\\\/o-que-fazer-em-belem-alceu-valenca-detonautas-menos-e-mais-agitam-o-fim-de-semana.webp\",\"width\":280,\"height\":280,\"caption\":\"agenda cultural Bel\\u00e9m\"},\"datePublished\":\"2026-05-30T13:28:32-03:00\",\"dateModified\":\"2026-05-30T13:28:32-03:00\",\"inLanguage\":\"pt-BR\",\"mainEntityOfPage\":{\"@id\":\"https:\\\/\\\/www.encontrabelem.com.br\\\/sobre\\\/o-que-fazer-em-belem-alceu-valenca-detonautas-menos-e-mais-agitam-o-fim-de-semana#webpage\"},\"isPartOf\":{\"@id\":\"https:\\\/\\\/www.encontrabelem.com.br\\\/sobre\\\/o-que-fazer-em-belem-alceu-valenca-detonautas-menos-e-mais-agitam-o-fim-de-semana#webpage\"},\"articleSection\":\"Not\\u00edcias Bel\\u00e9m\"},{\"@type\":\"BreadcrumbList\",\"@id\":\"https:\\\/\\\/www.encontrabelem.com.br\\\/sobre\\\/o-que-fazer-em-belem-alceu-valenca-detonautas-menos-e-mais-agitam-o-fim-de-semana#breadcrumblist\",\"itemListElement\":[{\"@type\":\"ListItem\",\"@id\":\"https:\\\/\\\/www.encontrabelem.com.br\\\/sobre#listItem\",\"position\":1,\"name\":\"In\\u00edcio\",\"item\":\"https:\\\/\\\/www.encontrabelem.com.br\\\/sobre\",\"nextItem\":{\"@type\":\"ListItem\",\"@id\":\"https:\\\/\\\/www.encontrabelem.com.br\\\/sobre\\\/noticias-em-belem#listItem\",\"name\":\"Not\\u00edcias Bel\\u00e9m\"}},{\"@type\":\"ListItem\",\"@id\":\"https:\\\/\\\/www.encontrabelem.com.br\\\/sobre\\\/noticias-em-belem#listItem\",\"position\":2,\"name\":\"Not\\u00edcias Bel\\u00e9m\",\"item\":\"https:\\\/\\\/www.encontrabelem.com.br\\\/sobre\\\/noticias-em-belem\",\"nextItem\":{\"@type\":\"ListItem\",\"@id\":\"https:\\\/\\\/www.encontrabelem.com.br\\\/sobre\\\/o-que-fazer-em-belem-alceu-valenca-detonautas-menos-e-mais-agitam-o-fim-de-semana#listItem\",\"name\":\"O que fazer em Bel\\u00e9m: Alceu Valen\\u00e7a, Detonautas, Menos \\u00e9 Mais agitam o fim de semana\"},\"previousItem\":{\"@type\":\"ListItem\",\"@id\":\"https:\\\/\\\/www.encontrabelem.com.br\\\/sobre#listItem\",\"name\":\"In\\u00edcio\"}},{\"@type\":\"ListItem\",\"@id\":\"https:\\\/\\\/www.encontrabelem.com.br\\\/sobre\\\/o-que-fazer-em-belem-alceu-valenca-detonautas-menos-e-mais-agitam-o-fim-de-semana#listItem\",\"position\":3,\"name\":\"O que fazer em Bel\\u00e9m: Alceu Valen\\u00e7a, Detonautas, Menos \\u00e9 Mais agitam o fim de semana\",\"previousItem\":{\"@type\":\"ListItem\",\"@id\":\"https:\\\/\\\/www.encontrabelem.com.br\\\/sobre\\\/noticias-em-belem#listItem\",\"name\":\"Not\\u00edcias Bel\\u00e9m\"}}]},{\"@type\":\"Organization\",\"@id\":\"https:\\\/\\\/www.encontrabelem.com.br\\\/sobre\\\/#organization\",\"name\":\"Encontra Bel\\u00e9m\",\"description\":\"Not\\u00edcias, eventos, informa\\u00e7\\u00f5es e dicas na cidade Bel\\u00e9m e regi\\u00e3o.\",\"url\":\"https:\\\/\\\/www.encontrabelem.com.br\\\/sobre\\\/\"},{\"@type\":\"Person\",\"@id\":\"https:\\\/\\\/www.encontrabelem.com.br\\\/sobre\\\/author\\\/ebelem#author\",\"url\":\"https:\\\/\\\/www.encontrabelem.com.br\\\/sobre\\\/author\\\/ebelem\",\"name\":\"Encontra Bel\\u00e9m\",\"image\":{\"@type\":\"ImageObject\",\"@id\":\"https:\\\/\\\/www.encontrabelem.com.br\\\/sobre\\\/o-que-fazer-em-belem-alceu-valenca-detonautas-menos-e-mais-agitam-o-fim-de-semana#authorImage\",\"url\":\"https:\\\/\\\/secure.gravatar.com\\\/avatar\\\/507340682b8270222e1f208e23198b6ae7e2c6a1033ae84e99bc6bce4f82a387?s=96&d=mm&r=g\",\"width\":96,\"height\":96,\"caption\":\"Encontra Bel\\u00e9m\"}},{\"@type\":\"WebPage\",\"@id\":\"https:\\\/\\\/www.encontrabelem.com.br\\\/sobre\\\/o-que-fazer-em-belem-alceu-valenca-detonautas-menos-e-mais-agitam-o-fim-de-semana#webpage\",\"url\":\"https:\\\/\\\/www.encontrabelem.com.br\\\/sobre\\\/o-que-fazer-em-belem-alceu-valenca-detonautas-menos-e-mais-agitam-o-fim-de-semana\",\"name\":\"O que fazer em Bel\\u00e9m: Alceu Valen\\u00e7a, Detonautas, Menos \\u00e9 Mais agitam o fim de semana | Encontra Bel\\u00e9m\",\"description\":\"Descubra a vibrante agenda cultural deste fim de semana em Bel\\u00e9m!\",\"inLanguage\":\"pt-BR\",\"isPartOf\":{\"@id\":\"https:\\\/\\\/www.encontrabelem.com.br\\\/sobre\\\/#website\"},\"breadcrumb\":{\"@id\":\"https:\\\/\\\/www.encontrabelem.com.br\\\/sobre\\\/o-que-fazer-em-belem-alceu-valenca-detonautas-menos-e-mais-agitam-o-fim-de-semana#breadcrumblist\"},\"author\":{\"@id\":\"https:\\\/\\\/www.encontrabelem.com.br\\\/sobre\\\/author\\\/ebelem#author\"},\"creator\":{\"@id\":\"https:\\\/\\\/www.encontrabelem.com.br\\\/sobre\\\/author\\\/ebelem#author\"},\"image\":{\"@type\":\"ImageObject\",\"url\":\"https:\\\/\\\/www.encontrabelem.com.br\\\/sobre\\\/wp-content\\\/uploads\\\/2026\\\/05\\\/o-que-fazer-em-belem-alceu-valenca-detonautas-menos-e-mais-agitam-o-fim-de-semana.webp\",\"@id\":\"https:\\\/\\\/www.encontrabelem.com.br\\\/sobre\\\/o-que-fazer-em-belem-alceu-valenca-detonautas-menos-e-mais-agitam-o-fim-de-semana\\\/#mainImage\",\"width\":280,\"height\":280,\"caption\":\"agenda cultural Bel\\u00e9m\"},\"primaryImageOfPage\":{\"@id\":\"https:\\\/\\\/www.encontrabelem.com.br\\\/sobre\\\/o-que-fazer-em-belem-alceu-valenca-detonautas-menos-e-mais-agitam-o-fim-de-semana#mainImage\"},\"datePublished\":\"2026-05-30T13:28:32-03:00\",\"dateModified\":\"2026-05-30T13:28:32-03:00\"},{\"@type\":\"WebSite\",\"@id\":\"https:\\\/\\\/www.encontrabelem.com.br\\\/sobre\\\/#website\",\"url\":\"https:\\\/\\\/www.encontrabelem.com.br\\\/sobre\\\/\",\"name\":\"Encontra Bel\\u00e9m\",\"description\":\"Not\\u00edcias, eventos, informa\\u00e7\\u00f5es e dicas na cidade Bel\\u00e9m e regi\\u00e3o.\",\"inLanguage\":\"pt-BR\",\"publisher\":{\"@id\":\"https:\\\/\\\/www.encontrabelem.com.br\\\/sobre\\\/#organization\"}}]}\n\t\t<\/script>\n\t\t<!-- All in One SEO -->\n\n","aioseo_head_json":{"title":"O que fazer em Bel\u00e9m: Alceu Valen\u00e7a, Detonautas, Menos \u00e9 Mais agitam o fim de semana | Encontra Bel\u00e9m","description":"Descubra a vibrante agenda cultural deste fim de semana em Bel\u00e9m!","canonical_url":"https:\/\/www.encontrabelem.com.br\/sobre\/o-que-fazer-em-belem-alceu-valenca-detonautas-menos-e-mais-agitam-o-fim-de-semana","robots":"max-image-preview:large","keywords":"","webmasterTools":{"miscellaneous":""},"schema":{"@context":"https:\/\/schema.org","@graph":[{"@type":"Article","@id":"https:\/\/www.encontrabelem.com.br\/sobre\/o-que-fazer-em-belem-alceu-valenca-detonautas-menos-e-mais-agitam-o-fim-de-semana#article","name":"O que fazer em Bel\u00e9m: Alceu Valen\u00e7a, Detonautas, Menos \u00e9 Mais agitam o fim de semana | Encontra Bel\u00e9m","headline":"O que fazer em Bel\u00e9m: Alceu Valen\u00e7a, Detonautas, Menos \u00e9 Mais agitam o fim de semana","author":{"@id":"https:\/\/www.encontrabelem.com.br\/sobre\/author\/ebelem#author"},"publisher":{"@id":"https:\/\/www.encontrabelem.com.br\/sobre\/#organization"},"image":{"@type":"ImageObject","url":"https:\/\/www.encontrabelem.com.br\/sobre\/wp-content\/uploads\/2026\/05\/o-que-fazer-em-belem-alceu-valenca-detonautas-menos-e-mais-agitam-o-fim-de-semana.webp","width":280,"height":280,"caption":"agenda cultural Bel\u00e9m"},"datePublished":"2026-05-30T13:28:32-03:00","dateModified":"2026-05-30T13:28:32-03:00","inLanguage":"pt-BR","mainEntityOfPage":{"@id":"https:\/\/www.encontrabelem.com.br\/sobre\/o-que-fazer-em-belem-alceu-valenca-detonautas-menos-e-mais-agitam-o-fim-de-semana#webpage"},"isPartOf":{"@id":"https:\/\/www.encontrabelem.com.br\/sobre\/o-que-fazer-em-belem-alceu-valenca-detonautas-menos-e-mais-agitam-o-fim-de-semana#webpage"},"articleSection":"Not\u00edcias Bel\u00e9m"},{"@type":"BreadcrumbList","@id":"https:\/\/www.encontrabelem.com.br\/sobre\/o-que-fazer-em-belem-alceu-valenca-detonautas-menos-e-mais-agitam-o-fim-de-semana#breadcrumblist","itemListElement":[{"@type":"ListItem","@id":"https:\/\/www.encontrabelem.com.br\/sobre#listItem","position":1,"name":"In\u00edcio","item":"https:\/\/www.encontrabelem.com.br\/sobre","nextItem":{"@type":"ListItem","@id":"https:\/\/www.encontrabelem.com.br\/sobre\/noticias-em-belem#listItem","name":"Not\u00edcias Bel\u00e9m"}},{"@type":"ListItem","@id":"https:\/\/www.encontrabelem.com.br\/sobre\/noticias-em-belem#listItem","position":2,"name":"Not\u00edcias Bel\u00e9m","item":"https:\/\/www.encontrabelem.com.br\/sobre\/noticias-em-belem","nextItem":{"@type":"ListItem","@id":"https:\/\/www.encontrabelem.com.br\/sobre\/o-que-fazer-em-belem-alceu-valenca-detonautas-menos-e-mais-agitam-o-fim-de-semana#listItem","name":"O que fazer em Bel\u00e9m: Alceu Valen\u00e7a, Detonautas, Menos \u00e9 Mais agitam o fim de semana"},"previousItem":{"@type":"ListItem","@id":"https:\/\/www.encontrabelem.com.br\/sobre#listItem","name":"In\u00edcio"}},{"@type":"ListItem","@id":"https:\/\/www.encontrabelem.com.br\/sobre\/o-que-fazer-em-belem-alceu-valenca-detonautas-menos-e-mais-agitam-o-fim-de-semana#listItem","position":3,"name":"O que fazer em Bel\u00e9m: Alceu Valen\u00e7a, Detonautas, Menos \u00e9 Mais agitam o fim de semana","previousItem":{"@type":"ListItem","@id":"https:\/\/www.encontrabelem.com.br\/sobre\/noticias-em-belem#listItem","name":"Not\u00edcias Bel\u00e9m"}}]},{"@type":"Organization","@id":"https:\/\/www.encontrabelem.com.br\/sobre\/#organization","name":"Encontra Bel\u00e9m","description":"Not\u00edcias, eventos, informa\u00e7\u00f5es e dicas na cidade Bel\u00e9m e regi\u00e3o.","url":"https:\/\/www.encontrabelem.com.br\/sobre\/"},{"@type":"Person","@id":"https:\/\/www.encontrabelem.com.br\/sobre\/author\/ebelem#author","url":"https:\/\/www.encontrabelem.com.br\/sobre\/author\/ebelem","name":"Encontra Bel\u00e9m","image":{"@type":"ImageObject","@id":"https:\/\/www.encontrabelem.com.br\/sobre\/o-que-fazer-em-belem-alceu-valenca-detonautas-menos-e-mais-agitam-o-fim-de-semana#authorImage","url":"https:\/\/secure.gravatar.com\/avatar\/507340682b8270222e1f208e23198b6ae7e2c6a1033ae84e99bc6bce4f82a387?s=96&d=mm&r=g","width":96,"height":96,"caption":"Encontra Bel\u00e9m"}},{"@type":"WebPage","@id":"https:\/\/www.encontrabelem.com.br\/sobre\/o-que-fazer-em-belem-alceu-valenca-detonautas-menos-e-mais-agitam-o-fim-de-semana#webpage","url":"https:\/\/www.encontrabelem.com.br\/sobre\/o-que-fazer-em-belem-alceu-valenca-detonautas-menos-e-mais-agitam-o-fim-de-semana","name":"O que fazer em Bel\u00e9m: Alceu Valen\u00e7a, Detonautas, Menos \u00e9 Mais agitam o fim de semana | Encontra Bel\u00e9m","description":"Descubra a vibrante agenda cultural deste fim de semana em Bel\u00e9m!","inLanguage":"pt-BR","isPartOf":{"@id":"https:\/\/www.encontrabelem.com.br\/sobre\/#website"},"breadcrumb":{"@id":"https:\/\/www.encontrabelem.com.br\/sobre\/o-que-fazer-em-belem-alceu-valenca-detonautas-menos-e-mais-agitam-o-fim-de-semana#breadcrumblist"},"author":{"@id":"https:\/\/www.encontrabelem.com.br\/sobre\/author\/ebelem#author"},"creator":{"@id":"https:\/\/www.encontrabelem.com.br\/sobre\/author\/ebelem#author"},"image":{"@type":"ImageObject","url":"https:\/\/www.encontrabelem.com.br\/sobre\/wp-content\/uploads\/2026\/05\/o-que-fazer-em-belem-alceu-valenca-detonautas-menos-e-mais-agitam-o-fim-de-semana.webp","@id":"https:\/\/www.encontrabelem.com.br\/sobre\/o-que-fazer-em-belem-alceu-valenca-detonautas-menos-e-mais-agitam-o-fim-de-semana\/#mainImage","width":280,"height":280,"caption":"agenda cultural Bel\u00e9m"},"primaryImageOfPage":{"@id":"https:\/\/www.encontrabelem.com.br\/sobre\/o-que-fazer-em-belem-alceu-valenca-detonautas-menos-e-mais-agitam-o-fim-de-semana#mainImage"},"datePublished":"2026-05-30T13:28:32-03:00","dateModified":"2026-05-30T13:28:32-03:00"},{"@type":"WebSite","@id":"https:\/\/www.encontrabelem.com.br\/sobre\/#website","url":"https:\/\/www.encontrabelem.com.br\/sobre\/","name":"Encontra Bel\u00e9m","description":"Not\u00edcias, eventos, informa\u00e7\u00f5es e dicas na cidade Bel\u00e9m e regi\u00e3o.","inLanguage":"pt-BR","publisher":{"@id":"https:\/\/www.encontrabelem.com.br\/sobre\/#organization"}}]},"og:locale":"pt_BR","og:site_name":"Encontra Bel\u00e9m | Not\u00edcias, eventos, informa\u00e7\u00f5es e dicas na cidade Bel\u00e9m e regi\u00e3o.","og:type":"article","og:title":"O que fazer em Bel\u00e9m: Alceu Valen\u00e7a, Detonautas, Menos \u00e9 Mais agitam o fim de semana | Encontra Bel\u00e9m","og:description":"Descubra a vibrante agenda cultural deste fim de semana em Bel\u00e9m!","og:url":"https:\/\/www.encontrabelem.com.br\/sobre\/o-que-fazer-em-belem-alceu-valenca-detonautas-menos-e-mais-agitam-o-fim-de-semana","article:published_time":"2026-05-30T16:28:32+00:00","article:modified_time":"2026-05-30T16:28:32+00:00","twitter:card":"summary","twitter:title":"O que fazer em Bel\u00e9m: Alceu Valen\u00e7a, Detonautas, Menos \u00e9 Mais agitam o fim de semana | Encontra Bel\u00e9m","twitter:description":"Descubra a vibrante agenda cultural deste fim de semana em Bel\u00e9m!"},"aioseo_meta_data":{"post_id":"1777","title":null,"description":null,"keywords":null,"keyphrases":null,"primary_term":null,"canonical_url":null,"og_title":null,"og_description":null,"og_object_type":"default","og_image_type":"default","og_image_url":null,"og_image_width":null,"og_image_height":null,"og_image_custom_url":null,"og_image_custom_fields":null,"og_video":null,"og_custom_url":null,"og_article_section":null,"og_article_tags":null,"twitter_use_og":false,"twitter_card":"default","twitter_image_type":"default","twitter_image_url":null,"twitter_image_custom_url":null,"twitter_image_custom_fields":null,"twitter_title":null,"twitter_description":null,"schema":{"blockGraphs":[],"customGraphs":[],"default":{"data":{"Article":[],"Course":[],"Dataset":[],"FAQPage":[],"Movie":[],"Person":[],"Product":[],"ProductReview":[],"Car":[],"Recipe":[],"Service":[],"SoftwareApplication":[],"WebPage":[]},"graphName":"Article","isEnabled":true},"graphs":[]},"schema_type":"default","schema_type_options":null,"pillar_content":false,"robots_default":true,"robots_noindex":false,"robots_noarchive":false,"robots_nosnippet":false,"robots_nofollow":false,"robots_noimageindex":false,"robots_noodp":false,"robots_notranslate":false,"robots_max_snippet":null,"robots_max_videopreview":null,"robots_max_imagepreview":"large","priority":null,"frequency":null,"local_seo":null,"breadcrumb_settings":null,"limit_modified_date":false,"ai":null,"created":"2026-05-30 16:34:05","updated":"2026-05-30 16:34:05","focus_keyword":null,"additional_keywords":null,"truseo_locale":null,"seo_analyzer_scan_date":null},"aioseo_breadcrumb":"<div class=\"aioseo-breadcrumbs\"><span class=\"aioseo-breadcrumb\">\n\t\t\t<a href=\"https:\/\/www.encontrabelem.com.br\/sobre\" title=\"In\u00edcio\">In\u00edcio<\/a>\n\t\t<\/span><span class=\"aioseo-breadcrumb-separator\">&raquo;<\/span><span class=\"aioseo-breadcrumb\">\n\t\t\t<a href=\"https:\/\/www.encontrabelem.com.br\/sobre\/noticias-em-belem\" title=\"Not\u00edcias Bel\u00e9m\">Not\u00edcias Bel\u00e9m<\/a>\n\t\t<\/span><span class=\"aioseo-breadcrumb-separator\">&raquo;<\/span><span class=\"aioseo-breadcrumb\">\n\t\t\tO que fazer em Bel\u00e9m: Alceu Valen\u00e7a, Detonautas, Menos \u00e9 Mais agitam o fim de semana\n\t\t<\/span><\/div>","aioseo_breadcrumb_json":[{"label":"In\u00edcio","link":"https:\/\/www.encontrabelem.com.br\/sobre"},{"label":"Not\u00edcias Bel\u00e9m","link":"https:\/\/www.encontrabelem.com.br\/sobre\/noticias-em-belem"},{"label":"O que fazer em Bel\u00e9m: Alceu Valen\u00e7a, Detonautas, Menos \u00e9 Mais agitam o fim de semana","link":"https:\/\/www.encontrabelem.com.br\/sobre\/o-que-fazer-em-belem-alceu-valenca-detonautas-menos-e-mais-agitam-o-fim-de-semana"}],"_links":{"self":[{"href":"https:\/\/www.encontrabelem.com.br\/sobre\/wp-json\/wp\/v2\/posts\/1777","targetHints":{"allow":["GET"]}}],"collection":[{"href":"https:\/\/www.encontrabelem.com.br\/sobre\/wp-json\/wp\/v2\/posts"}],"about":[{"href":"https:\/\/www.encontrabelem.com.br\/sobre\/wp-json\/wp\/v2\/types\/post"}],"author":[{"embeddable":true,"href":"https:\/\/www.encontrabelem.com.br\/sobre\/wp-json\/wp\/v2\/users\/1"}],"replies":[{"embeddable":true,"href":"https:\/\/www.encontrabelem.com.br\/sobre\/wp-json\/wp\/v2\/comments?post=1777"}],"version-history":[{"count":0,"href":"https:\/\/www.encontrabelem.com.br\/sobre\/wp-json\/wp\/v2\/posts\/1777\/revisions"}],"wp:featuredmedia":[{"embeddable":true,"href":"https:\/\/www.encontrabelem.com.br\/sobre\/wp-json\/wp\/v2\/media\/1776"}],"wp:attachment":[{"href":"https:\/\/www.encontrabelem.com.br\/sobre\/wp-json\/wp\/v2\/media?parent=1777"}],"wp:term":[{"taxonomy":"category","embeddable":true,"href":"https:\/\/www.encontrabelem.com.br\/sobre\/wp-json\/wp\/v2\/categories?post=1777"},{"taxonomy":"post_tag","embeddable":true,"href":"https:\/\/www.encontrabelem.com.br\/sobre\/wp-json\/wp\/v2\/tags?post=1777"}],"curies":[{"name":"wp","href":"https:\/\/api.w.org\/{rel}","templated":true}]}}