{"id":1771,"date":"2026-05-27T13:26:01","date_gmt":"2026-05-27T16:26:01","guid":{"rendered":"https:\/\/www.encontrabelem.com.br\/sobre\/prefeitura-de-belem-comeca-leilao-de-veiculos-retidos-veja-como-funciona"},"modified":"2026-05-27T13:26:01","modified_gmt":"2026-05-27T16:26:01","slug":"prefeitura-de-belem-comeca-leilao-de-veiculos-retidos-veja-como-funciona","status":"publish","type":"post","link":"https:\/\/www.encontrabelem.com.br\/sobre\/prefeitura-de-belem-comeca-leilao-de-veiculos-retidos-veja-como-funciona","title":{"rendered":"Prefeitura de Bel\u00e9m come\u00e7a leil\u00e3o de ve\u00edculos retidos; veja como funciona"},"content":{"rendered":"<div class=\"b22802487b0d38c4c6d9f34966e16421\" data-index=\"1\" style=\"float: none; margin:0px;\">\n<!-- Anuncio display - global -->\r\n<ins class=\"adsbygoogle\"\r\n     style=\"display:block\"\r\n     data-ad-client=\"ca-pub-8585364105181520\"\r\n     data-ad-slot=\"8789329856\"\r\n     data-ad-format=\"auto\"\r\n     data-full-width-responsive=\"true\"><\/ins>\r\n<script>\r\n     (adsbygoogle = window.adsbygoogle || []).push({});\r\n<\/script>\n<\/div>\n<h2>O que \u00e9 o Leil\u00e3o de Ve\u00edculos?<\/h2>\n<p>O <strong>leil\u00e3o de ve\u00edculos<\/strong> em Bel\u00e9m \u00e9 uma iniciativa realizada pela Secretaria Municipal de Seguran\u00e7a, Ordem P\u00fablica e Mobilidade, conhecida como Segbel. Este evento \u00e9 destinado a ve\u00edculos que foram apreendidos ou removidos e que permanecem sem regulariza\u00e7\u00e3o pelos propriet\u00e1rios por um per\u00edodo superior a 60 dias. O leil\u00e3o proporciona a oportunidade de adquirir desde autom\u00f3veis em boas condi\u00e7\u00f5es de uso at\u00e9 sucatas que podem ser reaproveitadas, apoiando assim n\u00e3o apenas uma economia vi\u00e1ria, mas tamb\u00e9m pr\u00e1ticas de reciclagem.<\/p>\n<h2>Como Funciona a Participa\u00e7\u00e3o no Leil\u00e3o<\/h2>\n<p>Os interessados em participar do leil\u00e3o devem se registrar na plataforma online com anteced\u00eancia. A participa\u00e7\u00e3o ocorre atrav\u00e9s de lances eletr\u00f4nicos. No dia do leil\u00e3o, que ser\u00e1 realizado de forma virtual, os participantes podem fazer suas ofertas por meio da internet, a partir das 9h. O leil\u00e3o \u00e9 monitorado por uma comiss\u00e3o que garante a lisura e a transpar\u00eancia do processo.<\/p>\n<h2>Datas Importantes do Leil\u00e3o em Bel\u00e9m<\/h2>\n<p>As datas a serem observadas para o leil\u00e3o incluem:<\/p>\n<p><img decoding=\"async\" src=\"https:\/\/www.encontrabelem.com.br\/sobre\/wp-content\/uploads\/2026\/05\/prefeitura-de-belem-comeca-leilao-de-veiculos-retidos-veja-como-funciona.webp\" alt=\"leil\u00e3o de ve\u00edculos em Bel\u00e9m\" loading=\"lazy\" \/><\/p>\n<ul>\n<li><strong>Visita\u00e7\u00e3o dos ve\u00edculos:<\/strong> 7 e 8 de maio de 2026 das 9h \u00e0s 14h.<\/li>\n<li><strong>Realiza\u00e7\u00e3o do leil\u00e3o:<\/strong> 11 e 12 de maio de 2026 a partir das 9h.<\/li>\n<\/ul>\n<p>\u00c9 fundamental para os participantes programar suas visitas e assegurar um cadastro pr\u00e9vio na plataforma de leil\u00e3o, que deve ser realizado com pelo menos 12 horas de anteced\u00eancia.<\/p>\n<h2>Categorias de Ve\u00edculos Dispon\u00edveis<\/h2>\n<p>No leil\u00e3o, os ve\u00edculos s\u00e3o classificados em diferentes categorias, que incluem:<\/p>\n<ul>\n<li><strong>Ve\u00edculos em boas condi\u00e7\u00f5es:<\/strong> Carros que est\u00e3o aptos para uso imediato.<\/li>\n<li><strong>Sucatas aproveit\u00e1veis:<\/strong> Ve\u00edculos que podem ser reutilizados ou desmontados para pe\u00e7as.<\/li>\n<li><strong>Ve\u00edculos inserv\u00edveis:<\/strong> Aqueles que n\u00e3o podem mais ser utilizados para transporte e devem ser reciclados.<\/li>\n<\/ul>\n<h2>Como Avaliar os Ve\u00edculos<\/h2>\n<p>A avalia\u00e7\u00e3o dos ve\u00edculos \u00e9 crucial antes de fazer um lance. Durante os dias de visita\u00e7\u00e3o, os potenciais compradores t\u00eam a chance de inspecionar os ve\u00edculos. Os pontos que devem ser considerados incluem:<\/p>\n<ul>\n<li><strong>Conserva\u00e7\u00e3o:<\/strong> Verifique o estado geral do ve\u00edculo, incluindo a lataria, o interior e o motor.<\/li>\n<li><strong>Documenta\u00e7\u00e3o:<\/strong> Confira se o ve\u00edculo possui a documenta\u00e7\u00e3o regular, mesmo que tenha sido apreendido.<\/li>\n<li><strong>Potencial de reaproveitamento:<\/strong> Avalie se o ve\u00edculo pode ser restaurado ou se suas pe\u00e7as podem ser utilizadas em outros ve\u00edculos.<\/li>\n<\/ul>\n<h2>Documenta\u00e7\u00e3o Necess\u00e1ria para Participar<\/h2>\n<p>Para poder participar do leil\u00e3o e fazer lances, o interessado deve apresentar:<\/p>\n<ul>\n<li><strong>Documento de identidade com foto:<\/strong> \u00c9 necess\u00e1rio para a verifica\u00e7\u00e3o de identidade.<\/li>\n<li><strong>Comprovante de resid\u00eancia:<\/strong> Que pode ser utilizado para confirmar os dados do participante.<\/li>\n<li><strong>Cadastro pr\u00e9vio na plataforma:<\/strong> Deve ser feito com anteced\u00eancia para garantir a participa\u00e7\u00e3o no leil\u00e3o.<\/li>\n<\/ul>\n<h2>Dicas para Fazer um Bom Lance<\/h2>\n<p>Fazer um bom lance em um leil\u00e3o requer estrat\u00e9gia. Aqui est\u00e3o algumas dicas pr\u00e1ticas:<\/p>\n<ul>\n<li><strong>Pesquise previamente:<\/strong> Familiarize-se com os ve\u00edculos dispon\u00edveis e seus pre\u00e7os de mercado.<\/li>\n<li><strong>Defina um or\u00e7amento:<\/strong> Tenha claro quanto est\u00e1 disposto a gastar para n\u00e3o se deixar levar pela emo\u00e7\u00e3o do momento.<\/li>\n<li><strong>Participe da visita\u00e7\u00e3o:<\/strong> Isso oferece a oportunidade de avaliar os ve\u00edculos de forma pr\u00e1tica.<\/li>\n<li><strong>Esteja preparado para lances r\u00e1pidos:<\/strong> O leil\u00e3o pode ser din\u00e2mico, exigindo rapidez nos lances.<\/li>\n<\/ul>\n<h2>Seguran\u00e7a e Reciclagem Ambiental<\/h2>\n<p>Uma das vantagens do leil\u00e3o de ve\u00edculos \u00e9 sua contribui\u00e7\u00e3o para a <strong>seguran\u00e7a vi\u00e1ria<\/strong> e a <strong>reciclagem ambiental<\/strong>. Ao liberar os p\u00e1tios da cidade, os ve\u00edculos considerados inserv\u00edveis ou sucatas s\u00e3o reciclados, minimizando o impacto ambiental. A iniciativa ajuda a garantir que apenas ve\u00edculos seguros sejam utilizados nas vias p\u00fablicas, reduzindo o risco de acidentes.<\/p>\n<h2>Vantagens de Comprar em Leil\u00f5es<\/h2>\n<p>Os leil\u00f5es oferecem diversas vantagens para os compradores, tais como:<\/p>\n<ul>\n<li><strong>Pre\u00e7os abaixo do mercado:<\/strong> \u00c9 comum encontrar ve\u00edculos com valores mais acess\u00edveis do que os praticados no mercado.<\/li>\n<li><strong>Variedade de op\u00e7\u00f5es:<\/strong> Existe uma ampla gama de ve\u00edculos, de diferentes tipos e pre\u00e7os.<\/li>\n<li><strong>Transpar\u00eancia no processo:<\/strong> Os leil\u00f5es s\u00e3o regulados e supervisionados, garantindo um processo justo.<\/li>\n<\/ul>\n<h2>Informa\u00e7\u00f5es de Contato e Acesso ao Leil\u00e3o<\/h2>\n<p>Para mais informa\u00e7\u00f5es sobre o leil\u00e3o de ve\u00edculos, os interessados podem acessar a plataforma virtual onde o leil\u00e3o ser\u00e1 realizado, que \u00e9 <strong><a href='http:\/\/www.leilo.com.br'>www.leilo.com.br<\/a><\/strong>. Outras informa\u00e7\u00f5es podem ser obtidas diretamente com a equipe da Segbel, que est\u00e1 dispon\u00edvel para tirar d\u00favidas e fornecer detalhes adicionais.<\/p>\n<p>A participa\u00e7\u00e3o e o acesso ao leil\u00e3o s\u00e3o democratizados, permitindo que qualquer pessoa interessada possa concorrer \u00e0s melhores ofertas. Portanto, mantenha-se atento \u00e0s datas e aproveite essa oportunidade \u00fanica de adquirir um ve\u00edculo com pre\u00e7o acess\u00edvel.<\/p>\n\n<div style=\"font-size: 0px; height: 0px; line-height: 0px; margin: 0; padding: 0; clear: both;\"><\/div>","protected":false},"excerpt":{"rendered":"<p>Leil\u00e3o de ve\u00edculos em Bel\u00e9m oferece \u00f3timas oportunidades para compradores e investidores.<\/p>\n","protected":false},"author":1,"featured_media":1770,"comment_status":"open","ping_status":"closed","sticky":false,"template":"","format":"standard","meta":{"footnotes":""},"categories":[1],"tags":[],"class_list":["post-1771","post","type-post","status-publish","format-standard","has-post-thumbnail","hentry","category-noticias-em-belem","has_thumb"],"aioseo_notices":[],"aioseo_head":"\n\t\t<!-- All in One SEO 5.0.0.1 - aioseo.com -->\n\t<meta name=\"description\" content=\"Leil\u00e3o de ve\u00edculos em Bel\u00e9m oferece \u00f3timas oportunidades para compradores e investidores.\" \/>\n\t<meta name=\"robots\" content=\"max-image-preview:large\" \/>\n\t<meta name=\"author\" content=\"Encontra Bel\u00e9m\"\/>\n\t<link rel=\"canonical\" href=\"https:\/\/www.encontrabelem.com.br\/sobre\/prefeitura-de-belem-comeca-leilao-de-veiculos-retidos-veja-como-funciona\" \/>\n\t<meta name=\"generator\" content=\"All in One SEO (AIOSEO) 5.0.0.1\" \/>\n\t\t<meta property=\"og:locale\" content=\"pt_BR\" \/>\n\t\t<meta property=\"og:site_name\" content=\"Encontra Bel\u00e9m | Not\u00edcias, eventos, informa\u00e7\u00f5es e dicas na cidade Bel\u00e9m e regi\u00e3o.\" \/>\n\t\t<meta property=\"og:type\" content=\"article\" \/>\n\t\t<meta property=\"og:title\" content=\"Prefeitura de Bel\u00e9m come\u00e7a leil\u00e3o de ve\u00edculos retidos; veja como funciona | Encontra Bel\u00e9m\" \/>\n\t\t<meta property=\"og:description\" content=\"Leil\u00e3o de ve\u00edculos em Bel\u00e9m oferece \u00f3timas oportunidades para compradores e investidores.\" \/>\n\t\t<meta property=\"og:url\" content=\"https:\/\/www.encontrabelem.com.br\/sobre\/prefeitura-de-belem-comeca-leilao-de-veiculos-retidos-veja-como-funciona\" \/>\n\t\t<meta property=\"article:published_time\" content=\"2026-05-27T16:26:01+00:00\" \/>\n\t\t<meta property=\"article:modified_time\" content=\"2026-05-27T16:26:01+00:00\" \/>\n\t\t<meta name=\"twitter:card\" content=\"summary\" \/>\n\t\t<meta name=\"twitter:title\" content=\"Prefeitura de Bel\u00e9m come\u00e7a leil\u00e3o de ve\u00edculos retidos; veja como funciona | Encontra Bel\u00e9m\" \/>\n\t\t<meta name=\"twitter:description\" content=\"Leil\u00e3o de ve\u00edculos em Bel\u00e9m oferece \u00f3timas oportunidades para compradores e investidores.\" \/>\n\t\t<script type=\"application\/ld+json\" class=\"aioseo-schema\">\n\t\t\t{\"@context\":\"https:\\\/\\\/schema.org\",\"@graph\":[{\"@type\":\"Article\",\"@id\":\"https:\\\/\\\/www.encontrabelem.com.br\\\/sobre\\\/prefeitura-de-belem-comeca-leilao-de-veiculos-retidos-veja-como-funciona#article\",\"name\":\"Prefeitura de Bel\\u00e9m come\\u00e7a leil\\u00e3o de ve\\u00edculos retidos; veja como funciona | Encontra Bel\\u00e9m\",\"headline\":\"Prefeitura de Bel\\u00e9m come\\u00e7a leil\\u00e3o de ve\\u00edculos retidos; veja como funciona\",\"author\":{\"@id\":\"https:\\\/\\\/www.encontrabelem.com.br\\\/sobre\\\/author\\\/ebelem#author\"},\"publisher\":{\"@id\":\"https:\\\/\\\/www.encontrabelem.com.br\\\/sobre\\\/#organization\"},\"image\":{\"@type\":\"ImageObject\",\"url\":\"https:\\\/\\\/www.encontrabelem.com.br\\\/sobre\\\/wp-content\\\/uploads\\\/2026\\\/05\\\/prefeitura-de-belem-comeca-leilao-de-veiculos-retidos-veja-como-funciona.webp\",\"width\":280,\"height\":280,\"caption\":\"leil\\u00e3o de ve\\u00edculos em Bel\\u00e9m\"},\"datePublished\":\"2026-05-27T13:26:01-03:00\",\"dateModified\":\"2026-05-27T13:26:01-03:00\",\"inLanguage\":\"pt-BR\",\"mainEntityOfPage\":{\"@id\":\"https:\\\/\\\/www.encontrabelem.com.br\\\/sobre\\\/prefeitura-de-belem-comeca-leilao-de-veiculos-retidos-veja-como-funciona#webpage\"},\"isPartOf\":{\"@id\":\"https:\\\/\\\/www.encontrabelem.com.br\\\/sobre\\\/prefeitura-de-belem-comeca-leilao-de-veiculos-retidos-veja-como-funciona#webpage\"},\"articleSection\":\"Not\\u00edcias Bel\\u00e9m\"},{\"@type\":\"BreadcrumbList\",\"@id\":\"https:\\\/\\\/www.encontrabelem.com.br\\\/sobre\\\/prefeitura-de-belem-comeca-leilao-de-veiculos-retidos-veja-como-funciona#breadcrumblist\",\"itemListElement\":[{\"@type\":\"ListItem\",\"@id\":\"https:\\\/\\\/www.encontrabelem.com.br\\\/sobre#listItem\",\"position\":1,\"name\":\"In\\u00edcio\",\"item\":\"https:\\\/\\\/www.encontrabelem.com.br\\\/sobre\",\"nextItem\":{\"@type\":\"ListItem\",\"@id\":\"https:\\\/\\\/www.encontrabelem.com.br\\\/sobre\\\/noticias-em-belem#listItem\",\"name\":\"Not\\u00edcias Bel\\u00e9m\"}},{\"@type\":\"ListItem\",\"@id\":\"https:\\\/\\\/www.encontrabelem.com.br\\\/sobre\\\/noticias-em-belem#listItem\",\"position\":2,\"name\":\"Not\\u00edcias Bel\\u00e9m\",\"item\":\"https:\\\/\\\/www.encontrabelem.com.br\\\/sobre\\\/noticias-em-belem\",\"nextItem\":{\"@type\":\"ListItem\",\"@id\":\"https:\\\/\\\/www.encontrabelem.com.br\\\/sobre\\\/prefeitura-de-belem-comeca-leilao-de-veiculos-retidos-veja-como-funciona#listItem\",\"name\":\"Prefeitura de Bel\\u00e9m come\\u00e7a leil\\u00e3o de ve\\u00edculos retidos; veja como funciona\"},\"previousItem\":{\"@type\":\"ListItem\",\"@id\":\"https:\\\/\\\/www.encontrabelem.com.br\\\/sobre#listItem\",\"name\":\"In\\u00edcio\"}},{\"@type\":\"ListItem\",\"@id\":\"https:\\\/\\\/www.encontrabelem.com.br\\\/sobre\\\/prefeitura-de-belem-comeca-leilao-de-veiculos-retidos-veja-como-funciona#listItem\",\"position\":3,\"name\":\"Prefeitura de Bel\\u00e9m come\\u00e7a leil\\u00e3o de ve\\u00edculos retidos; veja como funciona\",\"previousItem\":{\"@type\":\"ListItem\",\"@id\":\"https:\\\/\\\/www.encontrabelem.com.br\\\/sobre\\\/noticias-em-belem#listItem\",\"name\":\"Not\\u00edcias Bel\\u00e9m\"}}]},{\"@type\":\"Organization\",\"@id\":\"https:\\\/\\\/www.encontrabelem.com.br\\\/sobre\\\/#organization\",\"name\":\"Encontra Bel\\u00e9m\",\"description\":\"Not\\u00edcias, eventos, informa\\u00e7\\u00f5es e dicas na cidade Bel\\u00e9m e regi\\u00e3o.\",\"url\":\"https:\\\/\\\/www.encontrabelem.com.br\\\/sobre\\\/\"},{\"@type\":\"Person\",\"@id\":\"https:\\\/\\\/www.encontrabelem.com.br\\\/sobre\\\/author\\\/ebelem#author\",\"url\":\"https:\\\/\\\/www.encontrabelem.com.br\\\/sobre\\\/author\\\/ebelem\",\"name\":\"Encontra Bel\\u00e9m\",\"image\":{\"@type\":\"ImageObject\",\"@id\":\"https:\\\/\\\/www.encontrabelem.com.br\\\/sobre\\\/prefeitura-de-belem-comeca-leilao-de-veiculos-retidos-veja-como-funciona#authorImage\",\"url\":\"https:\\\/\\\/secure.gravatar.com\\\/avatar\\\/507340682b8270222e1f208e23198b6ae7e2c6a1033ae84e99bc6bce4f82a387?s=96&d=mm&r=g\",\"width\":96,\"height\":96,\"caption\":\"Encontra Bel\\u00e9m\"}},{\"@type\":\"WebPage\",\"@id\":\"https:\\\/\\\/www.encontrabelem.com.br\\\/sobre\\\/prefeitura-de-belem-comeca-leilao-de-veiculos-retidos-veja-como-funciona#webpage\",\"url\":\"https:\\\/\\\/www.encontrabelem.com.br\\\/sobre\\\/prefeitura-de-belem-comeca-leilao-de-veiculos-retidos-veja-como-funciona\",\"name\":\"Prefeitura de Bel\\u00e9m come\\u00e7a leil\\u00e3o de ve\\u00edculos retidos; veja como funciona | Encontra Bel\\u00e9m\",\"description\":\"Leil\\u00e3o de ve\\u00edculos em Bel\\u00e9m oferece \\u00f3timas oportunidades para compradores e investidores.\",\"inLanguage\":\"pt-BR\",\"isPartOf\":{\"@id\":\"https:\\\/\\\/www.encontrabelem.com.br\\\/sobre\\\/#website\"},\"breadcrumb\":{\"@id\":\"https:\\\/\\\/www.encontrabelem.com.br\\\/sobre\\\/prefeitura-de-belem-comeca-leilao-de-veiculos-retidos-veja-como-funciona#breadcrumblist\"},\"author\":{\"@id\":\"https:\\\/\\\/www.encontrabelem.com.br\\\/sobre\\\/author\\\/ebelem#author\"},\"creator\":{\"@id\":\"https:\\\/\\\/www.encontrabelem.com.br\\\/sobre\\\/author\\\/ebelem#author\"},\"image\":{\"@type\":\"ImageObject\",\"url\":\"https:\\\/\\\/www.encontrabelem.com.br\\\/sobre\\\/wp-content\\\/uploads\\\/2026\\\/05\\\/prefeitura-de-belem-comeca-leilao-de-veiculos-retidos-veja-como-funciona.webp\",\"@id\":\"https:\\\/\\\/www.encontrabelem.com.br\\\/sobre\\\/prefeitura-de-belem-comeca-leilao-de-veiculos-retidos-veja-como-funciona\\\/#mainImage\",\"width\":280,\"height\":280,\"caption\":\"leil\\u00e3o de ve\\u00edculos em Bel\\u00e9m\"},\"primaryImageOfPage\":{\"@id\":\"https:\\\/\\\/www.encontrabelem.com.br\\\/sobre\\\/prefeitura-de-belem-comeca-leilao-de-veiculos-retidos-veja-como-funciona#mainImage\"},\"datePublished\":\"2026-05-27T13:26:01-03:00\",\"dateModified\":\"2026-05-27T13:26:01-03:00\"},{\"@type\":\"WebSite\",\"@id\":\"https:\\\/\\\/www.encontrabelem.com.br\\\/sobre\\\/#website\",\"url\":\"https:\\\/\\\/www.encontrabelem.com.br\\\/sobre\\\/\",\"name\":\"Encontra Bel\\u00e9m\",\"description\":\"Not\\u00edcias, eventos, informa\\u00e7\\u00f5es e dicas na cidade Bel\\u00e9m e regi\\u00e3o.\",\"inLanguage\":\"pt-BR\",\"publisher\":{\"@id\":\"https:\\\/\\\/www.encontrabelem.com.br\\\/sobre\\\/#organization\"}}]}\n\t\t<\/script>\n\t\t<!-- All in One SEO -->\n\n","aioseo_head_json":{"title":"Prefeitura de Bel\u00e9m come\u00e7a leil\u00e3o de ve\u00edculos retidos; veja como funciona | Encontra Bel\u00e9m","description":"Leil\u00e3o de ve\u00edculos em Bel\u00e9m oferece \u00f3timas oportunidades para compradores e investidores.","canonical_url":"https:\/\/www.encontrabelem.com.br\/sobre\/prefeitura-de-belem-comeca-leilao-de-veiculos-retidos-veja-como-funciona","robots":"max-image-preview:large","keywords":"","webmasterTools":{"miscellaneous":""},"schema":{"@context":"https:\/\/schema.org","@graph":[{"@type":"Article","@id":"https:\/\/www.encontrabelem.com.br\/sobre\/prefeitura-de-belem-comeca-leilao-de-veiculos-retidos-veja-como-funciona#article","name":"Prefeitura de Bel\u00e9m come\u00e7a leil\u00e3o de ve\u00edculos retidos; veja como funciona | Encontra Bel\u00e9m","headline":"Prefeitura de Bel\u00e9m come\u00e7a leil\u00e3o de ve\u00edculos retidos; veja como funciona","author":{"@id":"https:\/\/www.encontrabelem.com.br\/sobre\/author\/ebelem#author"},"publisher":{"@id":"https:\/\/www.encontrabelem.com.br\/sobre\/#organization"},"image":{"@type":"ImageObject","url":"https:\/\/www.encontrabelem.com.br\/sobre\/wp-content\/uploads\/2026\/05\/prefeitura-de-belem-comeca-leilao-de-veiculos-retidos-veja-como-funciona.webp","width":280,"height":280,"caption":"leil\u00e3o de ve\u00edculos em Bel\u00e9m"},"datePublished":"2026-05-27T13:26:01-03:00","dateModified":"2026-05-27T13:26:01-03:00","inLanguage":"pt-BR","mainEntityOfPage":{"@id":"https:\/\/www.encontrabelem.com.br\/sobre\/prefeitura-de-belem-comeca-leilao-de-veiculos-retidos-veja-como-funciona#webpage"},"isPartOf":{"@id":"https:\/\/www.encontrabelem.com.br\/sobre\/prefeitura-de-belem-comeca-leilao-de-veiculos-retidos-veja-como-funciona#webpage"},"articleSection":"Not\u00edcias Bel\u00e9m"},{"@type":"BreadcrumbList","@id":"https:\/\/www.encontrabelem.com.br\/sobre\/prefeitura-de-belem-comeca-leilao-de-veiculos-retidos-veja-como-funciona#breadcrumblist","itemListElement":[{"@type":"ListItem","@id":"https:\/\/www.encontrabelem.com.br\/sobre#listItem","position":1,"name":"In\u00edcio","item":"https:\/\/www.encontrabelem.com.br\/sobre","nextItem":{"@type":"ListItem","@id":"https:\/\/www.encontrabelem.com.br\/sobre\/noticias-em-belem#listItem","name":"Not\u00edcias Bel\u00e9m"}},{"@type":"ListItem","@id":"https:\/\/www.encontrabelem.com.br\/sobre\/noticias-em-belem#listItem","position":2,"name":"Not\u00edcias Bel\u00e9m","item":"https:\/\/www.encontrabelem.com.br\/sobre\/noticias-em-belem","nextItem":{"@type":"ListItem","@id":"https:\/\/www.encontrabelem.com.br\/sobre\/prefeitura-de-belem-comeca-leilao-de-veiculos-retidos-veja-como-funciona#listItem","name":"Prefeitura de Bel\u00e9m come\u00e7a leil\u00e3o de ve\u00edculos retidos; veja como funciona"},"previousItem":{"@type":"ListItem","@id":"https:\/\/www.encontrabelem.com.br\/sobre#listItem","name":"In\u00edcio"}},{"@type":"ListItem","@id":"https:\/\/www.encontrabelem.com.br\/sobre\/prefeitura-de-belem-comeca-leilao-de-veiculos-retidos-veja-como-funciona#listItem","position":3,"name":"Prefeitura de Bel\u00e9m come\u00e7a leil\u00e3o de ve\u00edculos retidos; veja como funciona","previousItem":{"@type":"ListItem","@id":"https:\/\/www.encontrabelem.com.br\/sobre\/noticias-em-belem#listItem","name":"Not\u00edcias Bel\u00e9m"}}]},{"@type":"Organization","@id":"https:\/\/www.encontrabelem.com.br\/sobre\/#organization","name":"Encontra Bel\u00e9m","description":"Not\u00edcias, eventos, informa\u00e7\u00f5es e dicas na cidade Bel\u00e9m e regi\u00e3o.","url":"https:\/\/www.encontrabelem.com.br\/sobre\/"},{"@type":"Person","@id":"https:\/\/www.encontrabelem.com.br\/sobre\/author\/ebelem#author","url":"https:\/\/www.encontrabelem.com.br\/sobre\/author\/ebelem","name":"Encontra Bel\u00e9m","image":{"@type":"ImageObject","@id":"https:\/\/www.encontrabelem.com.br\/sobre\/prefeitura-de-belem-comeca-leilao-de-veiculos-retidos-veja-como-funciona#authorImage","url":"https:\/\/secure.gravatar.com\/avatar\/507340682b8270222e1f208e23198b6ae7e2c6a1033ae84e99bc6bce4f82a387?s=96&d=mm&r=g","width":96,"height":96,"caption":"Encontra Bel\u00e9m"}},{"@type":"WebPage","@id":"https:\/\/www.encontrabelem.com.br\/sobre\/prefeitura-de-belem-comeca-leilao-de-veiculos-retidos-veja-como-funciona#webpage","url":"https:\/\/www.encontrabelem.com.br\/sobre\/prefeitura-de-belem-comeca-leilao-de-veiculos-retidos-veja-como-funciona","name":"Prefeitura de Bel\u00e9m come\u00e7a leil\u00e3o de ve\u00edculos retidos; veja como funciona | Encontra Bel\u00e9m","description":"Leil\u00e3o de ve\u00edculos em Bel\u00e9m oferece \u00f3timas oportunidades para compradores e investidores.","inLanguage":"pt-BR","isPartOf":{"@id":"https:\/\/www.encontrabelem.com.br\/sobre\/#website"},"breadcrumb":{"@id":"https:\/\/www.encontrabelem.com.br\/sobre\/prefeitura-de-belem-comeca-leilao-de-veiculos-retidos-veja-como-funciona#breadcrumblist"},"author":{"@id":"https:\/\/www.encontrabelem.com.br\/sobre\/author\/ebelem#author"},"creator":{"@id":"https:\/\/www.encontrabelem.com.br\/sobre\/author\/ebelem#author"},"image":{"@type":"ImageObject","url":"https:\/\/www.encontrabelem.com.br\/sobre\/wp-content\/uploads\/2026\/05\/prefeitura-de-belem-comeca-leilao-de-veiculos-retidos-veja-como-funciona.webp","@id":"https:\/\/www.encontrabelem.com.br\/sobre\/prefeitura-de-belem-comeca-leilao-de-veiculos-retidos-veja-como-funciona\/#mainImage","width":280,"height":280,"caption":"leil\u00e3o de ve\u00edculos em Bel\u00e9m"},"primaryImageOfPage":{"@id":"https:\/\/www.encontrabelem.com.br\/sobre\/prefeitura-de-belem-comeca-leilao-de-veiculos-retidos-veja-como-funciona#mainImage"},"datePublished":"2026-05-27T13:26:01-03:00","dateModified":"2026-05-27T13:26:01-03:00"},{"@type":"WebSite","@id":"https:\/\/www.encontrabelem.com.br\/sobre\/#website","url":"https:\/\/www.encontrabelem.com.br\/sobre\/","name":"Encontra Bel\u00e9m","description":"Not\u00edcias, eventos, informa\u00e7\u00f5es e dicas na cidade Bel\u00e9m e regi\u00e3o.","inLanguage":"pt-BR","publisher":{"@id":"https:\/\/www.encontrabelem.com.br\/sobre\/#organization"}}]},"og:locale":"pt_BR","og:site_name":"Encontra Bel\u00e9m | Not\u00edcias, eventos, informa\u00e7\u00f5es e dicas na cidade Bel\u00e9m e regi\u00e3o.","og:type":"article","og:title":"Prefeitura de Bel\u00e9m come\u00e7a leil\u00e3o de ve\u00edculos retidos; veja como funciona | Encontra Bel\u00e9m","og:description":"Leil\u00e3o de ve\u00edculos em Bel\u00e9m oferece \u00f3timas oportunidades para compradores e investidores.","og:url":"https:\/\/www.encontrabelem.com.br\/sobre\/prefeitura-de-belem-comeca-leilao-de-veiculos-retidos-veja-como-funciona","article:published_time":"2026-05-27T16:26:01+00:00","article:modified_time":"2026-05-27T16:26:01+00:00","twitter:card":"summary","twitter:title":"Prefeitura de Bel\u00e9m come\u00e7a leil\u00e3o de ve\u00edculos retidos; veja como funciona | Encontra Bel\u00e9m","twitter:description":"Leil\u00e3o de ve\u00edculos em Bel\u00e9m oferece \u00f3timas oportunidades para compradores e investidores."},"aioseo_meta_data":{"post_id":"1771","title":null,"description":null,"keywords":null,"keyphrases":null,"primary_term":null,"canonical_url":null,"og_title":null,"og_description":null,"og_object_type":"default","og_image_type":"default","og_image_url":null,"og_image_width":null,"og_image_height":null,"og_image_custom_url":null,"og_image_custom_fields":null,"og_video":null,"og_custom_url":null,"og_article_section":null,"og_article_tags":null,"twitter_use_og":false,"twitter_card":"default","twitter_image_type":"default","twitter_image_url":null,"twitter_image_custom_url":null,"twitter_image_custom_fields":null,"twitter_title":null,"twitter_description":null,"schema":{"blockGraphs":[],"customGraphs":[],"default":{"data":{"Article":[],"Course":[],"Dataset":[],"FAQPage":[],"Movie":[],"Person":[],"Product":[],"ProductReview":[],"Car":[],"Recipe":[],"Service":[],"SoftwareApplication":[],"WebPage":[]},"graphName":"Article","isEnabled":true},"graphs":[]},"schema_type":"default","schema_type_options":null,"pillar_content":false,"robots_default":true,"robots_noindex":false,"robots_noarchive":false,"robots_nosnippet":false,"robots_nofollow":false,"robots_noimageindex":false,"robots_noodp":false,"robots_notranslate":false,"robots_max_snippet":null,"robots_max_videopreview":null,"robots_max_imagepreview":"large","priority":null,"frequency":null,"local_seo":null,"breadcrumb_settings":null,"limit_modified_date":false,"ai":null,"created":"2026-05-27 16:26:05","updated":"2026-05-27 16:26:50","focus_keyword":null,"additional_keywords":null,"truseo_locale":null,"seo_analyzer_scan_date":null},"aioseo_breadcrumb":"<div class=\"aioseo-breadcrumbs\"><span class=\"aioseo-breadcrumb\">\n\t\t\t<a href=\"https:\/\/www.encontrabelem.com.br\/sobre\" title=\"In\u00edcio\">In\u00edcio<\/a>\n\t\t<\/span><span class=\"aioseo-breadcrumb-separator\">&raquo;<\/span><span class=\"aioseo-breadcrumb\">\n\t\t\t<a href=\"https:\/\/www.encontrabelem.com.br\/sobre\/noticias-em-belem\" title=\"Not\u00edcias Bel\u00e9m\">Not\u00edcias Bel\u00e9m<\/a>\n\t\t<\/span><span class=\"aioseo-breadcrumb-separator\">&raquo;<\/span><span class=\"aioseo-breadcrumb\">\n\t\t\tPrefeitura de Bel\u00e9m come\u00e7a leil\u00e3o de ve\u00edculos retidos; veja como funciona\n\t\t<\/span><\/div>","aioseo_breadcrumb_json":[{"label":"In\u00edcio","link":"https:\/\/www.encontrabelem.com.br\/sobre"},{"label":"Not\u00edcias Bel\u00e9m","link":"https:\/\/www.encontrabelem.com.br\/sobre\/noticias-em-belem"},{"label":"Prefeitura de Bel\u00e9m come\u00e7a leil\u00e3o de ve\u00edculos retidos; veja como funciona","link":"https:\/\/www.encontrabelem.com.br\/sobre\/prefeitura-de-belem-comeca-leilao-de-veiculos-retidos-veja-como-funciona"}],"_links":{"self":[{"href":"https:\/\/www.encontrabelem.com.br\/sobre\/wp-json\/wp\/v2\/posts\/1771","targetHints":{"allow":["GET"]}}],"collection":[{"href":"https:\/\/www.encontrabelem.com.br\/sobre\/wp-json\/wp\/v2\/posts"}],"about":[{"href":"https:\/\/www.encontrabelem.com.br\/sobre\/wp-json\/wp\/v2\/types\/post"}],"author":[{"embeddable":true,"href":"https:\/\/www.encontrabelem.com.br\/sobre\/wp-json\/wp\/v2\/users\/1"}],"replies":[{"embeddable":true,"href":"https:\/\/www.encontrabelem.com.br\/sobre\/wp-json\/wp\/v2\/comments?post=1771"}],"version-history":[{"count":0,"href":"https:\/\/www.encontrabelem.com.br\/sobre\/wp-json\/wp\/v2\/posts\/1771\/revisions"}],"wp:featuredmedia":[{"embeddable":true,"href":"https:\/\/www.encontrabelem.com.br\/sobre\/wp-json\/wp\/v2\/media\/1770"}],"wp:attachment":[{"href":"https:\/\/www.encontrabelem.com.br\/sobre\/wp-json\/wp\/v2\/media?parent=1771"}],"wp:term":[{"taxonomy":"category","embeddable":true,"href":"https:\/\/www.encontrabelem.com.br\/sobre\/wp-json\/wp\/v2\/categories?post=1771"},{"taxonomy":"post_tag","embeddable":true,"href":"https:\/\/www.encontrabelem.com.br\/sobre\/wp-json\/wp\/v2\/tags?post=1771"}],"curies":[{"name":"wp","href":"https:\/\/api.w.org\/{rel}","templated":true}]}}