{"id":1717,"date":"2026-05-13T11:55:36","date_gmt":"2026-05-13T14:55:36","guid":{"rendered":"https:\/\/www.encontrabelem.com.br\/sobre\/pjm-belem-pa-divulga-o-resultado-definitivo-das-provas-objetivas-do-programa-de-residencia-juridica"},"modified":"2026-05-13T11:55:36","modified_gmt":"2026-05-13T14:55:36","slug":"pjm-belem-pa-divulga-o-resultado-definitivo-das-provas-objetivas-do-programa-de-residencia-juridica","status":"publish","type":"post","link":"https:\/\/www.encontrabelem.com.br\/sobre\/pjm-belem-pa-divulga-o-resultado-definitivo-das-provas-objetivas-do-programa-de-residencia-juridica","title":{"rendered":"PJM Bel\u00e9m\/PA divulga o resultado definitivo das provas objetivas do Programa de Resid\u00eancia Jur\u00eddica"},"content":{"rendered":"<div class=\"b22802487b0d38c4c6d9f34966e16421\" data-index=\"1\" style=\"float: none; margin:0px;\">\n<!-- Anuncio display - global -->\r\n<ins class=\"adsbygoogle\"\r\n     style=\"display:block\"\r\n     data-ad-client=\"ca-pub-8585364105181520\"\r\n     data-ad-slot=\"8789329856\"\r\n     data-ad-format=\"auto\"\r\n     data-full-width-responsive=\"true\"><\/ins>\r\n<script>\r\n     (adsbygoogle = window.adsbygoogle || []).push({});\r\n<\/script>\n<\/div>\n<h2>Resultado Definitivo das Provas Objetivas do Programa de Resid\u00eancia Jur\u00eddica<\/h2>\n<p>A Coordena\u00e7\u00e3o do Segundo Processo P\u00fablico de Sele\u00e7\u00e3o de Residentes da Procuradoria de Justi\u00e7a Militar em Bel\u00e9m, PA, anuncia informa\u00e7\u00f5es relevantes sobre o resultado final das provas objetivas realizadas no \u00e2mbito deste certame.<\/p>\n<h2>Crit\u00e9rios de Aprova\u00e7\u00e3o e Classifica\u00e7\u00e3o<\/h2>\n<p>Para serem considerados aprovados, os candidatos tiveram que obter uma pontua\u00e7\u00e3o igual ou superior a 50%, correspondendo a 15 pontos no total da prova objetiva. A classifica\u00e7\u00e3o dos participantes se d\u00e1 a partir da an\u00e1lise do n\u00famero de acertos, e, em caso de empate, ser\u00e1 priorizado o candidato de maior idade.<\/p>\n<h2>Import\u00e2ncia das Provas Objetivas<\/h2>\n<p>As provas objetivas desempenham um papel crucial na sele\u00e7\u00e3o de candidatos aptos a participar do Programa de Resid\u00eancia Jur\u00eddica. Elas s\u00e3o essenciais para avaliar o conhecimento te\u00f3rico e pr\u00e1tico dos participantes sobre temas relevantes e t\u00e9cnicas necess\u00e1rias para atuar na \u00e1rea jur\u00eddica.<\/p>\n<p><img decoding=\"async\" src=\"https:\/\/www.encontrabelem.com.br\/sobre\/wp-content\/uploads\/2026\/05\/pjm-belem-pa-divulga-o-resultado-definitivo-das-provas-objetivas-do-programa-de-residencia-juridica.webp\" alt=\"resultado definitivo das provas objetivas do Programa de Resid\u00eancia Jur\u00eddica\" loading=\"lazy\" \/><\/p>\n<h2>Hist\u00f3rico do Programa de Resid\u00eancia Jur\u00eddica<\/h2>\n<p>O Programa de Resid\u00eancia Jur\u00eddica surgiu com o objetivo de proporcionar aos futuros juristas uma forma\u00e7\u00e3o pr\u00e1tica, complementando a educa\u00e7\u00e3o acad\u00eamica j\u00e1 adquirida. Esse programa tem se destacado como uma oportunidade \u00fanica de acesso direto ao conhecimento pr\u00e1tico e ao cotidiano das institui\u00e7\u00f5es jur\u00eddicas.<\/p>\n<h2>Perfil dos Candidatos Aprovados<\/h2>\n<p>Os candidatos que conseguiram ser aprovados no processo seletivo s\u00e3o aqueles que demonstraram habilidade e acuidade em \u00e1reas chave do conhecimento jur\u00eddico, refletindo um bom preparo e comprometimento com suas forma\u00e7\u00f5es acad\u00eamicas e profissionais.<\/p>\n<h2>Expectativas para a Pr\u00f3xima Edi\u00e7\u00e3o<\/h2>\n<p>Com o sucesso desta edi\u00e7\u00e3o, h\u00e1 grandes expectativas quanto \u00e0 pr\u00f3xima sele\u00e7\u00e3o. Espera-se que mais candidatos se inscrevam, buscando aprimorar suas habilidades e conhecimentos atrav\u00e9s do Programa de Resid\u00eancia Jur\u00eddica, tendo em vista as demandas contempor\u00e2neas do universo jur\u00eddico.<\/p>\n<h2>Depoimentos de Candidatos<\/h2>\n<p>A experi\u00eancia de participar do Programa de Resid\u00eancia Jur\u00eddica tem sido bem avaliada por muitos candidatos. Muitos relatam como o programa contribuiu para seu desenvolvimento profissional e pessoal, oferecendo experi\u00eancias pr\u00e1ticas valiosas e uma compreens\u00e3o mais profunda do trabalho em equipe dentro do sistema jur\u00eddico.<\/p>\n<h2>O Papel da PJM na Forma\u00e7\u00e3o Jur\u00eddica<\/h2>\n<p>A Procuradoria de Justi\u00e7a Militar (PJM) desempenha um papel fundamental na forma\u00e7\u00e3o de novos profissionais do Direito, oferecendo um ambiente que estimula a aplica\u00e7\u00e3o pr\u00e1tica do conhecimento te\u00f3rico. Essa intera\u00e7\u00e3o ajuda a moldar futuros advogados, procuradores e ju\u00edzes, criando juristas mais capacitados para enfrentar os desafios do sistema judicial.<\/p>\n<h2>Servi\u00e7os Oferecidos pela PJM<\/h2>\n<p>A PJM oferece uma gama de servi\u00e7os que visam n\u00e3o apenas a pr\u00e1tica jur\u00eddica, mas tamb\u00e9m o suporte aos residentes, beneficando sua forma\u00e7\u00e3o. Entre os servi\u00e7os est\u00e3o: orienta\u00e7\u00e3o acad\u00eamica, oportunidades de est\u00e1gio e a promo\u00e7\u00e3o de atividades e eventos que estimulam o aprendizado.<\/p>\n<h2>Como Acompanhar os Resultados e Pr\u00f3ximos Passos<\/h2>\n<p>Os interessados em acompanhar os resultados do processo seletivo podem acessar o [Resultado Definitivo do 2\u00ba Processo P\u00fablico de Sele\u00e7\u00e3o de Residentes da PJM Bel\u00e9m\/PA](https:\/\/www.mpm.mp.br\/wp-content\/uploads\/sites\/5\/2026\/05\/SEI_1837473___Outros-resultado-definitivo-PJM-PA-1.pdf). Para aqueles que desejam participar da pr\u00f3xima edi\u00e7\u00e3o, \u00e9 fundamental manter-se atualizado sobre as publica\u00e7\u00f5es da Procuradoria e os requisitos de inscri\u00e7\u00e3o.<\/p>\n<p><strong>Secretaria de Comunica\u00e7\u00e3o Institucional<\/strong><br \/>Minist\u00e9rio P\u00fablico Militar<br \/>Fone: <a href=\"tel:6132557420\">(61) 3255.7420<\/a><br \/>Email: <a href=\"mailto:pgjm.ascom@mpm.mp.br\">pgjm.ascom@mpm.mp.br<\/a><\/p>\n\n<div style=\"font-size: 0px; height: 0px; line-height: 0px; margin: 0; padding: 0; clear: both;\"><\/div>","protected":false},"excerpt":{"rendered":"<p>PJM Bel\u00e9m\/PA divulga o resultado definitivo das provas objetivas do Programa de Resid\u00eancia Jur\u00eddica.<\/p>\n","protected":false},"author":1,"featured_media":1716,"comment_status":"open","ping_status":"closed","sticky":false,"template":"","format":"standard","meta":{"footnotes":""},"categories":[1],"tags":[],"class_list":["post-1717","post","type-post","status-publish","format-standard","has-post-thumbnail","hentry","category-noticias-em-belem","has_thumb"],"aioseo_notices":[],"aioseo_head":"\n\t\t<!-- All in One SEO 5.0.0.1 - aioseo.com -->\n\t<meta name=\"description\" content=\"PJM Bel\u00e9m\/PA divulga o resultado definitivo das provas objetivas do Programa de Resid\u00eancia Jur\u00eddica.\" \/>\n\t<meta name=\"robots\" content=\"max-image-preview:large\" \/>\n\t<meta name=\"author\" content=\"Encontra Bel\u00e9m\"\/>\n\t<link rel=\"canonical\" href=\"https:\/\/www.encontrabelem.com.br\/sobre\/pjm-belem-pa-divulga-o-resultado-definitivo-das-provas-objetivas-do-programa-de-residencia-juridica\" \/>\n\t<meta name=\"generator\" content=\"All in One SEO (AIOSEO) 5.0.0.1\" \/>\n\t\t<meta property=\"og:locale\" content=\"pt_BR\" \/>\n\t\t<meta property=\"og:site_name\" content=\"Encontra Bel\u00e9m | Not\u00edcias, eventos, informa\u00e7\u00f5es e dicas na cidade Bel\u00e9m e regi\u00e3o.\" \/>\n\t\t<meta property=\"og:type\" content=\"article\" \/>\n\t\t<meta property=\"og:title\" content=\"PJM Bel\u00e9m\/PA divulga o resultado definitivo das provas objetivas do Programa de Resid\u00eancia Jur\u00eddica | Encontra Bel\u00e9m\" \/>\n\t\t<meta property=\"og:description\" content=\"PJM Bel\u00e9m\/PA divulga o resultado definitivo das provas objetivas do Programa de Resid\u00eancia Jur\u00eddica.\" \/>\n\t\t<meta property=\"og:url\" content=\"https:\/\/www.encontrabelem.com.br\/sobre\/pjm-belem-pa-divulga-o-resultado-definitivo-das-provas-objetivas-do-programa-de-residencia-juridica\" \/>\n\t\t<meta property=\"article:published_time\" content=\"2026-05-13T14:55:36+00:00\" \/>\n\t\t<meta property=\"article:modified_time\" content=\"2026-05-13T14:55:36+00:00\" \/>\n\t\t<meta name=\"twitter:card\" content=\"summary\" \/>\n\t\t<meta name=\"twitter:title\" content=\"PJM Bel\u00e9m\/PA divulga o resultado definitivo das provas objetivas do Programa de Resid\u00eancia Jur\u00eddica | Encontra Bel\u00e9m\" \/>\n\t\t<meta name=\"twitter:description\" content=\"PJM Bel\u00e9m\/PA divulga o resultado definitivo das provas objetivas do Programa de Resid\u00eancia Jur\u00eddica.\" \/>\n\t\t<script type=\"application\/ld+json\" class=\"aioseo-schema\">\n\t\t\t{\"@context\":\"https:\\\/\\\/schema.org\",\"@graph\":[{\"@type\":\"Article\",\"@id\":\"https:\\\/\\\/www.encontrabelem.com.br\\\/sobre\\\/pjm-belem-pa-divulga-o-resultado-definitivo-das-provas-objetivas-do-programa-de-residencia-juridica#article\",\"name\":\"PJM Bel\\u00e9m\\\/PA divulga o resultado definitivo das provas objetivas do Programa de Resid\\u00eancia Jur\\u00eddica | Encontra Bel\\u00e9m\",\"headline\":\"PJM Bel\\u00e9m\\\/PA divulga o resultado definitivo das provas objetivas do Programa de Resid\\u00eancia Jur\\u00eddica\",\"author\":{\"@id\":\"https:\\\/\\\/www.encontrabelem.com.br\\\/sobre\\\/author\\\/ebelem#author\"},\"publisher\":{\"@id\":\"https:\\\/\\\/www.encontrabelem.com.br\\\/sobre\\\/#organization\"},\"image\":{\"@type\":\"ImageObject\",\"url\":\"https:\\\/\\\/www.encontrabelem.com.br\\\/sobre\\\/wp-content\\\/uploads\\\/2026\\\/05\\\/pjm-belem-pa-divulga-o-resultado-definitivo-das-provas-objetivas-do-programa-de-residencia-juridica.webp\",\"width\":280,\"height\":280,\"caption\":\"resultado definitivo das provas objetivas do Programa de Resid\\u00eancia Jur\\u00eddica\"},\"datePublished\":\"2026-05-13T11:55:36-03:00\",\"dateModified\":\"2026-05-13T11:55:36-03:00\",\"inLanguage\":\"pt-BR\",\"mainEntityOfPage\":{\"@id\":\"https:\\\/\\\/www.encontrabelem.com.br\\\/sobre\\\/pjm-belem-pa-divulga-o-resultado-definitivo-das-provas-objetivas-do-programa-de-residencia-juridica#webpage\"},\"isPartOf\":{\"@id\":\"https:\\\/\\\/www.encontrabelem.com.br\\\/sobre\\\/pjm-belem-pa-divulga-o-resultado-definitivo-das-provas-objetivas-do-programa-de-residencia-juridica#webpage\"},\"articleSection\":\"Not\\u00edcias Bel\\u00e9m\"},{\"@type\":\"BreadcrumbList\",\"@id\":\"https:\\\/\\\/www.encontrabelem.com.br\\\/sobre\\\/pjm-belem-pa-divulga-o-resultado-definitivo-das-provas-objetivas-do-programa-de-residencia-juridica#breadcrumblist\",\"itemListElement\":[{\"@type\":\"ListItem\",\"@id\":\"https:\\\/\\\/www.encontrabelem.com.br\\\/sobre#listItem\",\"position\":1,\"name\":\"In\\u00edcio\",\"item\":\"https:\\\/\\\/www.encontrabelem.com.br\\\/sobre\",\"nextItem\":{\"@type\":\"ListItem\",\"@id\":\"https:\\\/\\\/www.encontrabelem.com.br\\\/sobre\\\/noticias-em-belem#listItem\",\"name\":\"Not\\u00edcias Bel\\u00e9m\"}},{\"@type\":\"ListItem\",\"@id\":\"https:\\\/\\\/www.encontrabelem.com.br\\\/sobre\\\/noticias-em-belem#listItem\",\"position\":2,\"name\":\"Not\\u00edcias Bel\\u00e9m\",\"item\":\"https:\\\/\\\/www.encontrabelem.com.br\\\/sobre\\\/noticias-em-belem\",\"nextItem\":{\"@type\":\"ListItem\",\"@id\":\"https:\\\/\\\/www.encontrabelem.com.br\\\/sobre\\\/pjm-belem-pa-divulga-o-resultado-definitivo-das-provas-objetivas-do-programa-de-residencia-juridica#listItem\",\"name\":\"PJM Bel\\u00e9m\\\/PA divulga o resultado definitivo das provas objetivas do Programa de Resid\\u00eancia Jur\\u00eddica\"},\"previousItem\":{\"@type\":\"ListItem\",\"@id\":\"https:\\\/\\\/www.encontrabelem.com.br\\\/sobre#listItem\",\"name\":\"In\\u00edcio\"}},{\"@type\":\"ListItem\",\"@id\":\"https:\\\/\\\/www.encontrabelem.com.br\\\/sobre\\\/pjm-belem-pa-divulga-o-resultado-definitivo-das-provas-objetivas-do-programa-de-residencia-juridica#listItem\",\"position\":3,\"name\":\"PJM Bel\\u00e9m\\\/PA divulga o resultado definitivo das provas objetivas do Programa de Resid\\u00eancia Jur\\u00eddica\",\"previousItem\":{\"@type\":\"ListItem\",\"@id\":\"https:\\\/\\\/www.encontrabelem.com.br\\\/sobre\\\/noticias-em-belem#listItem\",\"name\":\"Not\\u00edcias Bel\\u00e9m\"}}]},{\"@type\":\"Organization\",\"@id\":\"https:\\\/\\\/www.encontrabelem.com.br\\\/sobre\\\/#organization\",\"name\":\"Encontra Bel\\u00e9m\",\"description\":\"Not\\u00edcias, eventos, informa\\u00e7\\u00f5es e dicas na cidade Bel\\u00e9m e regi\\u00e3o.\",\"url\":\"https:\\\/\\\/www.encontrabelem.com.br\\\/sobre\\\/\"},{\"@type\":\"Person\",\"@id\":\"https:\\\/\\\/www.encontrabelem.com.br\\\/sobre\\\/author\\\/ebelem#author\",\"url\":\"https:\\\/\\\/www.encontrabelem.com.br\\\/sobre\\\/author\\\/ebelem\",\"name\":\"Encontra Bel\\u00e9m\",\"image\":{\"@type\":\"ImageObject\",\"@id\":\"https:\\\/\\\/www.encontrabelem.com.br\\\/sobre\\\/pjm-belem-pa-divulga-o-resultado-definitivo-das-provas-objetivas-do-programa-de-residencia-juridica#authorImage\",\"url\":\"https:\\\/\\\/secure.gravatar.com\\\/avatar\\\/507340682b8270222e1f208e23198b6ae7e2c6a1033ae84e99bc6bce4f82a387?s=96&d=mm&r=g\",\"width\":96,\"height\":96,\"caption\":\"Encontra Bel\\u00e9m\"}},{\"@type\":\"WebPage\",\"@id\":\"https:\\\/\\\/www.encontrabelem.com.br\\\/sobre\\\/pjm-belem-pa-divulga-o-resultado-definitivo-das-provas-objetivas-do-programa-de-residencia-juridica#webpage\",\"url\":\"https:\\\/\\\/www.encontrabelem.com.br\\\/sobre\\\/pjm-belem-pa-divulga-o-resultado-definitivo-das-provas-objetivas-do-programa-de-residencia-juridica\",\"name\":\"PJM Bel\\u00e9m\\\/PA divulga o resultado definitivo das provas objetivas do Programa de Resid\\u00eancia Jur\\u00eddica | Encontra Bel\\u00e9m\",\"description\":\"PJM Bel\\u00e9m\\\/PA divulga o resultado definitivo das provas objetivas do Programa de Resid\\u00eancia Jur\\u00eddica.\",\"inLanguage\":\"pt-BR\",\"isPartOf\":{\"@id\":\"https:\\\/\\\/www.encontrabelem.com.br\\\/sobre\\\/#website\"},\"breadcrumb\":{\"@id\":\"https:\\\/\\\/www.encontrabelem.com.br\\\/sobre\\\/pjm-belem-pa-divulga-o-resultado-definitivo-das-provas-objetivas-do-programa-de-residencia-juridica#breadcrumblist\"},\"author\":{\"@id\":\"https:\\\/\\\/www.encontrabelem.com.br\\\/sobre\\\/author\\\/ebelem#author\"},\"creator\":{\"@id\":\"https:\\\/\\\/www.encontrabelem.com.br\\\/sobre\\\/author\\\/ebelem#author\"},\"image\":{\"@type\":\"ImageObject\",\"url\":\"https:\\\/\\\/www.encontrabelem.com.br\\\/sobre\\\/wp-content\\\/uploads\\\/2026\\\/05\\\/pjm-belem-pa-divulga-o-resultado-definitivo-das-provas-objetivas-do-programa-de-residencia-juridica.webp\",\"@id\":\"https:\\\/\\\/www.encontrabelem.com.br\\\/sobre\\\/pjm-belem-pa-divulga-o-resultado-definitivo-das-provas-objetivas-do-programa-de-residencia-juridica\\\/#mainImage\",\"width\":280,\"height\":280,\"caption\":\"resultado definitivo das provas objetivas do Programa de Resid\\u00eancia Jur\\u00eddica\"},\"primaryImageOfPage\":{\"@id\":\"https:\\\/\\\/www.encontrabelem.com.br\\\/sobre\\\/pjm-belem-pa-divulga-o-resultado-definitivo-das-provas-objetivas-do-programa-de-residencia-juridica#mainImage\"},\"datePublished\":\"2026-05-13T11:55:36-03:00\",\"dateModified\":\"2026-05-13T11:55:36-03:00\"},{\"@type\":\"WebSite\",\"@id\":\"https:\\\/\\\/www.encontrabelem.com.br\\\/sobre\\\/#website\",\"url\":\"https:\\\/\\\/www.encontrabelem.com.br\\\/sobre\\\/\",\"name\":\"Encontra Bel\\u00e9m\",\"description\":\"Not\\u00edcias, eventos, informa\\u00e7\\u00f5es e dicas na cidade Bel\\u00e9m e regi\\u00e3o.\",\"inLanguage\":\"pt-BR\",\"publisher\":{\"@id\":\"https:\\\/\\\/www.encontrabelem.com.br\\\/sobre\\\/#organization\"}}]}\n\t\t<\/script>\n\t\t<!-- All in One SEO -->\n\n","aioseo_head_json":{"title":"PJM Bel\u00e9m\/PA divulga o resultado definitivo das provas objetivas do Programa de Resid\u00eancia Jur\u00eddica | Encontra Bel\u00e9m","description":"PJM Bel\u00e9m\/PA divulga o resultado definitivo das provas objetivas do Programa de Resid\u00eancia Jur\u00eddica.","canonical_url":"https:\/\/www.encontrabelem.com.br\/sobre\/pjm-belem-pa-divulga-o-resultado-definitivo-das-provas-objetivas-do-programa-de-residencia-juridica","robots":"max-image-preview:large","keywords":"","webmasterTools":{"miscellaneous":""},"schema":{"@context":"https:\/\/schema.org","@graph":[{"@type":"Article","@id":"https:\/\/www.encontrabelem.com.br\/sobre\/pjm-belem-pa-divulga-o-resultado-definitivo-das-provas-objetivas-do-programa-de-residencia-juridica#article","name":"PJM Bel\u00e9m\/PA divulga o resultado definitivo das provas objetivas do Programa de Resid\u00eancia Jur\u00eddica | Encontra Bel\u00e9m","headline":"PJM Bel\u00e9m\/PA divulga o resultado definitivo das provas objetivas do Programa de Resid\u00eancia Jur\u00eddica","author":{"@id":"https:\/\/www.encontrabelem.com.br\/sobre\/author\/ebelem#author"},"publisher":{"@id":"https:\/\/www.encontrabelem.com.br\/sobre\/#organization"},"image":{"@type":"ImageObject","url":"https:\/\/www.encontrabelem.com.br\/sobre\/wp-content\/uploads\/2026\/05\/pjm-belem-pa-divulga-o-resultado-definitivo-das-provas-objetivas-do-programa-de-residencia-juridica.webp","width":280,"height":280,"caption":"resultado definitivo das provas objetivas do Programa de Resid\u00eancia Jur\u00eddica"},"datePublished":"2026-05-13T11:55:36-03:00","dateModified":"2026-05-13T11:55:36-03:00","inLanguage":"pt-BR","mainEntityOfPage":{"@id":"https:\/\/www.encontrabelem.com.br\/sobre\/pjm-belem-pa-divulga-o-resultado-definitivo-das-provas-objetivas-do-programa-de-residencia-juridica#webpage"},"isPartOf":{"@id":"https:\/\/www.encontrabelem.com.br\/sobre\/pjm-belem-pa-divulga-o-resultado-definitivo-das-provas-objetivas-do-programa-de-residencia-juridica#webpage"},"articleSection":"Not\u00edcias Bel\u00e9m"},{"@type":"BreadcrumbList","@id":"https:\/\/www.encontrabelem.com.br\/sobre\/pjm-belem-pa-divulga-o-resultado-definitivo-das-provas-objetivas-do-programa-de-residencia-juridica#breadcrumblist","itemListElement":[{"@type":"ListItem","@id":"https:\/\/www.encontrabelem.com.br\/sobre#listItem","position":1,"name":"In\u00edcio","item":"https:\/\/www.encontrabelem.com.br\/sobre","nextItem":{"@type":"ListItem","@id":"https:\/\/www.encontrabelem.com.br\/sobre\/noticias-em-belem#listItem","name":"Not\u00edcias Bel\u00e9m"}},{"@type":"ListItem","@id":"https:\/\/www.encontrabelem.com.br\/sobre\/noticias-em-belem#listItem","position":2,"name":"Not\u00edcias Bel\u00e9m","item":"https:\/\/www.encontrabelem.com.br\/sobre\/noticias-em-belem","nextItem":{"@type":"ListItem","@id":"https:\/\/www.encontrabelem.com.br\/sobre\/pjm-belem-pa-divulga-o-resultado-definitivo-das-provas-objetivas-do-programa-de-residencia-juridica#listItem","name":"PJM Bel\u00e9m\/PA divulga o resultado definitivo das provas objetivas do Programa de Resid\u00eancia Jur\u00eddica"},"previousItem":{"@type":"ListItem","@id":"https:\/\/www.encontrabelem.com.br\/sobre#listItem","name":"In\u00edcio"}},{"@type":"ListItem","@id":"https:\/\/www.encontrabelem.com.br\/sobre\/pjm-belem-pa-divulga-o-resultado-definitivo-das-provas-objetivas-do-programa-de-residencia-juridica#listItem","position":3,"name":"PJM Bel\u00e9m\/PA divulga o resultado definitivo das provas objetivas do Programa de Resid\u00eancia Jur\u00eddica","previousItem":{"@type":"ListItem","@id":"https:\/\/www.encontrabelem.com.br\/sobre\/noticias-em-belem#listItem","name":"Not\u00edcias Bel\u00e9m"}}]},{"@type":"Organization","@id":"https:\/\/www.encontrabelem.com.br\/sobre\/#organization","name":"Encontra Bel\u00e9m","description":"Not\u00edcias, eventos, informa\u00e7\u00f5es e dicas na cidade Bel\u00e9m e regi\u00e3o.","url":"https:\/\/www.encontrabelem.com.br\/sobre\/"},{"@type":"Person","@id":"https:\/\/www.encontrabelem.com.br\/sobre\/author\/ebelem#author","url":"https:\/\/www.encontrabelem.com.br\/sobre\/author\/ebelem","name":"Encontra Bel\u00e9m","image":{"@type":"ImageObject","@id":"https:\/\/www.encontrabelem.com.br\/sobre\/pjm-belem-pa-divulga-o-resultado-definitivo-das-provas-objetivas-do-programa-de-residencia-juridica#authorImage","url":"https:\/\/secure.gravatar.com\/avatar\/507340682b8270222e1f208e23198b6ae7e2c6a1033ae84e99bc6bce4f82a387?s=96&d=mm&r=g","width":96,"height":96,"caption":"Encontra Bel\u00e9m"}},{"@type":"WebPage","@id":"https:\/\/www.encontrabelem.com.br\/sobre\/pjm-belem-pa-divulga-o-resultado-definitivo-das-provas-objetivas-do-programa-de-residencia-juridica#webpage","url":"https:\/\/www.encontrabelem.com.br\/sobre\/pjm-belem-pa-divulga-o-resultado-definitivo-das-provas-objetivas-do-programa-de-residencia-juridica","name":"PJM Bel\u00e9m\/PA divulga o resultado definitivo das provas objetivas do Programa de Resid\u00eancia Jur\u00eddica | Encontra Bel\u00e9m","description":"PJM Bel\u00e9m\/PA divulga o resultado definitivo das provas objetivas do Programa de Resid\u00eancia Jur\u00eddica.","inLanguage":"pt-BR","isPartOf":{"@id":"https:\/\/www.encontrabelem.com.br\/sobre\/#website"},"breadcrumb":{"@id":"https:\/\/www.encontrabelem.com.br\/sobre\/pjm-belem-pa-divulga-o-resultado-definitivo-das-provas-objetivas-do-programa-de-residencia-juridica#breadcrumblist"},"author":{"@id":"https:\/\/www.encontrabelem.com.br\/sobre\/author\/ebelem#author"},"creator":{"@id":"https:\/\/www.encontrabelem.com.br\/sobre\/author\/ebelem#author"},"image":{"@type":"ImageObject","url":"https:\/\/www.encontrabelem.com.br\/sobre\/wp-content\/uploads\/2026\/05\/pjm-belem-pa-divulga-o-resultado-definitivo-das-provas-objetivas-do-programa-de-residencia-juridica.webp","@id":"https:\/\/www.encontrabelem.com.br\/sobre\/pjm-belem-pa-divulga-o-resultado-definitivo-das-provas-objetivas-do-programa-de-residencia-juridica\/#mainImage","width":280,"height":280,"caption":"resultado definitivo das provas objetivas do Programa de Resid\u00eancia Jur\u00eddica"},"primaryImageOfPage":{"@id":"https:\/\/www.encontrabelem.com.br\/sobre\/pjm-belem-pa-divulga-o-resultado-definitivo-das-provas-objetivas-do-programa-de-residencia-juridica#mainImage"},"datePublished":"2026-05-13T11:55:36-03:00","dateModified":"2026-05-13T11:55:36-03:00"},{"@type":"WebSite","@id":"https:\/\/www.encontrabelem.com.br\/sobre\/#website","url":"https:\/\/www.encontrabelem.com.br\/sobre\/","name":"Encontra Bel\u00e9m","description":"Not\u00edcias, eventos, informa\u00e7\u00f5es e dicas na cidade Bel\u00e9m e regi\u00e3o.","inLanguage":"pt-BR","publisher":{"@id":"https:\/\/www.encontrabelem.com.br\/sobre\/#organization"}}]},"og:locale":"pt_BR","og:site_name":"Encontra Bel\u00e9m | Not\u00edcias, eventos, informa\u00e7\u00f5es e dicas na cidade Bel\u00e9m e regi\u00e3o.","og:type":"article","og:title":"PJM Bel\u00e9m\/PA divulga o resultado definitivo das provas objetivas do Programa de Resid\u00eancia Jur\u00eddica | Encontra Bel\u00e9m","og:description":"PJM Bel\u00e9m\/PA divulga o resultado definitivo das provas objetivas do Programa de Resid\u00eancia Jur\u00eddica.","og:url":"https:\/\/www.encontrabelem.com.br\/sobre\/pjm-belem-pa-divulga-o-resultado-definitivo-das-provas-objetivas-do-programa-de-residencia-juridica","article:published_time":"2026-05-13T14:55:36+00:00","article:modified_time":"2026-05-13T14:55:36+00:00","twitter:card":"summary","twitter:title":"PJM Bel\u00e9m\/PA divulga o resultado definitivo das provas objetivas do Programa de Resid\u00eancia Jur\u00eddica | Encontra Bel\u00e9m","twitter:description":"PJM Bel\u00e9m\/PA divulga o resultado definitivo das provas objetivas do Programa de Resid\u00eancia Jur\u00eddica."},"aioseo_meta_data":{"post_id":"1717","title":null,"description":null,"keywords":null,"keyphrases":null,"primary_term":null,"canonical_url":null,"og_title":null,"og_description":null,"og_object_type":"default","og_image_type":"default","og_image_url":null,"og_image_width":null,"og_image_height":null,"og_image_custom_url":null,"og_image_custom_fields":null,"og_video":null,"og_custom_url":null,"og_article_section":null,"og_article_tags":null,"twitter_use_og":false,"twitter_card":"default","twitter_image_type":"default","twitter_image_url":null,"twitter_image_custom_url":null,"twitter_image_custom_fields":null,"twitter_title":null,"twitter_description":null,"schema":{"blockGraphs":[],"customGraphs":[],"default":{"data":{"Article":[],"Course":[],"Dataset":[],"FAQPage":[],"Movie":[],"Person":[],"Product":[],"ProductReview":[],"Car":[],"Recipe":[],"Service":[],"SoftwareApplication":[],"WebPage":[]},"graphName":"Article","isEnabled":true},"graphs":[]},"schema_type":"default","schema_type_options":null,"pillar_content":false,"robots_default":true,"robots_noindex":false,"robots_noarchive":false,"robots_nosnippet":false,"robots_nofollow":false,"robots_noimageindex":false,"robots_noodp":false,"robots_notranslate":false,"robots_max_snippet":null,"robots_max_videopreview":null,"robots_max_imagepreview":"large","priority":null,"frequency":null,"local_seo":null,"breadcrumb_settings":null,"limit_modified_date":false,"ai":null,"created":"2026-05-13 14:55:40","updated":"2026-05-13 15:05:08","focus_keyword":null,"additional_keywords":null,"truseo_locale":null,"seo_analyzer_scan_date":null},"aioseo_breadcrumb":"<div class=\"aioseo-breadcrumbs\"><span class=\"aioseo-breadcrumb\">\n\t\t\t<a href=\"https:\/\/www.encontrabelem.com.br\/sobre\" title=\"In\u00edcio\">In\u00edcio<\/a>\n\t\t<\/span><span class=\"aioseo-breadcrumb-separator\">&raquo;<\/span><span class=\"aioseo-breadcrumb\">\n\t\t\t<a href=\"https:\/\/www.encontrabelem.com.br\/sobre\/noticias-em-belem\" title=\"Not\u00edcias Bel\u00e9m\">Not\u00edcias Bel\u00e9m<\/a>\n\t\t<\/span><span class=\"aioseo-breadcrumb-separator\">&raquo;<\/span><span class=\"aioseo-breadcrumb\">\n\t\t\tPJM Bel\u00e9m\/PA divulga o resultado definitivo das provas objetivas do Programa de Resid\u00eancia Jur\u00eddica\n\t\t<\/span><\/div>","aioseo_breadcrumb_json":[{"label":"In\u00edcio","link":"https:\/\/www.encontrabelem.com.br\/sobre"},{"label":"Not\u00edcias Bel\u00e9m","link":"https:\/\/www.encontrabelem.com.br\/sobre\/noticias-em-belem"},{"label":"PJM Bel\u00e9m\/PA divulga o resultado definitivo das provas objetivas do Programa de Resid\u00eancia Jur\u00eddica","link":"https:\/\/www.encontrabelem.com.br\/sobre\/pjm-belem-pa-divulga-o-resultado-definitivo-das-provas-objetivas-do-programa-de-residencia-juridica"}],"_links":{"self":[{"href":"https:\/\/www.encontrabelem.com.br\/sobre\/wp-json\/wp\/v2\/posts\/1717","targetHints":{"allow":["GET"]}}],"collection":[{"href":"https:\/\/www.encontrabelem.com.br\/sobre\/wp-json\/wp\/v2\/posts"}],"about":[{"href":"https:\/\/www.encontrabelem.com.br\/sobre\/wp-json\/wp\/v2\/types\/post"}],"author":[{"embeddable":true,"href":"https:\/\/www.encontrabelem.com.br\/sobre\/wp-json\/wp\/v2\/users\/1"}],"replies":[{"embeddable":true,"href":"https:\/\/www.encontrabelem.com.br\/sobre\/wp-json\/wp\/v2\/comments?post=1717"}],"version-history":[{"count":0,"href":"https:\/\/www.encontrabelem.com.br\/sobre\/wp-json\/wp\/v2\/posts\/1717\/revisions"}],"wp:featuredmedia":[{"embeddable":true,"href":"https:\/\/www.encontrabelem.com.br\/sobre\/wp-json\/wp\/v2\/media\/1716"}],"wp:attachment":[{"href":"https:\/\/www.encontrabelem.com.br\/sobre\/wp-json\/wp\/v2\/media?parent=1717"}],"wp:term":[{"taxonomy":"category","embeddable":true,"href":"https:\/\/www.encontrabelem.com.br\/sobre\/wp-json\/wp\/v2\/categories?post=1717"},{"taxonomy":"post_tag","embeddable":true,"href":"https:\/\/www.encontrabelem.com.br\/sobre\/wp-json\/wp\/v2\/tags?post=1717"}],"curies":[{"name":"wp","href":"https:\/\/api.w.org\/{rel}","templated":true}]}}