{"id":1709,"date":"2026-05-11T13:00:11","date_gmt":"2026-05-11T16:00:11","guid":{"rendered":"https:\/\/www.encontrabelem.com.br\/sobre\/espacos-culturais-abrem-ate-as-22h-pelo-projeto-uma-noite-no-museu-em-belem"},"modified":"2026-05-11T13:00:11","modified_gmt":"2026-05-11T16:00:11","slug":"espacos-culturais-abrem-ate-as-22h-pelo-projeto-uma-noite-no-museu-em-belem","status":"publish","type":"post","link":"https:\/\/www.encontrabelem.com.br\/sobre\/espacos-culturais-abrem-ate-as-22h-pelo-projeto-uma-noite-no-museu-em-belem","title":{"rendered":"Espa\u00e7os culturais abrem at\u00e9 \u00e0s 22h pelo projeto &#8216;Uma Noite no Museu&#8217; em Bel\u00e9m"},"content":{"rendered":"<div class=\"b22802487b0d38c4c6d9f34966e16421\" data-index=\"1\" style=\"float: none; margin:0px;\">\n<!-- Anuncio display - global -->\r\n<ins class=\"adsbygoogle\"\r\n     style=\"display:block\"\r\n     data-ad-client=\"ca-pub-8585364105181520\"\r\n     data-ad-slot=\"8789329856\"\r\n     data-ad-format=\"auto\"\r\n     data-full-width-responsive=\"true\"><\/ins>\r\n<script>\r\n     (adsbygoogle = window.adsbygoogle || []).push({});\r\n<\/script>\n<\/div>\n<h2>O que \u00e9 o projeto &#8216;Uma Noite no Museu&#8217;?<\/h2>\n<p>O projeto &#8220;Uma Noite no Museu&#8221; \u00e9 uma iniciativa promovida pela Secretaria de Estado de Cultura (Secult) do Governo do Par\u00e1, que busca incentivar a visita a museus e espa\u00e7os culturais, proporcionando uma experi\u00eancia \u00fanica para o p\u00fablico. Durante esse evento, os museus permanecem abertos at\u00e9 mais tarde, permitindo que as pessoas explorem as exposi\u00e7\u00f5es e participem de diversas atividades culturais em hor\u00e1rio estendido.<\/p>\n<h2>Quando acontece a pr\u00f3xima edi\u00e7\u00e3o?<\/h2>\n<p>A pr\u00f3xima edi\u00e7\u00e3o do projeto &#8220;Uma Noite no Museu&#8221; est\u00e1 programada para ocorrer na quinta-feira, dia 30 de abril. Este evento ser\u00e1 realizado na v\u00e9spera do feriado do Dia do Trabalho, oferecendo uma oportunidade perfeita para as fam\u00edlias se reunirem e desfrutarem da programa\u00e7\u00e3o especial prevista.<\/p>\n<h2>Atividades gratuitas para toda a fam\u00edlia<\/h2>\n<p>A programa\u00e7\u00e3o da &#8220;Uma Noite no Museu&#8221; inclui uma variedade de atividades que s\u00e3o totalmente gratuitas, garantindo que todos tenham acesso \u00e0 cultura e \u00e0 arte sem custos. As atividades t\u00edpicas deste evento incluem:<\/p>\n<p><img decoding=\"async\" src=\"https:\/\/www.encontrabelem.com.br\/sobre\/wp-content\/uploads\/2026\/05\/espacos-culturais-abrem-ate-as-22h-pelo-projeto-uma-noite-no-museu-em-belem.webp\" alt=\"Uma Noite no Museu\" loading=\"lazy\" \/><\/p>\n<ul>\n<li>Visitas guiadas pelos museus participantes, conduzidas por profissionais capacitados.<\/li>\n<li>Exibi\u00e7\u00f5es de filmes e document\u00e1rios em espa\u00e7os culturais selecionados.<\/li>\n<li>Apresenta\u00e7\u00f5es culturais ao vivo, como dan\u00e7as, m\u00fasicas e performances art\u00edsticas.<\/li>\n<li>Feiras de artesanato e produtos regionais, promovendo a valoriza\u00e7\u00e3o do trabalho de artistas locais.<\/li>\n<\/ul>\n<h2>Museus participantes e suas atra\u00e7\u00f5es<\/h2>\n<p>Dentre os museus que far\u00e3o parte deste evento em Bel\u00e9m, destacam-se:<\/p>\n<ul>\n<li><strong> Museu de Arte Sacra:<\/strong> O p\u00fablico poder\u00e1 desfrutar do acervo de arte barroca e da exposi\u00e7\u00e3o &#8220;Circula\u00e7\u00e3o Insular&#8221;.<\/li>\n<li><strong>Forte do Pres\u00e9pio:<\/strong> Al\u00e9m de visitar o forte, haver\u00e1 uma feira de artesanato ind\u00edgena e atra\u00e7\u00f5es musicais ao p\u00f4r-do-sol.<\/li>\n<li><strong>Casa das Onze Janelas:<\/strong> Estar\u00e3o abertas as exposi\u00e7\u00f5es &#8220;Amaz\u00f4nia Imersiva&#8221; e &#8220;Tridimensionalidades&#8221;, com a reabertura da AquaPra\u00e7a.<\/li>\n<li><strong>Museu do Estado do Par\u00e1:<\/strong> Este espa\u00e7o contar\u00e1 com a exposi\u00e7\u00e3o &#8220;L\u00e1 vem a corda!&#8221; e atividades educativas.<\/li>\n<li><strong>Parque Cemit\u00e9rio Soledade:<\/strong> Para visitas guiadas, alunos do Laborat\u00f3rio de Conserva\u00e7\u00e3o e Restaura\u00e7\u00e3o da UFPA estar\u00e3o presentes.<\/li>\n<li><strong>Palacete Faciola:<\/strong> Oferecer\u00e1 visita ao memorial, al\u00e9m do Museu da Imagem e do Som com a exposi\u00e7\u00e3o &#8220;Povos da Floresta&#8221;.<\/li>\n<\/ul>\n<h2>Exposi\u00e7\u00f5es imperd\u00edveis no Museu de Arte Sacra<\/h2>\n<p>No Museu de Arte Sacra, os visitantes poder\u00e3o n\u00e3o apenas admirar o rico acervo de arte barroca, mas tamb\u00e9m participar de uma visita ao espa\u00e7o que abriga a nave da Igreja de Santo Alexandre. As exposi\u00e7\u00f5es tempor\u00e1rias, como &#8220;Circula\u00e7\u00e3o Insular&#8221;, s\u00e3o especialmente atraentes, trazendo um olhar contempor\u00e2neo para a arte sacra.<\/p>\n<h2>Programa\u00e7\u00e3o cultural no Forte do Pres\u00e9pio<\/h2>\n<p>No Forte do Pres\u00e9pio, a combina\u00e7\u00e3o de cultura e hist\u00f3ria ser\u00e1 enriquecida com uma feira de artesanato ind\u00edgena, al\u00e9m de uma roda de capoeira. O p\u00f4r-do-sol ser\u00e1 acompanhado de m\u00fasica instrumental, criando uma atmosfera envolvente e \u00fanica para os visitantes.<\/p>\n<h2>Visitas guiadas e seus benef\u00edcios<\/h2>\n<p>As visitas guiadas s\u00e3o uma das atra\u00e7\u00f5es principais do evento, pois oferecem aos participantes a chance de aprender mais sobre a hist\u00f3ria e a import\u00e2ncia dos acervos art\u00edsticos e culturais que est\u00e3o sendo apresentados. Com guias especializados, o p\u00fablico pode fazer perguntas e ter uma experi\u00eancia mais interativa e informativa.<\/p>\n<h2>Dicas para aproveitar a noite ao m\u00e1ximo<\/h2>\n<p>Para que a experi\u00eancia na &#8220;Uma Noite no Museu&#8221; seja ainda mais proveitosa, aqui est\u00e3o algumas dicas:<\/p>\n<ul>\n<li>Cheque a programa\u00e7\u00e3o dos museus participantes antes de ir, para n\u00e3o perder as atividades que mais interesse.<\/li>\n<li>Chegue cedo para garantir que poder\u00e1 visitar mais de um espa\u00e7o cultural durante a noite.<\/li>\n<li>Leve \u00e1gua e um lanche leve, assim voc\u00ea poder\u00e1 se manter hidratado e energizado durante as visitas.<\/li>\n<li>Convide amigos e familiares para compartilhar a experi\u00eancia e discutir as obras em conjunto.<\/li>\n<\/ul>\n<h2>Como a cultura fortalece a comunidade<\/h2>\n<p>O projeto &#8220;Uma Noite no Museu&#8221; n\u00e3o s\u00f3 incentiva o acesso \u00e0 cultura, mas tamb\u00e9m fortalece a comunidade local ao destacar a import\u00e2ncia da hist\u00f3ria e da arte na forma\u00e7\u00e3o da identidade de um povo. As atividades culturais promovem o engajamento da popula\u00e7\u00e3o e estimulam o respeito e a aprecia\u00e7\u00e3o pela diversidade cultural da regi\u00e3o.<\/p>\n<h2>O que esperar das edi\u00e7\u00f5es futuras?<\/h2>\n<p>Espera-se que as futuras edi\u00e7\u00f5es do projeto continuem a expandir sua programa\u00e7\u00e3o e alcance, incorporando novas atividades e aumentando o n\u00famero de espa\u00e7os participantes. Com a crescente valoriza\u00e7\u00e3o da cultura local, chances de parcerias com artistas e institui\u00e7\u00f5es culturais devem aumentar, promovendo ainda mais a arte e a hist\u00f3ria do Par\u00e1.<\/p>\n\n<div style=\"font-size: 0px; height: 0px; line-height: 0px; margin: 0; padding: 0; clear: both;\"><\/div>","protected":false},"excerpt":{"rendered":"<p>Uma Noite no Museu oferece visitas a museus em Bel\u00e9m at\u00e9 \u00e0s 22h, n\u00e3o perca!<\/p>\n","protected":false},"author":1,"featured_media":1708,"comment_status":"open","ping_status":"closed","sticky":false,"template":"","format":"standard","meta":{"footnotes":""},"categories":[1],"tags":[],"class_list":["post-1709","post","type-post","status-publish","format-standard","has-post-thumbnail","hentry","category-noticias-em-belem","has_thumb"],"aioseo_notices":[],"aioseo_head":"\n\t\t<!-- All in One SEO 5.0.0.1 - aioseo.com -->\n\t<meta name=\"description\" content=\"Uma Noite no Museu oferece visitas a museus em Bel\u00e9m at\u00e9 \u00e0s 22h, n\u00e3o perca!\" \/>\n\t<meta name=\"robots\" content=\"max-image-preview:large\" \/>\n\t<meta name=\"author\" content=\"Encontra Bel\u00e9m\"\/>\n\t<link rel=\"canonical\" href=\"https:\/\/www.encontrabelem.com.br\/sobre\/espacos-culturais-abrem-ate-as-22h-pelo-projeto-uma-noite-no-museu-em-belem\" \/>\n\t<meta name=\"generator\" content=\"All in One SEO (AIOSEO) 5.0.0.1\" \/>\n\t\t<meta property=\"og:locale\" content=\"pt_BR\" \/>\n\t\t<meta property=\"og:site_name\" content=\"Encontra Bel\u00e9m | Not\u00edcias, eventos, informa\u00e7\u00f5es e dicas na cidade Bel\u00e9m e regi\u00e3o.\" \/>\n\t\t<meta property=\"og:type\" content=\"article\" \/>\n\t\t<meta property=\"og:title\" content=\"Espa\u00e7os culturais abrem at\u00e9 \u00e0s 22h pelo projeto \u2018Uma Noite no Museu\u2019 em Bel\u00e9m | Encontra Bel\u00e9m\" \/>\n\t\t<meta property=\"og:description\" content=\"Uma Noite no Museu oferece visitas a museus em Bel\u00e9m at\u00e9 \u00e0s 22h, n\u00e3o perca!\" \/>\n\t\t<meta property=\"og:url\" content=\"https:\/\/www.encontrabelem.com.br\/sobre\/espacos-culturais-abrem-ate-as-22h-pelo-projeto-uma-noite-no-museu-em-belem\" \/>\n\t\t<meta property=\"article:published_time\" content=\"2026-05-11T16:00:11+00:00\" \/>\n\t\t<meta property=\"article:modified_time\" content=\"2026-05-11T16:00:11+00:00\" \/>\n\t\t<meta name=\"twitter:card\" content=\"summary\" \/>\n\t\t<meta name=\"twitter:title\" content=\"Espa\u00e7os culturais abrem at\u00e9 \u00e0s 22h pelo projeto \u2018Uma Noite no Museu\u2019 em Bel\u00e9m | Encontra Bel\u00e9m\" \/>\n\t\t<meta name=\"twitter:description\" content=\"Uma Noite no Museu oferece visitas a museus em Bel\u00e9m at\u00e9 \u00e0s 22h, n\u00e3o perca!\" \/>\n\t\t<script type=\"application\/ld+json\" class=\"aioseo-schema\">\n\t\t\t{\"@context\":\"https:\\\/\\\/schema.org\",\"@graph\":[{\"@type\":\"Article\",\"@id\":\"https:\\\/\\\/www.encontrabelem.com.br\\\/sobre\\\/espacos-culturais-abrem-ate-as-22h-pelo-projeto-uma-noite-no-museu-em-belem#article\",\"name\":\"Espa\\u00e7os culturais abrem at\\u00e9 \\u00e0s 22h pelo projeto \\u2018Uma Noite no Museu\\u2019 em Bel\\u00e9m | Encontra Bel\\u00e9m\",\"headline\":\"Espa\\u00e7os culturais abrem at\\u00e9 \\u00e0s 22h pelo projeto &#8216;Uma Noite no Museu&#8217; em Bel\\u00e9m\",\"author\":{\"@id\":\"https:\\\/\\\/www.encontrabelem.com.br\\\/sobre\\\/author\\\/ebelem#author\"},\"publisher\":{\"@id\":\"https:\\\/\\\/www.encontrabelem.com.br\\\/sobre\\\/#organization\"},\"image\":{\"@type\":\"ImageObject\",\"url\":\"https:\\\/\\\/www.encontrabelem.com.br\\\/sobre\\\/wp-content\\\/uploads\\\/2026\\\/05\\\/espacos-culturais-abrem-ate-as-22h-pelo-projeto-uma-noite-no-museu-em-belem.webp\",\"width\":280,\"height\":280,\"caption\":\"Uma Noite no Museu\"},\"datePublished\":\"2026-05-11T13:00:11-03:00\",\"dateModified\":\"2026-05-11T13:00:11-03:00\",\"inLanguage\":\"pt-BR\",\"mainEntityOfPage\":{\"@id\":\"https:\\\/\\\/www.encontrabelem.com.br\\\/sobre\\\/espacos-culturais-abrem-ate-as-22h-pelo-projeto-uma-noite-no-museu-em-belem#webpage\"},\"isPartOf\":{\"@id\":\"https:\\\/\\\/www.encontrabelem.com.br\\\/sobre\\\/espacos-culturais-abrem-ate-as-22h-pelo-projeto-uma-noite-no-museu-em-belem#webpage\"},\"articleSection\":\"Not\\u00edcias Bel\\u00e9m\"},{\"@type\":\"BreadcrumbList\",\"@id\":\"https:\\\/\\\/www.encontrabelem.com.br\\\/sobre\\\/espacos-culturais-abrem-ate-as-22h-pelo-projeto-uma-noite-no-museu-em-belem#breadcrumblist\",\"itemListElement\":[{\"@type\":\"ListItem\",\"@id\":\"https:\\\/\\\/www.encontrabelem.com.br\\\/sobre#listItem\",\"position\":1,\"name\":\"In\\u00edcio\",\"item\":\"https:\\\/\\\/www.encontrabelem.com.br\\\/sobre\",\"nextItem\":{\"@type\":\"ListItem\",\"@id\":\"https:\\\/\\\/www.encontrabelem.com.br\\\/sobre\\\/noticias-em-belem#listItem\",\"name\":\"Not\\u00edcias Bel\\u00e9m\"}},{\"@type\":\"ListItem\",\"@id\":\"https:\\\/\\\/www.encontrabelem.com.br\\\/sobre\\\/noticias-em-belem#listItem\",\"position\":2,\"name\":\"Not\\u00edcias Bel\\u00e9m\",\"item\":\"https:\\\/\\\/www.encontrabelem.com.br\\\/sobre\\\/noticias-em-belem\",\"nextItem\":{\"@type\":\"ListItem\",\"@id\":\"https:\\\/\\\/www.encontrabelem.com.br\\\/sobre\\\/espacos-culturais-abrem-ate-as-22h-pelo-projeto-uma-noite-no-museu-em-belem#listItem\",\"name\":\"Espa\\u00e7os culturais abrem at\\u00e9 \\u00e0s 22h pelo projeto &#8216;Uma Noite no Museu&#8217; em Bel\\u00e9m\"},\"previousItem\":{\"@type\":\"ListItem\",\"@id\":\"https:\\\/\\\/www.encontrabelem.com.br\\\/sobre#listItem\",\"name\":\"In\\u00edcio\"}},{\"@type\":\"ListItem\",\"@id\":\"https:\\\/\\\/www.encontrabelem.com.br\\\/sobre\\\/espacos-culturais-abrem-ate-as-22h-pelo-projeto-uma-noite-no-museu-em-belem#listItem\",\"position\":3,\"name\":\"Espa\\u00e7os culturais abrem at\\u00e9 \\u00e0s 22h pelo projeto &#8216;Uma Noite no Museu&#8217; em Bel\\u00e9m\",\"previousItem\":{\"@type\":\"ListItem\",\"@id\":\"https:\\\/\\\/www.encontrabelem.com.br\\\/sobre\\\/noticias-em-belem#listItem\",\"name\":\"Not\\u00edcias Bel\\u00e9m\"}}]},{\"@type\":\"Organization\",\"@id\":\"https:\\\/\\\/www.encontrabelem.com.br\\\/sobre\\\/#organization\",\"name\":\"Encontra Bel\\u00e9m\",\"description\":\"Not\\u00edcias, eventos, informa\\u00e7\\u00f5es e dicas na cidade Bel\\u00e9m e regi\\u00e3o.\",\"url\":\"https:\\\/\\\/www.encontrabelem.com.br\\\/sobre\\\/\"},{\"@type\":\"Person\",\"@id\":\"https:\\\/\\\/www.encontrabelem.com.br\\\/sobre\\\/author\\\/ebelem#author\",\"url\":\"https:\\\/\\\/www.encontrabelem.com.br\\\/sobre\\\/author\\\/ebelem\",\"name\":\"Encontra Bel\\u00e9m\",\"image\":{\"@type\":\"ImageObject\",\"@id\":\"https:\\\/\\\/www.encontrabelem.com.br\\\/sobre\\\/espacos-culturais-abrem-ate-as-22h-pelo-projeto-uma-noite-no-museu-em-belem#authorImage\",\"url\":\"https:\\\/\\\/secure.gravatar.com\\\/avatar\\\/507340682b8270222e1f208e23198b6ae7e2c6a1033ae84e99bc6bce4f82a387?s=96&d=mm&r=g\",\"width\":96,\"height\":96,\"caption\":\"Encontra Bel\\u00e9m\"}},{\"@type\":\"WebPage\",\"@id\":\"https:\\\/\\\/www.encontrabelem.com.br\\\/sobre\\\/espacos-culturais-abrem-ate-as-22h-pelo-projeto-uma-noite-no-museu-em-belem#webpage\",\"url\":\"https:\\\/\\\/www.encontrabelem.com.br\\\/sobre\\\/espacos-culturais-abrem-ate-as-22h-pelo-projeto-uma-noite-no-museu-em-belem\",\"name\":\"Espa\\u00e7os culturais abrem at\\u00e9 \\u00e0s 22h pelo projeto \\u2018Uma Noite no Museu\\u2019 em Bel\\u00e9m | Encontra Bel\\u00e9m\",\"description\":\"Uma Noite no Museu oferece visitas a museus em Bel\\u00e9m at\\u00e9 \\u00e0s 22h, n\\u00e3o perca!\",\"inLanguage\":\"pt-BR\",\"isPartOf\":{\"@id\":\"https:\\\/\\\/www.encontrabelem.com.br\\\/sobre\\\/#website\"},\"breadcrumb\":{\"@id\":\"https:\\\/\\\/www.encontrabelem.com.br\\\/sobre\\\/espacos-culturais-abrem-ate-as-22h-pelo-projeto-uma-noite-no-museu-em-belem#breadcrumblist\"},\"author\":{\"@id\":\"https:\\\/\\\/www.encontrabelem.com.br\\\/sobre\\\/author\\\/ebelem#author\"},\"creator\":{\"@id\":\"https:\\\/\\\/www.encontrabelem.com.br\\\/sobre\\\/author\\\/ebelem#author\"},\"image\":{\"@type\":\"ImageObject\",\"url\":\"https:\\\/\\\/www.encontrabelem.com.br\\\/sobre\\\/wp-content\\\/uploads\\\/2026\\\/05\\\/espacos-culturais-abrem-ate-as-22h-pelo-projeto-uma-noite-no-museu-em-belem.webp\",\"@id\":\"https:\\\/\\\/www.encontrabelem.com.br\\\/sobre\\\/espacos-culturais-abrem-ate-as-22h-pelo-projeto-uma-noite-no-museu-em-belem\\\/#mainImage\",\"width\":280,\"height\":280,\"caption\":\"Uma Noite no Museu\"},\"primaryImageOfPage\":{\"@id\":\"https:\\\/\\\/www.encontrabelem.com.br\\\/sobre\\\/espacos-culturais-abrem-ate-as-22h-pelo-projeto-uma-noite-no-museu-em-belem#mainImage\"},\"datePublished\":\"2026-05-11T13:00:11-03:00\",\"dateModified\":\"2026-05-11T13:00:11-03:00\"},{\"@type\":\"WebSite\",\"@id\":\"https:\\\/\\\/www.encontrabelem.com.br\\\/sobre\\\/#website\",\"url\":\"https:\\\/\\\/www.encontrabelem.com.br\\\/sobre\\\/\",\"name\":\"Encontra Bel\\u00e9m\",\"description\":\"Not\\u00edcias, eventos, informa\\u00e7\\u00f5es e dicas na cidade Bel\\u00e9m e regi\\u00e3o.\",\"inLanguage\":\"pt-BR\",\"publisher\":{\"@id\":\"https:\\\/\\\/www.encontrabelem.com.br\\\/sobre\\\/#organization\"}}]}\n\t\t<\/script>\n\t\t<!-- All in One SEO -->\n\n","aioseo_head_json":{"title":"Espa\u00e7os culturais abrem at\u00e9 \u00e0s 22h pelo projeto \u2018Uma Noite no Museu\u2019 em Bel\u00e9m | Encontra Bel\u00e9m","description":"Uma Noite no Museu oferece visitas a museus em Bel\u00e9m at\u00e9 \u00e0s 22h, n\u00e3o perca!","canonical_url":"https:\/\/www.encontrabelem.com.br\/sobre\/espacos-culturais-abrem-ate-as-22h-pelo-projeto-uma-noite-no-museu-em-belem","robots":"max-image-preview:large","keywords":"","webmasterTools":{"miscellaneous":""},"schema":{"@context":"https:\/\/schema.org","@graph":[{"@type":"Article","@id":"https:\/\/www.encontrabelem.com.br\/sobre\/espacos-culturais-abrem-ate-as-22h-pelo-projeto-uma-noite-no-museu-em-belem#article","name":"Espa\u00e7os culturais abrem at\u00e9 \u00e0s 22h pelo projeto \u2018Uma Noite no Museu\u2019 em Bel\u00e9m | Encontra Bel\u00e9m","headline":"Espa\u00e7os culturais abrem at\u00e9 \u00e0s 22h pelo projeto &#8216;Uma Noite no Museu&#8217; em Bel\u00e9m","author":{"@id":"https:\/\/www.encontrabelem.com.br\/sobre\/author\/ebelem#author"},"publisher":{"@id":"https:\/\/www.encontrabelem.com.br\/sobre\/#organization"},"image":{"@type":"ImageObject","url":"https:\/\/www.encontrabelem.com.br\/sobre\/wp-content\/uploads\/2026\/05\/espacos-culturais-abrem-ate-as-22h-pelo-projeto-uma-noite-no-museu-em-belem.webp","width":280,"height":280,"caption":"Uma Noite no Museu"},"datePublished":"2026-05-11T13:00:11-03:00","dateModified":"2026-05-11T13:00:11-03:00","inLanguage":"pt-BR","mainEntityOfPage":{"@id":"https:\/\/www.encontrabelem.com.br\/sobre\/espacos-culturais-abrem-ate-as-22h-pelo-projeto-uma-noite-no-museu-em-belem#webpage"},"isPartOf":{"@id":"https:\/\/www.encontrabelem.com.br\/sobre\/espacos-culturais-abrem-ate-as-22h-pelo-projeto-uma-noite-no-museu-em-belem#webpage"},"articleSection":"Not\u00edcias Bel\u00e9m"},{"@type":"BreadcrumbList","@id":"https:\/\/www.encontrabelem.com.br\/sobre\/espacos-culturais-abrem-ate-as-22h-pelo-projeto-uma-noite-no-museu-em-belem#breadcrumblist","itemListElement":[{"@type":"ListItem","@id":"https:\/\/www.encontrabelem.com.br\/sobre#listItem","position":1,"name":"In\u00edcio","item":"https:\/\/www.encontrabelem.com.br\/sobre","nextItem":{"@type":"ListItem","@id":"https:\/\/www.encontrabelem.com.br\/sobre\/noticias-em-belem#listItem","name":"Not\u00edcias Bel\u00e9m"}},{"@type":"ListItem","@id":"https:\/\/www.encontrabelem.com.br\/sobre\/noticias-em-belem#listItem","position":2,"name":"Not\u00edcias Bel\u00e9m","item":"https:\/\/www.encontrabelem.com.br\/sobre\/noticias-em-belem","nextItem":{"@type":"ListItem","@id":"https:\/\/www.encontrabelem.com.br\/sobre\/espacos-culturais-abrem-ate-as-22h-pelo-projeto-uma-noite-no-museu-em-belem#listItem","name":"Espa\u00e7os culturais abrem at\u00e9 \u00e0s 22h pelo projeto &#8216;Uma Noite no Museu&#8217; em Bel\u00e9m"},"previousItem":{"@type":"ListItem","@id":"https:\/\/www.encontrabelem.com.br\/sobre#listItem","name":"In\u00edcio"}},{"@type":"ListItem","@id":"https:\/\/www.encontrabelem.com.br\/sobre\/espacos-culturais-abrem-ate-as-22h-pelo-projeto-uma-noite-no-museu-em-belem#listItem","position":3,"name":"Espa\u00e7os culturais abrem at\u00e9 \u00e0s 22h pelo projeto &#8216;Uma Noite no Museu&#8217; em Bel\u00e9m","previousItem":{"@type":"ListItem","@id":"https:\/\/www.encontrabelem.com.br\/sobre\/noticias-em-belem#listItem","name":"Not\u00edcias Bel\u00e9m"}}]},{"@type":"Organization","@id":"https:\/\/www.encontrabelem.com.br\/sobre\/#organization","name":"Encontra Bel\u00e9m","description":"Not\u00edcias, eventos, informa\u00e7\u00f5es e dicas na cidade Bel\u00e9m e regi\u00e3o.","url":"https:\/\/www.encontrabelem.com.br\/sobre\/"},{"@type":"Person","@id":"https:\/\/www.encontrabelem.com.br\/sobre\/author\/ebelem#author","url":"https:\/\/www.encontrabelem.com.br\/sobre\/author\/ebelem","name":"Encontra Bel\u00e9m","image":{"@type":"ImageObject","@id":"https:\/\/www.encontrabelem.com.br\/sobre\/espacos-culturais-abrem-ate-as-22h-pelo-projeto-uma-noite-no-museu-em-belem#authorImage","url":"https:\/\/secure.gravatar.com\/avatar\/507340682b8270222e1f208e23198b6ae7e2c6a1033ae84e99bc6bce4f82a387?s=96&d=mm&r=g","width":96,"height":96,"caption":"Encontra Bel\u00e9m"}},{"@type":"WebPage","@id":"https:\/\/www.encontrabelem.com.br\/sobre\/espacos-culturais-abrem-ate-as-22h-pelo-projeto-uma-noite-no-museu-em-belem#webpage","url":"https:\/\/www.encontrabelem.com.br\/sobre\/espacos-culturais-abrem-ate-as-22h-pelo-projeto-uma-noite-no-museu-em-belem","name":"Espa\u00e7os culturais abrem at\u00e9 \u00e0s 22h pelo projeto \u2018Uma Noite no Museu\u2019 em Bel\u00e9m | Encontra Bel\u00e9m","description":"Uma Noite no Museu oferece visitas a museus em Bel\u00e9m at\u00e9 \u00e0s 22h, n\u00e3o perca!","inLanguage":"pt-BR","isPartOf":{"@id":"https:\/\/www.encontrabelem.com.br\/sobre\/#website"},"breadcrumb":{"@id":"https:\/\/www.encontrabelem.com.br\/sobre\/espacos-culturais-abrem-ate-as-22h-pelo-projeto-uma-noite-no-museu-em-belem#breadcrumblist"},"author":{"@id":"https:\/\/www.encontrabelem.com.br\/sobre\/author\/ebelem#author"},"creator":{"@id":"https:\/\/www.encontrabelem.com.br\/sobre\/author\/ebelem#author"},"image":{"@type":"ImageObject","url":"https:\/\/www.encontrabelem.com.br\/sobre\/wp-content\/uploads\/2026\/05\/espacos-culturais-abrem-ate-as-22h-pelo-projeto-uma-noite-no-museu-em-belem.webp","@id":"https:\/\/www.encontrabelem.com.br\/sobre\/espacos-culturais-abrem-ate-as-22h-pelo-projeto-uma-noite-no-museu-em-belem\/#mainImage","width":280,"height":280,"caption":"Uma Noite no Museu"},"primaryImageOfPage":{"@id":"https:\/\/www.encontrabelem.com.br\/sobre\/espacos-culturais-abrem-ate-as-22h-pelo-projeto-uma-noite-no-museu-em-belem#mainImage"},"datePublished":"2026-05-11T13:00:11-03:00","dateModified":"2026-05-11T13:00:11-03:00"},{"@type":"WebSite","@id":"https:\/\/www.encontrabelem.com.br\/sobre\/#website","url":"https:\/\/www.encontrabelem.com.br\/sobre\/","name":"Encontra Bel\u00e9m","description":"Not\u00edcias, eventos, informa\u00e7\u00f5es e dicas na cidade Bel\u00e9m e regi\u00e3o.","inLanguage":"pt-BR","publisher":{"@id":"https:\/\/www.encontrabelem.com.br\/sobre\/#organization"}}]},"og:locale":"pt_BR","og:site_name":"Encontra Bel\u00e9m | Not\u00edcias, eventos, informa\u00e7\u00f5es e dicas na cidade Bel\u00e9m e regi\u00e3o.","og:type":"article","og:title":"Espa\u00e7os culturais abrem at\u00e9 \u00e0s 22h pelo projeto \u2018Uma Noite no Museu\u2019 em Bel\u00e9m | Encontra Bel\u00e9m","og:description":"Uma Noite no Museu oferece visitas a museus em Bel\u00e9m at\u00e9 \u00e0s 22h, n\u00e3o perca!","og:url":"https:\/\/www.encontrabelem.com.br\/sobre\/espacos-culturais-abrem-ate-as-22h-pelo-projeto-uma-noite-no-museu-em-belem","article:published_time":"2026-05-11T16:00:11+00:00","article:modified_time":"2026-05-11T16:00:11+00:00","twitter:card":"summary","twitter:title":"Espa\u00e7os culturais abrem at\u00e9 \u00e0s 22h pelo projeto \u2018Uma Noite no Museu\u2019 em Bel\u00e9m | Encontra Bel\u00e9m","twitter:description":"Uma Noite no Museu oferece visitas a museus em Bel\u00e9m at\u00e9 \u00e0s 22h, n\u00e3o perca!"},"aioseo_meta_data":{"post_id":"1709","title":null,"description":null,"keywords":null,"keyphrases":null,"primary_term":null,"canonical_url":null,"og_title":null,"og_description":null,"og_object_type":"default","og_image_type":"default","og_image_url":null,"og_image_width":null,"og_image_height":null,"og_image_custom_url":null,"og_image_custom_fields":null,"og_video":null,"og_custom_url":null,"og_article_section":null,"og_article_tags":null,"twitter_use_og":false,"twitter_card":"default","twitter_image_type":"default","twitter_image_url":null,"twitter_image_custom_url":null,"twitter_image_custom_fields":null,"twitter_title":null,"twitter_description":null,"schema":{"blockGraphs":[],"customGraphs":[],"default":{"data":{"Article":[],"Course":[],"Dataset":[],"FAQPage":[],"Movie":[],"Person":[],"Product":[],"ProductReview":[],"Car":[],"Recipe":[],"Service":[],"SoftwareApplication":[],"WebPage":[]},"graphName":"Article","isEnabled":true},"graphs":[]},"schema_type":"default","schema_type_options":null,"pillar_content":false,"robots_default":true,"robots_noindex":false,"robots_noarchive":false,"robots_nosnippet":false,"robots_nofollow":false,"robots_noimageindex":false,"robots_noodp":false,"robots_notranslate":false,"robots_max_snippet":null,"robots_max_videopreview":null,"robots_max_imagepreview":"large","priority":null,"frequency":null,"local_seo":null,"breadcrumb_settings":null,"limit_modified_date":false,"ai":null,"created":"2026-05-11 16:00:15","updated":"2026-05-11 17:25:16","focus_keyword":null,"additional_keywords":null,"truseo_locale":null,"seo_analyzer_scan_date":null},"aioseo_breadcrumb":"<div class=\"aioseo-breadcrumbs\"><span class=\"aioseo-breadcrumb\">\n\t\t\t<a href=\"https:\/\/www.encontrabelem.com.br\/sobre\" title=\"In\u00edcio\">In\u00edcio<\/a>\n\t\t<\/span><span class=\"aioseo-breadcrumb-separator\">&raquo;<\/span><span class=\"aioseo-breadcrumb\">\n\t\t\t<a href=\"https:\/\/www.encontrabelem.com.br\/sobre\/noticias-em-belem\" title=\"Not\u00edcias Bel\u00e9m\">Not\u00edcias Bel\u00e9m<\/a>\n\t\t<\/span><span class=\"aioseo-breadcrumb-separator\">&raquo;<\/span><span class=\"aioseo-breadcrumb\">\n\t\t\tEspa\u00e7os culturais abrem at\u00e9 \u00e0s 22h pelo projeto \u2018Uma Noite no Museu\u2019 em Bel\u00e9m\n\t\t<\/span><\/div>","aioseo_breadcrumb_json":[{"label":"In\u00edcio","link":"https:\/\/www.encontrabelem.com.br\/sobre"},{"label":"Not\u00edcias Bel\u00e9m","link":"https:\/\/www.encontrabelem.com.br\/sobre\/noticias-em-belem"},{"label":"Espa\u00e7os culturais abrem at\u00e9 \u00e0s 22h pelo projeto &#8216;Uma Noite no Museu&#8217; em Bel\u00e9m","link":"https:\/\/www.encontrabelem.com.br\/sobre\/espacos-culturais-abrem-ate-as-22h-pelo-projeto-uma-noite-no-museu-em-belem"}],"_links":{"self":[{"href":"https:\/\/www.encontrabelem.com.br\/sobre\/wp-json\/wp\/v2\/posts\/1709","targetHints":{"allow":["GET"]}}],"collection":[{"href":"https:\/\/www.encontrabelem.com.br\/sobre\/wp-json\/wp\/v2\/posts"}],"about":[{"href":"https:\/\/www.encontrabelem.com.br\/sobre\/wp-json\/wp\/v2\/types\/post"}],"author":[{"embeddable":true,"href":"https:\/\/www.encontrabelem.com.br\/sobre\/wp-json\/wp\/v2\/users\/1"}],"replies":[{"embeddable":true,"href":"https:\/\/www.encontrabelem.com.br\/sobre\/wp-json\/wp\/v2\/comments?post=1709"}],"version-history":[{"count":0,"href":"https:\/\/www.encontrabelem.com.br\/sobre\/wp-json\/wp\/v2\/posts\/1709\/revisions"}],"wp:featuredmedia":[{"embeddable":true,"href":"https:\/\/www.encontrabelem.com.br\/sobre\/wp-json\/wp\/v2\/media\/1708"}],"wp:attachment":[{"href":"https:\/\/www.encontrabelem.com.br\/sobre\/wp-json\/wp\/v2\/media?parent=1709"}],"wp:term":[{"taxonomy":"category","embeddable":true,"href":"https:\/\/www.encontrabelem.com.br\/sobre\/wp-json\/wp\/v2\/categories?post=1709"},{"taxonomy":"post_tag","embeddable":true,"href":"https:\/\/www.encontrabelem.com.br\/sobre\/wp-json\/wp\/v2\/tags?post=1709"}],"curies":[{"name":"wp","href":"https:\/\/api.w.org\/{rel}","templated":true}]}}