{"id":1705,"date":"2026-05-11T12:54:32","date_gmt":"2026-05-11T15:54:32","guid":{"rendered":"https:\/\/www.encontrabelem.com.br\/sobre\/chuva-historica-deixa-13-mil-desalojados-diz-prefeitura-de-belem"},"modified":"2026-05-11T12:54:32","modified_gmt":"2026-05-11T15:54:32","slug":"chuva-historica-deixa-13-mil-desalojados-diz-prefeitura-de-belem","status":"publish","type":"post","link":"https:\/\/www.encontrabelem.com.br\/sobre\/chuva-historica-deixa-13-mil-desalojados-diz-prefeitura-de-belem","title":{"rendered":"Chuva hist\u00f3rica deixa 13 mil desalojados, diz prefeitura de Bel\u00e9m"},"content":{"rendered":"<div class=\"b22802487b0d38c4c6d9f34966e16421\" data-index=\"1\" style=\"float: none; margin:0px;\">\n<!-- Anuncio display - global -->\r\n<ins class=\"adsbygoogle\"\r\n     style=\"display:block\"\r\n     data-ad-client=\"ca-pub-8585364105181520\"\r\n     data-ad-slot=\"8789329856\"\r\n     data-ad-format=\"auto\"\r\n     data-full-width-responsive=\"true\"><\/ins>\r\n<script>\r\n     (adsbygoogle = window.adsbygoogle || []).push({});\r\n<\/script>\n<\/div>\n<h2>Causas das chuvas intensas em Bel\u00e9m<\/h2>\n<p>As chuvas intensas que afetaram Bel\u00e9m do Par\u00e1 s\u00e3o resultado de uma combina\u00e7\u00e3o de fatores clim\u00e1ticos e geogr\u00e1ficos. A localiza\u00e7\u00e3o da cidade, que est\u00e1 situada na regi\u00e3o amaz\u00f4nica, a torna propensa a fen\u00f4menos atmosf\u00e9ricos que desencadeiam precipita\u00e7\u00f5es severas. Dentre as raz\u00f5es mais significativas, destacam-se:<\/p>\n<ul>\n<li><strong>Umidade elevada:<\/strong> A presen\u00e7a da floresta amaz\u00f4nica e dos rios da regi\u00e3o contribui para altos \u00edndices de umidade no ar, o que favorece a forma\u00e7\u00e3o de nuvens carregadas.<\/li>\n<li><strong>Convec\u00e7\u00e3o t\u00e9rmica:<\/strong> O calor intenso durante o dia provoca a ascens\u00e3o do ar, que ao encontrar camadas mais frias se condensa, resultando em chuvas fortes.<\/li>\n<li><strong>Fen\u00f4menos clim\u00e1ticos:<\/strong> Eventos como El Ni\u00f1o e La Ni\u00f1a tamb\u00e9m t\u00eam impacto significativo nas chuvas na regi\u00e3o, alterando padr\u00f5es clim\u00e1ticos.<\/li>\n<\/ul>\n<h2>Situa\u00e7\u00e3o de emerg\u00eancia decretada pela prefeitura<\/h2>\n<p>Considerando a gravidade dos acontecimentos, a prefeitura de Bel\u00e9m tomou a decis\u00e3o de decretar situa\u00e7\u00e3o de emerg\u00eancia. Esse passo legal permite uma mobiliza\u00e7\u00e3o mais \u00e1gil e eficaz de recursos para assist\u00eancia \u00e0s v\u00edtimas. A declara\u00e7\u00e3o tem como objetivo facilitar o acesso a verbas estaduais e federais que podem ser destinadas \u00e0 recupera\u00e7\u00e3o das \u00e1reas afetadas.<\/p>\n<p>Al\u00e9m disso, o decreto \u00e9 uma forma de alertar a popula\u00e7\u00e3o sobre os riscos cont\u00ednuos relacionados a novas chuvas, estabelecendo um estado de alerta em toda a cidade.<\/p>\n<p><img decoding=\"async\" src=\"https:\/\/www.encontrabelem.com.br\/sobre\/wp-content\/uploads\/2026\/05\/chuva-historica-deixa-13-mil-desalojados-diz-prefeitura-de-belem.webp\" alt=\"chuva hist\u00f3rica em Bel\u00e9m\" loading=\"lazy\" \/><\/p>\n<h2>N\u00famero de desalojados e desabrigados<\/h2>\n<p>Os efeitos devastadores das chuvas resultaram em aproximadamente 13 mil pessoas que est\u00e3o hoje sem lar. Esse n\u00famero se divide entre desalojados, que conseguiram deixar suas casas, e desabrigados, que foram for\u00e7ados a deixar suas resid\u00eancias e est\u00e3o agora em abrigos ou na casa de familiares. As informa\u00e7\u00f5es da prefeitura indicam que mais de 44 mil cidad\u00e3os sentiram os impactos das chuvas de forma direta ou indireta.<\/p>\n<h2>A import\u00e2ncia da assist\u00eancia social<\/h2>\n<p>A assist\u00eancia social aparece como a principal resposta \u00e0s necessidades emergenciais da popula\u00e7\u00e3o afetada. Ap\u00f3s a calamidade, \u00e9 fundamental que as autoridades promovam a\u00e7\u00f5es de apoio. As principais medidas incluem:<\/p>\n<ul>\n<li><strong>Distribui\u00e7\u00e3o de alimentos:<\/strong> Muitas fam\u00edlias perderam seus suprimentos b\u00e1sicos devido \u00e0s inunda\u00e7\u00f5es, necessitando de provid\u00eancias urgentes para a entrega de alimentos.<\/li>\n<li><strong>Atendimento psicossocial:<\/strong> O trauma causado pela perda de bens e a necessidade de recome\u00e7ar imp\u00f5e um grande peso emocional sobre as v\u00edtimas; portanto, suporte psicol\u00f3gico \u00e9 vital.<\/li>\n<li><strong>Apoio a servi\u00e7os essenciais:<\/strong> \u00c9 imperativo restaurar o acesso a servi\u00e7os como sa\u00fade, educa\u00e7\u00e3o e seguran\u00e7a para todos os afetados.<\/li>\n<\/ul>\n<h2>Bairros mais afetados pela inunda\u00e7\u00e3o<\/h2>\n<p>Dentre os bairros de Bel\u00e9m que sofreram maiores estragos devido \u00e0s chuvas, destacam-se:<\/p>\n<ul>\n<li><strong>Tapan\u00e3:<\/strong> Regi\u00f5es regulares que foram severamente impactadas, com v\u00e1rias casas completamente alagadas.<\/li>\n<li><strong>Terra Firme:<\/strong> Um dos locais que enfrentaram alagamentos intensos, onde as ruas foram tomadas pela \u00e1gua.<\/li>\n<li><strong>Guam\u00e1:<\/strong> Registrou muitos desalojados, necessitando de abrigos emergenciais para as fam\u00edlias afetadas.<\/li>\n<\/ul>\n<h2>A\u00e7\u00f5es emergenciais da prefeitura<\/h2>\n<p>Em resposta \u00e0s chuvas, a prefeitura de Bel\u00e9m implementou diversas a\u00e7\u00f5es de emerg\u00eancia:<\/p>\n<ul>\n<li><strong>Distribui\u00e7\u00e3o de cestas b\u00e1sicas:<\/strong> Alimentos foram enviados para as \u00e1reas mais impactadas, ajudando a mitigar a fome imediata.<\/li>\n<li><strong>Atendimento em abrigos:<\/strong> Algumas das v\u00edtimas foram alocadas em abrigos improvisados, onde recebem assist\u00eancia b\u00e1sica.<\/li>\n<li><strong>Restabelecimento de servi\u00e7os p\u00fablicos:<\/strong> A prefeitura iniciou trabalhos de drenagem e limpeza das ruas para minimizar os impactos de novas chuvas.<\/li>\n<\/ul>\n<h2>Experi\u00eancias de moradores durante as chuvas<\/h2>\n<p>Os relatos dos moradores s\u00e3o tocantes e ilustram o desespero diante da situa\u00e7\u00e3o. Muitas fam\u00edlias acordaram com a \u00e1gua invadindo suas casas, levando n\u00e3o apenas bens materiais, mas tamb\u00e9m mem\u00f3rias significativas e essenciais. O impacto emocional da perda e a luta di\u00e1ria para sobreviver em condi\u00e7\u00f5es adversas s\u00e3o aspectos que predominam nas narrativas das v\u00edtimas, revelando desafios al\u00e9m da mera perda material.<\/p>\n<h2>Desafios na recupera\u00e7\u00e3o p\u00f3s-alagamento<\/h2>\n<p>A recupera\u00e7\u00e3o ap\u00f3s a inunda\u00e7\u00e3o se mostra complexa e desafiadora. Os principais obst\u00e1culos incluem:<\/p>\n<ul>\n<li><strong>Recupera\u00e7\u00e3o de documentos e bens:<\/strong> Muitas fam\u00edlias perderam documentos importantes devido \u00e0 \u00e1gua, dificultando o processo de restaura\u00e7\u00e3o de sua vida normal.<\/li>\n<li><strong>Necessidade de moradia:<\/strong> A reconstru\u00e7\u00e3o das casas afetadas pode levar tempo, o que resulta em pessoas ainda vivendo em abrigos.<\/li>\n<li><strong>Alavancar a economia local:<\/strong> O impacto econ\u00f4mico \u00e9 significativo; muitas pequenas empresas foram afetadas e precisam de incentivo para se reerguer.<\/li>\n<\/ul>\n<h2>Previs\u00f5es meteorol\u00f3gicas para os pr\u00f3ximos dias<\/h2>\n<p>Ainda com um clima inst\u00e1vel na regi\u00e3o, os meteorologistas do Inmet apontam a possibilidade de novas chuvas nos pr\u00f3ximos dias. A previs\u00e3o mant\u00e9m a cidade em alerta, o que traz preocupa\u00e7\u00e3o para fam\u00edlias ainda vulner\u00e1veis ap\u00f3s o impacto das chuvas recentes. As equipes de monitoramento permanecem atentas para agir rapidamente se novos epis\u00f3dios de alagamento forem registrados.<\/p>\n<h2>Como ajudar as v\u00edtimas das chuvas<\/h2>\n<p>A solidariedade \u00e9 essencial neste momento cr\u00edtico. H\u00e1 v\u00e1rias formas de contribuir com as v\u00edtimas das chuvas:<\/p>\n<ul>\n<li><strong>Doa\u00e7\u00f5es de alimentos e roupas:<\/strong> A entrega de donativos \u00e9 fundamental para o sustento das fam\u00edlias afetadas.<\/li>\n<li><strong>Voluntariado:<\/strong> A ajuda direta em a\u00e7\u00f5es emergenciais realiza um impacto positivo imediato para quem mais precisa.<\/li>\n<li><strong>Campanhas de arrecada\u00e7\u00e3o:<\/strong> Iniciar ou participar de campanhas para arrecadar recursos financeiros pode facilitar a r\u00e1pida aquisi\u00e7\u00e3o de suprimentos e ajuda essencial.<\/li>\n<\/ul>\n\n<div style=\"font-size: 0px; height: 0px; line-height: 0px; margin: 0; padding: 0; clear: both;\"><\/div>","protected":false},"excerpt":{"rendered":"<p>Chuva hist\u00f3rica em Bel\u00e9m causa estragos e deixou milhares de pessoas desalojadas.<\/p>\n","protected":false},"author":1,"featured_media":1704,"comment_status":"open","ping_status":"closed","sticky":false,"template":"","format":"standard","meta":{"footnotes":""},"categories":[1],"tags":[],"class_list":["post-1705","post","type-post","status-publish","format-standard","has-post-thumbnail","hentry","category-noticias-em-belem","has_thumb"],"aioseo_notices":[],"aioseo_head":"\n\t\t<!-- All in One SEO 5.0.0.1 - aioseo.com -->\n\t<meta name=\"description\" content=\"Chuva hist\u00f3rica em Bel\u00e9m causa estragos e deixou milhares de pessoas desalojadas.\" \/>\n\t<meta name=\"robots\" content=\"max-image-preview:large\" \/>\n\t<meta name=\"author\" content=\"Encontra Bel\u00e9m\"\/>\n\t<link rel=\"canonical\" href=\"https:\/\/www.encontrabelem.com.br\/sobre\/chuva-historica-deixa-13-mil-desalojados-diz-prefeitura-de-belem\" \/>\n\t<meta name=\"generator\" content=\"All in One SEO (AIOSEO) 5.0.0.1\" \/>\n\t\t<meta property=\"og:locale\" content=\"pt_BR\" \/>\n\t\t<meta property=\"og:site_name\" content=\"Encontra Bel\u00e9m | Not\u00edcias, eventos, informa\u00e7\u00f5es e dicas na cidade Bel\u00e9m e regi\u00e3o.\" \/>\n\t\t<meta property=\"og:type\" content=\"article\" \/>\n\t\t<meta property=\"og:title\" content=\"Chuva hist\u00f3rica deixa 13 mil desalojados, diz prefeitura de Bel\u00e9m | Encontra Bel\u00e9m\" \/>\n\t\t<meta property=\"og:description\" content=\"Chuva hist\u00f3rica em Bel\u00e9m causa estragos e deixou milhares de pessoas desalojadas.\" \/>\n\t\t<meta property=\"og:url\" content=\"https:\/\/www.encontrabelem.com.br\/sobre\/chuva-historica-deixa-13-mil-desalojados-diz-prefeitura-de-belem\" \/>\n\t\t<meta property=\"article:published_time\" content=\"2026-05-11T15:54:32+00:00\" \/>\n\t\t<meta property=\"article:modified_time\" content=\"2026-05-11T15:54:32+00:00\" \/>\n\t\t<meta name=\"twitter:card\" content=\"summary\" \/>\n\t\t<meta name=\"twitter:title\" content=\"Chuva hist\u00f3rica deixa 13 mil desalojados, diz prefeitura de Bel\u00e9m | Encontra Bel\u00e9m\" \/>\n\t\t<meta name=\"twitter:description\" content=\"Chuva hist\u00f3rica em Bel\u00e9m causa estragos e deixou milhares de pessoas desalojadas.\" \/>\n\t\t<script type=\"application\/ld+json\" class=\"aioseo-schema\">\n\t\t\t{\"@context\":\"https:\\\/\\\/schema.org\",\"@graph\":[{\"@type\":\"Article\",\"@id\":\"https:\\\/\\\/www.encontrabelem.com.br\\\/sobre\\\/chuva-historica-deixa-13-mil-desalojados-diz-prefeitura-de-belem#article\",\"name\":\"Chuva hist\\u00f3rica deixa 13 mil desalojados, diz prefeitura de Bel\\u00e9m | Encontra Bel\\u00e9m\",\"headline\":\"Chuva hist\\u00f3rica deixa 13 mil desalojados, diz prefeitura de Bel\\u00e9m\",\"author\":{\"@id\":\"https:\\\/\\\/www.encontrabelem.com.br\\\/sobre\\\/author\\\/ebelem#author\"},\"publisher\":{\"@id\":\"https:\\\/\\\/www.encontrabelem.com.br\\\/sobre\\\/#organization\"},\"image\":{\"@type\":\"ImageObject\",\"url\":\"https:\\\/\\\/www.encontrabelem.com.br\\\/sobre\\\/wp-content\\\/uploads\\\/2026\\\/05\\\/chuva-historica-deixa-13-mil-desalojados-diz-prefeitura-de-belem.webp\",\"width\":280,\"height\":280,\"caption\":\"chuva hist\\u00f3rica em Bel\\u00e9m\"},\"datePublished\":\"2026-05-11T12:54:32-03:00\",\"dateModified\":\"2026-05-11T12:54:32-03:00\",\"inLanguage\":\"pt-BR\",\"mainEntityOfPage\":{\"@id\":\"https:\\\/\\\/www.encontrabelem.com.br\\\/sobre\\\/chuva-historica-deixa-13-mil-desalojados-diz-prefeitura-de-belem#webpage\"},\"isPartOf\":{\"@id\":\"https:\\\/\\\/www.encontrabelem.com.br\\\/sobre\\\/chuva-historica-deixa-13-mil-desalojados-diz-prefeitura-de-belem#webpage\"},\"articleSection\":\"Not\\u00edcias Bel\\u00e9m\"},{\"@type\":\"BreadcrumbList\",\"@id\":\"https:\\\/\\\/www.encontrabelem.com.br\\\/sobre\\\/chuva-historica-deixa-13-mil-desalojados-diz-prefeitura-de-belem#breadcrumblist\",\"itemListElement\":[{\"@type\":\"ListItem\",\"@id\":\"https:\\\/\\\/www.encontrabelem.com.br\\\/sobre#listItem\",\"position\":1,\"name\":\"In\\u00edcio\",\"item\":\"https:\\\/\\\/www.encontrabelem.com.br\\\/sobre\",\"nextItem\":{\"@type\":\"ListItem\",\"@id\":\"https:\\\/\\\/www.encontrabelem.com.br\\\/sobre\\\/noticias-em-belem#listItem\",\"name\":\"Not\\u00edcias Bel\\u00e9m\"}},{\"@type\":\"ListItem\",\"@id\":\"https:\\\/\\\/www.encontrabelem.com.br\\\/sobre\\\/noticias-em-belem#listItem\",\"position\":2,\"name\":\"Not\\u00edcias Bel\\u00e9m\",\"item\":\"https:\\\/\\\/www.encontrabelem.com.br\\\/sobre\\\/noticias-em-belem\",\"nextItem\":{\"@type\":\"ListItem\",\"@id\":\"https:\\\/\\\/www.encontrabelem.com.br\\\/sobre\\\/chuva-historica-deixa-13-mil-desalojados-diz-prefeitura-de-belem#listItem\",\"name\":\"Chuva hist\\u00f3rica deixa 13 mil desalojados, diz prefeitura de Bel\\u00e9m\"},\"previousItem\":{\"@type\":\"ListItem\",\"@id\":\"https:\\\/\\\/www.encontrabelem.com.br\\\/sobre#listItem\",\"name\":\"In\\u00edcio\"}},{\"@type\":\"ListItem\",\"@id\":\"https:\\\/\\\/www.encontrabelem.com.br\\\/sobre\\\/chuva-historica-deixa-13-mil-desalojados-diz-prefeitura-de-belem#listItem\",\"position\":3,\"name\":\"Chuva hist\\u00f3rica deixa 13 mil desalojados, diz prefeitura de Bel\\u00e9m\",\"previousItem\":{\"@type\":\"ListItem\",\"@id\":\"https:\\\/\\\/www.encontrabelem.com.br\\\/sobre\\\/noticias-em-belem#listItem\",\"name\":\"Not\\u00edcias Bel\\u00e9m\"}}]},{\"@type\":\"Organization\",\"@id\":\"https:\\\/\\\/www.encontrabelem.com.br\\\/sobre\\\/#organization\",\"name\":\"Encontra Bel\\u00e9m\",\"description\":\"Not\\u00edcias, eventos, informa\\u00e7\\u00f5es e dicas na cidade Bel\\u00e9m e regi\\u00e3o.\",\"url\":\"https:\\\/\\\/www.encontrabelem.com.br\\\/sobre\\\/\"},{\"@type\":\"Person\",\"@id\":\"https:\\\/\\\/www.encontrabelem.com.br\\\/sobre\\\/author\\\/ebelem#author\",\"url\":\"https:\\\/\\\/www.encontrabelem.com.br\\\/sobre\\\/author\\\/ebelem\",\"name\":\"Encontra Bel\\u00e9m\",\"image\":{\"@type\":\"ImageObject\",\"@id\":\"https:\\\/\\\/www.encontrabelem.com.br\\\/sobre\\\/chuva-historica-deixa-13-mil-desalojados-diz-prefeitura-de-belem#authorImage\",\"url\":\"https:\\\/\\\/secure.gravatar.com\\\/avatar\\\/507340682b8270222e1f208e23198b6ae7e2c6a1033ae84e99bc6bce4f82a387?s=96&d=mm&r=g\",\"width\":96,\"height\":96,\"caption\":\"Encontra Bel\\u00e9m\"}},{\"@type\":\"WebPage\",\"@id\":\"https:\\\/\\\/www.encontrabelem.com.br\\\/sobre\\\/chuva-historica-deixa-13-mil-desalojados-diz-prefeitura-de-belem#webpage\",\"url\":\"https:\\\/\\\/www.encontrabelem.com.br\\\/sobre\\\/chuva-historica-deixa-13-mil-desalojados-diz-prefeitura-de-belem\",\"name\":\"Chuva hist\\u00f3rica deixa 13 mil desalojados, diz prefeitura de Bel\\u00e9m | Encontra Bel\\u00e9m\",\"description\":\"Chuva hist\\u00f3rica em Bel\\u00e9m causa estragos e deixou milhares de pessoas desalojadas.\",\"inLanguage\":\"pt-BR\",\"isPartOf\":{\"@id\":\"https:\\\/\\\/www.encontrabelem.com.br\\\/sobre\\\/#website\"},\"breadcrumb\":{\"@id\":\"https:\\\/\\\/www.encontrabelem.com.br\\\/sobre\\\/chuva-historica-deixa-13-mil-desalojados-diz-prefeitura-de-belem#breadcrumblist\"},\"author\":{\"@id\":\"https:\\\/\\\/www.encontrabelem.com.br\\\/sobre\\\/author\\\/ebelem#author\"},\"creator\":{\"@id\":\"https:\\\/\\\/www.encontrabelem.com.br\\\/sobre\\\/author\\\/ebelem#author\"},\"image\":{\"@type\":\"ImageObject\",\"url\":\"https:\\\/\\\/www.encontrabelem.com.br\\\/sobre\\\/wp-content\\\/uploads\\\/2026\\\/05\\\/chuva-historica-deixa-13-mil-desalojados-diz-prefeitura-de-belem.webp\",\"@id\":\"https:\\\/\\\/www.encontrabelem.com.br\\\/sobre\\\/chuva-historica-deixa-13-mil-desalojados-diz-prefeitura-de-belem\\\/#mainImage\",\"width\":280,\"height\":280,\"caption\":\"chuva hist\\u00f3rica em Bel\\u00e9m\"},\"primaryImageOfPage\":{\"@id\":\"https:\\\/\\\/www.encontrabelem.com.br\\\/sobre\\\/chuva-historica-deixa-13-mil-desalojados-diz-prefeitura-de-belem#mainImage\"},\"datePublished\":\"2026-05-11T12:54:32-03:00\",\"dateModified\":\"2026-05-11T12:54:32-03:00\"},{\"@type\":\"WebSite\",\"@id\":\"https:\\\/\\\/www.encontrabelem.com.br\\\/sobre\\\/#website\",\"url\":\"https:\\\/\\\/www.encontrabelem.com.br\\\/sobre\\\/\",\"name\":\"Encontra Bel\\u00e9m\",\"description\":\"Not\\u00edcias, eventos, informa\\u00e7\\u00f5es e dicas na cidade Bel\\u00e9m e regi\\u00e3o.\",\"inLanguage\":\"pt-BR\",\"publisher\":{\"@id\":\"https:\\\/\\\/www.encontrabelem.com.br\\\/sobre\\\/#organization\"}}]}\n\t\t<\/script>\n\t\t<!-- All in One SEO -->\n\n","aioseo_head_json":{"title":"Chuva hist\u00f3rica deixa 13 mil desalojados, diz prefeitura de Bel\u00e9m | Encontra Bel\u00e9m","description":"Chuva hist\u00f3rica em Bel\u00e9m causa estragos e deixou milhares de pessoas desalojadas.","canonical_url":"https:\/\/www.encontrabelem.com.br\/sobre\/chuva-historica-deixa-13-mil-desalojados-diz-prefeitura-de-belem","robots":"max-image-preview:large","keywords":"","webmasterTools":{"miscellaneous":""},"schema":{"@context":"https:\/\/schema.org","@graph":[{"@type":"Article","@id":"https:\/\/www.encontrabelem.com.br\/sobre\/chuva-historica-deixa-13-mil-desalojados-diz-prefeitura-de-belem#article","name":"Chuva hist\u00f3rica deixa 13 mil desalojados, diz prefeitura de Bel\u00e9m | Encontra Bel\u00e9m","headline":"Chuva hist\u00f3rica deixa 13 mil desalojados, diz prefeitura de Bel\u00e9m","author":{"@id":"https:\/\/www.encontrabelem.com.br\/sobre\/author\/ebelem#author"},"publisher":{"@id":"https:\/\/www.encontrabelem.com.br\/sobre\/#organization"},"image":{"@type":"ImageObject","url":"https:\/\/www.encontrabelem.com.br\/sobre\/wp-content\/uploads\/2026\/05\/chuva-historica-deixa-13-mil-desalojados-diz-prefeitura-de-belem.webp","width":280,"height":280,"caption":"chuva hist\u00f3rica em Bel\u00e9m"},"datePublished":"2026-05-11T12:54:32-03:00","dateModified":"2026-05-11T12:54:32-03:00","inLanguage":"pt-BR","mainEntityOfPage":{"@id":"https:\/\/www.encontrabelem.com.br\/sobre\/chuva-historica-deixa-13-mil-desalojados-diz-prefeitura-de-belem#webpage"},"isPartOf":{"@id":"https:\/\/www.encontrabelem.com.br\/sobre\/chuva-historica-deixa-13-mil-desalojados-diz-prefeitura-de-belem#webpage"},"articleSection":"Not\u00edcias Bel\u00e9m"},{"@type":"BreadcrumbList","@id":"https:\/\/www.encontrabelem.com.br\/sobre\/chuva-historica-deixa-13-mil-desalojados-diz-prefeitura-de-belem#breadcrumblist","itemListElement":[{"@type":"ListItem","@id":"https:\/\/www.encontrabelem.com.br\/sobre#listItem","position":1,"name":"In\u00edcio","item":"https:\/\/www.encontrabelem.com.br\/sobre","nextItem":{"@type":"ListItem","@id":"https:\/\/www.encontrabelem.com.br\/sobre\/noticias-em-belem#listItem","name":"Not\u00edcias Bel\u00e9m"}},{"@type":"ListItem","@id":"https:\/\/www.encontrabelem.com.br\/sobre\/noticias-em-belem#listItem","position":2,"name":"Not\u00edcias Bel\u00e9m","item":"https:\/\/www.encontrabelem.com.br\/sobre\/noticias-em-belem","nextItem":{"@type":"ListItem","@id":"https:\/\/www.encontrabelem.com.br\/sobre\/chuva-historica-deixa-13-mil-desalojados-diz-prefeitura-de-belem#listItem","name":"Chuva hist\u00f3rica deixa 13 mil desalojados, diz prefeitura de Bel\u00e9m"},"previousItem":{"@type":"ListItem","@id":"https:\/\/www.encontrabelem.com.br\/sobre#listItem","name":"In\u00edcio"}},{"@type":"ListItem","@id":"https:\/\/www.encontrabelem.com.br\/sobre\/chuva-historica-deixa-13-mil-desalojados-diz-prefeitura-de-belem#listItem","position":3,"name":"Chuva hist\u00f3rica deixa 13 mil desalojados, diz prefeitura de Bel\u00e9m","previousItem":{"@type":"ListItem","@id":"https:\/\/www.encontrabelem.com.br\/sobre\/noticias-em-belem#listItem","name":"Not\u00edcias Bel\u00e9m"}}]},{"@type":"Organization","@id":"https:\/\/www.encontrabelem.com.br\/sobre\/#organization","name":"Encontra Bel\u00e9m","description":"Not\u00edcias, eventos, informa\u00e7\u00f5es e dicas na cidade Bel\u00e9m e regi\u00e3o.","url":"https:\/\/www.encontrabelem.com.br\/sobre\/"},{"@type":"Person","@id":"https:\/\/www.encontrabelem.com.br\/sobre\/author\/ebelem#author","url":"https:\/\/www.encontrabelem.com.br\/sobre\/author\/ebelem","name":"Encontra Bel\u00e9m","image":{"@type":"ImageObject","@id":"https:\/\/www.encontrabelem.com.br\/sobre\/chuva-historica-deixa-13-mil-desalojados-diz-prefeitura-de-belem#authorImage","url":"https:\/\/secure.gravatar.com\/avatar\/507340682b8270222e1f208e23198b6ae7e2c6a1033ae84e99bc6bce4f82a387?s=96&d=mm&r=g","width":96,"height":96,"caption":"Encontra Bel\u00e9m"}},{"@type":"WebPage","@id":"https:\/\/www.encontrabelem.com.br\/sobre\/chuva-historica-deixa-13-mil-desalojados-diz-prefeitura-de-belem#webpage","url":"https:\/\/www.encontrabelem.com.br\/sobre\/chuva-historica-deixa-13-mil-desalojados-diz-prefeitura-de-belem","name":"Chuva hist\u00f3rica deixa 13 mil desalojados, diz prefeitura de Bel\u00e9m | Encontra Bel\u00e9m","description":"Chuva hist\u00f3rica em Bel\u00e9m causa estragos e deixou milhares de pessoas desalojadas.","inLanguage":"pt-BR","isPartOf":{"@id":"https:\/\/www.encontrabelem.com.br\/sobre\/#website"},"breadcrumb":{"@id":"https:\/\/www.encontrabelem.com.br\/sobre\/chuva-historica-deixa-13-mil-desalojados-diz-prefeitura-de-belem#breadcrumblist"},"author":{"@id":"https:\/\/www.encontrabelem.com.br\/sobre\/author\/ebelem#author"},"creator":{"@id":"https:\/\/www.encontrabelem.com.br\/sobre\/author\/ebelem#author"},"image":{"@type":"ImageObject","url":"https:\/\/www.encontrabelem.com.br\/sobre\/wp-content\/uploads\/2026\/05\/chuva-historica-deixa-13-mil-desalojados-diz-prefeitura-de-belem.webp","@id":"https:\/\/www.encontrabelem.com.br\/sobre\/chuva-historica-deixa-13-mil-desalojados-diz-prefeitura-de-belem\/#mainImage","width":280,"height":280,"caption":"chuva hist\u00f3rica em Bel\u00e9m"},"primaryImageOfPage":{"@id":"https:\/\/www.encontrabelem.com.br\/sobre\/chuva-historica-deixa-13-mil-desalojados-diz-prefeitura-de-belem#mainImage"},"datePublished":"2026-05-11T12:54:32-03:00","dateModified":"2026-05-11T12:54:32-03:00"},{"@type":"WebSite","@id":"https:\/\/www.encontrabelem.com.br\/sobre\/#website","url":"https:\/\/www.encontrabelem.com.br\/sobre\/","name":"Encontra Bel\u00e9m","description":"Not\u00edcias, eventos, informa\u00e7\u00f5es e dicas na cidade Bel\u00e9m e regi\u00e3o.","inLanguage":"pt-BR","publisher":{"@id":"https:\/\/www.encontrabelem.com.br\/sobre\/#organization"}}]},"og:locale":"pt_BR","og:site_name":"Encontra Bel\u00e9m | Not\u00edcias, eventos, informa\u00e7\u00f5es e dicas na cidade Bel\u00e9m e regi\u00e3o.","og:type":"article","og:title":"Chuva hist\u00f3rica deixa 13 mil desalojados, diz prefeitura de Bel\u00e9m | Encontra Bel\u00e9m","og:description":"Chuva hist\u00f3rica em Bel\u00e9m causa estragos e deixou milhares de pessoas desalojadas.","og:url":"https:\/\/www.encontrabelem.com.br\/sobre\/chuva-historica-deixa-13-mil-desalojados-diz-prefeitura-de-belem","article:published_time":"2026-05-11T15:54:32+00:00","article:modified_time":"2026-05-11T15:54:32+00:00","twitter:card":"summary","twitter:title":"Chuva hist\u00f3rica deixa 13 mil desalojados, diz prefeitura de Bel\u00e9m | Encontra Bel\u00e9m","twitter:description":"Chuva hist\u00f3rica em Bel\u00e9m causa estragos e deixou milhares de pessoas desalojadas."},"aioseo_meta_data":{"post_id":"1705","title":null,"description":null,"keywords":null,"keyphrases":null,"primary_term":null,"canonical_url":null,"og_title":null,"og_description":null,"og_object_type":"default","og_image_type":"default","og_image_url":null,"og_image_width":null,"og_image_height":null,"og_image_custom_url":null,"og_image_custom_fields":null,"og_video":null,"og_custom_url":null,"og_article_section":null,"og_article_tags":null,"twitter_use_og":false,"twitter_card":"default","twitter_image_type":"default","twitter_image_url":null,"twitter_image_custom_url":null,"twitter_image_custom_fields":null,"twitter_title":null,"twitter_description":null,"schema":{"blockGraphs":[],"customGraphs":[],"default":{"data":{"Article":[],"Course":[],"Dataset":[],"FAQPage":[],"Movie":[],"Person":[],"Product":[],"ProductReview":[],"Car":[],"Recipe":[],"Service":[],"SoftwareApplication":[],"WebPage":[]},"graphName":"Article","isEnabled":true},"graphs":[]},"schema_type":"default","schema_type_options":null,"pillar_content":false,"robots_default":true,"robots_noindex":false,"robots_noarchive":false,"robots_nosnippet":false,"robots_nofollow":false,"robots_noimageindex":false,"robots_noodp":false,"robots_notranslate":false,"robots_max_snippet":null,"robots_max_videopreview":null,"robots_max_imagepreview":"large","priority":null,"frequency":null,"local_seo":null,"breadcrumb_settings":null,"limit_modified_date":false,"ai":null,"created":"2026-05-11 15:54:37","updated":"2026-05-11 17:25:16","focus_keyword":null,"additional_keywords":null,"truseo_locale":null,"seo_analyzer_scan_date":null},"aioseo_breadcrumb":"<div class=\"aioseo-breadcrumbs\"><span class=\"aioseo-breadcrumb\">\n\t\t\t<a href=\"https:\/\/www.encontrabelem.com.br\/sobre\" title=\"In\u00edcio\">In\u00edcio<\/a>\n\t\t<\/span><span class=\"aioseo-breadcrumb-separator\">&raquo;<\/span><span class=\"aioseo-breadcrumb\">\n\t\t\t<a href=\"https:\/\/www.encontrabelem.com.br\/sobre\/noticias-em-belem\" title=\"Not\u00edcias Bel\u00e9m\">Not\u00edcias Bel\u00e9m<\/a>\n\t\t<\/span><span class=\"aioseo-breadcrumb-separator\">&raquo;<\/span><span class=\"aioseo-breadcrumb\">\n\t\t\tChuva hist\u00f3rica deixa 13 mil desalojados, diz prefeitura de Bel\u00e9m\n\t\t<\/span><\/div>","aioseo_breadcrumb_json":[{"label":"In\u00edcio","link":"https:\/\/www.encontrabelem.com.br\/sobre"},{"label":"Not\u00edcias Bel\u00e9m","link":"https:\/\/www.encontrabelem.com.br\/sobre\/noticias-em-belem"},{"label":"Chuva hist\u00f3rica deixa 13 mil desalojados, diz prefeitura de Bel\u00e9m","link":"https:\/\/www.encontrabelem.com.br\/sobre\/chuva-historica-deixa-13-mil-desalojados-diz-prefeitura-de-belem"}],"_links":{"self":[{"href":"https:\/\/www.encontrabelem.com.br\/sobre\/wp-json\/wp\/v2\/posts\/1705","targetHints":{"allow":["GET"]}}],"collection":[{"href":"https:\/\/www.encontrabelem.com.br\/sobre\/wp-json\/wp\/v2\/posts"}],"about":[{"href":"https:\/\/www.encontrabelem.com.br\/sobre\/wp-json\/wp\/v2\/types\/post"}],"author":[{"embeddable":true,"href":"https:\/\/www.encontrabelem.com.br\/sobre\/wp-json\/wp\/v2\/users\/1"}],"replies":[{"embeddable":true,"href":"https:\/\/www.encontrabelem.com.br\/sobre\/wp-json\/wp\/v2\/comments?post=1705"}],"version-history":[{"count":0,"href":"https:\/\/www.encontrabelem.com.br\/sobre\/wp-json\/wp\/v2\/posts\/1705\/revisions"}],"wp:featuredmedia":[{"embeddable":true,"href":"https:\/\/www.encontrabelem.com.br\/sobre\/wp-json\/wp\/v2\/media\/1704"}],"wp:attachment":[{"href":"https:\/\/www.encontrabelem.com.br\/sobre\/wp-json\/wp\/v2\/media?parent=1705"}],"wp:term":[{"taxonomy":"category","embeddable":true,"href":"https:\/\/www.encontrabelem.com.br\/sobre\/wp-json\/wp\/v2\/categories?post=1705"},{"taxonomy":"post_tag","embeddable":true,"href":"https:\/\/www.encontrabelem.com.br\/sobre\/wp-json\/wp\/v2\/tags?post=1705"}],"curies":[{"name":"wp","href":"https:\/\/api.w.org\/{rel}","templated":true}]}}