{"id":1683,"date":"2026-05-07T13:34:47","date_gmt":"2026-05-07T16:34:47","guid":{"rendered":"https:\/\/www.encontrabelem.com.br\/sobre\/centro-regional-do-censipam-em-belem-promove-palestra-sobre-neurodiversidade"},"modified":"2026-05-07T13:34:47","modified_gmt":"2026-05-07T16:34:47","slug":"centro-regional-do-censipam-em-belem-promove-palestra-sobre-neurodiversidade","status":"publish","type":"post","link":"https:\/\/www.encontrabelem.com.br\/sobre\/centro-regional-do-censipam-em-belem-promove-palestra-sobre-neurodiversidade","title":{"rendered":"Centro Regional do Censipam em Bel\u00e9m promove palestra sobre neurodiversidade"},"content":{"rendered":"<div class=\"b22802487b0d38c4c6d9f34966e16421\" data-index=\"1\" style=\"float: none; margin:0px;\">\n<!-- Anuncio display - global -->\r\n<ins class=\"adsbygoogle\"\r\n     style=\"display:block\"\r\n     data-ad-client=\"ca-pub-8585364105181520\"\r\n     data-ad-slot=\"8789329856\"\r\n     data-ad-format=\"auto\"\r\n     data-full-width-responsive=\"true\"><\/ins>\r\n<script>\r\n     (adsbygoogle = window.adsbygoogle || []).push({});\r\n<\/script>\n<\/div>\n<h2>O que \u00e9 Neurodiversidade?<\/h2>\n<p>A neurodiversidade se refere \u00e0 variedade natural de fun\u00e7\u00f5es cerebrais e de sistemas nervosos presentes nos seres humanos. Em vez de considerar as diferen\u00e7as neurol\u00f3gicas como defeitos a serem consertados, essa abordagem valoriza as distintas formas de percep\u00e7\u00e3o e intera\u00e7\u00e3o com o mundo. A neurodiversidade abrange condi\u00e7\u00f5es como o Transtorno do Espectro Autista (TEA), Transtorno de D\u00e9ficit de Aten\u00e7\u00e3o com Hiperatividade (TDAH), dislexia, entre outras, reconhecendo que cada indiv\u00edduo traz suas pr\u00f3prias habilidades e desafios ao conv\u00edvio social.<\/p>\n<h2>Import\u00e2ncia da Inclus\u00e3o<\/h2>\n<p>Promover a inclus\u00e3o de pessoas neurodivergentes \u00e9 fundamental para a constru\u00e7\u00e3o de sociedades mais justas e equitativas. Essa inclus\u00e3o n\u00e3o apenas beneficia os indiv\u00edduos afetados, mas tamb\u00e9m amplia o horizonte de experi\u00eancias e contribui\u00e7\u00f5es que um grupo pode oferecer. A aceita\u00e7\u00e3o e integra\u00e7\u00e3o de diversos perfis neurol\u00f3gicos podem resultar em ambientes mais criativos e inovadores, onde diferentes pontos de vista s\u00e3o valorizados e respeitados.<\/p>\n<h2>Aspectos sobre o Transtorno do Espectro Autista<\/h2>\n<p>O Transtorno do Espectro Autista \u00e9 uma condi\u00e7\u00e3o de neurodesenvolvimento que se caracteriza por desafios significativos na comunica\u00e7\u00e3o, na intera\u00e7\u00e3o social e na apresenta\u00e7\u00e3o de comportamentos repetitivos. Os sintomas variam amplamente entre os indiv\u00edduos, mostrando que o autismo \u00e9, na verdade, um espectro que abrange uma ampla gama de habilidades e limita\u00e7\u00f5es. Compreender o TEA \u00e9 essencial para desenvolver estrat\u00e9gias de suporte adequadas, permitindo que estes indiv\u00edduos expressem seu potencial.<\/p>\n<p><img decoding=\"async\" src=\"https:\/\/www.encontrabelem.com.br\/sobre\/wp-content\/uploads\/2026\/05\/centro-regional-do-censipam-em-belem-promove-palestra-sobre-neurodiversidade.webp\" alt=\"neurodiversidade\" loading=\"lazy\" \/><\/p>\n<h2>Estrat\u00e9gias para Acolhimento<\/h2>\n<p>Para promover um ambiente acolhedor para pessoas neurodivergentes, \u00e9 importante adotar abordagens personalizadas. Algumas estrat\u00e9gias incluem:<\/p>\n<ul>\n<li><strong>Treinamento de Sensibiliza\u00e7\u00e3o:<\/strong> Oferecer capacita\u00e7\u00e3o para todos os colaboradores sobre o que significa ser neurodivergente e como isso pode impactar as intera\u00e7\u00f5es cotidianas.<\/li>\n<li><strong>Ambientes de Trabalho Flex\u00edveis:<\/strong> Proporcionar espa\u00e7os de trabalho adapt\u00e1veis, como \u00e1reas calmas, pode ajudar na concentra\u00e7\u00e3o e bem-estar dos funcion\u00e1rios neurodivergentes.<\/li>\n<li><strong>Comunicados Claros:<\/strong> Facilitar a compreens\u00e3o das tarefas e expectativas atrav\u00e9s de instru\u00e7\u00f5es claras e visuais.<\/li>\n<li><strong>Ouvir Ativamente:<\/strong> Criar canais de comunica\u00e7\u00e3o onde os indiv\u00edduos possam expressar suas necessidades e desafios sem medo de julgamento.<\/li>\n<\/ul>\n<h2>Construindo Ambientes Inclusivos<\/h2>\n<p>Um ambiente inclusivo \u00e9 aquele que promove a diversidade e a compreens\u00e3o. Para construir essa atmosfera, organiza\u00e7\u00f5es e institui\u00e7\u00f5es podem:<\/p>\n<ul>\n<li><strong>Implementar Pol\u00edticas de Inclus\u00e3o:<\/strong> Estabelecer diretrizes que promovam a diversidade e combatam a discrimina\u00e7\u00e3o.<\/li>\n<li><strong>Criar Grupos de Apoio:<\/strong> Formar grupos onde colaboradores possam se reunir e compartilhar experi\u00eancias, promovendo a empatia e o suporte m\u00fatuo.<\/li>\n<li><strong>Palestras e Workshops:<\/strong> Organizar eventos educacionais sobre neurodiversidade e inclus\u00e3o, com especialistas no assunto.<\/li>\n<\/ul>\n<h2>Desmistificando o Preconceito<\/h2>\n<p>Um dos principais obst\u00e1culos enfrentados por pessoas neurodivergentes \u00e9 o preconceito. Desmistificar conceitos err\u00f4neos e estere\u00f3tipos prejudiciais \u00e9 essencial para criar aceita\u00e7\u00e3o. Algumas a\u00e7\u00f5es que podem ser realizadas incluem:<\/p>\n<ul>\n<li><strong>Educa\u00e7\u00e3o Continuada:<\/strong> Promover um aprendizado cont\u00ednuo sobre neurodiversidade nas escolas e no ambiente de trabalho.<\/li>\n<li><strong>Campanhas de Conscientiza\u00e7\u00e3o:<\/strong> Realizar campanhas que visem aumentar a conscientiza\u00e7\u00e3o sobre as particularidades e habilidades das pessoas neurodivergentes.<\/li>\n<li><strong>Divulga\u00e7\u00e3o de Hist\u00f3rias de Sucesso:<\/strong> Compartilhar relatos de indiv\u00edduos neurodivergentes que tenham conseguido superar desafios e alcan\u00e7ar objetivos.<\/li>\n<\/ul>\n<h2>Troca de Conhecimentos e Valoriza\u00e7\u00e3o do Capital Humano<\/h2>\n<p>A troca de conhecimentos entre diferentes institui\u00e7\u00f5es, p\u00fablicas ou privadas, pode potencializar a inclus\u00e3o e acolhimento de pessoas neurodivergentes. Os benef\u00edcios dessa troca s\u00e3o extensivos, permitindo que diferentes setores aprendam uns com os outros sobre as melhores pr\u00e1ticas para gerenciar a diversidade. A valoriza\u00e7\u00e3o do capital humano debe-se ao entendimento de que cada indiv\u00edduo oferece contribui\u00e7\u00f5es \u00fanicas, que podem enriquecer qualquer organiza\u00e7\u00e3o.<\/p>\n<h2>Como Acesso \u00e0 Informa\u00e7\u00e3o Ajuda<\/h2>\n<p>O acesso \u00e0 informa\u00e7\u00e3o desempenha um papel crucial na redu\u00e7\u00e3o do preconceito e na promo\u00e7\u00e3o da inclus\u00e3o. Informa\u00e7\u00f5es claras e acess\u00edveis sobre neurodiversidade permitem que indiv\u00edduos e institui\u00e7\u00f5es compreendam melhor as necessidades das pessoas neurodivergentes. Al\u00e9m disso, a divulga\u00e7\u00e3o de materiais educativos sobre TEA e outras condi\u00e7\u00f5es pode empoderar indiv\u00edduos, oferecendo recursos que os ajudem no dia a dia.<\/p>\n<h2>D\u00favidas Frequentes Sobre TEA<\/h2>\n<p>\u00c9 comum que surjam d\u00favidas sobre o Transtorno do Espectro Autista. Algumas perguntas frequentes incluem:<\/p>\n<ul>\n<li><strong>Quais s\u00e3o os sinais de alerta do TEA?<\/strong><br \/>Sinais incluem dificuldade em se comunicar, pouca intera\u00e7\u00e3o social, e comportamentos repetitivos.<\/li>\n<li><strong>O TEA pode ser diagnosticado em qualquer idade?<\/strong><br \/>Sim, o diagn\u00f3stico pode ocorrer em qualquer fase da vida, mas \u00e9 mais comum em crian\u00e7as.<\/li>\n<li><strong>Crian\u00e7as com TEA podem frequentar escolas regulares?<\/strong><br \/>Sim, com o suporte adequado, muitas crian\u00e7as autistas se destacam em ambientes regulares.<\/li>\n<\/ul>\n<h2>O Papel do Censipam na Promo\u00e7\u00e3o de Sa\u00fade<\/h2>\n<p>O Centro Gestor e Operacional do Sistema de Prote\u00e7\u00e3o da Amaz\u00f4nia (Censipam) desempenha um papel importante na promo\u00e7\u00e3o da sa\u00fade e bem-estar em diferentes comunidades. Atrav\u00e9s de iniciativas como palestras e eventos educacionais, o Censipam contribui para aumentar a conscientiza\u00e7\u00e3o sobre a neurodiversidade e os desafios enfrentados por pessoas com TEA. Esta atua\u00e7\u00e3o evidencia o compromisso da institui\u00e7\u00e3o na valoriza\u00e7\u00e3o do ser humano e na constru\u00e7\u00e3o de um ambiente mais inclusivo e respeitoso para todos.<\/p>\n\n<div style=\"font-size: 0px; height: 0px; line-height: 0px; margin: 0; padding: 0; clear: both;\"><\/div>","protected":false},"excerpt":{"rendered":"<p>Palestra sobre neurodiversidade e inclus\u00e3o no Censipam em Bel\u00e9m.<\/p>\n","protected":false},"author":1,"featured_media":1682,"comment_status":"open","ping_status":"closed","sticky":false,"template":"","format":"standard","meta":{"footnotes":""},"categories":[1],"tags":[],"class_list":["post-1683","post","type-post","status-publish","format-standard","has-post-thumbnail","hentry","category-noticias-em-belem","has_thumb"],"aioseo_notices":[],"aioseo_head":"\n\t\t<!-- All in One SEO 5.0.0.1 - aioseo.com -->\n\t<meta name=\"description\" content=\"Palestra sobre neurodiversidade e inclus\u00e3o no Censipam em Bel\u00e9m.\" \/>\n\t<meta name=\"robots\" content=\"max-image-preview:large\" \/>\n\t<meta name=\"author\" content=\"Encontra Bel\u00e9m\"\/>\n\t<link rel=\"canonical\" href=\"https:\/\/www.encontrabelem.com.br\/sobre\/centro-regional-do-censipam-em-belem-promove-palestra-sobre-neurodiversidade\" \/>\n\t<meta name=\"generator\" content=\"All in One SEO (AIOSEO) 5.0.0.1\" \/>\n\t\t<meta property=\"og:locale\" content=\"pt_BR\" \/>\n\t\t<meta property=\"og:site_name\" content=\"Encontra Bel\u00e9m | Not\u00edcias, eventos, informa\u00e7\u00f5es e dicas na cidade Bel\u00e9m e regi\u00e3o.\" \/>\n\t\t<meta property=\"og:type\" content=\"article\" \/>\n\t\t<meta property=\"og:title\" content=\"Centro Regional do Censipam em Bel\u00e9m promove palestra sobre neurodiversidade | Encontra Bel\u00e9m\" \/>\n\t\t<meta property=\"og:description\" content=\"Palestra sobre neurodiversidade e inclus\u00e3o no Censipam em Bel\u00e9m.\" \/>\n\t\t<meta property=\"og:url\" content=\"https:\/\/www.encontrabelem.com.br\/sobre\/centro-regional-do-censipam-em-belem-promove-palestra-sobre-neurodiversidade\" \/>\n\t\t<meta property=\"article:published_time\" content=\"2026-05-07T16:34:47+00:00\" \/>\n\t\t<meta property=\"article:modified_time\" content=\"2026-05-07T16:34:47+00:00\" \/>\n\t\t<meta name=\"twitter:card\" content=\"summary\" \/>\n\t\t<meta name=\"twitter:title\" content=\"Centro Regional do Censipam em Bel\u00e9m promove palestra sobre neurodiversidade | Encontra Bel\u00e9m\" \/>\n\t\t<meta name=\"twitter:description\" content=\"Palestra sobre neurodiversidade e inclus\u00e3o no Censipam em Bel\u00e9m.\" \/>\n\t\t<script type=\"application\/ld+json\" class=\"aioseo-schema\">\n\t\t\t{\"@context\":\"https:\\\/\\\/schema.org\",\"@graph\":[{\"@type\":\"Article\",\"@id\":\"https:\\\/\\\/www.encontrabelem.com.br\\\/sobre\\\/centro-regional-do-censipam-em-belem-promove-palestra-sobre-neurodiversidade#article\",\"name\":\"Centro Regional do Censipam em Bel\\u00e9m promove palestra sobre neurodiversidade | Encontra Bel\\u00e9m\",\"headline\":\"Centro Regional do Censipam em Bel\\u00e9m promove palestra sobre neurodiversidade\",\"author\":{\"@id\":\"https:\\\/\\\/www.encontrabelem.com.br\\\/sobre\\\/author\\\/ebelem#author\"},\"publisher\":{\"@id\":\"https:\\\/\\\/www.encontrabelem.com.br\\\/sobre\\\/#organization\"},\"image\":{\"@type\":\"ImageObject\",\"url\":\"https:\\\/\\\/www.encontrabelem.com.br\\\/sobre\\\/wp-content\\\/uploads\\\/2026\\\/05\\\/centro-regional-do-censipam-em-belem-promove-palestra-sobre-neurodiversidade.webp\",\"width\":280,\"height\":280,\"caption\":\"neurodiversidade\"},\"datePublished\":\"2026-05-07T13:34:47-03:00\",\"dateModified\":\"2026-05-07T13:34:47-03:00\",\"inLanguage\":\"pt-BR\",\"mainEntityOfPage\":{\"@id\":\"https:\\\/\\\/www.encontrabelem.com.br\\\/sobre\\\/centro-regional-do-censipam-em-belem-promove-palestra-sobre-neurodiversidade#webpage\"},\"isPartOf\":{\"@id\":\"https:\\\/\\\/www.encontrabelem.com.br\\\/sobre\\\/centro-regional-do-censipam-em-belem-promove-palestra-sobre-neurodiversidade#webpage\"},\"articleSection\":\"Not\\u00edcias Bel\\u00e9m\"},{\"@type\":\"BreadcrumbList\",\"@id\":\"https:\\\/\\\/www.encontrabelem.com.br\\\/sobre\\\/centro-regional-do-censipam-em-belem-promove-palestra-sobre-neurodiversidade#breadcrumblist\",\"itemListElement\":[{\"@type\":\"ListItem\",\"@id\":\"https:\\\/\\\/www.encontrabelem.com.br\\\/sobre#listItem\",\"position\":1,\"name\":\"In\\u00edcio\",\"item\":\"https:\\\/\\\/www.encontrabelem.com.br\\\/sobre\",\"nextItem\":{\"@type\":\"ListItem\",\"@id\":\"https:\\\/\\\/www.encontrabelem.com.br\\\/sobre\\\/noticias-em-belem#listItem\",\"name\":\"Not\\u00edcias Bel\\u00e9m\"}},{\"@type\":\"ListItem\",\"@id\":\"https:\\\/\\\/www.encontrabelem.com.br\\\/sobre\\\/noticias-em-belem#listItem\",\"position\":2,\"name\":\"Not\\u00edcias Bel\\u00e9m\",\"item\":\"https:\\\/\\\/www.encontrabelem.com.br\\\/sobre\\\/noticias-em-belem\",\"nextItem\":{\"@type\":\"ListItem\",\"@id\":\"https:\\\/\\\/www.encontrabelem.com.br\\\/sobre\\\/centro-regional-do-censipam-em-belem-promove-palestra-sobre-neurodiversidade#listItem\",\"name\":\"Centro Regional do Censipam em Bel\\u00e9m promove palestra sobre neurodiversidade\"},\"previousItem\":{\"@type\":\"ListItem\",\"@id\":\"https:\\\/\\\/www.encontrabelem.com.br\\\/sobre#listItem\",\"name\":\"In\\u00edcio\"}},{\"@type\":\"ListItem\",\"@id\":\"https:\\\/\\\/www.encontrabelem.com.br\\\/sobre\\\/centro-regional-do-censipam-em-belem-promove-palestra-sobre-neurodiversidade#listItem\",\"position\":3,\"name\":\"Centro Regional do Censipam em Bel\\u00e9m promove palestra sobre neurodiversidade\",\"previousItem\":{\"@type\":\"ListItem\",\"@id\":\"https:\\\/\\\/www.encontrabelem.com.br\\\/sobre\\\/noticias-em-belem#listItem\",\"name\":\"Not\\u00edcias Bel\\u00e9m\"}}]},{\"@type\":\"Organization\",\"@id\":\"https:\\\/\\\/www.encontrabelem.com.br\\\/sobre\\\/#organization\",\"name\":\"Encontra Bel\\u00e9m\",\"description\":\"Not\\u00edcias, eventos, informa\\u00e7\\u00f5es e dicas na cidade Bel\\u00e9m e regi\\u00e3o.\",\"url\":\"https:\\\/\\\/www.encontrabelem.com.br\\\/sobre\\\/\"},{\"@type\":\"Person\",\"@id\":\"https:\\\/\\\/www.encontrabelem.com.br\\\/sobre\\\/author\\\/ebelem#author\",\"url\":\"https:\\\/\\\/www.encontrabelem.com.br\\\/sobre\\\/author\\\/ebelem\",\"name\":\"Encontra Bel\\u00e9m\",\"image\":{\"@type\":\"ImageObject\",\"@id\":\"https:\\\/\\\/www.encontrabelem.com.br\\\/sobre\\\/centro-regional-do-censipam-em-belem-promove-palestra-sobre-neurodiversidade#authorImage\",\"url\":\"https:\\\/\\\/secure.gravatar.com\\\/avatar\\\/507340682b8270222e1f208e23198b6ae7e2c6a1033ae84e99bc6bce4f82a387?s=96&d=mm&r=g\",\"width\":96,\"height\":96,\"caption\":\"Encontra Bel\\u00e9m\"}},{\"@type\":\"WebPage\",\"@id\":\"https:\\\/\\\/www.encontrabelem.com.br\\\/sobre\\\/centro-regional-do-censipam-em-belem-promove-palestra-sobre-neurodiversidade#webpage\",\"url\":\"https:\\\/\\\/www.encontrabelem.com.br\\\/sobre\\\/centro-regional-do-censipam-em-belem-promove-palestra-sobre-neurodiversidade\",\"name\":\"Centro Regional do Censipam em Bel\\u00e9m promove palestra sobre neurodiversidade | Encontra Bel\\u00e9m\",\"description\":\"Palestra sobre neurodiversidade e inclus\\u00e3o no Censipam em Bel\\u00e9m.\",\"inLanguage\":\"pt-BR\",\"isPartOf\":{\"@id\":\"https:\\\/\\\/www.encontrabelem.com.br\\\/sobre\\\/#website\"},\"breadcrumb\":{\"@id\":\"https:\\\/\\\/www.encontrabelem.com.br\\\/sobre\\\/centro-regional-do-censipam-em-belem-promove-palestra-sobre-neurodiversidade#breadcrumblist\"},\"author\":{\"@id\":\"https:\\\/\\\/www.encontrabelem.com.br\\\/sobre\\\/author\\\/ebelem#author\"},\"creator\":{\"@id\":\"https:\\\/\\\/www.encontrabelem.com.br\\\/sobre\\\/author\\\/ebelem#author\"},\"image\":{\"@type\":\"ImageObject\",\"url\":\"https:\\\/\\\/www.encontrabelem.com.br\\\/sobre\\\/wp-content\\\/uploads\\\/2026\\\/05\\\/centro-regional-do-censipam-em-belem-promove-palestra-sobre-neurodiversidade.webp\",\"@id\":\"https:\\\/\\\/www.encontrabelem.com.br\\\/sobre\\\/centro-regional-do-censipam-em-belem-promove-palestra-sobre-neurodiversidade\\\/#mainImage\",\"width\":280,\"height\":280,\"caption\":\"neurodiversidade\"},\"primaryImageOfPage\":{\"@id\":\"https:\\\/\\\/www.encontrabelem.com.br\\\/sobre\\\/centro-regional-do-censipam-em-belem-promove-palestra-sobre-neurodiversidade#mainImage\"},\"datePublished\":\"2026-05-07T13:34:47-03:00\",\"dateModified\":\"2026-05-07T13:34:47-03:00\"},{\"@type\":\"WebSite\",\"@id\":\"https:\\\/\\\/www.encontrabelem.com.br\\\/sobre\\\/#website\",\"url\":\"https:\\\/\\\/www.encontrabelem.com.br\\\/sobre\\\/\",\"name\":\"Encontra Bel\\u00e9m\",\"description\":\"Not\\u00edcias, eventos, informa\\u00e7\\u00f5es e dicas na cidade Bel\\u00e9m e regi\\u00e3o.\",\"inLanguage\":\"pt-BR\",\"publisher\":{\"@id\":\"https:\\\/\\\/www.encontrabelem.com.br\\\/sobre\\\/#organization\"}}]}\n\t\t<\/script>\n\t\t<!-- All in One SEO -->\n\n","aioseo_head_json":{"title":"Centro Regional do Censipam em Bel\u00e9m promove palestra sobre neurodiversidade | Encontra Bel\u00e9m","description":"Palestra sobre neurodiversidade e inclus\u00e3o no Censipam em Bel\u00e9m.","canonical_url":"https:\/\/www.encontrabelem.com.br\/sobre\/centro-regional-do-censipam-em-belem-promove-palestra-sobre-neurodiversidade","robots":"max-image-preview:large","keywords":"","webmasterTools":{"miscellaneous":""},"schema":{"@context":"https:\/\/schema.org","@graph":[{"@type":"Article","@id":"https:\/\/www.encontrabelem.com.br\/sobre\/centro-regional-do-censipam-em-belem-promove-palestra-sobre-neurodiversidade#article","name":"Centro Regional do Censipam em Bel\u00e9m promove palestra sobre neurodiversidade | Encontra Bel\u00e9m","headline":"Centro Regional do Censipam em Bel\u00e9m promove palestra sobre neurodiversidade","author":{"@id":"https:\/\/www.encontrabelem.com.br\/sobre\/author\/ebelem#author"},"publisher":{"@id":"https:\/\/www.encontrabelem.com.br\/sobre\/#organization"},"image":{"@type":"ImageObject","url":"https:\/\/www.encontrabelem.com.br\/sobre\/wp-content\/uploads\/2026\/05\/centro-regional-do-censipam-em-belem-promove-palestra-sobre-neurodiversidade.webp","width":280,"height":280,"caption":"neurodiversidade"},"datePublished":"2026-05-07T13:34:47-03:00","dateModified":"2026-05-07T13:34:47-03:00","inLanguage":"pt-BR","mainEntityOfPage":{"@id":"https:\/\/www.encontrabelem.com.br\/sobre\/centro-regional-do-censipam-em-belem-promove-palestra-sobre-neurodiversidade#webpage"},"isPartOf":{"@id":"https:\/\/www.encontrabelem.com.br\/sobre\/centro-regional-do-censipam-em-belem-promove-palestra-sobre-neurodiversidade#webpage"},"articleSection":"Not\u00edcias Bel\u00e9m"},{"@type":"BreadcrumbList","@id":"https:\/\/www.encontrabelem.com.br\/sobre\/centro-regional-do-censipam-em-belem-promove-palestra-sobre-neurodiversidade#breadcrumblist","itemListElement":[{"@type":"ListItem","@id":"https:\/\/www.encontrabelem.com.br\/sobre#listItem","position":1,"name":"In\u00edcio","item":"https:\/\/www.encontrabelem.com.br\/sobre","nextItem":{"@type":"ListItem","@id":"https:\/\/www.encontrabelem.com.br\/sobre\/noticias-em-belem#listItem","name":"Not\u00edcias Bel\u00e9m"}},{"@type":"ListItem","@id":"https:\/\/www.encontrabelem.com.br\/sobre\/noticias-em-belem#listItem","position":2,"name":"Not\u00edcias Bel\u00e9m","item":"https:\/\/www.encontrabelem.com.br\/sobre\/noticias-em-belem","nextItem":{"@type":"ListItem","@id":"https:\/\/www.encontrabelem.com.br\/sobre\/centro-regional-do-censipam-em-belem-promove-palestra-sobre-neurodiversidade#listItem","name":"Centro Regional do Censipam em Bel\u00e9m promove palestra sobre neurodiversidade"},"previousItem":{"@type":"ListItem","@id":"https:\/\/www.encontrabelem.com.br\/sobre#listItem","name":"In\u00edcio"}},{"@type":"ListItem","@id":"https:\/\/www.encontrabelem.com.br\/sobre\/centro-regional-do-censipam-em-belem-promove-palestra-sobre-neurodiversidade#listItem","position":3,"name":"Centro Regional do Censipam em Bel\u00e9m promove palestra sobre neurodiversidade","previousItem":{"@type":"ListItem","@id":"https:\/\/www.encontrabelem.com.br\/sobre\/noticias-em-belem#listItem","name":"Not\u00edcias Bel\u00e9m"}}]},{"@type":"Organization","@id":"https:\/\/www.encontrabelem.com.br\/sobre\/#organization","name":"Encontra Bel\u00e9m","description":"Not\u00edcias, eventos, informa\u00e7\u00f5es e dicas na cidade Bel\u00e9m e regi\u00e3o.","url":"https:\/\/www.encontrabelem.com.br\/sobre\/"},{"@type":"Person","@id":"https:\/\/www.encontrabelem.com.br\/sobre\/author\/ebelem#author","url":"https:\/\/www.encontrabelem.com.br\/sobre\/author\/ebelem","name":"Encontra Bel\u00e9m","image":{"@type":"ImageObject","@id":"https:\/\/www.encontrabelem.com.br\/sobre\/centro-regional-do-censipam-em-belem-promove-palestra-sobre-neurodiversidade#authorImage","url":"https:\/\/secure.gravatar.com\/avatar\/507340682b8270222e1f208e23198b6ae7e2c6a1033ae84e99bc6bce4f82a387?s=96&d=mm&r=g","width":96,"height":96,"caption":"Encontra Bel\u00e9m"}},{"@type":"WebPage","@id":"https:\/\/www.encontrabelem.com.br\/sobre\/centro-regional-do-censipam-em-belem-promove-palestra-sobre-neurodiversidade#webpage","url":"https:\/\/www.encontrabelem.com.br\/sobre\/centro-regional-do-censipam-em-belem-promove-palestra-sobre-neurodiversidade","name":"Centro Regional do Censipam em Bel\u00e9m promove palestra sobre neurodiversidade | Encontra Bel\u00e9m","description":"Palestra sobre neurodiversidade e inclus\u00e3o no Censipam em Bel\u00e9m.","inLanguage":"pt-BR","isPartOf":{"@id":"https:\/\/www.encontrabelem.com.br\/sobre\/#website"},"breadcrumb":{"@id":"https:\/\/www.encontrabelem.com.br\/sobre\/centro-regional-do-censipam-em-belem-promove-palestra-sobre-neurodiversidade#breadcrumblist"},"author":{"@id":"https:\/\/www.encontrabelem.com.br\/sobre\/author\/ebelem#author"},"creator":{"@id":"https:\/\/www.encontrabelem.com.br\/sobre\/author\/ebelem#author"},"image":{"@type":"ImageObject","url":"https:\/\/www.encontrabelem.com.br\/sobre\/wp-content\/uploads\/2026\/05\/centro-regional-do-censipam-em-belem-promove-palestra-sobre-neurodiversidade.webp","@id":"https:\/\/www.encontrabelem.com.br\/sobre\/centro-regional-do-censipam-em-belem-promove-palestra-sobre-neurodiversidade\/#mainImage","width":280,"height":280,"caption":"neurodiversidade"},"primaryImageOfPage":{"@id":"https:\/\/www.encontrabelem.com.br\/sobre\/centro-regional-do-censipam-em-belem-promove-palestra-sobre-neurodiversidade#mainImage"},"datePublished":"2026-05-07T13:34:47-03:00","dateModified":"2026-05-07T13:34:47-03:00"},{"@type":"WebSite","@id":"https:\/\/www.encontrabelem.com.br\/sobre\/#website","url":"https:\/\/www.encontrabelem.com.br\/sobre\/","name":"Encontra Bel\u00e9m","description":"Not\u00edcias, eventos, informa\u00e7\u00f5es e dicas na cidade Bel\u00e9m e regi\u00e3o.","inLanguage":"pt-BR","publisher":{"@id":"https:\/\/www.encontrabelem.com.br\/sobre\/#organization"}}]},"og:locale":"pt_BR","og:site_name":"Encontra Bel\u00e9m | Not\u00edcias, eventos, informa\u00e7\u00f5es e dicas na cidade Bel\u00e9m e regi\u00e3o.","og:type":"article","og:title":"Centro Regional do Censipam em Bel\u00e9m promove palestra sobre neurodiversidade | Encontra Bel\u00e9m","og:description":"Palestra sobre neurodiversidade e inclus\u00e3o no Censipam em Bel\u00e9m.","og:url":"https:\/\/www.encontrabelem.com.br\/sobre\/centro-regional-do-censipam-em-belem-promove-palestra-sobre-neurodiversidade","article:published_time":"2026-05-07T16:34:47+00:00","article:modified_time":"2026-05-07T16:34:47+00:00","twitter:card":"summary","twitter:title":"Centro Regional do Censipam em Bel\u00e9m promove palestra sobre neurodiversidade | Encontra Bel\u00e9m","twitter:description":"Palestra sobre neurodiversidade e inclus\u00e3o no Censipam em Bel\u00e9m."},"aioseo_meta_data":{"post_id":"1683","title":null,"description":null,"keywords":null,"keyphrases":null,"primary_term":null,"canonical_url":null,"og_title":null,"og_description":null,"og_object_type":"default","og_image_type":"default","og_image_url":null,"og_image_width":null,"og_image_height":null,"og_image_custom_url":null,"og_image_custom_fields":null,"og_video":null,"og_custom_url":null,"og_article_section":null,"og_article_tags":null,"twitter_use_og":false,"twitter_card":"default","twitter_image_type":"default","twitter_image_url":null,"twitter_image_custom_url":null,"twitter_image_custom_fields":null,"twitter_title":null,"twitter_description":null,"schema":{"blockGraphs":[],"customGraphs":[],"default":{"data":{"Article":[],"Course":[],"Dataset":[],"FAQPage":[],"Movie":[],"Person":[],"Product":[],"ProductReview":[],"Car":[],"Recipe":[],"Service":[],"SoftwareApplication":[],"WebPage":[]},"graphName":"Article","isEnabled":true},"graphs":[]},"schema_type":"default","schema_type_options":null,"pillar_content":false,"robots_default":true,"robots_noindex":false,"robots_noarchive":false,"robots_nosnippet":false,"robots_nofollow":false,"robots_noimageindex":false,"robots_noodp":false,"robots_notranslate":false,"robots_max_snippet":null,"robots_max_videopreview":null,"robots_max_imagepreview":"large","priority":null,"frequency":null,"local_seo":null,"breadcrumb_settings":null,"limit_modified_date":false,"ai":null,"created":"2026-05-07 16:34:51","updated":"2026-05-07 16:40:22","focus_keyword":null,"additional_keywords":null,"truseo_locale":null,"seo_analyzer_scan_date":null},"aioseo_breadcrumb":"<div class=\"aioseo-breadcrumbs\"><span class=\"aioseo-breadcrumb\">\n\t\t\t<a href=\"https:\/\/www.encontrabelem.com.br\/sobre\" title=\"In\u00edcio\">In\u00edcio<\/a>\n\t\t<\/span><span class=\"aioseo-breadcrumb-separator\">&raquo;<\/span><span class=\"aioseo-breadcrumb\">\n\t\t\t<a href=\"https:\/\/www.encontrabelem.com.br\/sobre\/noticias-em-belem\" title=\"Not\u00edcias Bel\u00e9m\">Not\u00edcias Bel\u00e9m<\/a>\n\t\t<\/span><span class=\"aioseo-breadcrumb-separator\">&raquo;<\/span><span class=\"aioseo-breadcrumb\">\n\t\t\tCentro Regional do Censipam em Bel\u00e9m promove palestra sobre neurodiversidade\n\t\t<\/span><\/div>","aioseo_breadcrumb_json":[{"label":"In\u00edcio","link":"https:\/\/www.encontrabelem.com.br\/sobre"},{"label":"Not\u00edcias Bel\u00e9m","link":"https:\/\/www.encontrabelem.com.br\/sobre\/noticias-em-belem"},{"label":"Centro Regional do Censipam em Bel\u00e9m promove palestra sobre neurodiversidade","link":"https:\/\/www.encontrabelem.com.br\/sobre\/centro-regional-do-censipam-em-belem-promove-palestra-sobre-neurodiversidade"}],"_links":{"self":[{"href":"https:\/\/www.encontrabelem.com.br\/sobre\/wp-json\/wp\/v2\/posts\/1683","targetHints":{"allow":["GET"]}}],"collection":[{"href":"https:\/\/www.encontrabelem.com.br\/sobre\/wp-json\/wp\/v2\/posts"}],"about":[{"href":"https:\/\/www.encontrabelem.com.br\/sobre\/wp-json\/wp\/v2\/types\/post"}],"author":[{"embeddable":true,"href":"https:\/\/www.encontrabelem.com.br\/sobre\/wp-json\/wp\/v2\/users\/1"}],"replies":[{"embeddable":true,"href":"https:\/\/www.encontrabelem.com.br\/sobre\/wp-json\/wp\/v2\/comments?post=1683"}],"version-history":[{"count":0,"href":"https:\/\/www.encontrabelem.com.br\/sobre\/wp-json\/wp\/v2\/posts\/1683\/revisions"}],"wp:featuredmedia":[{"embeddable":true,"href":"https:\/\/www.encontrabelem.com.br\/sobre\/wp-json\/wp\/v2\/media\/1682"}],"wp:attachment":[{"href":"https:\/\/www.encontrabelem.com.br\/sobre\/wp-json\/wp\/v2\/media?parent=1683"}],"wp:term":[{"taxonomy":"category","embeddable":true,"href":"https:\/\/www.encontrabelem.com.br\/sobre\/wp-json\/wp\/v2\/categories?post=1683"},{"taxonomy":"post_tag","embeddable":true,"href":"https:\/\/www.encontrabelem.com.br\/sobre\/wp-json\/wp\/v2\/tags?post=1683"}],"curies":[{"name":"wp","href":"https:\/\/api.w.org\/{rel}","templated":true}]}}