{"id":1677,"date":"2026-05-07T13:28:44","date_gmt":"2026-05-07T16:28:44","guid":{"rendered":"https:\/\/www.encontrabelem.com.br\/sobre\/chegou-o-grande-dia-belem-nos-espera-e-as-inscricoes-para-a-copa-e-sarau-abrem-as-16h-desta-segunda-4"},"modified":"2026-05-07T13:28:44","modified_gmt":"2026-05-07T16:28:44","slug":"chegou-o-grande-dia-belem-nos-espera-e-as-inscricoes-para-a-copa-e-sarau-abrem-as-16h-desta-segunda-4","status":"publish","type":"post","link":"https:\/\/www.encontrabelem.com.br\/sobre\/chegou-o-grande-dia-belem-nos-espera-e-as-inscricoes-para-a-copa-e-sarau-abrem-as-16h-desta-segunda-4","title":{"rendered":"Chegou o grande dia: Bel\u00e9m nos espera e as inscri\u00e7\u00f5es para a Copa e Sarau abrem \u00e0s 16h desta segunda (4)!"},"content":{"rendered":"<div class=\"b22802487b0d38c4c6d9f34966e16421\" data-index=\"1\" style=\"float: none; margin:0px;\">\n<!-- Anuncio display - global -->\r\n<ins class=\"adsbygoogle\"\r\n     style=\"display:block\"\r\n     data-ad-client=\"ca-pub-8585364105181520\"\r\n     data-ad-slot=\"8789329856\"\r\n     data-ad-format=\"auto\"\r\n     data-full-width-responsive=\"true\"><\/ins>\r\n<script>\r\n     (adsbygoogle = window.adsbygoogle || []).push({});\r\n<\/script>\n<\/div>\n<h2>Inscri\u00e7\u00f5es Abertas: Como Participar<\/h2>\n<p>\u00c9 com grande entusiasmo que anunciamos o in\u00edcio das inscri\u00e7\u00f5es para a <strong>16\u00aa Copa Sindilegis<\/strong> e o <strong>5\u00ba Sarau Cultural<\/strong>. As inscri\u00e7\u00f5es est\u00e3o dispon\u00edveis a partir das 16h do dia 4 de maio, atrav\u00e9s da plataforma <strong>Sindilegis Mais<\/strong>. Garanta sua participa\u00e7\u00e3o neste evento memor\u00e1vel que ocorre de 16 a 20 de setembro, na bel\u00edssima cidade de <strong>Bel\u00e9m, Par\u00e1<\/strong>.<\/p>\n<h2>Modalidades da Copa Sindilegis<\/h2>\n<p>Os associados e seus acompanhantes t\u00eam a oportunidade de se inscrever em diversas modalidades esportivas, incluindo:<\/p>\n<ul>\n<li><strong>Beach Tennis<\/strong><\/li>\n<li><strong>Corrida<\/strong><\/li>\n<li><strong>Domin\u00f3 em Dupla<\/strong><\/li>\n<li><strong>Futebol<\/strong><\/li>\n<li><strong>T\u00eanis<\/strong><\/li>\n<li><strong>V\u00f4lei<\/strong><\/li>\n<\/ul>\n<p>A competi\u00e7\u00e3o ser\u00e1 intensa e divertida, trazendo um incentivo \u00e0 pr\u00e1tica esportiva e ao companheirismo.<\/p>\n<p><img decoding=\"async\" src=\"https:\/\/www.encontrabelem.com.br\/sobre\/wp-content\/uploads\/2026\/05\/chegou-o-grande-dia-belem-nos-espera-e-as-inscricoes-para-a-copa-e-sarau-abrem-as-16h-desta-segunda-.webp\" alt=\"Copa e Sarau\" loading=\"lazy\" \/><\/p>\n<h2>Categorias do Sarau Cultural<\/h2>\n<p>O <strong>Sarau Cultural<\/strong> ocorrer\u00e1 em v\u00e1rias categorias art\u00edsticas, proporcionando a todos a chance de mostrar seus talentos. As categorias incluem:<\/p>\n<ul>\n<li><strong>Artes C\u00eanicas<\/strong><\/li>\n<li><strong>Artes Visuais<\/strong><\/li>\n<li><strong>Dan\u00e7a<\/strong><\/li>\n<li><strong>M\u00fasica<\/strong><\/li>\n<li><strong>Artesanato<\/strong><\/li>\n<li><strong>Produ\u00e7\u00e3o Liter\u00e1ria<\/strong><\/li>\n<\/ul>\n<p>As apresenta\u00e7\u00f5es art\u00edsticas buscar\u00e3o destacar a diversidade cultural e promover a criatividade entre os participantes.<\/p>\n<h2>Data e Local do Evento<\/h2>\n<p>O evento ser\u00e1 realizado em <strong>Bel\u00e9m, Par\u00e1<\/strong>, de <strong>16 a 20 de setembro<\/strong>. Essa localiza\u00e7\u00e3o contagiante n\u00e3o s\u00f3 oferecer\u00e1 um ambiente vibrante, como tamb\u00e9m oportunidades de descoberta cultural para todos os participantes.<\/p>\n<h2>Premia\u00e7\u00f5es Para os Vencedores<\/h2>\n<p>A premia\u00e7\u00e3o mant\u00e9m sua tradi\u00e7\u00e3o. Os melhores atletas nas respectivas categorias receber\u00e3o medalhas, enquanto as delega\u00e7\u00f5es campe\u00e3s nas modalidades coletivas ser\u00e3o agraciadas com trof\u00e9us. \u00c9 uma excelente forma de reconhecer o talento e o esfor\u00e7o dos participantes!<\/p>\n<h2>Import\u00e2ncia do Encontro Esportivo<\/h2>\n<p>Este encontro n\u00e3o \u00e9 apenas uma competi\u00e7\u00e3o, mas uma oportunidade de fortalecer la\u00e7os entre os servidores da C\u00e2mara, do Senado e do TCU. Momentos como esses s\u00e3o fundamentais para promover a intera\u00e7\u00e3o e a uni\u00e3o entre os colegas, al\u00e9m de incentivar a pr\u00e1tica esportiva, que traz benef\u00edcios \u00e0 sa\u00fade f\u00edsica e mental.<\/p>\n<h2>Cultura Local em Destaque<\/h2>\n<p>Bel\u00e9m \u00e9 conhecida pela sua rica cultura e gastronomia. Durante o evento, os participantes ter\u00e3o a chance de apreciar a beleza natural da Amaz\u00f4nia e se deliciar com pratos t\u00edpicos, como o saboroso <strong>tacac\u00e1<\/strong>. Essa imers\u00e3o cultural promete ser uma experi\u00eancia inesquec\u00edvel e enriquecedora.<\/p>\n<h2>Dicas para a Inscri\u00e7\u00e3o<\/h2>\n<p>Para garantir seu lugar, \u00e9 importante se inscrever rapidamente, uma vez que a disponibilidade \u00e9 limitada. Aqui est\u00e3o algumas dicas:<\/p>\n<ul>\n<li><strong>Acesse a plataforma:<\/strong> Visite o <strong>Sindilegis Mais<\/strong> \u00e0s 16h do dia 4 de maio.<\/li>\n<li><strong>Tenha em m\u00e3os seus dados pessoais:<\/strong> Isso facilita o processo de inscri\u00e7\u00e3o.<\/li>\n<li><strong>Escolha suas modalidades:<\/strong> Decida previamente em quais atividades voc\u00ea deseja participar.<\/li>\n<li><strong>Confirma\u00e7\u00e3o de inscri\u00e7\u00e3o:<\/strong> Aguarde a confirma\u00e7\u00e3o e verifique se voc\u00ea recebeu um feedback sobre a sua participa\u00e7\u00e3o.<\/li>\n<\/ul>\n<h2>O Que Esperar de Bel\u00e9m<\/h2>\n<p>Os participantes podem esperar uma semana repleta de atividades, competi\u00e7\u00f5es emocionantes e noites de arte e cultura. Al\u00e9m de um ambiente acolhedor e cheio de energia, ser\u00e1 uma oportunidade de intera\u00e7\u00e3o e amizades duradouras entre colegas de trabalho.<\/p>\n<h2>Compartilhe sua Experi\u00eancia<\/h2>\n<p>\u00c9 essencial que todos os participantes compartilhem sua viv\u00eancia durante o evento. As redes sociais s\u00e3o um \u00f3timo canal para isso. Use a hashtag do evento para se conectar e estimular a participa\u00e7\u00e3o de outros colegas, mesmo aqueles que n\u00e3o conseguiram se inscrever. Compartilhe fotos, v\u00eddeos e mem\u00f3rias que poder\u00e3o ser relembradas posteriormente.<\/p>\n\n<div style=\"font-size: 0px; height: 0px; line-height: 0px; margin: 0; padding: 0; clear: both;\"><\/div>","protected":false},"excerpt":{"rendered":"<p>Copa e Sarau: descubra como participar deste grande evento em Bel\u00e9m!<\/p>\n","protected":false},"author":1,"featured_media":1676,"comment_status":"open","ping_status":"closed","sticky":false,"template":"","format":"standard","meta":{"footnotes":""},"categories":[1],"tags":[],"class_list":["post-1677","post","type-post","status-publish","format-standard","has-post-thumbnail","hentry","category-noticias-em-belem","has_thumb"],"aioseo_notices":[],"aioseo_head":"\n\t\t<!-- All in One SEO 5.0.0.1 - aioseo.com -->\n\t<meta name=\"description\" content=\"Copa e Sarau: descubra como participar deste grande evento em Bel\u00e9m!\" \/>\n\t<meta name=\"robots\" content=\"max-image-preview:large\" \/>\n\t<meta name=\"author\" content=\"Encontra Bel\u00e9m\"\/>\n\t<link rel=\"canonical\" href=\"https:\/\/www.encontrabelem.com.br\/sobre\/chegou-o-grande-dia-belem-nos-espera-e-as-inscricoes-para-a-copa-e-sarau-abrem-as-16h-desta-segunda-4\" \/>\n\t<meta name=\"generator\" content=\"All in One SEO (AIOSEO) 5.0.0.1\" \/>\n\t\t<meta property=\"og:locale\" content=\"pt_BR\" \/>\n\t\t<meta property=\"og:site_name\" content=\"Encontra Bel\u00e9m | Not\u00edcias, eventos, informa\u00e7\u00f5es e dicas na cidade Bel\u00e9m e regi\u00e3o.\" \/>\n\t\t<meta property=\"og:type\" content=\"article\" \/>\n\t\t<meta property=\"og:title\" content=\"Chegou o grande dia: Bel\u00e9m nos espera e as inscri\u00e7\u00f5es para a Copa e Sarau abrem \u00e0s 16h desta segunda (4)! | Encontra Bel\u00e9m\" \/>\n\t\t<meta property=\"og:description\" content=\"Copa e Sarau: descubra como participar deste grande evento em Bel\u00e9m!\" \/>\n\t\t<meta property=\"og:url\" content=\"https:\/\/www.encontrabelem.com.br\/sobre\/chegou-o-grande-dia-belem-nos-espera-e-as-inscricoes-para-a-copa-e-sarau-abrem-as-16h-desta-segunda-4\" \/>\n\t\t<meta property=\"article:published_time\" content=\"2026-05-07T16:28:44+00:00\" \/>\n\t\t<meta property=\"article:modified_time\" content=\"2026-05-07T16:28:44+00:00\" \/>\n\t\t<meta name=\"twitter:card\" content=\"summary\" \/>\n\t\t<meta name=\"twitter:title\" content=\"Chegou o grande dia: Bel\u00e9m nos espera e as inscri\u00e7\u00f5es para a Copa e Sarau abrem \u00e0s 16h desta segunda (4)! | Encontra Bel\u00e9m\" \/>\n\t\t<meta name=\"twitter:description\" content=\"Copa e Sarau: descubra como participar deste grande evento em Bel\u00e9m!\" \/>\n\t\t<script type=\"application\/ld+json\" class=\"aioseo-schema\">\n\t\t\t{\"@context\":\"https:\\\/\\\/schema.org\",\"@graph\":[{\"@type\":\"Article\",\"@id\":\"https:\\\/\\\/www.encontrabelem.com.br\\\/sobre\\\/chegou-o-grande-dia-belem-nos-espera-e-as-inscricoes-para-a-copa-e-sarau-abrem-as-16h-desta-segunda-4#article\",\"name\":\"Chegou o grande dia: Bel\\u00e9m nos espera e as inscri\\u00e7\\u00f5es para a Copa e Sarau abrem \\u00e0s 16h desta segunda (4)! | Encontra Bel\\u00e9m\",\"headline\":\"Chegou o grande dia: Bel\\u00e9m nos espera e as inscri\\u00e7\\u00f5es para a Copa e Sarau abrem \\u00e0s 16h desta segunda (4)!\",\"author\":{\"@id\":\"https:\\\/\\\/www.encontrabelem.com.br\\\/sobre\\\/author\\\/ebelem#author\"},\"publisher\":{\"@id\":\"https:\\\/\\\/www.encontrabelem.com.br\\\/sobre\\\/#organization\"},\"image\":{\"@type\":\"ImageObject\",\"url\":\"https:\\\/\\\/www.encontrabelem.com.br\\\/sobre\\\/wp-content\\\/uploads\\\/2026\\\/05\\\/chegou-o-grande-dia-belem-nos-espera-e-as-inscricoes-para-a-copa-e-sarau-abrem-as-16h-desta-segunda-.webp\",\"width\":280,\"height\":280,\"caption\":\"Copa e Sarau\"},\"datePublished\":\"2026-05-07T13:28:44-03:00\",\"dateModified\":\"2026-05-07T13:28:44-03:00\",\"inLanguage\":\"pt-BR\",\"mainEntityOfPage\":{\"@id\":\"https:\\\/\\\/www.encontrabelem.com.br\\\/sobre\\\/chegou-o-grande-dia-belem-nos-espera-e-as-inscricoes-para-a-copa-e-sarau-abrem-as-16h-desta-segunda-4#webpage\"},\"isPartOf\":{\"@id\":\"https:\\\/\\\/www.encontrabelem.com.br\\\/sobre\\\/chegou-o-grande-dia-belem-nos-espera-e-as-inscricoes-para-a-copa-e-sarau-abrem-as-16h-desta-segunda-4#webpage\"},\"articleSection\":\"Not\\u00edcias Bel\\u00e9m\"},{\"@type\":\"BreadcrumbList\",\"@id\":\"https:\\\/\\\/www.encontrabelem.com.br\\\/sobre\\\/chegou-o-grande-dia-belem-nos-espera-e-as-inscricoes-para-a-copa-e-sarau-abrem-as-16h-desta-segunda-4#breadcrumblist\",\"itemListElement\":[{\"@type\":\"ListItem\",\"@id\":\"https:\\\/\\\/www.encontrabelem.com.br\\\/sobre#listItem\",\"position\":1,\"name\":\"In\\u00edcio\",\"item\":\"https:\\\/\\\/www.encontrabelem.com.br\\\/sobre\",\"nextItem\":{\"@type\":\"ListItem\",\"@id\":\"https:\\\/\\\/www.encontrabelem.com.br\\\/sobre\\\/noticias-em-belem#listItem\",\"name\":\"Not\\u00edcias Bel\\u00e9m\"}},{\"@type\":\"ListItem\",\"@id\":\"https:\\\/\\\/www.encontrabelem.com.br\\\/sobre\\\/noticias-em-belem#listItem\",\"position\":2,\"name\":\"Not\\u00edcias Bel\\u00e9m\",\"item\":\"https:\\\/\\\/www.encontrabelem.com.br\\\/sobre\\\/noticias-em-belem\",\"nextItem\":{\"@type\":\"ListItem\",\"@id\":\"https:\\\/\\\/www.encontrabelem.com.br\\\/sobre\\\/chegou-o-grande-dia-belem-nos-espera-e-as-inscricoes-para-a-copa-e-sarau-abrem-as-16h-desta-segunda-4#listItem\",\"name\":\"Chegou o grande dia: Bel\\u00e9m nos espera e as inscri\\u00e7\\u00f5es para a Copa e Sarau abrem \\u00e0s 16h desta segunda (4)!\"},\"previousItem\":{\"@type\":\"ListItem\",\"@id\":\"https:\\\/\\\/www.encontrabelem.com.br\\\/sobre#listItem\",\"name\":\"In\\u00edcio\"}},{\"@type\":\"ListItem\",\"@id\":\"https:\\\/\\\/www.encontrabelem.com.br\\\/sobre\\\/chegou-o-grande-dia-belem-nos-espera-e-as-inscricoes-para-a-copa-e-sarau-abrem-as-16h-desta-segunda-4#listItem\",\"position\":3,\"name\":\"Chegou o grande dia: Bel\\u00e9m nos espera e as inscri\\u00e7\\u00f5es para a Copa e Sarau abrem \\u00e0s 16h desta segunda (4)!\",\"previousItem\":{\"@type\":\"ListItem\",\"@id\":\"https:\\\/\\\/www.encontrabelem.com.br\\\/sobre\\\/noticias-em-belem#listItem\",\"name\":\"Not\\u00edcias Bel\\u00e9m\"}}]},{\"@type\":\"Organization\",\"@id\":\"https:\\\/\\\/www.encontrabelem.com.br\\\/sobre\\\/#organization\",\"name\":\"Encontra Bel\\u00e9m\",\"description\":\"Not\\u00edcias, eventos, informa\\u00e7\\u00f5es e dicas na cidade Bel\\u00e9m e regi\\u00e3o.\",\"url\":\"https:\\\/\\\/www.encontrabelem.com.br\\\/sobre\\\/\"},{\"@type\":\"Person\",\"@id\":\"https:\\\/\\\/www.encontrabelem.com.br\\\/sobre\\\/author\\\/ebelem#author\",\"url\":\"https:\\\/\\\/www.encontrabelem.com.br\\\/sobre\\\/author\\\/ebelem\",\"name\":\"Encontra Bel\\u00e9m\",\"image\":{\"@type\":\"ImageObject\",\"@id\":\"https:\\\/\\\/www.encontrabelem.com.br\\\/sobre\\\/chegou-o-grande-dia-belem-nos-espera-e-as-inscricoes-para-a-copa-e-sarau-abrem-as-16h-desta-segunda-4#authorImage\",\"url\":\"https:\\\/\\\/secure.gravatar.com\\\/avatar\\\/507340682b8270222e1f208e23198b6ae7e2c6a1033ae84e99bc6bce4f82a387?s=96&d=mm&r=g\",\"width\":96,\"height\":96,\"caption\":\"Encontra Bel\\u00e9m\"}},{\"@type\":\"WebPage\",\"@id\":\"https:\\\/\\\/www.encontrabelem.com.br\\\/sobre\\\/chegou-o-grande-dia-belem-nos-espera-e-as-inscricoes-para-a-copa-e-sarau-abrem-as-16h-desta-segunda-4#webpage\",\"url\":\"https:\\\/\\\/www.encontrabelem.com.br\\\/sobre\\\/chegou-o-grande-dia-belem-nos-espera-e-as-inscricoes-para-a-copa-e-sarau-abrem-as-16h-desta-segunda-4\",\"name\":\"Chegou o grande dia: Bel\\u00e9m nos espera e as inscri\\u00e7\\u00f5es para a Copa e Sarau abrem \\u00e0s 16h desta segunda (4)! | Encontra Bel\\u00e9m\",\"description\":\"Copa e Sarau: descubra como participar deste grande evento em Bel\\u00e9m!\",\"inLanguage\":\"pt-BR\",\"isPartOf\":{\"@id\":\"https:\\\/\\\/www.encontrabelem.com.br\\\/sobre\\\/#website\"},\"breadcrumb\":{\"@id\":\"https:\\\/\\\/www.encontrabelem.com.br\\\/sobre\\\/chegou-o-grande-dia-belem-nos-espera-e-as-inscricoes-para-a-copa-e-sarau-abrem-as-16h-desta-segunda-4#breadcrumblist\"},\"author\":{\"@id\":\"https:\\\/\\\/www.encontrabelem.com.br\\\/sobre\\\/author\\\/ebelem#author\"},\"creator\":{\"@id\":\"https:\\\/\\\/www.encontrabelem.com.br\\\/sobre\\\/author\\\/ebelem#author\"},\"image\":{\"@type\":\"ImageObject\",\"url\":\"https:\\\/\\\/www.encontrabelem.com.br\\\/sobre\\\/wp-content\\\/uploads\\\/2026\\\/05\\\/chegou-o-grande-dia-belem-nos-espera-e-as-inscricoes-para-a-copa-e-sarau-abrem-as-16h-desta-segunda-.webp\",\"@id\":\"https:\\\/\\\/www.encontrabelem.com.br\\\/sobre\\\/chegou-o-grande-dia-belem-nos-espera-e-as-inscricoes-para-a-copa-e-sarau-abrem-as-16h-desta-segunda-4\\\/#mainImage\",\"width\":280,\"height\":280,\"caption\":\"Copa e Sarau\"},\"primaryImageOfPage\":{\"@id\":\"https:\\\/\\\/www.encontrabelem.com.br\\\/sobre\\\/chegou-o-grande-dia-belem-nos-espera-e-as-inscricoes-para-a-copa-e-sarau-abrem-as-16h-desta-segunda-4#mainImage\"},\"datePublished\":\"2026-05-07T13:28:44-03:00\",\"dateModified\":\"2026-05-07T13:28:44-03:00\"},{\"@type\":\"WebSite\",\"@id\":\"https:\\\/\\\/www.encontrabelem.com.br\\\/sobre\\\/#website\",\"url\":\"https:\\\/\\\/www.encontrabelem.com.br\\\/sobre\\\/\",\"name\":\"Encontra Bel\\u00e9m\",\"description\":\"Not\\u00edcias, eventos, informa\\u00e7\\u00f5es e dicas na cidade Bel\\u00e9m e regi\\u00e3o.\",\"inLanguage\":\"pt-BR\",\"publisher\":{\"@id\":\"https:\\\/\\\/www.encontrabelem.com.br\\\/sobre\\\/#organization\"}}]}\n\t\t<\/script>\n\t\t<!-- All in One SEO -->\n\n","aioseo_head_json":{"title":"Chegou o grande dia: Bel\u00e9m nos espera e as inscri\u00e7\u00f5es para a Copa e Sarau abrem \u00e0s 16h desta segunda (4)! | Encontra Bel\u00e9m","description":"Copa e Sarau: descubra como participar deste grande evento em Bel\u00e9m!","canonical_url":"https:\/\/www.encontrabelem.com.br\/sobre\/chegou-o-grande-dia-belem-nos-espera-e-as-inscricoes-para-a-copa-e-sarau-abrem-as-16h-desta-segunda-4","robots":"max-image-preview:large","keywords":"","webmasterTools":{"miscellaneous":""},"schema":{"@context":"https:\/\/schema.org","@graph":[{"@type":"Article","@id":"https:\/\/www.encontrabelem.com.br\/sobre\/chegou-o-grande-dia-belem-nos-espera-e-as-inscricoes-para-a-copa-e-sarau-abrem-as-16h-desta-segunda-4#article","name":"Chegou o grande dia: Bel\u00e9m nos espera e as inscri\u00e7\u00f5es para a Copa e Sarau abrem \u00e0s 16h desta segunda (4)! | Encontra Bel\u00e9m","headline":"Chegou o grande dia: Bel\u00e9m nos espera e as inscri\u00e7\u00f5es para a Copa e Sarau abrem \u00e0s 16h desta segunda (4)!","author":{"@id":"https:\/\/www.encontrabelem.com.br\/sobre\/author\/ebelem#author"},"publisher":{"@id":"https:\/\/www.encontrabelem.com.br\/sobre\/#organization"},"image":{"@type":"ImageObject","url":"https:\/\/www.encontrabelem.com.br\/sobre\/wp-content\/uploads\/2026\/05\/chegou-o-grande-dia-belem-nos-espera-e-as-inscricoes-para-a-copa-e-sarau-abrem-as-16h-desta-segunda-.webp","width":280,"height":280,"caption":"Copa e Sarau"},"datePublished":"2026-05-07T13:28:44-03:00","dateModified":"2026-05-07T13:28:44-03:00","inLanguage":"pt-BR","mainEntityOfPage":{"@id":"https:\/\/www.encontrabelem.com.br\/sobre\/chegou-o-grande-dia-belem-nos-espera-e-as-inscricoes-para-a-copa-e-sarau-abrem-as-16h-desta-segunda-4#webpage"},"isPartOf":{"@id":"https:\/\/www.encontrabelem.com.br\/sobre\/chegou-o-grande-dia-belem-nos-espera-e-as-inscricoes-para-a-copa-e-sarau-abrem-as-16h-desta-segunda-4#webpage"},"articleSection":"Not\u00edcias Bel\u00e9m"},{"@type":"BreadcrumbList","@id":"https:\/\/www.encontrabelem.com.br\/sobre\/chegou-o-grande-dia-belem-nos-espera-e-as-inscricoes-para-a-copa-e-sarau-abrem-as-16h-desta-segunda-4#breadcrumblist","itemListElement":[{"@type":"ListItem","@id":"https:\/\/www.encontrabelem.com.br\/sobre#listItem","position":1,"name":"In\u00edcio","item":"https:\/\/www.encontrabelem.com.br\/sobre","nextItem":{"@type":"ListItem","@id":"https:\/\/www.encontrabelem.com.br\/sobre\/noticias-em-belem#listItem","name":"Not\u00edcias Bel\u00e9m"}},{"@type":"ListItem","@id":"https:\/\/www.encontrabelem.com.br\/sobre\/noticias-em-belem#listItem","position":2,"name":"Not\u00edcias Bel\u00e9m","item":"https:\/\/www.encontrabelem.com.br\/sobre\/noticias-em-belem","nextItem":{"@type":"ListItem","@id":"https:\/\/www.encontrabelem.com.br\/sobre\/chegou-o-grande-dia-belem-nos-espera-e-as-inscricoes-para-a-copa-e-sarau-abrem-as-16h-desta-segunda-4#listItem","name":"Chegou o grande dia: Bel\u00e9m nos espera e as inscri\u00e7\u00f5es para a Copa e Sarau abrem \u00e0s 16h desta segunda (4)!"},"previousItem":{"@type":"ListItem","@id":"https:\/\/www.encontrabelem.com.br\/sobre#listItem","name":"In\u00edcio"}},{"@type":"ListItem","@id":"https:\/\/www.encontrabelem.com.br\/sobre\/chegou-o-grande-dia-belem-nos-espera-e-as-inscricoes-para-a-copa-e-sarau-abrem-as-16h-desta-segunda-4#listItem","position":3,"name":"Chegou o grande dia: Bel\u00e9m nos espera e as inscri\u00e7\u00f5es para a Copa e Sarau abrem \u00e0s 16h desta segunda (4)!","previousItem":{"@type":"ListItem","@id":"https:\/\/www.encontrabelem.com.br\/sobre\/noticias-em-belem#listItem","name":"Not\u00edcias Bel\u00e9m"}}]},{"@type":"Organization","@id":"https:\/\/www.encontrabelem.com.br\/sobre\/#organization","name":"Encontra Bel\u00e9m","description":"Not\u00edcias, eventos, informa\u00e7\u00f5es e dicas na cidade Bel\u00e9m e regi\u00e3o.","url":"https:\/\/www.encontrabelem.com.br\/sobre\/"},{"@type":"Person","@id":"https:\/\/www.encontrabelem.com.br\/sobre\/author\/ebelem#author","url":"https:\/\/www.encontrabelem.com.br\/sobre\/author\/ebelem","name":"Encontra Bel\u00e9m","image":{"@type":"ImageObject","@id":"https:\/\/www.encontrabelem.com.br\/sobre\/chegou-o-grande-dia-belem-nos-espera-e-as-inscricoes-para-a-copa-e-sarau-abrem-as-16h-desta-segunda-4#authorImage","url":"https:\/\/secure.gravatar.com\/avatar\/507340682b8270222e1f208e23198b6ae7e2c6a1033ae84e99bc6bce4f82a387?s=96&d=mm&r=g","width":96,"height":96,"caption":"Encontra Bel\u00e9m"}},{"@type":"WebPage","@id":"https:\/\/www.encontrabelem.com.br\/sobre\/chegou-o-grande-dia-belem-nos-espera-e-as-inscricoes-para-a-copa-e-sarau-abrem-as-16h-desta-segunda-4#webpage","url":"https:\/\/www.encontrabelem.com.br\/sobre\/chegou-o-grande-dia-belem-nos-espera-e-as-inscricoes-para-a-copa-e-sarau-abrem-as-16h-desta-segunda-4","name":"Chegou o grande dia: Bel\u00e9m nos espera e as inscri\u00e7\u00f5es para a Copa e Sarau abrem \u00e0s 16h desta segunda (4)! | Encontra Bel\u00e9m","description":"Copa e Sarau: descubra como participar deste grande evento em Bel\u00e9m!","inLanguage":"pt-BR","isPartOf":{"@id":"https:\/\/www.encontrabelem.com.br\/sobre\/#website"},"breadcrumb":{"@id":"https:\/\/www.encontrabelem.com.br\/sobre\/chegou-o-grande-dia-belem-nos-espera-e-as-inscricoes-para-a-copa-e-sarau-abrem-as-16h-desta-segunda-4#breadcrumblist"},"author":{"@id":"https:\/\/www.encontrabelem.com.br\/sobre\/author\/ebelem#author"},"creator":{"@id":"https:\/\/www.encontrabelem.com.br\/sobre\/author\/ebelem#author"},"image":{"@type":"ImageObject","url":"https:\/\/www.encontrabelem.com.br\/sobre\/wp-content\/uploads\/2026\/05\/chegou-o-grande-dia-belem-nos-espera-e-as-inscricoes-para-a-copa-e-sarau-abrem-as-16h-desta-segunda-.webp","@id":"https:\/\/www.encontrabelem.com.br\/sobre\/chegou-o-grande-dia-belem-nos-espera-e-as-inscricoes-para-a-copa-e-sarau-abrem-as-16h-desta-segunda-4\/#mainImage","width":280,"height":280,"caption":"Copa e Sarau"},"primaryImageOfPage":{"@id":"https:\/\/www.encontrabelem.com.br\/sobre\/chegou-o-grande-dia-belem-nos-espera-e-as-inscricoes-para-a-copa-e-sarau-abrem-as-16h-desta-segunda-4#mainImage"},"datePublished":"2026-05-07T13:28:44-03:00","dateModified":"2026-05-07T13:28:44-03:00"},{"@type":"WebSite","@id":"https:\/\/www.encontrabelem.com.br\/sobre\/#website","url":"https:\/\/www.encontrabelem.com.br\/sobre\/","name":"Encontra Bel\u00e9m","description":"Not\u00edcias, eventos, informa\u00e7\u00f5es e dicas na cidade Bel\u00e9m e regi\u00e3o.","inLanguage":"pt-BR","publisher":{"@id":"https:\/\/www.encontrabelem.com.br\/sobre\/#organization"}}]},"og:locale":"pt_BR","og:site_name":"Encontra Bel\u00e9m | Not\u00edcias, eventos, informa\u00e7\u00f5es e dicas na cidade Bel\u00e9m e regi\u00e3o.","og:type":"article","og:title":"Chegou o grande dia: Bel\u00e9m nos espera e as inscri\u00e7\u00f5es para a Copa e Sarau abrem \u00e0s 16h desta segunda (4)! | Encontra Bel\u00e9m","og:description":"Copa e Sarau: descubra como participar deste grande evento em Bel\u00e9m!","og:url":"https:\/\/www.encontrabelem.com.br\/sobre\/chegou-o-grande-dia-belem-nos-espera-e-as-inscricoes-para-a-copa-e-sarau-abrem-as-16h-desta-segunda-4","article:published_time":"2026-05-07T16:28:44+00:00","article:modified_time":"2026-05-07T16:28:44+00:00","twitter:card":"summary","twitter:title":"Chegou o grande dia: Bel\u00e9m nos espera e as inscri\u00e7\u00f5es para a Copa e Sarau abrem \u00e0s 16h desta segunda (4)! | Encontra Bel\u00e9m","twitter:description":"Copa e Sarau: descubra como participar deste grande evento em Bel\u00e9m!"},"aioseo_meta_data":{"post_id":"1677","title":null,"description":null,"keywords":null,"keyphrases":null,"primary_term":null,"canonical_url":null,"og_title":null,"og_description":null,"og_object_type":"default","og_image_type":"default","og_image_url":null,"og_image_width":null,"og_image_height":null,"og_image_custom_url":null,"og_image_custom_fields":null,"og_video":null,"og_custom_url":null,"og_article_section":null,"og_article_tags":null,"twitter_use_og":false,"twitter_card":"default","twitter_image_type":"default","twitter_image_url":null,"twitter_image_custom_url":null,"twitter_image_custom_fields":null,"twitter_title":null,"twitter_description":null,"schema":{"blockGraphs":[],"customGraphs":[],"default":{"data":{"Article":[],"Course":[],"Dataset":[],"FAQPage":[],"Movie":[],"Person":[],"Product":[],"ProductReview":[],"Car":[],"Recipe":[],"Service":[],"SoftwareApplication":[],"WebPage":[]},"graphName":"","isEnabled":true},"graphs":[]},"schema_type":"default","schema_type_options":null,"pillar_content":false,"robots_default":true,"robots_noindex":false,"robots_noarchive":false,"robots_nosnippet":false,"robots_nofollow":false,"robots_noimageindex":false,"robots_noodp":false,"robots_notranslate":false,"robots_max_snippet":null,"robots_max_videopreview":null,"robots_max_imagepreview":"large","priority":null,"frequency":null,"local_seo":null,"breadcrumb_settings":null,"limit_modified_date":false,"ai":null,"created":"2026-05-07 16:33:53","updated":"2026-05-07 16:33:53","focus_keyword":null,"additional_keywords":null,"truseo_locale":null,"seo_analyzer_scan_date":null},"aioseo_breadcrumb":"<div class=\"aioseo-breadcrumbs\"><span class=\"aioseo-breadcrumb\">\n\t\t\t<a href=\"https:\/\/www.encontrabelem.com.br\/sobre\" title=\"In\u00edcio\">In\u00edcio<\/a>\n\t\t<\/span><span class=\"aioseo-breadcrumb-separator\">&raquo;<\/span><span class=\"aioseo-breadcrumb\">\n\t\t\t<a href=\"https:\/\/www.encontrabelem.com.br\/sobre\/noticias-em-belem\" title=\"Not\u00edcias Bel\u00e9m\">Not\u00edcias Bel\u00e9m<\/a>\n\t\t<\/span><span class=\"aioseo-breadcrumb-separator\">&raquo;<\/span><span class=\"aioseo-breadcrumb\">\n\t\t\tChegou o grande dia: Bel\u00e9m nos espera e as inscri\u00e7\u00f5es para a Copa e Sarau abrem \u00e0s 16h desta segunda (4)!\n\t\t<\/span><\/div>","aioseo_breadcrumb_json":[{"label":"In\u00edcio","link":"https:\/\/www.encontrabelem.com.br\/sobre"},{"label":"Not\u00edcias Bel\u00e9m","link":"https:\/\/www.encontrabelem.com.br\/sobre\/noticias-em-belem"},{"label":"Chegou o grande dia: Bel\u00e9m nos espera e as inscri\u00e7\u00f5es para a Copa e Sarau abrem \u00e0s 16h desta segunda (4)!","link":"https:\/\/www.encontrabelem.com.br\/sobre\/chegou-o-grande-dia-belem-nos-espera-e-as-inscricoes-para-a-copa-e-sarau-abrem-as-16h-desta-segunda-4"}],"_links":{"self":[{"href":"https:\/\/www.encontrabelem.com.br\/sobre\/wp-json\/wp\/v2\/posts\/1677","targetHints":{"allow":["GET"]}}],"collection":[{"href":"https:\/\/www.encontrabelem.com.br\/sobre\/wp-json\/wp\/v2\/posts"}],"about":[{"href":"https:\/\/www.encontrabelem.com.br\/sobre\/wp-json\/wp\/v2\/types\/post"}],"author":[{"embeddable":true,"href":"https:\/\/www.encontrabelem.com.br\/sobre\/wp-json\/wp\/v2\/users\/1"}],"replies":[{"embeddable":true,"href":"https:\/\/www.encontrabelem.com.br\/sobre\/wp-json\/wp\/v2\/comments?post=1677"}],"version-history":[{"count":0,"href":"https:\/\/www.encontrabelem.com.br\/sobre\/wp-json\/wp\/v2\/posts\/1677\/revisions"}],"wp:featuredmedia":[{"embeddable":true,"href":"https:\/\/www.encontrabelem.com.br\/sobre\/wp-json\/wp\/v2\/media\/1676"}],"wp:attachment":[{"href":"https:\/\/www.encontrabelem.com.br\/sobre\/wp-json\/wp\/v2\/media?parent=1677"}],"wp:term":[{"taxonomy":"category","embeddable":true,"href":"https:\/\/www.encontrabelem.com.br\/sobre\/wp-json\/wp\/v2\/categories?post=1677"},{"taxonomy":"post_tag","embeddable":true,"href":"https:\/\/www.encontrabelem.com.br\/sobre\/wp-json\/wp\/v2\/tags?post=1677"}],"curies":[{"name":"wp","href":"https:\/\/api.w.org\/{rel}","templated":true}]}}