{"id":1663,"date":"2026-05-01T13:17:29","date_gmt":"2026-05-01T16:17:29","guid":{"rendered":"https:\/\/www.encontrabelem.com.br\/sobre\/dia-do-trabalhador-confira-o-que-abre-e-fecha-em-belem-no-feriado"},"modified":"2026-05-01T13:17:29","modified_gmt":"2026-05-01T16:17:29","slug":"dia-do-trabalhador-confira-o-que-abre-e-fecha-em-belem-no-feriado","status":"publish","type":"post","link":"https:\/\/www.encontrabelem.com.br\/sobre\/dia-do-trabalhador-confira-o-que-abre-e-fecha-em-belem-no-feriado","title":{"rendered":"Dia do Trabalhador: confira o que abre e fecha em Bel\u00e9m no feriado"},"content":{"rendered":"<div class=\"b22802487b0d38c4c6d9f34966e16421\" data-index=\"1\" style=\"float: none; margin:0px;\">\n<!-- Anuncio display - global -->\r\n<ins class=\"adsbygoogle\"\r\n     style=\"display:block\"\r\n     data-ad-client=\"ca-pub-8585364105181520\"\r\n     data-ad-slot=\"8789329856\"\r\n     data-ad-format=\"auto\"\r\n     data-full-width-responsive=\"true\"><\/ins>\r\n<script>\r\n     (adsbygoogle = window.adsbygoogle || []).push({});\r\n<\/script>\n<\/div>\n<h2>Dia do Trabalhador: Altera\u00e7\u00f5es no Funcionamento de Espa\u00e7os Culturais<\/h2>\n<p>No feriado do Dia do Trabalhador, que ocorre nesta sexta-feira (1\u00ba de maio), \u00e9 importante estar ciente das modifica\u00e7\u00f5es nos hor\u00e1rios de funcionamento dos diversos estabelecimentos em Bel\u00e9m. O governo do estado do Par\u00e1, atrav\u00e9s da Secretaria de Estado de Cultura (Secult), emitiu uma nota detalhando os locais que estar\u00e3o abertos e os que permanecer\u00e3o fechados durante este dia.<\/p>\n<p>Em geral, as institui\u00e7\u00f5es culturais sob administra\u00e7\u00e3o do governo n\u00e3o estar\u00e3o dispon\u00edveis para visita\u00e7\u00e3o, exceto os locais que oferecem servi\u00e7os regulares. O foco \u00e9 oferecer op\u00e7\u00f5es para aqueles que desejam desfrutar da cidade durante o feriado.<\/p>\n<h2>Hor\u00e1rios dos Parques P\u00fablicos em Bel\u00e9m<\/h2>\n<p>Os parques p\u00fablicos oferecem uma \u00f3tima alternativa de lazer durante o feriado. Confira os hor\u00e1rios de funcionamento:<\/p>\n<p><img decoding=\"async\" src=\"https:\/\/www.encontrabelem.com.br\/sobre\/wp-content\/uploads\/2026\/05\/dia-do-trabalhador-confira-o-que-abre-e-fecha-em-belem-no-feriado.webp\" alt=\"Dia do Trabalhador\" loading=\"lazy\" \/><\/p>\n<ul>\n<li><strong>Parque da Cidade:<\/strong> Funcionamento normal, das 8h \u00e0s 22h.<\/li>\n<li><strong>Parque da Resid\u00eancia:<\/strong> Aberto das 9h \u00e0s 17h.<\/li>\n<\/ul>\n<p>Esses espa\u00e7os s\u00e3o ideais para quem deseja relaxar ou fazer atividades ao ar livre com a fam\u00edlia e amigos, aproveitando a combina\u00e7\u00e3o de natureza e lazer.<\/p>\n<h2>Visitas Guiadas no Theatro da Paz<\/h2>\n<p>O Theatro da Paz, um dos mais importantes espa\u00e7os culturais de Bel\u00e9m, estar\u00e1 recebendo visitantes no feriado. As visitas guiadas ocorrem em hor\u00e1rios regulares, permitindo que o p\u00fablico conhe\u00e7a a rica hist\u00f3ria e as belezas arquitet\u00f4nicas do teatro. Os hor\u00e1rios s\u00e3o:<\/p>\n<ul>\n<li><strong>Manh\u00e3:<\/strong> das 9h \u00e0s 12h<\/li>\n<li><strong>Tarde:<\/strong> das 14h \u00e0s 17h<\/li>\n<\/ul>\n<p>Essa \u00e9 uma oportunidade imperd\u00edvel para quem \u00e9 amante da cultura e da arte, proporcionando uma experi\u00eancia enriquecedora.<\/p>\n<h2>Funcionamento dos Museus e Memoriais<\/h2>\n<p>Apesar das op\u00e7\u00f5es em parques e no Theatro da Paz, os museus e memoriais geridos pelo Estado estar\u00e3o fechados durante o Dia do Trabalhador. Entre os locais que n\u00e3o abrir\u00e3o as portas est\u00e3o:<\/p>\n<ul>\n<li>Museus estaduais<\/li>\n<li>Memoriais do Estado<\/li>\n<li>Esta\u00e7\u00e3o Cultural de Icoaraci<\/li>\n<li>Arquivo P\u00fablico do Estado do Par\u00e1<\/li>\n<\/ul>\n<p>Os amantes de hist\u00f3ria e arte devem programar uma visita a esses locais em outro dia para evitar decep\u00e7\u00f5es.<\/p>\n<h2>Transporte Hidrovi\u00e1rio no Dia do Trabalhador<\/h2>\n<p>Aqueles que planejam utilizar o transporte hidrovi\u00e1rio podem ficar tranquilos. A Companhia de Portos e Hidrovias do Estado do Par\u00e1 (CPH) divulgou que todos os terminais estar\u00e3o operando normalmente. Os hor\u00e1rios s\u00e3o:<\/p>\n<ul>\n<li><strong>Terminal de Bel\u00e9m:<\/strong> das 5h \u00e0s 18h<\/li>\n<li><strong>Terminal de Tamandar\u00e9:<\/strong> das 5h \u00e0s 23h<\/li>\n<li><strong>Terminal de Icoaraci:<\/strong> das 5h \u00e0s 19h<\/li>\n<\/ul>\n<p>Portanto, \u00e9 poss\u00edvel planejar viagens durante o feriado usando esse meio de transporte.<\/p>\n<h2>Servi\u00e7os P\u00fablicos e Seus Hor\u00e1rios<\/h2>\n<p>No que diz respeito aos servi\u00e7os p\u00fablicos, o expediente na sexta-feira ser\u00e1 modificado. De acordo com o decreto n\u00ba 5.122, publicado no Di\u00e1rio Oficial do Estado, os \u00f3rg\u00e3os da administra\u00e7\u00e3o p\u00fablica direta e indireta n\u00e3o ter\u00e3o atendimento ao p\u00fablico. No entanto, os servi\u00e7os essenciais seguir\u00e3o operando, garantindo que os cidad\u00e3os possam ter acesso a servi\u00e7os vitais.<\/p>\n<h2>O Que Fazer em Bel\u00e9m no Feriado<\/h2>\n<p>Com as informa\u00e7\u00f5es sobre o funcionamento de diversos locais, \u00e9 poss\u00edvel planejar bem o que fazer em Bel\u00e9m no Dia do Trabalhador. Al\u00e9m de aproveitar a natureza nos parques e as visitas no Theatro da Paz, h\u00e1 outras op\u00e7\u00f5es:<\/p>\n<ul>\n<li>Fazer um passeio nas ciclovias da cidade.<\/li>\n<li>Visitar caf\u00e9s e restaurantes que tenham programa\u00e7\u00e3o especial para o feriado.<\/li>\n<li>Participar de eventos culturais que possam ser anunciados ou programados para o dia.<\/li>\n<\/ul>\n<p>A cidade oferece diversas possibilidades para uma celebra\u00e7\u00e3o do trabalho e da cultura.<\/p>\n<h2>Altera\u00e7\u00f5es em Eventos Culturais<\/h2>\n<p>Antes de sair de casa, \u00e9 recomend\u00e1vel verificar se h\u00e1 algum evento cultural programado para o dia, pois pode haver do efervescente cen\u00e1rio cultural de Bel\u00e9m. Muitos organizadores podem optar por alterar seus hor\u00e1rios ou at\u00e9 mesmo suspender atividades em fun\u00e7\u00e3o do feriado.<\/p>\n<h2>Sugest\u00f5es de Lazer em Bel\u00e9m<\/h2>\n<p>Al\u00e9m das atividades j\u00e1 mencionadas, o feriado \u00e9 uma excelente oportunidade para conhecer a gastronomia local:<\/p>\n<ul>\n<li>Experimente pratos t\u00edpicos da regi\u00e3o em restaurantes renomados.<\/li>\n<li>Visite feiras locais e mercados que possam estar abertos.<\/li>\n<li>Participe de eventos esportivos, quando dispon\u00edveis.<\/li>\n<\/ul>\n<p>Essas atividades podem fazer o feriado ser muito mais especial, repleto de experi\u00eancias enriquecedoras.<\/p>\n<h2>Dicas para Aproveitar o Feriado com Seguran\u00e7a<\/h2>\n<p>Por fim, \u00e9 importante lembrar de alguns cuidados para garantir que o feriado seja tamb\u00e9m seguro:<\/p>\n<ul>\n<li>Use m\u00e1scara e mantenha a higiene adequada em ambientes p\u00fablicos.<\/li>\n<li>Evite aglomera\u00e7\u00f5es e respeite os protocolos de sa\u00fade.<\/li>\n<li>Se sair de transporte p\u00fablico, planeje sua volta para evitar hor\u00e1rios de pico.<\/li>\n<\/ul>\n<p>Seguir essas diretrizes ajudar\u00e1 a ter um Dia do Trabalhador cheio de celebra\u00e7\u00f5es, mas tamb\u00e9m seguro e respons\u00e1vel.<\/p>\n\n<div style=\"font-size: 0px; height: 0px; line-height: 0px; margin: 0; padding: 0; clear: both;\"><\/div>","protected":false},"excerpt":{"rendered":"<p>Descubra o que abre e fecha em Bel\u00e9m no Dia do Trabalhador.<\/p>\n","protected":false},"author":1,"featured_media":1662,"comment_status":"open","ping_status":"closed","sticky":false,"template":"","format":"standard","meta":{"footnotes":""},"categories":[1],"tags":[],"class_list":["post-1663","post","type-post","status-publish","format-standard","has-post-thumbnail","hentry","category-noticias-em-belem","has_thumb"],"aioseo_notices":[],"_links":{"self":[{"href":"https:\/\/www.encontrabelem.com.br\/sobre\/wp-json\/wp\/v2\/posts\/1663","targetHints":{"allow":["GET"]}}],"collection":[{"href":"https:\/\/www.encontrabelem.com.br\/sobre\/wp-json\/wp\/v2\/posts"}],"about":[{"href":"https:\/\/www.encontrabelem.com.br\/sobre\/wp-json\/wp\/v2\/types\/post"}],"author":[{"embeddable":true,"href":"https:\/\/www.encontrabelem.com.br\/sobre\/wp-json\/wp\/v2\/users\/1"}],"replies":[{"embeddable":true,"href":"https:\/\/www.encontrabelem.com.br\/sobre\/wp-json\/wp\/v2\/comments?post=1663"}],"version-history":[{"count":0,"href":"https:\/\/www.encontrabelem.com.br\/sobre\/wp-json\/wp\/v2\/posts\/1663\/revisions"}],"wp:featuredmedia":[{"embeddable":true,"href":"https:\/\/www.encontrabelem.com.br\/sobre\/wp-json\/wp\/v2\/media\/1662"}],"wp:attachment":[{"href":"https:\/\/www.encontrabelem.com.br\/sobre\/wp-json\/wp\/v2\/media?parent=1663"}],"wp:term":[{"taxonomy":"category","embeddable":true,"href":"https:\/\/www.encontrabelem.com.br\/sobre\/wp-json\/wp\/v2\/categories?post=1663"},{"taxonomy":"post_tag","embeddable":true,"href":"https:\/\/www.encontrabelem.com.br\/sobre\/wp-json\/wp\/v2\/tags?post=1663"}],"curies":[{"name":"wp","href":"https:\/\/api.w.org\/{rel}","templated":true}]}}