{"id":1660,"date":"2026-04-30T13:34:31","date_gmt":"2026-04-30T16:34:31","guid":{"rendered":"https:\/\/www.encontrabelem.com.br\/sobre\/semana-dos-povos-indigenas-reune-povos-originarios-em-belem-e-tem-programacao-aberta-ao-publico"},"modified":"2026-04-30T13:34:31","modified_gmt":"2026-04-30T16:34:31","slug":"semana-dos-povos-indigenas-reune-povos-originarios-em-belem-e-tem-programacao-aberta-ao-publico","status":"publish","type":"post","link":"https:\/\/www.encontrabelem.com.br\/sobre\/semana-dos-povos-indigenas-reune-povos-originarios-em-belem-e-tem-programacao-aberta-ao-publico","title":{"rendered":"Semana dos Povos Ind\u00edgenas re\u00fane povos origin\u00e1rios em Bel\u00e9m e tem programa\u00e7\u00e3o aberta ao p\u00fablico"},"content":{"rendered":"<div class=\"b22802487b0d38c4c6d9f34966e16421\" data-index=\"1\" style=\"float: none; margin:0px;\">\n<!-- Anuncio display - global -->\r\n<ins class=\"adsbygoogle\"\r\n     style=\"display:block\"\r\n     data-ad-client=\"ca-pub-8585364105181520\"\r\n     data-ad-slot=\"8789329856\"\r\n     data-ad-format=\"auto\"\r\n     data-full-width-responsive=\"true\"><\/ins>\r\n<script>\r\n     (adsbygoogle = window.adsbygoogle || []).push({});\r\n<\/script>\n<\/div>\n<h2>O que esperar da Semana dos Povos Ind\u00edgenas<\/h2>\n<p>A <strong>Semana dos Povos Ind\u00edgenas<\/strong> \u00e9 um evento significativo que visa destacar a cultura e os direitos das comunidades ind\u00edgenas no Brasil. Neste ano, a <strong>III Semana dos Povos Ind\u00edgenas<\/strong> se realizou no <strong>Parque da Cidade<\/strong> em Bel\u00e9m, proporcionando uma plataforma rica para compartilhamento de saberes, tradi\u00e7\u00f5es e reivindica\u00e7\u00f5es por cidadania e direitos. Durante essa semana, diversos grupos e etnias se reuniram para celebrar suas culturas e promover discuss\u00f5es relevantes para o fortalecimento das pol\u00edticas p\u00fablicas voltadas para os povos origin\u00e1rios.<\/p>\n<h2>Atividades culturais no Parque da Cidade<\/h2>\n<p>A programa\u00e7\u00e3o cultural foi variada e atrativa, envolvendo a participa\u00e7\u00e3o de delega\u00e7\u00f5es ind\u00edgenas de v\u00e1rias regi\u00f5es do Par\u00e1. As performances culturais inclu\u00edram dan\u00e7as tradicionais, conta\u00e7\u00e3o de hist\u00f3rias e apresenta\u00e7\u00f5es musicais que enaltecem as ricas tradi\u00e7\u00f5es ind\u00edgenas. Essas atividades diversas n\u00e3o apenas entretiveram, mas tamb\u00e9m educaram o p\u00fablico sobre a import\u00e2ncia da cultura ind\u00edgena brasileira.<\/p>\n<h2>Feira de etnobioeconomia e gastronomia<\/h2>\n<p>Uma das atra\u00e7\u00f5es mais not\u00e1veis da Semana foi a <strong>feira de etnobioeconomia<\/strong>, onde artes\u00e3os e produtores locais tiveram a oportunidade de expor e vender seus produtos. Nesta feira, os visitantes puderam apreciar a <strong>gastronomia ancestral<\/strong>, experimentar pratos tipicamente ind\u00edgenas feitos com ingredientes nativos e entender como se d\u00e1 a rela\u00e7\u00e3o entre os povos ind\u00edgenas e a biodiversidade local.<\/p>\n<p><img decoding=\"async\" src=\"https:\/\/www.encontrabelem.com.br\/sobre\/wp-content\/uploads\/2026\/04\/semana-dos-povos-indigenas-reune-povos-originarios-em-belem-e-tem-programacao-aberta-ao-publico.webp\" alt=\"Semana dos Povos Ind\u00edgenas\" loading=\"lazy\" \/><\/p>\n<h2>Servi\u00e7os de documenta\u00e7\u00e3o dispon\u00edveis<\/h2>\n<p>O evento tamb\u00e9m ofereceu servi\u00e7os de documenta\u00e7\u00e3o para ind\u00edgenas, essencial para facilitar o acesso da popula\u00e7\u00e3o \u00e0s pol\u00edticas p\u00fablicas. Esses servi\u00e7os incluem orienta\u00e7\u00e3o sobre como obter documenta\u00e7\u00e3o civil, que \u00e9 crucial para garantir direitos b\u00e1sicos, educa\u00e7\u00e3o e sa\u00fade. A presen\u00e7a de \u00f3rg\u00e3os governamentais e organiza\u00e7\u00f5es n\u00e3o governamentais no local ajudou a oferecer suporte e atendimento direto aos participantes.<\/p>\n<h2>Participa\u00e7\u00e3o das delega\u00e7\u00f5es ind\u00edgenas<\/h2>\n<p>Delega\u00e7\u00f5es de <strong>oito regi\u00f5es do Par\u00e1<\/strong> participaram deste grande encontro, trazendo representantes de v\u00e1rias etnias. O evento serviu como um espa\u00e7o de di\u00e1logo e troca de experi\u00eancias entre diferentes grupos, permitindo que vozes de diversas culturas fossem ouvidas. Este interc\u00e2mbio enriqueceu o evento e fortaleceu os la\u00e7os entre as comunidades.<\/p>\n<h2>Apresenta\u00e7\u00f5es musicais e art\u00edsticas<\/h2>\n<p>As apresenta\u00e7\u00f5es musicais foram um ponto alto da programa\u00e7\u00e3o, com m\u00fasicos ind\u00edgenas e artistas locais se apresentando em shows emocionantes. Estas performances n\u00e3o s\u00f3 divertiram o p\u00fablico, mas tamb\u00e9m destacaram o talento e a criatividade dos artistas ind\u00edgenas, promovendo a visibilidade da m\u00fasica e das tradi\u00e7\u00f5es culturais daquela regi\u00e3o.<\/p>\n<h2>Debates sobre gest\u00e3o territorial<\/h2>\n<p><strong>Debates<\/strong> e discuss\u00f5es sobre gest\u00e3o territorial e direitos ind\u00edgenas foram realizados durante a Semana, com a participa\u00e7\u00e3o de l\u00edderes comunit\u00e1rios, acad\u00eamicos e autoridades. Esses di\u00e1logos foram fundamentais para abordar quest\u00f5es como a prote\u00e7\u00e3o das terras ind\u00edgenas e os desafios enfrentados por esses povos em rela\u00e7\u00e3o ao avan\u00e7o de atividades econ\u00f4micas em seus territ\u00f3rios. A troca de ideias e propostas buscou formular sugest\u00f5es que possam levar a uma melhoria nas pol\u00edticas p\u00fablicas existentes.<\/p>\n<h2>Oficinas e atividades educacionais<\/h2>\n<p>Al\u00e9m das discuss\u00f5es e apresenta\u00e7\u00f5es, uma s\u00e9rie de <strong>oficinas<\/strong> foi oferecida, abordando temas como artesanato, educa\u00e7\u00e3o ambiental e pr\u00e1ticas tradicionais. Estas atividades pr\u00e1ticas possibilitaram que os participantes adquirissem novos conhecimentos e habilidades, ao mesmo tempo em que se conectavam com suas ra\u00edzes culturais. Oficinas de culin\u00e1ria ind\u00edgena, por exemplo, mostraram como preparar pratos t\u00edpicos e o significado dos ingredientes utilizados nessas receitas.<\/p>\n<h2>Import\u00e2ncia da cidadania para os povos origin\u00e1rios<\/h2>\n<p>A <strong>cidadania<\/strong> \u00e9 um aspecto crucial nas discuss\u00f5es sobre os direitos ind\u00edgenas. Durante o evento, enfatizou-se a necessidade de garantir que os povos ind\u00edgenas tenham acesso aos direitos e servi\u00e7os a que t\u00eam direito. Aumentar a visibilidade e o reconhecimento da cidadania ind\u00edgena \u00e9 essencial para promover a igualdade e respeitar a diversidade cultural do Brasil.<\/p>\n<h2>Convite \u00e0 comunidade para celebrar a diversidade<\/h2>\n<p>A Semana dos Povos Ind\u00edgenas em Bel\u00e9m foi um convite aberto \u00e0 comunidade para celebrar e respeitar a diversidade. A participa\u00e7\u00e3o do p\u00fablico foi fundamental para fortalecer o entendimento sobre a import\u00e2ncia das culturas ind\u00edgenas. Com isso, espera-se que outras iniciativas semelhantes sejam realizadas em diferentes regi\u00f5es, promovendo o di\u00e1logo e a valoriza\u00e7\u00e3o das tradi\u00e7\u00f5es que formam a identidade rica e plural do Brasil.<\/p>\n\n<div style=\"font-size: 0px; height: 0px; line-height: 0px; margin: 0; padding: 0; clear: both;\"><\/div>","protected":false},"excerpt":{"rendered":"<p>Semana dos Povos Ind\u00edgenas traz programa\u00e7\u00e3o cultural rica e variadas atividades.<\/p>\n","protected":false},"author":1,"featured_media":1659,"comment_status":"open","ping_status":"closed","sticky":false,"template":"","format":"standard","meta":{"footnotes":""},"categories":[1],"tags":[],"class_list":["post-1660","post","type-post","status-publish","format-standard","has-post-thumbnail","hentry","category-noticias-em-belem","has_thumb"],"aioseo_notices":[],"_links":{"self":[{"href":"https:\/\/www.encontrabelem.com.br\/sobre\/wp-json\/wp\/v2\/posts\/1660","targetHints":{"allow":["GET"]}}],"collection":[{"href":"https:\/\/www.encontrabelem.com.br\/sobre\/wp-json\/wp\/v2\/posts"}],"about":[{"href":"https:\/\/www.encontrabelem.com.br\/sobre\/wp-json\/wp\/v2\/types\/post"}],"author":[{"embeddable":true,"href":"https:\/\/www.encontrabelem.com.br\/sobre\/wp-json\/wp\/v2\/users\/1"}],"replies":[{"embeddable":true,"href":"https:\/\/www.encontrabelem.com.br\/sobre\/wp-json\/wp\/v2\/comments?post=1660"}],"version-history":[{"count":0,"href":"https:\/\/www.encontrabelem.com.br\/sobre\/wp-json\/wp\/v2\/posts\/1660\/revisions"}],"wp:featuredmedia":[{"embeddable":true,"href":"https:\/\/www.encontrabelem.com.br\/sobre\/wp-json\/wp\/v2\/media\/1659"}],"wp:attachment":[{"href":"https:\/\/www.encontrabelem.com.br\/sobre\/wp-json\/wp\/v2\/media?parent=1660"}],"wp:term":[{"taxonomy":"category","embeddable":true,"href":"https:\/\/www.encontrabelem.com.br\/sobre\/wp-json\/wp\/v2\/categories?post=1660"},{"taxonomy":"post_tag","embeddable":true,"href":"https:\/\/www.encontrabelem.com.br\/sobre\/wp-json\/wp\/v2\/tags?post=1660"}],"curies":[{"name":"wp","href":"https:\/\/api.w.org\/{rel}","templated":true}]}}