{"id":1658,"date":"2026-04-30T13:32:34","date_gmt":"2026-04-30T16:32:34","guid":{"rendered":"https:\/\/www.encontrabelem.com.br\/sobre\/festival-gastronomico-traz-sabores-tradicionais-de-portugal-para-belem-veja-programacao"},"modified":"2026-04-30T13:32:34","modified_gmt":"2026-04-30T16:32:34","slug":"festival-gastronomico-traz-sabores-tradicionais-de-portugal-para-belem-veja-programacao","status":"publish","type":"post","link":"https:\/\/www.encontrabelem.com.br\/sobre\/festival-gastronomico-traz-sabores-tradicionais-de-portugal-para-belem-veja-programacao","title":{"rendered":"Festival gastron\u00f4mico traz sabores tradicionais de Portugal para Bel\u00e9m; veja programa\u00e7\u00e3o"},"content":{"rendered":"<div class=\"b22802487b0d38c4c6d9f34966e16421\" data-index=\"1\" style=\"float: none; margin:0px;\">\n<!-- Anuncio display - global -->\r\n<ins class=\"adsbygoogle\"\r\n     style=\"display:block\"\r\n     data-ad-client=\"ca-pub-8585364105181520\"\r\n     data-ad-slot=\"8789329856\"\r\n     data-ad-format=\"auto\"\r\n     data-full-width-responsive=\"true\"><\/ins>\r\n<script>\r\n     (adsbygoogle = window.adsbygoogle || []).push({});\r\n<\/script>\n<\/div>\n<h2>Data e Local do Festival Gastron\u00f4mico<\/h2>\n<p>O <strong>Festival Gastron\u00f4mico do Porto e Norte &#038; Centro de Portugal<\/strong> acontecer\u00e1 entre os dias <strong>23 e 26 de abril de 2026<\/strong>. Este evento ser\u00e1 realizado no <strong>Vila Gal\u00e9 Collection Amaz\u00f4nia<\/strong>, localizado na <strong>avenida Marechal Hermes, S\/N (Porto Futuro II)<\/strong>, no bairro Umarizal, em Bel\u00e9m.<\/p>\n<h2>Chefs de Destaque Invitados<\/h2>\n<p>O festival contar\u00e1 com a presen\u00e7a de dois renomados chefs portugueses: <strong>Francisco Ferreira<\/strong> e <strong>Tiago Lamego<\/strong>. Ambos os chefs s\u00e3o conhecidos por seus talentos e expertise na culin\u00e1ria tradicional de Portugal, trazendo a Bel\u00e9m um buffet preparado com iguarias que refletem a rica cultura gastron\u00f4mica das regi\u00f5es que representam.<\/p>\n<h2>O que Comer no Festival<\/h2>\n<p>O menu do festival promete uma verdadeira viagem de sabores. A seguir, apresentamos algumas das del\u00edcias que estar\u00e3o dispon\u00edveis para os visitantes:<\/p>\n<p><img decoding=\"async\" src=\"https:\/\/www.encontrabelem.com.br\/sobre\/wp-content\/uploads\/2026\/04\/festival-gastronomico-traz-sabores-tradicionais-de-portugal-para-belem-veja-programacao.webp\" alt=\"festival gastron\u00f4mico de Portugal\" loading=\"lazy\" \/><\/p>\n<ul>\n<li><strong>Bola do Douro:<\/strong> Este tradicional p\u00e3o recheado \u00e9 frequentemente presente em festas hist\u00f3ricas. Nesta ocasi\u00e3o, ser\u00e1 servido com presunto e paio. Origin\u00e1rio do s\u00e9culo XIX, foi criado para alimentar as muitas pessoas que participaram da proclama\u00e7\u00e3o de D. Afonso Henriques.<\/li>\n<li><strong>Chanfana de Borrego:<\/strong> Este prato, feito a partir de carne de borrego ou cabra, \u00e9 t\u00edpico do centro de Portugal e \u00e9 cozinhado lentamente em vinho tinto com t\u00e9cnicas que ressaltam seu sabor. A carne \u00e9 normalmente acompanhada por batatas cozidas, fazendo dela uma escolha perfeita para quem busca conforto na alimenta\u00e7\u00e3o.<\/li>\n<li><strong>Pudim Abade de Priscos:<\/strong> Uma sobremesa singular inventada pelo abade Manuel Joaquim Rebelo no s\u00e9culo XIX. O pudim \u00e9 feito com uma combina\u00e7\u00e3o inusitada de toucinho, proporcionando um equil\u00edbrio entre o doce e o salgado.<\/li>\n<li><strong>Bacalhau \u00e0 Minhota:<\/strong> Um cl\u00e1ssico portugu\u00eas, o bacalhau ser\u00e1 preparado frito e servido acompanhado de batatas e piment\u00e3o, garantindo uma explos\u00e3o de sabores.<\/li>\n<\/ul>\n<h2>Experi\u00eancias Gastron\u00f4micas<\/h2>\n<p>Al\u00e9m dos pratos principais, o festival promete oferecer uma variedade de experi\u00eancias gastron\u00f4micas aos participantes. Os visitantes ter\u00e3o a oportunidade de aprender sobre a culin\u00e1ria portuguesa por meio de workshops e demonstra\u00e7\u00f5es ao vivo conduzidas pelos chefs convidados, proporcionando um olhar profundo sobre as tradi\u00e7\u00f5es e t\u00e9cnicas que caracterizam a cozinha portuguesa.<\/p>\n<h2>A Hist\u00f3ria da Gastronomia Portuguesa<\/h2>\n<p>A gastronomia de Portugal \u00e9 rica e diversificada, refletindo a influ\u00eancia de v\u00e1rias culturas ao longo dos s\u00e9culos. Desde os tempos dos exploradores, que trouxeram ingredientes ex\u00f3ticos de suas viagens, at\u00e9 os impactos das migra\u00e7\u00f5es e das trocas comerciais, a culin\u00e1ria portuguesa evoluiu para se tornar uma fus\u00e3o de sabores e tradi\u00e7\u00f5es. A descoberta do bacalhau, por exemplo, levou ao seu status ic\u00f4nico na culin\u00e1ria nacional, enquanto pratos regionais como a chanfana e a bola do Douro continuam a contar a hist\u00f3ria dos costumes locais.<\/p>\n<h2>Ambiente e Decora\u00e7\u00e3o do Evento<\/h2>\n<p>O <strong>Vila Gal\u00e9 Collection Amaz\u00f4nia<\/strong> ser\u00e1 transformado para refletir a ess\u00eancia das regi\u00f5es do Porto e Centro de Portugal. Espera-se uma decora\u00e7\u00e3o que combine elementos tradicionais portugueses com um toque contempor\u00e2neo, criando um ambiente acolhedor e festivo, perfeito para os amantes da boa gastronomia.<\/p>\n<h2>Como Comprar Ingressos<\/h2>\n<p>Os ingressos para o Festival Gastron\u00f4mico do Porto e Norte &#038; Centro de Portugal podem ser adquiridos atrav\u00e9s do <a href=\"https:\/\/www.sympla.com.br\/evento\/festival-gastronomico-do-porto-e-norte-centro-de-portugal\/3370584?referrer=www.vilagale.com&#038;referrer=www.vilagale.com\">link oficial do Sympla<\/a>. O valor do ingresso \u00e9 de <strong>R$ 160<\/strong> mais 10% de taxas por pessoa, e os almo\u00e7os ocorrer\u00e3o das <strong>12h30 \u00e0s 15h<\/strong>.<\/p>\n<h2>Opini\u00f5es de Visitantes de Anos Anteriores<\/h2>\n<p>Participantes de edi\u00e7\u00f5es anteriores do festival elogiaram a autenticidade dos pratos servidos e a experi\u00eancia geral do evento. Muitos destacaram a oportunidade de conhecer mais sobre a cultura portuguesa atrav\u00e9s da gastronomia, tornando o festival n\u00e3o apenas uma ocasi\u00e3o para comer, mas tamb\u00e9m para aprender e se divertir. &#8220;A comida foi fascinante e o ambiente estonteante! Mal posso esperar pela pr\u00f3xima edi\u00e7\u00e3o!&#8221; comentou um visitante entusiasmado.<\/p>\n<h2>Dicas para Aproveitar Melhor o Festival<\/h2>\n<p>Para garantir que voc\u00ea aproveite ao m\u00e1ximo sua experi\u00eancia no festival, aqui est\u00e3o algumas dicas valiosas:<\/p>\n<ul>\n<li><strong>Chegue cedo:<\/strong> Para evitar filas e garantir um bom lugar no buffet.<\/li>\n<li><strong>Experimente tudo:<\/strong> N\u00e3o hesite em provar a maior variedade poss\u00edvel de pratos e sobremesas.<\/li>\n<li><strong>Participe das atividades:<\/strong> Engaje-se nas workshops e demonstra\u00e7\u00f5es ao vivo que estar\u00e3o dispon\u00edveis.<\/li>\n<li><strong>Traga amigos:<\/strong> Festival \u00e9 uma \u00f3tima oportunidade de socializar, ent\u00e3o chame seus amigos e compartilhe a experi\u00eancia.<\/li>\n<\/ul>\n<h2>Contatos para Mais Informa\u00e7\u00f5es<\/h2>\n<p>Para mais detalhes sobre o evento e consultas, voc\u00ea pode entrar em contato atrav\u00e9s do e-mail <strong>amazonia@vilagale.com<\/strong>. Fique atento \u00e0s atualiza\u00e7\u00f5es para garantir que voc\u00ea n\u00e3o perca nenhuma novidade sobre o festival e suas atra\u00e7\u00f5es.<\/p>\n\n<div style=\"font-size: 0px; height: 0px; line-height: 0px; margin: 0; padding: 0; clear: both;\"><\/div>","protected":false},"excerpt":{"rendered":"<p>Festival Gastron\u00f4mico traz tradi\u00e7\u00e3o e sabores de Portugal a Bel\u00e9m entre 23 e 26 de abril.<\/p>\n","protected":false},"author":1,"featured_media":1657,"comment_status":"open","ping_status":"closed","sticky":false,"template":"","format":"standard","meta":{"footnotes":""},"categories":[1],"tags":[],"class_list":["post-1658","post","type-post","status-publish","format-standard","has-post-thumbnail","hentry","category-noticias-em-belem","has_thumb"],"aioseo_notices":[],"_links":{"self":[{"href":"https:\/\/www.encontrabelem.com.br\/sobre\/wp-json\/wp\/v2\/posts\/1658","targetHints":{"allow":["GET"]}}],"collection":[{"href":"https:\/\/www.encontrabelem.com.br\/sobre\/wp-json\/wp\/v2\/posts"}],"about":[{"href":"https:\/\/www.encontrabelem.com.br\/sobre\/wp-json\/wp\/v2\/types\/post"}],"author":[{"embeddable":true,"href":"https:\/\/www.encontrabelem.com.br\/sobre\/wp-json\/wp\/v2\/users\/1"}],"replies":[{"embeddable":true,"href":"https:\/\/www.encontrabelem.com.br\/sobre\/wp-json\/wp\/v2\/comments?post=1658"}],"version-history":[{"count":0,"href":"https:\/\/www.encontrabelem.com.br\/sobre\/wp-json\/wp\/v2\/posts\/1658\/revisions"}],"wp:featuredmedia":[{"embeddable":true,"href":"https:\/\/www.encontrabelem.com.br\/sobre\/wp-json\/wp\/v2\/media\/1657"}],"wp:attachment":[{"href":"https:\/\/www.encontrabelem.com.br\/sobre\/wp-json\/wp\/v2\/media?parent=1658"}],"wp:term":[{"taxonomy":"category","embeddable":true,"href":"https:\/\/www.encontrabelem.com.br\/sobre\/wp-json\/wp\/v2\/categories?post=1658"},{"taxonomy":"post_tag","embeddable":true,"href":"https:\/\/www.encontrabelem.com.br\/sobre\/wp-json\/wp\/v2\/tags?post=1658"}],"curies":[{"name":"wp","href":"https:\/\/api.w.org\/{rel}","templated":true}]}}