{"id":1654,"date":"2026-04-29T13:59:58","date_gmt":"2026-04-29T16:59:58","guid":{"rendered":"https:\/\/www.encontrabelem.com.br\/sobre\/grupo-mateus-inaugura-primeiro-hipermercado-em-belem-pa"},"modified":"2026-04-29T13:59:58","modified_gmt":"2026-04-29T16:59:58","slug":"grupo-mateus-inaugura-primeiro-hipermercado-em-belem-pa","status":"publish","type":"post","link":"https:\/\/www.encontrabelem.com.br\/sobre\/grupo-mateus-inaugura-primeiro-hipermercado-em-belem-pa","title":{"rendered":"Grupo Mateus inaugura primeiro hipermercado em Bel\u00e9m (PA)"},"content":{"rendered":"<div class=\"b22802487b0d38c4c6d9f34966e16421\" data-index=\"1\" style=\"float: none; margin:0px;\">\n<!-- Anuncio display - global -->\r\n<ins class=\"adsbygoogle\"\r\n     style=\"display:block\"\r\n     data-ad-client=\"ca-pub-8585364105181520\"\r\n     data-ad-slot=\"8789329856\"\r\n     data-ad-format=\"auto\"\r\n     data-full-width-responsive=\"true\"><\/ins>\r\n<script>\r\n     (adsbygoogle = window.adsbygoogle || []).push({});\r\n<\/script>\n<\/div>\n<h2>Localiza\u00e7\u00e3o Estrat\u00e9gica do Hipermercado<\/h2>\n<p>No dia 24 de abril de 2026, o Grupo Mateus lan\u00e7ou o seu primeiro hipermercado na cidade de Bel\u00e9m, Par\u00e1. A nova unidade est\u00e1 situada na Doca, uma das regi\u00f5es mais ic\u00f4nicas e movimentadas da capital paraense, fazendo assim uma forte conex\u00e3o com o cotidiano e a cultura local. Esta localiza\u00e7\u00e3o foi cuidadosamente escolhida para atender \u00e0 crescente demanda do mercado e facilitar o acesso dos consumidores.<\/p>\n<h2>O que Oferece o Novo Hipermercado<\/h2>\n<p>Com uma ampla \u00e1rea de vendas que supera 3 mil metros quadrados, esta unidade conta com 35 checkouts, incluindo op\u00e7\u00f5es de self checkout. Os clientes podem esperar uma experi\u00eancia de compra aprimorada, com um espa\u00e7o que foi projetado para agradar a todos os gostos. O hipermercado \u00e9 uma solu\u00e7\u00e3o que integra conveni\u00eancia e variedade, proporcionando um local onde os consumidores podem realizar suas compras de forma pr\u00e1tica e r\u00e1pida.<\/p>\n<h2>Inova\u00e7\u00f5es no Atendimento ao Cliente<\/h2>\n<p>A nova unidade do Grupo Mateus n\u00e3o se limita a oferecer produtos; ela tamb\u00e9m se destaca pela qualidade no atendimento ao cliente. Com uma equipe de mais de 480 funcion\u00e1rios, todos treinados para proporcionar uma experi\u00eancia excepcional, o hipermercado ir\u00e1 encantar os clientes ao longo de todo o processo de compras. A disposi\u00e7\u00e3o dos colaboradores em diferentes se\u00e7\u00f5es do servi\u00e7o maximiza a efici\u00eancia e o conforto durante a visita dos consumidores.<\/p>\n<p><img decoding=\"async\" src=\"https:\/\/www.encontrabelem.com.br\/sobre\/wp-content\/uploads\/2026\/04\/grupo-mateus-inaugura-primeiro-hipermercado-em-belem-pa.webp\" alt=\"Grupo Mateus\" loading=\"lazy\" \/><\/p>\n<h2>Quantidade de Funcion\u00e1rios e Treinamento<\/h2>\n<p>O treinamento da equipe foi um dos focos do Grupo Mateus para essa nova unidade. O objetivo \u00e9 garantir que cada funcion\u00e1rio esteja preparado para atender de forma eficaz e simp\u00e1tica, o que ajudar\u00e1 a criar um ambiente de compras agrad\u00e1vel. A forma\u00e7\u00e3o cont\u00ednua \u00e9 um aspecto essencial que promove a excel\u00eancia no atendimento, permitindo que os colaboradores estejam sempre atualizados sobre produtos e servi\u00e7os.<\/p>\n<h2>Estrutura e Ambi\u00eancia do Espa\u00e7o<\/h2>\n<p>O layout da loja foi projetado para criar um ambiente acolhedor e funcional. As se\u00e7\u00f5es est\u00e3o claramente demarcadas, permitindo que os clientes naveguem com facilidade e encontrem o que procuram sem dificuldade. Al\u00e9m disso, o ambiente \u00e9 esteticamente agrad\u00e1vel, com elementos de design que refletem a cultura local, agregando valor \u00e0 experi\u00eancia de compra.<\/p>\n<h2>Setores Especiais e Diferenciais<\/h2>\n<p>Al\u00e9m dos setores tradicionais, o novo hipermercado apresenta uma variedade de ambientes especiais. Entre as se\u00e7\u00f5es dispon\u00edveis, destacam-se o emp\u00f3rio, restaurante, padaria, peixaria, a\u00e7ougue, frios, bazar, adega, al\u00e9m de \u00e1reas exclusivas para sushi, a\u00e7a\u00ed e gelateria. Essa diversidade garante que os consumidores tenham op\u00e7\u00f5es que atendam a diferentes prefer\u00eancias e necessidades, tornando a experi\u00eancia de compra mais completa.<\/p>\n<h2>Expectativas do Grupo Mateus para a Regi\u00e3o<\/h2>\n<p>O presidente do Grupo Mateus, Jesu\u00edno Mateus, afirmou que esta nova unidade representa n\u00e3o apenas uma expans\u00e3o de mercado, mas tamb\u00e9m um compromisso com a comunidade local. O empresariado est\u00e1 otimista quanto \u00e0 aceita\u00e7\u00e3o da loja e acredita que a integra\u00e7\u00e3o com o cotidiano da regi\u00e3o trar\u00e1 benef\u00edcios tanto para os consumidores quanto para o desenvolvimento econ\u00f4mico do local.<\/p>\n<h2>A Import\u00e2ncia do Hipermercado para o Varejo Local<\/h2>\n<p>A inaugura\u00e7\u00e3o deste hipermercado \u00e9 um marco significativo para o varejo em Bel\u00e9m. Ao oferecer uma ampla gama de produtos e servi\u00e7os, o Grupo Mateus n\u00e3o s\u00f3 proporciona comodidade aos moradores, mas tamb\u00e9m cria novas oportunidades de emprego e impulsiona a economia local. A presen\u00e7a dessa nova unidade incentivar\u00e1 a concorr\u00eancia e a melhora dos servi\u00e7os, beneficiando todos os consumidores da regi\u00e3o.<\/p>\n<h2>O Impacto Econ\u00f4mico da Inaugura\u00e7\u00e3o<\/h2>\n<p>Com a abertura deste hipermercado, espera-se que haja um impacto positivo na economia local. N\u00e3o s\u00f3 a cria\u00e7\u00e3o de novos postos de trabalho \u00e9 um fator importante, mas tamb\u00e9m a movimenta\u00e7\u00e3o econ\u00f4mica gerada pelo fluxo de clientes que visitar\u00e3o a loja. Essa dinamiza\u00e7\u00e3o do com\u00e9rcio pode ajudar a revitalizar outras \u00e1reas da cidade e estimular o crescimento de pequenos neg\u00f3cios nas proximidades.<\/p>\n<h2>Pr\u00f3ximos Passos para o Grupo Mateus<\/h2>\n<p>O Grupo Mateus planeja continuar sua expans\u00e3o em outras regi\u00f5es do Brasil, al\u00e9m de Bel\u00e9m. O foco ser\u00e1 sempre em atender \u00e0s necessidades do consumidor com inova\u00e7\u00e3o e qualidade. Com a consolida\u00e7\u00e3o deste novo hipermercado, a empresa est\u00e1 preparada para explorar novas oportunidades e fortalecer sua presen\u00e7a em um mercado altamente competitivo.<\/p>\n\n<div style=\"font-size: 0px; height: 0px; line-height: 0px; margin: 0; padding: 0; clear: both;\"><\/div>","protected":false},"excerpt":{"rendered":"<p>Grupo Mateus agora tem um hipermercado em Bel\u00e9m para melhorar sua experi\u00eancia de compras.<\/p>\n","protected":false},"author":1,"featured_media":1653,"comment_status":"open","ping_status":"closed","sticky":false,"template":"","format":"standard","meta":{"footnotes":""},"categories":[1],"tags":[],"class_list":["post-1654","post","type-post","status-publish","format-standard","has-post-thumbnail","hentry","category-noticias-em-belem","has_thumb"],"aioseo_notices":[],"_links":{"self":[{"href":"https:\/\/www.encontrabelem.com.br\/sobre\/wp-json\/wp\/v2\/posts\/1654","targetHints":{"allow":["GET"]}}],"collection":[{"href":"https:\/\/www.encontrabelem.com.br\/sobre\/wp-json\/wp\/v2\/posts"}],"about":[{"href":"https:\/\/www.encontrabelem.com.br\/sobre\/wp-json\/wp\/v2\/types\/post"}],"author":[{"embeddable":true,"href":"https:\/\/www.encontrabelem.com.br\/sobre\/wp-json\/wp\/v2\/users\/1"}],"replies":[{"embeddable":true,"href":"https:\/\/www.encontrabelem.com.br\/sobre\/wp-json\/wp\/v2\/comments?post=1654"}],"version-history":[{"count":0,"href":"https:\/\/www.encontrabelem.com.br\/sobre\/wp-json\/wp\/v2\/posts\/1654\/revisions"}],"wp:featuredmedia":[{"embeddable":true,"href":"https:\/\/www.encontrabelem.com.br\/sobre\/wp-json\/wp\/v2\/media\/1653"}],"wp:attachment":[{"href":"https:\/\/www.encontrabelem.com.br\/sobre\/wp-json\/wp\/v2\/media?parent=1654"}],"wp:term":[{"taxonomy":"category","embeddable":true,"href":"https:\/\/www.encontrabelem.com.br\/sobre\/wp-json\/wp\/v2\/categories?post=1654"},{"taxonomy":"post_tag","embeddable":true,"href":"https:\/\/www.encontrabelem.com.br\/sobre\/wp-json\/wp\/v2\/tags?post=1654"}],"curies":[{"name":"wp","href":"https:\/\/api.w.org\/{rel}","templated":true}]}}