{"id":1652,"date":"2026-04-29T13:58:35","date_gmt":"2026-04-29T16:58:35","guid":{"rendered":"https:\/\/www.encontrabelem.com.br\/sobre\/saude-escolar-e-sustentabilidade-pautam-forum-de-pediatria-em-belem-do-para"},"modified":"2026-04-29T13:58:35","modified_gmt":"2026-04-29T16:58:35","slug":"saude-escolar-e-sustentabilidade-pautam-forum-de-pediatria-em-belem-do-para","status":"publish","type":"post","link":"https:\/\/www.encontrabelem.com.br\/sobre\/saude-escolar-e-sustentabilidade-pautam-forum-de-pediatria-em-belem-do-para","title":{"rendered":"Sa\u00fade escolar e sustentabilidade pautam F\u00f3rum de Pediatria em Bel\u00e9m do Par\u00e1"},"content":{"rendered":"<div class=\"b22802487b0d38c4c6d9f34966e16421\" data-index=\"1\" style=\"float: none; margin:0px;\">\n<!-- Anuncio display - global -->\r\n<ins class=\"adsbygoogle\"\r\n     style=\"display:block\"\r\n     data-ad-client=\"ca-pub-8585364105181520\"\r\n     data-ad-slot=\"8789329856\"\r\n     data-ad-format=\"auto\"\r\n     data-full-width-responsive=\"true\"><\/ins>\r\n<script>\r\n     (adsbygoogle = window.adsbygoogle || []).push({});\r\n<\/script>\n<\/div>\n<h2>Oportunidades no F\u00f3rum de Pediatria<\/h2>\n<p>Em abril de 2026, ocorreu em Bel\u00e9m, no Par\u00e1, um encontro significativo promovido pela Sociedade Paraense de Pediatria (Sopape) sob o tema da sa\u00fade escolar e sustentabilidade. O F\u00f3rum de Aten\u00e7\u00e3o Integral \u00e0 Crian\u00e7a e ao Adolescente se concentrou em t\u00f3picos cruciais, como Primeiros Socorros, Meio Ambiente e Sustentabilidade. O evento, que contou com a colabora\u00e7\u00e3o da Sociedade Brasileira de Pediatria (SBP) e do Sindicato dos M\u00e9dicos do Par\u00e1 (SINDMEPA), foi um espa\u00e7o de aprendizado e troca de experi\u00eancias, reunindo v\u00e1rios profissionais de sa\u00fade que se direcionaram \u00e0s pr\u00e1ticas necess\u00e1rias para a promo\u00e7\u00e3o do bem-estar infantojuvenil.<\/p>\n<p>A presen\u00e7a de pediatras e outros especialistas na \u00e1rea de sa\u00fade refor\u00e7ou a import\u00e2ncia deste f\u00f3rum, que tamb\u00e9m foi transmitido pelo YouTube, tornando o conhecimento acess\u00edvel a um p\u00fablico mais amplo. Essa ocasi\u00e3o permitiu a troca de saberes voltados para o cuidado integral, refletindo sobre a sa\u00fade das crian\u00e7as e adolescentes em v\u00e1rios aspectos.<\/p>\n<h2>Import\u00e2ncia dos Primeiros Socorros nas Escolas<\/h2>\n<p>Uma das palestras-chave do evento foi conduzida pelo Dr. Abelardo Bastos Pinto J\u00fanior, presidente do Departamento Cient\u00edfico de Sa\u00fade Escolar da SBP. Ele discorreu sobre um projeto pioneiro que introduziu Primeiros Socorros nas escolas do Rio de Janeiro, destacando a necessidade crescente de inclus\u00e3o deste tipo de forma\u00e7\u00e3o nas institui\u00e7\u00f5es educacionais. A implementa\u00e7\u00e3o de protocolos para situa\u00e7\u00f5es de emerg\u00eancia nas escolas \u00e9 fundamental, j\u00e1 que muitas vezes os profissionais de sa\u00fade n\u00e3o est\u00e3o acess\u00edveis quando um acidente ocorre.<\/p>\n<p><img decoding=\"async\" src=\"https:\/\/www.encontrabelem.com.br\/sobre\/wp-content\/uploads\/2026\/04\/saude-escolar-e-sustentabilidade-pautam-forum-de-pediatria-em-belem-do-para.webp\" alt=\"sa\u00fade escolar e sustentabilidade\" loading=\"lazy\" \/><\/p>\n<p>Essas iniciativas visam n\u00e3o somente \u00e0 seguran\u00e7a dos estudantes, mas tamb\u00e9m \u00e0 capacita\u00e7\u00e3o de profissionais educacionais para lidarem com emerg\u00eancias, criando um ambiente de aprendizado mais seguro e saud\u00e1vel. A forma\u00e7\u00e3o em Primeiros Socorros pode transformar a forma como professores e funcion\u00e1rios reagem diante de situa\u00e7\u00f5es adversas, salvando vidas e diminuindo riscos.<\/p>\n<h2>Contribui\u00e7\u00f5es para a Sustentabilidade Ambiental<\/h2>\n<p>O F\u00f3rum tamb\u00e9m abordou a intersec\u00e7\u00e3o entre sa\u00fade e meio ambiente, discutindo parcerias positivas entre a SBP e a Sopape em rela\u00e7\u00e3o a projetos voltados para a sustentabilidade. Responder \u00e0 crise ambiental atual exige a\u00e7\u00f5es que promovam n\u00e3o apenas a educa\u00e7\u00e3o, mas tamb\u00e9m a conscientiza\u00e7\u00e3o dos jovens sobre a import\u00e2ncia de cuidar do planeta desde cedo. O cuidado com o meio ambiente reflete diretamente na sa\u00fade da popula\u00e7\u00e3o, especialmente de crian\u00e7as e adolescentes que est\u00e3o em fase de desenvolvimento.<\/p>\n<p>As escolas, al\u00e9m de serem locais de aprendizado sobre sa\u00fade, podem servir como modelos de pr\u00e1ticas sustent\u00e1veis. Com iniciativas verdes, elas ajudam a educar a pr\u00f3xima gera\u00e7\u00e3o sobre comportamentos respeitosos em rela\u00e7\u00e3o ao meio ambiente, que incluem a redu\u00e7\u00e3o de res\u00edduos, reciclagem e utiliza\u00e7\u00e3o consciente de recursos.<\/p>\n<h2>Os Desafios da Sa\u00fade na Inf\u00e2ncia e Adolesc\u00eancia<\/h2>\n<p>Durante o evento, foram discutidos os desafios que cercam a sa\u00fade infantil e adolescente, como desnutri\u00e7\u00e3o, obesidade, doen\u00e7as cr\u00f4nicas e sa\u00fade mental. Esses temas possuem um impacto significativo na qualidade de vida e no desenvolvimento de jovens. Ao integrar sa\u00fade e educa\u00e7\u00e3o, \u00e9 poss\u00edvel criar redes de apoio mais eficazes e abrangentes que promovem o bem-estar de crian\u00e7as e adolescentes.<\/p>\n<p>A palestra sobre a import\u00e2ncia da vacina\u00e7\u00e3o, conduzida por especialistas, enfatizou a necessidade de manter as crian\u00e7as imunizadas, protegendo-as contra doen\u00e7as que podem impactar sua sa\u00fade a longo prazo. A vacina\u00e7\u00e3o deve ser vista como uma prioridade em Sa\u00fade Escolar, pois um estudante saud\u00e1vel \u00e9 mais propenso a ter um melhor desempenho acad\u00eamico e uma vida social ativa.<\/p>\n<h2>Vacina\u00e7\u00e3o e Impactos na Sa\u00fade Escolar<\/h2>\n<p>A vacina\u00e7\u00e3o \u00e9 um dos pilares fundamentais na prote\u00e7\u00e3o \u00e0 sa\u00fade de crian\u00e7as e adolescentes. A atualiza\u00e7\u00e3o do Programa Nacional de Imuniza\u00e7\u00f5es e a introdu\u00e7\u00e3o de novas vacinas foram temas debatidos, evidenciando como essas a\u00e7\u00f5es afetam diretamente a sa\u00fade escolar. A vacina\u00e7\u00e3o n\u00e3o apenas reduz o risco de surtos em institui\u00e7\u00f5es educacionais, mas tamb\u00e9m \u00e9 um componente direto na promo\u00e7\u00e3o de um ambiente de aprendizado saud\u00e1vel e produtivo.<\/p>\n<h2>Parcerias entre Sociedades M\u00e9dicas<\/h2>\n<p>As parcerias estabelecidas entre entidades como a SBP e organiza\u00e7\u00f5es locais, como a Sopape e o SINDMEPA, demonstram a for\u00e7a de colabora\u00e7\u00f5es no enfrentamento de quest\u00f5es cr\u00edticas de Sa\u00fade Escolar. Esses relacionamentos ajudam a ampliar o alcance das iniciativas e garantem que os profissionais de sa\u00fade tenham os recursos e treinamento necess\u00e1rios para atender \u00e0s demandas atuais.<\/p>\n<p>Al\u00e9m disso, a coopera\u00e7\u00e3o entre diferentes setores pode resultar em desenvolvimentos mais r\u00e1pidos e eficazes em pol\u00edticas de sa\u00fade, refletindo em uma abordagem mais coesa para a sa\u00fade infantil e na gest\u00e3o de crises.<\/p>\n<h2>Experi\u00eancias Pr\u00e1ticas em Primeiros Socorros<\/h2>\n<p>O conhecimento adquirido por meio de experi\u00eancias pr\u00e1ticas foi um dos pontos altos do f\u00f3rum. Al\u00e9m das palestras, os participantes tiveram a oportunidade de se engajar em atividades que os capacitaram a aplicar os princ\u00edpios de Primeiros Socorros. Tais experi\u00eancias pr\u00e1ticas s\u00e3o cruciais para o aprendizado efetivo, pois proporcionam situa\u00e7\u00f5es simuladas que os profissionais podem enfrentar no dia a dia escolar.<\/p>\n<p>Ao fim das sess\u00f5es, os participantes sa\u00edram n\u00e3o apenas com novas informa\u00e7\u00f5es, mas tamb\u00e9m com a confian\u00e7a necess\u00e1ria para agir em situa\u00e7\u00f5es que exigem rapidez e precis\u00e3o. O objetivo \u00e9 que essas habilidades se tornem uma parte integrante da cultura escolar, onde todos os colaboradores estejam preparados para cuidar da sa\u00fade dos alunos.<\/p>\n<h2>O Papel das Institui\u00e7\u00f5es Educacionais na Sa\u00fade<\/h2>\n<p>As escolas desempenham um papel vital na promo\u00e7\u00e3o da sa\u00fade. Por isso, \u00e9 fundamental que elas n\u00e3o sejam apenas centros de aprendizado acad\u00eamico, mas tamb\u00e9m ambientes que contribuam para a forma\u00e7\u00e3o de cidad\u00e3os saud\u00e1veis e conscientes. A inclus\u00e3o de pr\u00e1ticas sustent\u00e1veis e a promo\u00e7\u00e3o do cuidado com a sa\u00fade s\u00e3o essenciais nesse processo. Al\u00e9m disso, as institui\u00e7\u00f5es de ensino devem trabalhar em conjunto com fam\u00edlia e comunidade, criando um ecossistema que favore\u00e7a a sa\u00fade em todos os seus aspectos.<\/p>\n<h2>Iniciativas de Sustentabilidade na Educa\u00e7\u00e3o<\/h2>\n<p>A implementa\u00e7\u00e3o de iniciativas sustent\u00e1veis nas escolas \u00e9 uma forma poderosa de impactar e educar as crian\u00e7as sobre a conserva\u00e7\u00e3o do meio ambiente. Projetos que promovem a reciclagem, o uso racional de \u00e1gua e energia, e a educa\u00e7\u00e3o ambiental s\u00e3o partes cruciais para formar alunos cientes de seu papel como cidad\u00e3os respons\u00e1veis.<\/p>\n<p>Criar uma cultura de sustentabilidade n\u00e3o apenas ajuda o meio ambiente, mas tamb\u00e9m desenvolve um senso de comunidade entre estudantes, pais e educadores, garantindo que todos estejam engajados em um futuro mais saud\u00e1vel. \u00c9 essencial que os alunos compreendam como suas a\u00e7\u00f5es impactam o mundo ao seu redor e a import\u00e2ncia de adotarem comportamentos sustent\u00e1veis.<\/p>\n<h2>Reflex\u00f5es sobre o Futuro da Sa\u00fade Infantil<\/h2>\n<p>A sa\u00fade infantil est\u00e1 em constante evolu\u00e7\u00e3o, e os f\u00f3runs como o de Bel\u00e9m s\u00e3o cruciais para a discuss\u00e3o e forma\u00e7\u00e3o de a\u00e7\u00f5es que visem \u00e0 melhoria do bem-estar de crian\u00e7as e adolescentes. Ao reunir especialistas, o evento gera conhecimento e abre caminho para futuras implementa\u00e7\u00f5es em sa\u00fade escolar.<\/p>\n<p>O futuro da sa\u00fade infantil depende principalmente da capacidade de adapta\u00e7\u00e3o \u00e0s mudan\u00e7as e desafios que se apresentam, seja nas pol\u00edticas de sa\u00fade ou nas pr\u00e1ticas educacionais. Portanto, a colabora\u00e7\u00e3o entre diversas entidades, a forma\u00e7\u00e3o de educadores em Primeiros Socorros e o refor\u00e7o de iniciativas sustent\u00e1veis se tornam passos essenciais para garantir um futuro mais saud\u00e1vel e consciente para as pr\u00f3ximas gera\u00e7\u00f5es.<\/p>\n\n<div style=\"font-size: 0px; height: 0px; line-height: 0px; margin: 0; padding: 0; clear: both;\"><\/div>","protected":false},"excerpt":{"rendered":"<p>Sa\u00fade escolar e sustentabilidade no foco do F\u00f3rum de Pediatria realizado em Bel\u00e9m.<\/p>\n","protected":false},"author":1,"featured_media":1651,"comment_status":"open","ping_status":"closed","sticky":false,"template":"","format":"standard","meta":{"footnotes":""},"categories":[1],"tags":[],"class_list":["post-1652","post","type-post","status-publish","format-standard","has-post-thumbnail","hentry","category-noticias-em-belem","has_thumb"],"aioseo_notices":[],"_links":{"self":[{"href":"https:\/\/www.encontrabelem.com.br\/sobre\/wp-json\/wp\/v2\/posts\/1652","targetHints":{"allow":["GET"]}}],"collection":[{"href":"https:\/\/www.encontrabelem.com.br\/sobre\/wp-json\/wp\/v2\/posts"}],"about":[{"href":"https:\/\/www.encontrabelem.com.br\/sobre\/wp-json\/wp\/v2\/types\/post"}],"author":[{"embeddable":true,"href":"https:\/\/www.encontrabelem.com.br\/sobre\/wp-json\/wp\/v2\/users\/1"}],"replies":[{"embeddable":true,"href":"https:\/\/www.encontrabelem.com.br\/sobre\/wp-json\/wp\/v2\/comments?post=1652"}],"version-history":[{"count":0,"href":"https:\/\/www.encontrabelem.com.br\/sobre\/wp-json\/wp\/v2\/posts\/1652\/revisions"}],"wp:featuredmedia":[{"embeddable":true,"href":"https:\/\/www.encontrabelem.com.br\/sobre\/wp-json\/wp\/v2\/media\/1651"}],"wp:attachment":[{"href":"https:\/\/www.encontrabelem.com.br\/sobre\/wp-json\/wp\/v2\/media?parent=1652"}],"wp:term":[{"taxonomy":"category","embeddable":true,"href":"https:\/\/www.encontrabelem.com.br\/sobre\/wp-json\/wp\/v2\/categories?post=1652"},{"taxonomy":"post_tag","embeddable":true,"href":"https:\/\/www.encontrabelem.com.br\/sobre\/wp-json\/wp\/v2\/tags?post=1652"}],"curies":[{"name":"wp","href":"https:\/\/api.w.org\/{rel}","templated":true}]}}