{"id":1650,"date":"2026-04-29T13:54:26","date_gmt":"2026-04-29T16:54:26","guid":{"rendered":"https:\/\/www.encontrabelem.com.br\/sobre\/menino-de-ouro-yan-melo-conquista-bicampeonato-brasileiro-de-karate-em-belem-pa"},"modified":"2026-04-29T13:54:26","modified_gmt":"2026-04-29T16:54:26","slug":"menino-de-ouro-yan-melo-conquista-bicampeonato-brasileiro-de-karate-em-belem-pa","status":"publish","type":"post","link":"https:\/\/www.encontrabelem.com.br\/sobre\/menino-de-ouro-yan-melo-conquista-bicampeonato-brasileiro-de-karate-em-belem-pa","title":{"rendered":"Menino de ouro: Yan Melo conquista bicampeonato brasileiro de karat\u00ea em Bel\u00e9m (PA)"},"content":{"rendered":"<div class=\"b22802487b0d38c4c6d9f34966e16421\" data-index=\"1\" style=\"float: none; margin:0px;\">\n<!-- Anuncio display - global -->\r\n<ins class=\"adsbygoogle\"\r\n     style=\"display:block\"\r\n     data-ad-client=\"ca-pub-8585364105181520\"\r\n     data-ad-slot=\"8789329856\"\r\n     data-ad-format=\"auto\"\r\n     data-full-width-responsive=\"true\"><\/ins>\r\n<script>\r\n     (adsbygoogle = window.adsbygoogle || []).push({});\r\n<\/script>\n<\/div>\n<h2>A trajet\u00f3ria de Yan no karat\u00ea<\/h2>\n<p>Yan Melo, um jovem destacado de Alagoinhas, tem se mostrado um prod\u00edgio no karat\u00ea desde muito cedo. Sua jornada no esporte come\u00e7ou um pouco antes de se estabelecer como um competidor s\u00e9rio. Treinando com dedica\u00e7\u00e3o e foco, ele rapidamente se destacou em competi\u00e7\u00f5es regionais e estaduais, atraindo a aten\u00e7\u00e3o de treinadores e seguidores da modalidade. Sua dedica\u00e7\u00e3o e amor pelo karat\u00ea se refletiram em suas conquistas, culminando em sua participa\u00e7\u00e3o em campeonatos de grande renome.<\/p>\n<h2>O que significa ser bicampe\u00e3o brasileiro<\/h2>\n<p>Ser bicampe\u00e3o brasileiro de karat\u00ea \u00e9 um feito que exige n\u00e3o apenas habilidade, mas tamb\u00e9m um comprometimento excepcional. Para Yan, essa conquista simboliza a culmina\u00e7\u00e3o de anos de treinamento intenso e resili\u00eancia. A habilidade de se manter no topo em uma competi\u00e7\u00e3o de alto n\u00edvel mostra que ele possui n\u00e3o apenas t\u00e9cnica, mas tamb\u00e9m a capacidade de superar os desafios mentais que surgem durante as lutas.<\/p>\n<h2>Como foi a competi\u00e7\u00e3o em Bel\u00e9m do Par\u00e1<\/h2>\n<p>No \u00faltimo dia 25 de abril, durante o XXVI Campeonato Brasileiro JKA, realizado no Est\u00e1dio do Mangueir\u00e3o em Bel\u00e9m, Yan Melo mostrou-se pronto para o desafio. Ele competiu em uma configura\u00e7\u00e3o que inclu\u00eda diversos atletas de primeira linha, provenientes de todas as partes do Brasil, al\u00e9m de figuras renomadas como Yoshizo Machida e Tatsuya Naka. A atmosfera estava carregada de energia competitiva, e Yan, apesar de sua juventude e de ter que competir em uma categoria mais elevada, demonstrou coragem e destaque durante os eventos de kata e kumite.<\/p>\n<p><img decoding=\"async\" src=\"https:\/\/www.encontrabelem.com.br\/sobre\/wp-content\/uploads\/2026\/04\/menino-de-ouro-yan-melo-conquista-bicampeonato-brasileiro-de-karate-em-belem-pa.webp\" alt=\"yan melo bicampe\u00e3o karat\u00ea\" loading=\"lazy\" \/><\/p>\n<h2>Desafios enfrentados por Yan Melo<\/h2>\n<p>Um dos maiores desafios que Yan enfrentou foi o fato de competir em uma categoria de idade superior \u00e0 sua \u2013 os 17\/18 anos. Apenas com 16 anos, isso se tornou uma barreira adicional que exigiu de Yan n\u00e3o apenas habilidades t\u00e9cnicas aprimoradas, mas tamb\u00e9m uma mentalidade forte para lutar contra advers\u00e1rios mais velhos e experientes. Yan relatou que, apesar das dificuldades, isso s\u00f3 o motivou a treinar ainda mais e melhorar suas capacidades. &#8220;O desafio foi maior, mas eu consegui me destacar entre os competidores&#8221;, explicou Yan.<\/p>\n<h2>Treinamento e prepara\u00e7\u00e3o para o campeonato<\/h2>\n<p>Durante os meses que antecederam a competi\u00e7\u00e3o, Yan se dedicou intensamente. Ele treinou cerca de sete a oito meses focando em um novo kata sob a orienta\u00e7\u00e3o de seu treinador, Luiz Eduardo, conhecido como Duda, e recebeu valioso suporte de Norbis, seu treinador em Alagoinhas, al\u00e9m da personal trainer Andr\u00e9a Andrade. Essa prepara\u00e7\u00e3o abrangente foi crucial para seu sucesso no campeonato, permitindo que ele tivesse um desempenho not\u00e1vel no kata, onde ficou em primeiro lugar em sua categoria.<\/p>\n<h2>Destaques da competi\u00e7\u00e3o e atletas not\u00e1veis<\/h2>\n<p>O campeonato foi um marco, n\u00e3o apenas para Yan, mas tamb\u00e9m para muitos outros atletas que marcaram presen\u00e7a. O evento contou com a participa\u00e7\u00e3o de atletas renomados e convidados internacionais que trouxeram um ar de profissionalismo e alta competitividade. Al\u00e9m de Yan, outros jovens talentos brasileiros mostraram garra e habilidades excepcionais, inspirando uma nova gera\u00e7\u00e3o de praticantes de karat\u00ea que estavam assistindo e competindo.<\/p>\n<h2>O papel da Prefeitura de Alagoinhas no esporte<\/h2>\n<p>A Prefeitura de Alagoinhas, atrav\u00e9s da Secretaria de Cultura, Esporte e Turismo (Secet), tem desempenhado um papel vital no apoio aos atletas locais. O Programa Bolsa Atleta \u00e9 um exemplo de como a administra\u00e7\u00e3o municipal busca incentivar o desenvolvimento de talentos esportivos. Yan, como benefici\u00e1rio, possui um suporte essencial que permite a ele treinar com mais efic\u00e1cia e focar em suas competi\u00e7\u00f5es, o que \u00e9 vital para sua evolu\u00e7\u00e3o no karat\u00ea.<\/p>\n<h2>Impacto do Programa Bolsa Atleta<\/h2>\n<p>O Programa Bolsa Atleta n\u00e3o apenas oferece suporte financeiro, mas tamb\u00e9m promove a inclus\u00e3o e a continuidade de participa\u00e7\u00e3o dos jovens nos esportes. Este apoio tem um impacto significativo na vida de atletas como Yan, proporcionando recursos para treinamentos, competi\u00e7\u00f5es e equipamentos. Com o apoio da Prefeitura, ele tem a possibilidade de expandir suas capacidades e sonhar ainda mais alto no esporte.<\/p>\n<h2>Yan Melo e sua equipe de treinadores<\/h2>\n<p>A equipe de treinadores de Yan, que inclui Duda, Norbis, e Andr\u00e9a, \u00e9 um pilar fundamental em sua jornada. Cada um traz um conjunto espec\u00edfico de habilidades e experi\u00eancias que complementam o treinamento de Yan, garantindo que ele esteja sempre preparado para enfrentar novos desafios. O apoio e a orienta\u00e7\u00e3o que ele recebe s\u00e3o essenciais para moldar n\u00e3o apenas seu desempenho, mas tamb\u00e9m sua mentalidade como atleta.<\/p>\n<h2>O futuro promissor de Yan no karat\u00ea<\/h2>\n<p>O futuro de Yan Melo no karat\u00ea parece radiante. Com sua dedica\u00e7\u00e3o, talento e o suporte que vem recebendo, ele est\u00e1 em uma trajet\u00f3ria ascendente. O que come\u00e7ou como um sonho se transforma em realidade \u00e0 medida que ele continua a competir e a melhorar suas habilidades. Yan inspira muitos jovens atletas ao redor, mostrando que com trabalho duro e perseveran\u00e7a, \u00e9 poss\u00edvel alcan\u00e7ar grandes feitos no esporte.<\/p>\n\n<div style=\"font-size: 0px; height: 0px; line-height: 0px; margin: 0; padding: 0; clear: both;\"><\/div>","protected":false},"excerpt":{"rendered":"<p>Yan Melo se destaca ao conquistar seu segundo t\u00edtulo de campe\u00e3o brasileiro de karat\u00ea.<\/p>\n","protected":false},"author":1,"featured_media":1649,"comment_status":"open","ping_status":"closed","sticky":false,"template":"","format":"standard","meta":{"footnotes":""},"categories":[1],"tags":[],"class_list":["post-1650","post","type-post","status-publish","format-standard","has-post-thumbnail","hentry","category-noticias-em-belem","has_thumb"],"aioseo_notices":[],"_links":{"self":[{"href":"https:\/\/www.encontrabelem.com.br\/sobre\/wp-json\/wp\/v2\/posts\/1650","targetHints":{"allow":["GET"]}}],"collection":[{"href":"https:\/\/www.encontrabelem.com.br\/sobre\/wp-json\/wp\/v2\/posts"}],"about":[{"href":"https:\/\/www.encontrabelem.com.br\/sobre\/wp-json\/wp\/v2\/types\/post"}],"author":[{"embeddable":true,"href":"https:\/\/www.encontrabelem.com.br\/sobre\/wp-json\/wp\/v2\/users\/1"}],"replies":[{"embeddable":true,"href":"https:\/\/www.encontrabelem.com.br\/sobre\/wp-json\/wp\/v2\/comments?post=1650"}],"version-history":[{"count":0,"href":"https:\/\/www.encontrabelem.com.br\/sobre\/wp-json\/wp\/v2\/posts\/1650\/revisions"}],"wp:featuredmedia":[{"embeddable":true,"href":"https:\/\/www.encontrabelem.com.br\/sobre\/wp-json\/wp\/v2\/media\/1649"}],"wp:attachment":[{"href":"https:\/\/www.encontrabelem.com.br\/sobre\/wp-json\/wp\/v2\/media?parent=1650"}],"wp:term":[{"taxonomy":"category","embeddable":true,"href":"https:\/\/www.encontrabelem.com.br\/sobre\/wp-json\/wp\/v2\/categories?post=1650"},{"taxonomy":"post_tag","embeddable":true,"href":"https:\/\/www.encontrabelem.com.br\/sobre\/wp-json\/wp\/v2\/tags?post=1650"}],"curies":[{"name":"wp","href":"https:\/\/api.w.org\/{rel}","templated":true}]}}