{"id":1646,"date":"2026-04-28T13:14:58","date_gmt":"2026-04-28T16:14:58","guid":{"rendered":"https:\/\/www.encontrabelem.com.br\/sobre\/seminario-abril-indigena-debate-conhecimento-direitos-e-politicas-publicas-em-belem-pa"},"modified":"2026-04-28T13:14:58","modified_gmt":"2026-04-28T16:14:58","slug":"seminario-abril-indigena-debate-conhecimento-direitos-e-politicas-publicas-em-belem-pa","status":"publish","type":"post","link":"https:\/\/www.encontrabelem.com.br\/sobre\/seminario-abril-indigena-debate-conhecimento-direitos-e-politicas-publicas-em-belem-pa","title":{"rendered":"Semin\u00e1rio &#8220;Abril Ind\u00edgena&#8221; debate conhecimento, direitos e pol\u00edticas p\u00fablicas em Bel\u00e9m (PA)"},"content":{"rendered":"<div class=\"b22802487b0d38c4c6d9f34966e16421\" data-index=\"1\" style=\"float: none; margin:0px;\">\n<!-- Anuncio display - global -->\r\n<ins class=\"adsbygoogle\"\r\n     style=\"display:block\"\r\n     data-ad-client=\"ca-pub-8585364105181520\"\r\n     data-ad-slot=\"8789329856\"\r\n     data-ad-format=\"auto\"\r\n     data-full-width-responsive=\"true\"><\/ins>\r\n<script>\r\n     (adsbygoogle = window.adsbygoogle || []).push({});\r\n<\/script>\n<\/div>\n<h2>O Evento e Seu Significado<\/h2>\n<p>No dia 27 de abril de 2026, Bel\u00e9m (PA) foi palco do semin\u00e1rio intitulado &#8220;Abril Ind\u00edgena: Conhecimento, direitos e pol\u00edticas p\u00fablicas&#8221;. Este evento teve como foco central a discuss\u00e3o sobre temas essenciais para as comunidades ind\u00edgenas, em especial no contexto do Dia dos Povos Ind\u00edgenas, celebrado em 19 de abril. Organizado pelo Instituto Brasileiro de Geografia e Estat\u00edstica (IBGE) e pela Universidade Federal do Par\u00e1 (UFPA), o semin\u00e1rio visou aprofundar o di\u00e1logo sobre quest\u00f5es de recenseamento das popula\u00e7\u00f5es ind\u00edgenas ocorridas no Censo Demogr\u00e1fico de 2022.<\/p>\n<h2>Participa\u00e7\u00e3o Acad\u00eamica e Ind\u00edgena<\/h2>\n<p>O semin\u00e1rio contou com uma presen\u00e7a significativa de acad\u00eamicos, representantes do governo, ativistas ind\u00edgenas e servidores do IBGE. Essa diversidade no p\u00fablico permitiu o compartilhamento de diferentes perspectivas e a troca de experi\u00eancias, fundamentais para a constru\u00e7\u00e3o de pol\u00edticas mais inclusivas e representativas. O superintendente do IBGE no Par\u00e1, Rony Helder Nogueira, enfatizou a colabora\u00e7\u00e3o existente entre o IBGE e a UFPA, destacando a Casa Brasil IBGE como um espa\u00e7o vital para dissemina\u00e7\u00e3o de informa\u00e7\u00f5es.<\/p>\n<h2>Pol\u00edticas P\u00fablicas e Direitos Ind\u00edgenas<\/h2>\n<p>Durante o evento, foi abordada a relev\u00e2ncia da presen\u00e7a de movimentos ind\u00edgenas na coleta de dados, especialmente no pr\u00f3ximo Censo Agropecu\u00e1rio, Florestal e Aqu\u00edcola programado para 2027. A inclus\u00e3o de vozes ind\u00edgenas nas estat\u00edsticas \u00e9 um passo crucial para garantir que suas necessidades e direitos sejam considerados nas pol\u00edticas p\u00fablicas. O Pr\u00f3-reitor de Assist\u00eancia e Acessibilidade Estudantil da UFPA, Ronaldo Marcos de Lima Ara\u00fajo, lembrou que a universidade abriga uma popula\u00e7\u00e3o diversa, incluindo cerca de tr\u00eas mil estudantes quilombolas e 700 ind\u00edgenas, ressaltando a import\u00e2ncia de ter dados concretos para entender melhor as realidades dessas popula\u00e7\u00f5es.<\/p>\n<p><img decoding=\"async\" src=\"https:\/\/www.encontrabelem.com.br\/sobre\/wp-content\/uploads\/2026\/04\/seminario-abril-indigena-debate-conhecimento-direitos-e-politicas-publicas-em-belem-pa.webp\" alt=\"Abril Ind\u00edgena\" loading=\"lazy\" \/><\/p>\n<h2>Censo Demogr\u00e1fico 2022 e Suas Implica\u00e7\u00f5es<\/h2>\n<p>No semin\u00e1rio, um dos t\u00f3picos centrais foi a coleta de dados feita durante o Censo Demogr\u00e1fico de 2022, que revelou que existem 8.567 localidades ind\u00edgenas em todo o Brasil, com 391 etnias identificadas. Marta Antunes, gerente de Povos e Comunidades Tradicionais e Grupos Populacionais Espec\u00edficos do IBGE, destacou a necessidade de uma abordagem sens\u00edvel e adaptada \u00e0 realidade das comunidades ind\u00edgenas. As mudan\u00e7as na metodologia adotada foram essenciais para garantir um resultado mais preciso e inclusivo.<\/p>\n<h2>Import\u00e2ncia do Di\u00e1logo entre Saberes<\/h2>\n<p>Os participantes do semin\u00e1rio concordaram sobre a import\u00e2ncia de criar um espa\u00e7o prop\u00edcio para o di\u00e1logo entre diferentes saberes. Richelly de Nazar\u00e9 Lima da Costa, representante da Coordena\u00e7\u00e3o Regional da Funda\u00e7\u00e3o Nacional dos Povos Ind\u00edgenas (FUNAI), defendeu que as informa\u00e7\u00f5es sobre as popula\u00e7\u00f5es ind\u00edgenas s\u00e3o essenciais, em um momento em que muitos ainda permanecem invis\u00edveis. Para ela, \u00e9 fundamental ouvir e dar voz a essas comunidades, que t\u00eam muito a contribuir com suas experi\u00eancias e perspectivas.<\/p>\n<h2>Experi\u00eancias e Desafios dos Movimentos Ind\u00edgenas<\/h2>\n<p>Representantes de movimentos ind\u00edgenas trouxeram \u00e0 tona os desafios enfrentados por essas comunidades ao longo dos anos. Apesar do aumento do n\u00famero de pessoas que se autodeclaram ind\u00edgenas nos \u00faltimos censos, ainda existe um longo caminho a percorrer. O semin\u00e1rio se tornou um espa\u00e7o de resist\u00eancia e afirma\u00e7\u00e3o das identidades ind\u00edgenas, destacando a necessidade de visibilidade e representa\u00e7\u00e3o adequada em todos os setores da sociedade.<\/p>\n<h2>O Papel da UFPA na Inclus\u00e3o Ind\u00edgena<\/h2>\n<p>A UFPA desempenha um papel vital na inclus\u00e3o de alunos ind\u00edgenas, representando um ambiente que deve ser cada vez mais acess\u00edvel e compreensivo em rela\u00e7\u00e3o \u00e0s diversidades culturais. Os desafios enfrentados t\u00eam sido um incentivo para a universidade se dedicar na forma\u00e7\u00e3o de professores e gestores que entendam e respeitem as singularidades das popula\u00e7\u00f5es ind\u00edgenas.<\/p>\n<h2>Percep\u00e7\u00f5es Sobre a Coleta de Dados<\/h2>\n<p>O censo de 2022 trouxe \u00e0 luz a import\u00e2ncia de dados mais precisos sobre a popula\u00e7\u00e3o ind\u00edgena. A melhoria nas taxas de participa\u00e7\u00e3o nas coletagens de dados \u00e9 um reflexo do reconhecimento e da vontade das comunidades em se fazerem vis\u00edveis. As experi\u00eancias compartilhadas pelos ind\u00edgenas durante o semin\u00e1rio mostraram que eles est\u00e3o mais engajados e dispostos a participar do processo, o que se traduz em uma melhor representa\u00e7\u00e3o em pesquisa.<\/p>\n<h2>Mudan\u00e7as na Metodologia do Censo<\/h2>\n<p>A metodologia aplicada pelo IBGE no Censo Demogr\u00e1fico de 2022 foi significativamente aprimorada para incluir a autodeclara\u00e7\u00e3o, e os resultados mostraram um aumento expressivo na identifica\u00e7\u00e3o dos povos ind\u00edgenas. A gerente Marta Antunes enfatizou a import\u00e2ncia de considerar a diversidade lingu\u00edstica e cultural dos grupos atuantes, um passo importante para o fortalecimento da presen\u00e7a ind\u00edgena nos dados oficiais.<\/p>\n<h2>Futuro dos Povos Ind\u00edgenas no Brasil<\/h2>\n<p>A sinergia entre institui\u00e7\u00f5es acad\u00eamicas, governamentais e movimentos sociais \u00e9 fundamental para construir um futuro mais justo e igualit\u00e1rio para os povos ind\u00edgenas. O engajamento em eventos como o semin\u00e1rio &#8220;Abril Ind\u00edgena&#8221; representa um avan\u00e7o nas pautas de direitos, conhecimento e pol\u00edticas que reconhecem a import\u00e2ncia dessas comunidades na sociedade brasileira. As reflex\u00f5es e aprendizados obtidos s\u00e3o fundamentais para garantir que os povos ind\u00edgenas continuem a ser ouvidos e respeitados em seus direitos e identidades.<\/p>\n\n<div style=\"font-size: 0px; height: 0px; line-height: 0px; margin: 0; padding: 0; clear: both;\"><\/div>","protected":false},"excerpt":{"rendered":"<p>Abril Ind\u00edgena promove debate sobre direitos e pol\u00edticas p\u00fablicas em Bel\u00e9m. Descubra os detalhes!<\/p>\n","protected":false},"author":1,"featured_media":1645,"comment_status":"open","ping_status":"closed","sticky":false,"template":"","format":"standard","meta":{"footnotes":""},"categories":[1],"tags":[],"class_list":["post-1646","post","type-post","status-publish","format-standard","has-post-thumbnail","hentry","category-noticias-em-belem","has_thumb"],"aioseo_notices":[],"_links":{"self":[{"href":"https:\/\/www.encontrabelem.com.br\/sobre\/wp-json\/wp\/v2\/posts\/1646","targetHints":{"allow":["GET"]}}],"collection":[{"href":"https:\/\/www.encontrabelem.com.br\/sobre\/wp-json\/wp\/v2\/posts"}],"about":[{"href":"https:\/\/www.encontrabelem.com.br\/sobre\/wp-json\/wp\/v2\/types\/post"}],"author":[{"embeddable":true,"href":"https:\/\/www.encontrabelem.com.br\/sobre\/wp-json\/wp\/v2\/users\/1"}],"replies":[{"embeddable":true,"href":"https:\/\/www.encontrabelem.com.br\/sobre\/wp-json\/wp\/v2\/comments?post=1646"}],"version-history":[{"count":0,"href":"https:\/\/www.encontrabelem.com.br\/sobre\/wp-json\/wp\/v2\/posts\/1646\/revisions"}],"wp:featuredmedia":[{"embeddable":true,"href":"https:\/\/www.encontrabelem.com.br\/sobre\/wp-json\/wp\/v2\/media\/1645"}],"wp:attachment":[{"href":"https:\/\/www.encontrabelem.com.br\/sobre\/wp-json\/wp\/v2\/media?parent=1646"}],"wp:term":[{"taxonomy":"category","embeddable":true,"href":"https:\/\/www.encontrabelem.com.br\/sobre\/wp-json\/wp\/v2\/categories?post=1646"},{"taxonomy":"post_tag","embeddable":true,"href":"https:\/\/www.encontrabelem.com.br\/sobre\/wp-json\/wp\/v2\/tags?post=1646"}],"curies":[{"name":"wp","href":"https:\/\/api.w.org\/{rel}","templated":true}]}}