{"id":1644,"date":"2026-04-27T13:31:26","date_gmt":"2026-04-27T16:31:26","guid":{"rendered":"https:\/\/www.encontrabelem.com.br\/sobre\/sem-saneamento-basico-moradores-bloqueiam-via-e-cobram-acoes-em-belem-pa"},"modified":"2026-04-27T13:31:26","modified_gmt":"2026-04-27T16:31:26","slug":"sem-saneamento-basico-moradores-bloqueiam-via-e-cobram-acoes-em-belem-pa","status":"publish","type":"post","link":"https:\/\/www.encontrabelem.com.br\/sobre\/sem-saneamento-basico-moradores-bloqueiam-via-e-cobram-acoes-em-belem-pa","title":{"rendered":"Sem saneamento b\u00e1sico, moradores bloqueiam via e cobram a\u00e7\u00f5es em Bel\u00e9m (PA)"},"content":{"rendered":"<div class=\"b22802487b0d38c4c6d9f34966e16421\" data-index=\"1\" style=\"float: none; margin:0px;\">\n<!-- Anuncio display - global -->\r\n<ins class=\"adsbygoogle\"\r\n     style=\"display:block\"\r\n     data-ad-client=\"ca-pub-8585364105181520\"\r\n     data-ad-slot=\"8789329856\"\r\n     data-ad-format=\"auto\"\r\n     data-full-width-responsive=\"true\"><\/ins>\r\n<script>\r\n     (adsbygoogle = window.adsbygoogle || []).push({});\r\n<\/script>\n<\/div>\n<h2>Contexto Hist\u00f3rico da Comunidade<\/h2>\n<p>A comunidade de Castanheira, localizada em Bel\u00e9m, Par\u00e1, enfrenta um grave problema de saneamento b\u00e1sico que se alastra por mais de cinco d\u00e9cadas. A falta de infraestrutura adequada, que inclui a aus\u00eancia de sistemas de esgoto e \u00e1gua pot\u00e1vel, tem sido uma constante preocupa\u00e7\u00e3o para os moradores. Historicamente, essa situa\u00e7\u00e3o tem se agravado com o passar dos anos, levando a condi\u00e7\u00f5es de vida prec\u00e1rias.<\/p>\n<h2>Consequ\u00eancias da Falta de Saneamento<\/h2>\n<p>As consequ\u00eancias da car\u00eancia de saneamento b\u00e1sico s\u00e3o alarmantes e impactam diretamente a qualidade de vida dos residentes. Entre os efeitos mais graves, podemos listar:<\/p>\n<ul>\n<li><strong>Problemas de Sa\u00fade:<\/strong> A aus\u00eancia de um sistema eficiente de saneamento desencadeia surtos de doen\u00e7as, como diarreia e leptospirose, que surgem da contamina\u00e7\u00e3o da \u00e1gua e dos espa\u00e7os p\u00fablicos.<\/li>\n<li><strong> Alagamentos:<\/strong> As ruas do bairro frequentemente se tornam intransit\u00e1veis durante per\u00edodos chuvosos devido \u00e0 falta de drenagem adequada, resultando em \u00e1gua acumulada, que serve como criadouro de mosquito da dengue.<\/li>\n<li><strong>Dificuldades de Locomo\u00e7\u00e3o:<\/strong> Os moradores enfrentam dificuldades significativas para se locomover, especialmente em tempos de chuvas, onde as ruas se transformam em verdadeiros rios, dificultando o acesso a servi\u00e7os essenciais.<\/li>\n<\/ul>\n<h2>Alagamentos Frequentes<\/h2>\n<p>Os alagamentos s\u00e3o uma rotina enfrentada pelos moradores do Bairro Castanheira. Durante a esta\u00e7\u00e3o das chuvas, as \u00e1guas pluviais n\u00e3o conseguem escoar adequadamente devido \u00e0 falta de infraestrutura de drenagem, o que provoca transbordamentos e efeitos devastadores sobre a comunidade.<\/p>\n<p><img decoding=\"async\" src=\"https:\/\/www.encontrabelem.com.br\/sobre\/wp-content\/uploads\/2026\/04\/sem-saneamento-basico-moradores-bloqueiam-via-e-cobram-acoes-em-belem-pa.webp\" alt=\"saneamento b\u00e1sico\" loading=\"lazy\" \/><\/p>\n<p>A \u00e1gua acumulada n\u00e3o s\u00f3 alaga as resid\u00eancias, mas tamb\u00e9m dificulta a vida di\u00e1ria, pois muitas vezes impede que os residentes saiam de casa ou cheguem at\u00e9 seus locais de trabalho. Al\u00e9m disso, a presen\u00e7a constante de \u00e1gua acumulada serve como vetor de in\u00fameras doen\u00e7as, colocando a sa\u00fade da popula\u00e7\u00e3o em risco. <\/p>\n<h2>Doen\u00e7as Relacionadas \u00e0 \u00c1gua Contaminada<\/h2>\n<p>A falta de acesso a \u00e1gua pot\u00e1vel e ao saneamento b\u00e1sico t\u00eam contribu\u00eddo para a prolifera\u00e7\u00e3o de doen\u00e7as transmitidas por \u00e1gua contaminada, como:<\/p>\n<ul>\n<li><strong>Diarreia:<\/strong> Esta \u00e9 uma das principais consequ\u00eancias da ingest\u00e3o de \u00e1gua n\u00e3o tratada, levando a des hidrata\u00e7\u00e3o e complica\u00e7\u00f5es mais severas, especialmente entre crian\u00e7as e idosos.<\/li>\n<li><strong>Lepstospirose:<\/strong> Transmitida por bact\u00e9rias presentes na \u00e1gua contaminada, essa doen\u00e7a pode ser fatal se n\u00e3o tratada adequadamente.<\/li>\n<li><strong>Hepatite A:<\/strong> Outra doen\u00e7a viral que provoca inflama\u00e7\u00e3o no f\u00edgado e \u00e9 causada pela ingest\u00e3o de \u00e1gua ou alimentos contaminados.<\/li>\n<\/ul>\n<h2>A Revolta da Comunidade<\/h2>\n<p>Frustrados com a situa\u00e7\u00e3o cr\u00edtica e a falta de resposta do governo, os moradores do Bairro Castanheira decidiram se mobilizar. A revolta se manifestou em protestos pac\u00edficos na BR-316, onde os residentes bloquearam a estrada como uma forma de chamar a aten\u00e7\u00e3o das autoridades para suas necessidades b\u00e1sicas.<\/p>\n<p>Essa a\u00e7\u00e3o demandava n\u00e3o apenas solu\u00e7\u00f5es r\u00e1pidas, mas tamb\u00e9m uma resposta efetiva das autoridades locais para resolver os problemas que afetam a vida na comunidade. O protesto visava n\u00e3o apenas o reconhecimento da situa\u00e7\u00e3o, mas tamb\u00e9m a promessa de um plano de a\u00e7\u00e3o vi\u00e1vel por parte da prefeitura.<\/p>\n<h2>Rea\u00e7\u00f5es do Poder P\u00fablico<\/h2>\n<p>At\u00e9 o momento, as rea\u00e7\u00f5es do governo local t\u00eam sido inadequadas. A prefeitura de Bel\u00e9m ainda n\u00e3o apresentou uma resposta clara \u00e0s reivindica\u00e7\u00f5es dos moradores, o que aumenta a insatisfa\u00e7\u00e3o da comunidade. A falta de a\u00e7\u00e3o do poder p\u00fablico para corrigir os problemas estruturais e sanit\u00e1rios \u00e9 um fator que se torna uma fonte cont\u00ednua de tens\u00e3o entre os cidad\u00e3os e suas autoridades.<\/p>\n<h2>Protesto Pac\u00edfico e Suas Motiva\u00e7\u00f5es<\/h2>\n<p>O protesto realizado pelos moradores de Castanheira \u00e9 uma express\u00e3o da luta por dignidade e habita\u00e7\u00e3o adequada. Os residentes manifestaram suas necessidades urgentes e o desejo de ver a mudan\u00e7a ao longo da hist\u00f3ria de descaso com a \u00e1rea.<\/p>\n<p>As principais motiva\u00e7\u00f5es para a revolta incluem:<\/p>\n<ul>\n<li>A extrema pen\u00faria que a falta de saneamento b\u00e1sico causa \u00e0 popula\u00e7\u00e3o.<\/li>\n<li>A urg\u00eancia em ter um sistema de esgoto e de tratamento de \u00e1gua que funcione adequadamente.<\/li>\n<li>A necessidade de melhores condi\u00e7\u00f5es de vida e de sa\u00fade, principalmente para os mais vulner\u00e1veis da comunidade.<\/li>\n<\/ul>\n<h2>Casos de Doen\u00e7as na Regi\u00e3o<\/h2>\n<p>Com a situa\u00e7\u00e3o sanit\u00e1ria deteriorada, a comunidade tem relatado um aumento no n\u00famero de casos de doen\u00e7as ligadas \u00e0 \u00e1gua contaminada, fazendo apelo por melhorias imediatas. Muitas fam\u00edlias j\u00e1 enfrentaram doen\u00e7as graves, e o n\u00fameros de interna\u00e7\u00f5es, especialmente entre crian\u00e7as, crescem a cada ano.<\/p>\n<p>Este quadro cr\u00edtico tem sido motivo de indigna\u00e7\u00e3o e proveito para ampliarem ainda mais a luta por seus direitos a uma vida digna e saud\u00e1vel.<\/p>\n<h2>Demandas da Comunidade<\/h2>\n<p>As demandas apresentadas pelos moradores em protesto incluem:<\/p>\n<ul>\n<li><strong>Instala\u00e7\u00e3o de Sistemas de Saneamento:<\/strong> Um pedido un\u00e2nime por um sistema de saneamento b\u00e1sico, que garanta esgoto tratado e abastecimento de \u00e1gua pot\u00e1vel.<\/li>\n<li><strong>Pavimenta\u00e7\u00e3o de Ruas:<\/strong> A pavimenta\u00e7\u00e3o das vias para facilitar a locomo\u00e7\u00e3o e melhorar a acessibilidade no bairro.<\/li>\n<li><strong>Programas de Sa\u00fade:<\/strong> Implementa\u00e7\u00e3o de um programa de sa\u00fade p\u00fablica que aborde de forma eficiente as doen\u00e7as relacionadas ao saneamento.<\/li>\n<\/ul>\n<h2>Poss\u00edveis Solu\u00e7\u00f5es para o Problema<\/h2>\n<p>Embora a situa\u00e7\u00e3o atual seja alarmante, existem diversas estrat\u00e9gias que poderiam ser implementadas e que outros munic\u00edpios t\u00eam adotado com sucesso. Algumas das solu\u00e7\u00f5es sugeridas pelos moradores incluem:<\/p>\n<ul>\n<li><strong>Parcerias P\u00fablico-Privadas:<\/strong> O engajamento de empresas pode ajudar na constru\u00e7\u00e3o e opera\u00e7\u00e3o de servi\u00e7os de saneamento.<\/li>\n<li><strong>Capta\u00e7\u00e3o de Recursos Federais:<\/strong> Solicitar apoio do governo federal para projetos de saneamento urbano, que possa incluir a constru\u00e7\u00e3o de esta\u00e7\u00f5es de tratamento.<\/li>\n<li><strong>Educa\u00e7\u00e3o e Conscientiza\u00e7\u00e3o da Popula\u00e7\u00e3o:<\/strong> Programas de educa\u00e7\u00e3o para que a popula\u00e7\u00e3o entenda a import\u00e2ncia da preserva\u00e7\u00e3o da sa\u00fade e meio ambiente.<\/li>\n<li><strong>Monitoramento Constante:<\/strong> Implementar um sistema de monitoramento da qualidade da \u00e1gua e de sa\u00fade p\u00fablica na comunidade.<\/li>\n<\/ul>\n<p>\u00c0 medida que os moradores de Castanheira continuam suas lutas por melhorias, o foco deve ser em garantir que o acesso ao saneamento b\u00e1sico e a infraestrutura adequada sejam considerados direitos fundamentais a serem respeitados e priorizados. A comunidade n\u00e3o pode esperar mais; a\u00e7\u00f5es efetivas e r\u00e1pidas s\u00e3o necess\u00e1rias para garantir condi\u00e7\u00f5es dignas de vida para todos.<\/p>\n\n<div style=\"font-size: 0px; height: 0px; line-height: 0px; margin: 0; padding: 0; clear: both;\"><\/div>","protected":false},"excerpt":{"rendered":"<p>Moradores de Bel\u00e9m denunciam a falta de saneamento b\u00e1sico e exigem a\u00e7\u00f5es imediatas.<\/p>\n","protected":false},"author":1,"featured_media":1643,"comment_status":"open","ping_status":"closed","sticky":false,"template":"","format":"standard","meta":{"footnotes":""},"categories":[1],"tags":[],"class_list":["post-1644","post","type-post","status-publish","format-standard","has-post-thumbnail","hentry","category-noticias-em-belem","has_thumb"],"aioseo_notices":[],"_links":{"self":[{"href":"https:\/\/www.encontrabelem.com.br\/sobre\/wp-json\/wp\/v2\/posts\/1644","targetHints":{"allow":["GET"]}}],"collection":[{"href":"https:\/\/www.encontrabelem.com.br\/sobre\/wp-json\/wp\/v2\/posts"}],"about":[{"href":"https:\/\/www.encontrabelem.com.br\/sobre\/wp-json\/wp\/v2\/types\/post"}],"author":[{"embeddable":true,"href":"https:\/\/www.encontrabelem.com.br\/sobre\/wp-json\/wp\/v2\/users\/1"}],"replies":[{"embeddable":true,"href":"https:\/\/www.encontrabelem.com.br\/sobre\/wp-json\/wp\/v2\/comments?post=1644"}],"version-history":[{"count":0,"href":"https:\/\/www.encontrabelem.com.br\/sobre\/wp-json\/wp\/v2\/posts\/1644\/revisions"}],"wp:featuredmedia":[{"embeddable":true,"href":"https:\/\/www.encontrabelem.com.br\/sobre\/wp-json\/wp\/v2\/media\/1643"}],"wp:attachment":[{"href":"https:\/\/www.encontrabelem.com.br\/sobre\/wp-json\/wp\/v2\/media?parent=1644"}],"wp:term":[{"taxonomy":"category","embeddable":true,"href":"https:\/\/www.encontrabelem.com.br\/sobre\/wp-json\/wp\/v2\/categories?post=1644"},{"taxonomy":"post_tag","embeddable":true,"href":"https:\/\/www.encontrabelem.com.br\/sobre\/wp-json\/wp\/v2\/tags?post=1644"}],"curies":[{"name":"wp","href":"https:\/\/api.w.org\/{rel}","templated":true}]}}