{"id":1642,"date":"2026-04-27T13:29:25","date_gmt":"2026-04-27T16:29:25","guid":{"rendered":"https:\/\/www.encontrabelem.com.br\/sobre\/chuva-recorde-em-belem-causa-transtorno-e-alagamento-veja-videos"},"modified":"2026-04-27T13:29:25","modified_gmt":"2026-04-27T16:29:25","slug":"chuva-recorde-em-belem-causa-transtorno-e-alagamento-veja-videos","status":"publish","type":"post","link":"https:\/\/www.encontrabelem.com.br\/sobre\/chuva-recorde-em-belem-causa-transtorno-e-alagamento-veja-videos","title":{"rendered":"Chuva recorde em Bel\u00e9m causa transtorno e alagamento, veja v\u00eddeos"},"content":{"rendered":"<div class=\"b22802487b0d38c4c6d9f34966e16421\" data-index=\"1\" style=\"float: none; margin:0px;\">\n<!-- Anuncio display - global -->\r\n<ins class=\"adsbygoogle\"\r\n     style=\"display:block\"\r\n     data-ad-client=\"ca-pub-8585364105181520\"\r\n     data-ad-slot=\"8789329856\"\r\n     data-ad-format=\"auto\"\r\n     data-full-width-responsive=\"true\"><\/ins>\r\n<script>\r\n     (adsbygoogle = window.adsbygoogle || []).push({});\r\n<\/script>\n<\/div>\n<h2>Impacto das Chuvas em Bel\u00e9m<\/h2>\n<p>A cidade de Bel\u00e9m, localizada no estado do Par\u00e1, foi severamente afetada por um recorde de chuvas intensas. Entre o dia 18 e 19 de abril, a precipita\u00e7\u00e3o superou os 150mm em um per\u00edodo de menos de 24 horas, o que representa a maior intensidade de chuvas registrada nos \u00faltimos dez anos. Este fen\u00f4meno clim\u00e1tico resultou em alagamentos e causou uma s\u00e9rie de transtornos em v\u00e1rias \u00e1reas da cidade, comprometendo a rotina dos moradores e causando danos materiais.<\/p>\n<h2>Estado de Emerg\u00eancia: O Que Significa?<\/h2>\n<p>Em resposta \u00e0 gravidade da situa\u00e7\u00e3o, o governo municipal declarou estado de emerg\u00eancia no \u00faltimo domingo (19). Essa declara\u00e7\u00e3o \u00e9 um passo essencial para mobilizar recursos e obter apoio adicional dos governos Federal e Estadual, facilitando a implementa\u00e7\u00e3o de medidas emergenciais para socorrer as fam\u00edlias afetadas. O estado de emerg\u00eancia permite ao munic\u00edpio acessar rapidamente fundos e materiais necess\u00e1rios para efetuar a recupera\u00e7\u00e3o das \u00e1reas impactadas.<\/p>\n<h2>Como as Chuvas Afetam a Popula\u00e7\u00e3o?<\/h2>\n<p>Os efeitos das chuvas torrenciais em Bel\u00e9m se manifestaram de diversas maneiras:<\/p>\n<p><img decoding=\"async\" src=\"https:\/\/www.encontrabelem.com.br\/sobre\/wp-content\/uploads\/2026\/04\/chuva-recorde-em-belem-causa-transtorno-e-alagamento-veja-videos.webp\" alt=\"chuva recorde em Bel\u00e9m\" loading=\"lazy\" \/><\/p>\n<ul>\n<li><strong>Alagamentos em Bairros:<\/strong> Diversas \u00e1reas, como Terra Firme, Condor, e Jurunas, enfrentaram alagamentos, prejudicando o deslocamento e a seguran\u00e7a dos cidad\u00e3os.<\/li>\n<li><strong>Dificuldades de Acesso:<\/strong> Muitas ruas se tornaram intransit\u00e1veis, complicando o transporte de emerg\u00eancia e o acesso aos servi\u00e7os essenciais.<\/li>\n<li><strong>Desabrigados:<\/strong> O n\u00famero de pessoas desalojadas aumentou, levando a Prefeitura a ampliar a capacidade de abrigos e fornecer assist\u00eancia emergencial.<\/li>\n<\/ul>\n<h2>A Resposta da Prefeitura de Bel\u00e9m<\/h2>\n<p>O prefeito Igor Normando informou que uma for\u00e7a-tarefa, composta por diversas ag\u00eancias, foi mobilizada para enfrentar a situa\u00e7\u00e3o e minimizar os impactos das chuvas. Essa equipe inclui a Defesa Civil e outras entidades municipais dedicadas a prestar aux\u00edlios diretos aos afetados. Entre as a\u00e7\u00f5es tomadas, est\u00e1 a distribui\u00e7\u00e3o de itens emergenciais e o apoio log\u00edstico necess\u00e1rio para atender os cidad\u00e3os mais necessitados.<\/p>\n<h2>Estrat\u00e9gias para Enfrentar Alagamentos<\/h2>\n<p>Para lidar com as consequ\u00eancias das chuvas intensas, a cidade implementou uma s\u00e9rie de estrat\u00e9gias:<\/p>\n<ul>\n<li><strong>Limpeza de Vias P\u00fablicas:<\/strong> A Prefeitura intensificou o trabalho de limpeza nas ruas para garantir a fluidez das \u00e1guas pluviais.<\/li>\n<li><strong>Abertura de Abrigos:<\/strong> Aumentou o n\u00famero de espa\u00e7os destinados a crian\u00e7as, idosos e demais cidad\u00e3os for\u00e7ados a deixar suas casas.<\/li>\n<li><strong>Coleta de Doa\u00e7\u00f5es:<\/strong> Foi lan\u00e7ado um apelo \u00e0 popula\u00e7\u00e3o para contribuir com doa\u00e7\u00f5es de alimentos, roupas e itens de higiene pessoal.<\/li>\n<\/ul>\n<h2>Voluntariado e Doa\u00e7\u00f5es: Como Ajudar<\/h2>\n<p>A solidariedade da comunidade tem se mostrado essencial neste momento cr\u00edtico. O munic\u00edpio estabeleceu pontos de coleta onde os volunt\u00e1rios podem entregar doa\u00e7\u00f5es. Entre os itens solicitados incluem-se:<\/p>\n<ul>\n<li>Colch\u00f5es<\/li>\n<li>Alimentos n\u00e3o perec\u00edveis<\/li>\n<li>Roupas em bom estado<\/li>\n<li>Produtos de higiene pessoal<\/li>\n<\/ul>\n<h2>As Causas do Aumento das Chuvas<\/h2>\n<p>O aumento da intensidade das chuvas em Bel\u00e9m pode estar ligado a v\u00e1rias causas, incluindo fen\u00f4menos clim\u00e1ticos globais, mudan\u00e7as clim\u00e1ticas e a urbaniza\u00e7\u00e3o descontrolada, que afeta a drenagem natural da cidade.<\/p>\n<h2>Hist\u00f3rico de Chuvas em Bel\u00e9m<\/h2>\n<p>A cidade de Bel\u00e9m tem um hist\u00f3rico de problemas relacionados a alagamentos, especialmente durante o per\u00edodo de chuvas intensas. Contudo, a intensidade dos eventos clim\u00e1ticos tem aumentado ao longo dos anos, o que representa um desafio constante para as administra\u00e7\u00f5es futuras.<\/p>\n<h2>A Import\u00e2ncia da Preven\u00e7\u00e3o de Desastres<\/h2>\n<p>A experi\u00eancia desta recente calamidade refor\u00e7a a necessidade urgente de pol\u00edticas de preven\u00e7\u00e3o e prepara\u00e7\u00e3o para desastres. Isso inclui a implementa\u00e7\u00e3o de melhores sistemas de drenagem, investimentos em infraestrutura e campanhas de conscientiza\u00e7\u00e3o para a popula\u00e7\u00e3o sobre os riscos associados a desastres naturais.<\/p>\n<h2>O Que Fazer Durante Alagamentos?<\/h2>\n<p>Em casos de alagamentos, a popula\u00e7\u00e3o deve:<\/p>\n<ul>\n<li>Evitar \u00e1reas de risco e alagadas<\/li>\n<li>Pesquisar os canais de comunica\u00e7\u00e3o oficiais para obter informa\u00e7\u00f5es sobre seguran\u00e7a<\/li>\n<li>Ficar alerta aos avisos das autoridades locais<\/li>\n<\/ul>\n\n<div style=\"font-size: 0px; height: 0px; line-height: 0px; margin: 0; padding: 0; clear: both;\"><\/div>","protected":false},"excerpt":{"rendered":"<p>Chuva recorde em Bel\u00e9m causa estado de emerg\u00eancia e alagamentos significativos.<\/p>\n","protected":false},"author":1,"featured_media":1641,"comment_status":"open","ping_status":"closed","sticky":false,"template":"","format":"standard","meta":{"footnotes":""},"categories":[1],"tags":[],"class_list":["post-1642","post","type-post","status-publish","format-standard","has-post-thumbnail","hentry","category-noticias-em-belem","has_thumb"],"aioseo_notices":[],"_links":{"self":[{"href":"https:\/\/www.encontrabelem.com.br\/sobre\/wp-json\/wp\/v2\/posts\/1642","targetHints":{"allow":["GET"]}}],"collection":[{"href":"https:\/\/www.encontrabelem.com.br\/sobre\/wp-json\/wp\/v2\/posts"}],"about":[{"href":"https:\/\/www.encontrabelem.com.br\/sobre\/wp-json\/wp\/v2\/types\/post"}],"author":[{"embeddable":true,"href":"https:\/\/www.encontrabelem.com.br\/sobre\/wp-json\/wp\/v2\/users\/1"}],"replies":[{"embeddable":true,"href":"https:\/\/www.encontrabelem.com.br\/sobre\/wp-json\/wp\/v2\/comments?post=1642"}],"version-history":[{"count":0,"href":"https:\/\/www.encontrabelem.com.br\/sobre\/wp-json\/wp\/v2\/posts\/1642\/revisions"}],"wp:featuredmedia":[{"embeddable":true,"href":"https:\/\/www.encontrabelem.com.br\/sobre\/wp-json\/wp\/v2\/media\/1641"}],"wp:attachment":[{"href":"https:\/\/www.encontrabelem.com.br\/sobre\/wp-json\/wp\/v2\/media?parent=1642"}],"wp:term":[{"taxonomy":"category","embeddable":true,"href":"https:\/\/www.encontrabelem.com.br\/sobre\/wp-json\/wp\/v2\/categories?post=1642"},{"taxonomy":"post_tag","embeddable":true,"href":"https:\/\/www.encontrabelem.com.br\/sobre\/wp-json\/wp\/v2\/tags?post=1642"}],"curies":[{"name":"wp","href":"https:\/\/api.w.org\/{rel}","templated":true}]}}