{"id":1638,"date":"2026-04-26T13:43:04","date_gmt":"2026-04-26T16:43:04","guid":{"rendered":"https:\/\/www.encontrabelem.com.br\/sobre\/abril-azul-acao-no-parque-da-cidade-em-belem-oferta-servicos-de-saude-e-cidadania-para-pessoas-com-autismo"},"modified":"2026-04-26T13:43:04","modified_gmt":"2026-04-26T16:43:04","slug":"abril-azul-acao-no-parque-da-cidade-em-belem-oferta-servicos-de-saude-e-cidadania-para-pessoas-com-autismo","status":"publish","type":"post","link":"https:\/\/www.encontrabelem.com.br\/sobre\/abril-azul-acao-no-parque-da-cidade-em-belem-oferta-servicos-de-saude-e-cidadania-para-pessoas-com-autismo","title":{"rendered":"Abril Azul: a\u00e7\u00e3o no Parque da Cidade, em Bel\u00e9m, oferta servi\u00e7os de sa\u00fade e cidadania para pessoas com autismo"},"content":{"rendered":"<div class=\"b22802487b0d38c4c6d9f34966e16421\" data-index=\"1\" style=\"float: none; margin:0px;\">\n<!-- Anuncio display - global -->\r\n<ins class=\"adsbygoogle\"\r\n     style=\"display:block\"\r\n     data-ad-client=\"ca-pub-8585364105181520\"\r\n     data-ad-slot=\"8789329856\"\r\n     data-ad-format=\"auto\"\r\n     data-full-width-responsive=\"true\"><\/ins>\r\n<script>\r\n     (adsbygoogle = window.adsbygoogle || []).push({});\r\n<\/script>\n<\/div>\n<h2>A\u00e7\u00e3o pelo Abril Azul no Parque da Cidade<\/h2>\n<p>No pr\u00f3ximo dia 25 de abril, o Parque da Cidade em <strong>Bel\u00e9m<\/strong> estar\u00e1 realizando uma a\u00e7\u00e3o especial em comemora\u00e7\u00e3o ao <strong>Abril Azul<\/strong>, dedicado \u00e0 conscientiza\u00e7\u00e3o sobre o autismo. O evento tem como objetivo oferecer uma variedade de servi\u00e7os de sa\u00fade e cidadania gratuitos, voltados especialmente para pessoas com Transtorno do Espectro Autista (TEA) e suas fam\u00edlias.<\/p>\n<h2>Atendimentos M\u00e9dicos e Psicologia<\/h2>\n<p>Durante o evento, estar\u00e3o dispon\u00edveis atendimentos em diversas \u00e1reas. As fam\u00edlias de pessoas com autismo poder\u00e3o acessar servi\u00e7os m\u00e9dicos, que incluem:<\/p>\n<ul>\n<li><strong>Pediatria:<\/strong> Consultas para avaliar a sa\u00fade das crian\u00e7as.<\/li>\n<li><strong>Cl\u00ednica Geral:<\/strong> Atendimento m\u00e9dico para quest\u00f5es de sa\u00fade em geral.<\/li>\n<li><strong>Atendimento Psicol\u00f3gico:<\/strong> Profissionais estar\u00e3o dispon\u00edveis para oferecer suporte psicol\u00f3gico.<\/li>\n<\/ul>\n<p>O atendimento psicol\u00f3gico \u00e9 de extrema import\u00e2ncia, proporcionando apoio n\u00e3o apenas \u00e0s crian\u00e7as, mas tamb\u00e9m aos pais e cuidadores, ajudando a lidar com os desafios di\u00e1rios do TEA.<\/p>\n<p><img decoding=\"async\" src=\"https:\/\/www.encontrabelem.com.br\/sobre\/wp-content\/uploads\/2026\/04\/abril-azul-acao-no-parque-da-cidade-em-belem-oferta-servicos-de-saude-e-cidadania-para-pessoas-com-a.webp\" alt=\"\" loading=\"lazy\" \/><\/p>\n<h2>Cadastro para Carteira de Pessoa com TEA<\/h2>\n<p>Outro servi\u00e7o oferecido na a\u00e7\u00e3o ser\u00e1 o <strong>cadastro para a Carteira de Identifica\u00e7\u00e3o da Pessoa com Transtorno do Espectro Autista (CIPTEA)<\/strong>. Este documento \u00e9 essencial para que autistas possam ter acesso a diversas garantias e direitos, como a prioridade em atendimentos p\u00fablicos e benef\u00edcios sociais.<\/p>\n<h2>Atividades L\u00fadicas para Crian\u00e7as<\/h2>\n<p>Visando promover a inclus\u00e3o e intera\u00e7\u00e3o social, o evento contar\u00e1 com atividades l\u00fadicas e sensoriais desenvolvidas para crian\u00e7as com TEA. O ambiente ser\u00e1 acolhedor e acess\u00edvel, permitindo que as crian\u00e7as possam explorar seus sentidos de forma divertida e segura. Essas atividades n\u00e3o apenas contribuem para o desenvolvimento infantil, mas tamb\u00e9m ajudam as crian\u00e7as a socializarem com outras.<\/p>\n<h2>Consulta em Ginecologia e Mastologia<\/h2>\n<p>No \u00e2mbito da sa\u00fade da mulher, uma carreta estar\u00e1 presente para oferecer consultas e exames em ginecologia e mastologia. Os servi\u00e7os dispon\u00edveis incluem:<\/p>\n<ul>\n<li><strong>Exames de Papanicolau:<\/strong> Importante para a detec\u00e7\u00e3o precoce de c\u00e2ncer cervical.<\/li>\n<li><strong>Mamografia:<\/strong> Fundamental para a detec\u00e7\u00e3o do c\u00e2ncer de mama.<\/li>\n<li><strong>Ultrassonografias:<\/strong> Exames complementares que podem incluir ultrassonografia de mamas e tireoide.<\/li>\n<\/ul>\n<h2>Ultrassonografia e Mamografia<\/h2>\n<p>Al\u00e9m das consultas, ser\u00e3o realizados exames de ultrassonografia como parte da avalia\u00e7\u00e3o da sa\u00fade feminina. A mamografia, em particular, \u00e9 uma ferramenta cr\u00edtica que permite a detec\u00e7\u00e3o precoce de anomalias, aumentando as chances de tratamento bem-sucedido.<\/p>\n<h2>Exames de Sa\u00fade para o P\u00fablico<\/h2>\n<p>A a\u00e7\u00e3o tamb\u00e9m ir\u00e1 disponibilizar exames de sa\u00fade variados para o p\u00fablico em geral, que incluem:<\/p>\n<ul>\n<li><strong>Exames Odontol\u00f3gicos:<\/strong> Cuidados essenciais para a sa\u00fade bucal.<\/li>\n<li><strong>Testes R\u00e1pidos:<\/strong> Para diversas doen\u00e7as, visando a detec\u00e7\u00e3o precoce.<\/li>\n<li><strong>Vacina\u00e7\u00e3o:<\/strong> Oferecimento de vacinas para prevenir doen\u00e7as.<\/li>\n<li><strong>Orienta\u00e7\u00e3o Jur\u00eddica:<\/strong> Informa\u00e7\u00f5es sobre direitos e como acess\u00e1-los.<\/li>\n<\/ul>\n<h2>Servi\u00e7os de Est\u00e9tica e Orienta\u00e7\u00e3o Jur\u00eddica<\/h2>\n<p>Alguns outros servi\u00e7os que estar\u00e3o dispon\u00edveis incluem:<\/p>\n<ul>\n<li><strong>Est\u00e9tica:<\/strong> Cuidados pessoais que podem contribuir para o bem-estar.<\/li>\n<li><strong>Orienta\u00e7\u00f5es sobre Programas Sociais:<\/strong> Informa\u00e7\u00e3o sobre como acessar benef\u00edcios dispon\u00edveis.<\/li>\n<\/ul>\n<h2>Vacina\u00e7\u00e3o e Testes R\u00e1pidos<\/h2>\n<p>A vacina\u00e7\u00e3o \u00e9 um servi\u00e7o vital que estar\u00e1 dispon\u00edvel no evento, proporcionando prote\u00e7\u00e3o contra v\u00e1rias doen\u00e7as. Al\u00e9m disso, os testes r\u00e1pidos permitir\u00e3o a detec\u00e7\u00e3o de enfermidades, promovendo cuidados de sa\u00fade preventivos.<\/p>\n<h2>Orienta\u00e7\u00f5es sobre Inclus\u00e3o Social<\/h2>\n<p>A inclus\u00e3o social \u00e9 um aspecto essencial da jornada de conscientiza\u00e7\u00e3o sobre o autismo. Durante o evento, as fam\u00edlias receber\u00e3o orienta\u00e7\u00f5es sobre os direitos que possuem e como podem garantir esses direitos na sociedade. Ser\u00e1 uma oportunidade para discutir a import\u00e2ncia da aceita\u00e7\u00e3o e inclus\u00e3o de pessoas com TEA.<\/p>\n<h2>Carreta de Sa\u00fade para Homens<\/h2>\n<p>Outra carreta dispon\u00edvel oferecer\u00e1 servi\u00e7os voltados para a sa\u00fade masculina, incluindo:<\/p>\n<ul>\n<li><strong>Consultas em Cl\u00ednica Geral:<\/strong> Avalia\u00e7\u00f5es e orienta\u00e7\u00f5es gerais sobre a sa\u00fade.<\/li>\n<li><strong>Exames de Cardiologia e Urologia:<\/strong> Focados na sa\u00fade do cora\u00e7\u00e3o e do sistema urin\u00e1rio.<\/li>\n<li><strong>Eletrocardiogramas:<\/strong> Para monitorar a sa\u00fade card\u00edaca.<\/li>\n<\/ul>\n<h2>Informa\u00e7\u00f5es Finais<\/h2>\n<p>O evento \u00e9 uma grande oportunidade para as fam\u00edlias e a comunidade se conectarem com recursos valiosos. Motivar a conscientiza\u00e7\u00e3o sobre o autismo \u00e9 fundamental para promover uma sociedade mais inclusiva e emp\u00e1tica. A atividade que ocorrer\u00e1 no Parque da Cidade, a partir das 8h, ser\u00e1 uma chance inestim\u00e1vel para atender a necessidade de sa\u00fade e inclus\u00e3o das pessoas com autismo e suas fam\u00edlias.<\/p>\n\n<div style=\"font-size: 0px; height: 0px; line-height: 0px; margin: 0; padding: 0; clear: both;\"><\/div>","protected":false},"excerpt":{"rendered":"<p>Abril Azul oferece servi\u00e7os de sa\u00fade e cidadania para Pessoas com TEA.<\/p>\n","protected":false},"author":1,"featured_media":1637,"comment_status":"open","ping_status":"closed","sticky":false,"template":"","format":"standard","meta":{"footnotes":""},"categories":[1],"tags":[],"class_list":["post-1638","post","type-post","status-publish","format-standard","has-post-thumbnail","hentry","category-noticias-em-belem","has_thumb"],"aioseo_notices":[],"_links":{"self":[{"href":"https:\/\/www.encontrabelem.com.br\/sobre\/wp-json\/wp\/v2\/posts\/1638","targetHints":{"allow":["GET"]}}],"collection":[{"href":"https:\/\/www.encontrabelem.com.br\/sobre\/wp-json\/wp\/v2\/posts"}],"about":[{"href":"https:\/\/www.encontrabelem.com.br\/sobre\/wp-json\/wp\/v2\/types\/post"}],"author":[{"embeddable":true,"href":"https:\/\/www.encontrabelem.com.br\/sobre\/wp-json\/wp\/v2\/users\/1"}],"replies":[{"embeddable":true,"href":"https:\/\/www.encontrabelem.com.br\/sobre\/wp-json\/wp\/v2\/comments?post=1638"}],"version-history":[{"count":0,"href":"https:\/\/www.encontrabelem.com.br\/sobre\/wp-json\/wp\/v2\/posts\/1638\/revisions"}],"wp:featuredmedia":[{"embeddable":true,"href":"https:\/\/www.encontrabelem.com.br\/sobre\/wp-json\/wp\/v2\/media\/1637"}],"wp:attachment":[{"href":"https:\/\/www.encontrabelem.com.br\/sobre\/wp-json\/wp\/v2\/media?parent=1638"}],"wp:term":[{"taxonomy":"category","embeddable":true,"href":"https:\/\/www.encontrabelem.com.br\/sobre\/wp-json\/wp\/v2\/categories?post=1638"},{"taxonomy":"post_tag","embeddable":true,"href":"https:\/\/www.encontrabelem.com.br\/sobre\/wp-json\/wp\/v2\/tags?post=1638"}],"curies":[{"name":"wp","href":"https:\/\/api.w.org\/{rel}","templated":true}]}}