{"id":1636,"date":"2026-04-26T13:41:34","date_gmt":"2026-04-26T16:41:34","guid":{"rendered":"https:\/\/www.encontrabelem.com.br\/sobre\/programa-por-todas-elas-leva-servicos-gratuitos-e-reforca-cidadania-no-bairro-do-telegrafo-em-belem"},"modified":"2026-04-26T13:41:34","modified_gmt":"2026-04-26T16:41:34","slug":"programa-por-todas-elas-leva-servicos-gratuitos-e-reforca-cidadania-no-bairro-do-telegrafo-em-belem","status":"publish","type":"post","link":"https:\/\/www.encontrabelem.com.br\/sobre\/programa-por-todas-elas-leva-servicos-gratuitos-e-reforca-cidadania-no-bairro-do-telegrafo-em-belem","title":{"rendered":"Programa \u201cPor Todas Elas\u201d leva servi\u00e7os gratuitos e refor\u00e7a cidadania no bairro do Tel\u00e9grafo, em Bel\u00e9m"},"content":{"rendered":"<div class=\"b22802487b0d38c4c6d9f34966e16421\" data-index=\"1\" style=\"float: none; margin:0px;\">\n<!-- Anuncio display - global -->\r\n<ins class=\"adsbygoogle\"\r\n     style=\"display:block\"\r\n     data-ad-client=\"ca-pub-8585364105181520\"\r\n     data-ad-slot=\"8789329856\"\r\n     data-ad-format=\"auto\"\r\n     data-full-width-responsive=\"true\"><\/ins>\r\n<script>\r\n     (adsbygoogle = window.adsbygoogle || []).push({});\r\n<\/script>\n<\/div>\n<h2>O que \u00e9 o Programa &#8216;Por Todas Elas&#8217;?<\/h2>\n<p>O programa &#8220;Por Todas Elas&#8221; \u00e9 uma iniciativa desenvolvida pelo governo do Par\u00e1, imaginada pela governadora Hana Ghassan. O projeto foi criado com o prop\u00f3sito de oferecer servi\u00e7os e recursos que promovam a cidadania e o acesso a direitos fundamentais, especialmente voltados para o p\u00fablico feminino. Iniciado em 2024, a a\u00e7\u00e3o j\u00e1 atendeu mais de 320 mil pessoas em diversas localidades do estado, expandindo suas atividades e abrangendo uma variedade de servi\u00e7os essenciais.<\/p>\n<h2>Servi\u00e7os Oferecidos: Uma Abordagem Integrada<\/h2>\n<p>Atrav\u00e9s do &#8220;Por Todas Elas&#8221;, os moradores t\u00eam acesso a uma gama diversificada de servi\u00e7os. A cada edi\u00e7\u00e3o, as comunidades podem contar com:<\/p>\n<ul>\n<li><strong>Consultas m\u00e9dicas<\/strong>: Incluindo \u00e1reas como ginecologia e cl\u00ednica geral, garantindo o cuidado com a sa\u00fade feminina e masculina.<\/li>\n<li><strong>Exames especializados<\/strong>: Como mamografias, ultrassonografias e exames cardiol\u00f3gicos.<\/li>\n<li><strong>Vacina\u00e7\u00e3o<\/strong>: Para proteger a comunidade contra diversas doen\u00e7as.<\/li>\n<li><strong>Orienta\u00e7\u00e3o jur\u00eddica<\/strong>: Oferecendo apoio em quest\u00f5es legais e cidadania.<\/li>\n<li><strong>Servi\u00e7os de est\u00e9tica e cuidados pessoais<\/strong>: Para atender \u00e0s necessidades de bem-estar e autoimagem da popula\u00e7\u00e3o.<\/li>\n<li><strong>Apoio social<\/strong>: Com uma equipe preparada para orientar e auxiliar em quest\u00f5es de assist\u00eancia social.<\/li>\n<li><strong>Cuidado com animais<\/strong>: Oferecendo atendimentos veterin\u00e1rios e orienta\u00e7\u00f5es sobre cuidados com pets.<\/li>\n<\/ul>\n<p>Esses servi\u00e7os s\u00e3o prestados de forma gratuita, enfatizando a acessibilidade e a inclus\u00e3o social em todos os aspectos da vida comunit\u00e1ria.<\/p>\n<p><img decoding=\"async\" src=\"https:\/\/www.encontrabelem.com.br\/sobre\/wp-content\/uploads\/2026\/04\/programa-por-todas-elas-leva-servicos-gratuitos-e-reforca-cidadania-no-bairro-do-telegrafo-em-belem.webp\" alt=\"programa 'Por Todas Elas'\" loading=\"lazy\" \/><\/p>\n<h2>Impactos na Sa\u00fade da Comunidade<\/h2>\n<p>Os impactos do &#8220;Por Todas Elas&#8221; na sa\u00fade local s\u00e3o profundos e vis\u00edveis. Com a oferta de atendimentos m\u00e9dicos pr\u00f3ximos da popula\u00e7\u00e3o, muitos cidad\u00e3os t\u00eam a oportunidade de cuidar da sua sa\u00fade sem as barreiras financeiras e geogr\u00e1ficas que normalmente enfrentariam. Isso resulta em um aumento significativo no n\u00famero de diagn\u00f3sticos precoces e tratamento de condi\u00e7\u00f5es de sa\u00fade, essencial para o bem-estar geral da comunidade.<\/p>\n<h2>Depoimentos de Participantes Beneficiados<\/h2>\n<p>Os benefici\u00e1rios do programa refletem a import\u00e2ncia das iniciativas promovidas. Por exemplo, Carla Garcia, uma dona de casa que participou de uma das a\u00e7\u00f5es, expressou sua satisfa\u00e7\u00e3o: <em>&#8220;Esta a\u00e7\u00e3o \u00e9 muito boa, especialmente para n\u00f3s que precisamos de aux\u00edlio. Hoje, vim fazer exames para os \u00f3culos da minha fam\u00edlia e \u00e9 \u00f3timo ter acesso a esses servi\u00e7os gratuitos&#8221;.<\/em> Este tipo de feedback demonstra como o programa se tornou um recurso vital para muitas fam\u00edlias.<\/p>\n<p>Outro testemunho impactante \u00e9 de Ant\u00f4nia Brand\u00e3o, que afirmou: <em>&#8220;Participo sempre das a\u00e7\u00f5es do governo e sempre fico satisfeita. Hoje, trouxe meus filhos para consultas e estamos aproveitando todos os servi\u00e7os dispon\u00edveis. \u00c9 uma \u00f3tima oportunidade que o governo nos oferece&#8221;.<\/em><\/p>\n<h2>O Papel da Governadora Hana Ghassan<\/h2>\n<p>A governadora Hana Ghassan desempenha um papel crucial na idealiza\u00e7\u00e3o e implementa\u00e7\u00e3o do programa. Sua vis\u00e3o \u00e9 de um estado mais inclusivo e que atenta \u00e0s necessidades da popula\u00e7\u00e3o, especialmente das mulheres. Durante a \u00faltima edi\u00e7\u00e3o do programa, ela reiterou a import\u00e2ncia das a\u00e7\u00f5es: <em>&#8220;Estamos aqui com o \u2018Por Todas Elas\u2019, que leva atendimentos a mais de cinco mil pessoas, tudo gratuitamente e de acordo com as necessidades locais&#8221;.<\/em> Essa abordagem atenta, centrada nas necessidades da popula\u00e7\u00e3o, \u00e9 um pilar fundamental do programa.<\/p>\n<h2>A Import\u00e2ncia da Inclus\u00e3o Social<\/h2>\n<p>O programa &#8220;Por Todas Elas&#8221; vai al\u00e9m de servi\u00e7os e atendimentos; ele \u00e9 um s\u00edmbolo do compromisso do governo com a inclus\u00e3o social. Atrav\u00e9s da oferta de servi\u00e7os acess\u00edveis, ele busca garantir que todos, independentemente de sua situa\u00e7\u00e3o socioecon\u00f4mica, possam ter acesso a direitos e cuidados b\u00e1sicos. Essa meta se traduz em pol\u00edticas que impactam n\u00e3o apenas a sa\u00fade, mas tamb\u00e9m a dignidade e o bem-estar da popula\u00e7\u00e3o.<\/p>\n<h2>A\u00e7\u00f5es Futuras e Compromissos do Programa<\/h2>\n<p>O futuro do &#8220;Por Todas Elas&#8221; parece promissor, com planos para ampliar ainda mais a gama de servi\u00e7os e alcan\u00e7ar diversas localidades do estado. Em uma edi\u00e7\u00e3o futura, o programa estar\u00e1 comprometido em realizar a\u00e7\u00f5es voltadas a &#8220;fam\u00edlias at\u00edpicas&#8221;, proporcionando atendimento especializado que atenda \u00e0s necessidades \u00fanicas dessas fam\u00edlias. Essa inova\u00e7\u00e3o destaca a adaptabilidade e a relev\u00e2ncia cont\u00ednua da proposta, buscando sempre a inclus\u00e3o e o suporte social.<\/p>\n<h2>Como Acessar os Servi\u00e7os Disponibilizados<\/h2>\n<p>Ao longo de suas a\u00e7\u00f5es, o programa &#8220;Por Todas Elas&#8221; tem promovido um contato direto com as comunidades, organizando eventos em locais estrat\u00e9gicos como escolas e centros comunit\u00e1rios. Para ser atendido, os cidad\u00e3os podem acompanhar a divulga\u00e7\u00e3o das datas e locais das pr\u00f3ximas edi\u00e7\u00f5es por meio das redes sociais oficiais da Secretaria de Articula\u00e7\u00e3o da Cidadania, onde toda a programa\u00e7\u00e3o \u00e9 anunciada. Al\u00e9m disso, durante os eventos, os atendimentos s\u00e3o realizados de maneira \u00e1gil, garantindo que a popula\u00e7\u00e3o possa ter acesso aos servi\u00e7os necess\u00e1rios.<\/p>\n<h2>Parcerias e Colabora\u00e7\u00f5es no Programa<\/h2>\n<p>Uma parte significativa do sucesso do programa &#8220;Por Todas Elas&#8221; deriva das parcerias estabelecidas com diversas entidades e organiza\u00e7\u00f5es. O trabalho conjunto com ONGs, institui\u00e7\u00f5es de sa\u00fade e empresas locais possibilita que a oferta de servi\u00e7os seja abrangente e adaptada \u00e0s condi\u00e7\u00f5es e demandas espec\u00edficas de cada regi\u00e3o. Estas colabora\u00e7\u00f5es n\u00e3o apenas ampliam o alcance do projeto, mas tamb\u00e9m garantem a sustentabilidade das a\u00e7\u00f5es a longo prazo.<\/p>\n<h2>Conclus\u00e3o: Um Passo para a Cidadania<\/h2>\n<p>Em suma, &#8220;Por Todas Elas&#8221; representa um passo significativo para a cidadania e inclus\u00e3o social no Par\u00e1. Com a sua proposta inovadora e abrangente, o programa n\u00e3o apenas traz servi\u00e7os essenciais para aqueles que mais precisam, mas tamb\u00e9m se firma como um modelo de como as pol\u00edticas p\u00fablicas podem ser eficazes e humanizadas. O comprometimento em atender \u00e0s diversas demandas da popula\u00e7\u00e3o \u00e9 um reflexo do progresso rumo a uma sociedade mais justa e igualit\u00e1ria.<\/p>\n\n<div style=\"font-size: 0px; height: 0px; line-height: 0px; margin: 0; padding: 0; clear: both;\"><\/div>","protected":false},"excerpt":{"rendered":"<p>O programa &#8216;Por Todas Elas&#8217; transforma a cidadania em Bel\u00e9m, oferecendo servi\u00e7os gratuitos de sa\u00fade e assist\u00eancia social.<\/p>\n","protected":false},"author":1,"featured_media":1635,"comment_status":"open","ping_status":"closed","sticky":false,"template":"","format":"standard","meta":{"footnotes":""},"categories":[1],"tags":[],"class_list":["post-1636","post","type-post","status-publish","format-standard","has-post-thumbnail","hentry","category-noticias-em-belem","has_thumb"],"aioseo_notices":[],"_links":{"self":[{"href":"https:\/\/www.encontrabelem.com.br\/sobre\/wp-json\/wp\/v2\/posts\/1636","targetHints":{"allow":["GET"]}}],"collection":[{"href":"https:\/\/www.encontrabelem.com.br\/sobre\/wp-json\/wp\/v2\/posts"}],"about":[{"href":"https:\/\/www.encontrabelem.com.br\/sobre\/wp-json\/wp\/v2\/types\/post"}],"author":[{"embeddable":true,"href":"https:\/\/www.encontrabelem.com.br\/sobre\/wp-json\/wp\/v2\/users\/1"}],"replies":[{"embeddable":true,"href":"https:\/\/www.encontrabelem.com.br\/sobre\/wp-json\/wp\/v2\/comments?post=1636"}],"version-history":[{"count":0,"href":"https:\/\/www.encontrabelem.com.br\/sobre\/wp-json\/wp\/v2\/posts\/1636\/revisions"}],"wp:featuredmedia":[{"embeddable":true,"href":"https:\/\/www.encontrabelem.com.br\/sobre\/wp-json\/wp\/v2\/media\/1635"}],"wp:attachment":[{"href":"https:\/\/www.encontrabelem.com.br\/sobre\/wp-json\/wp\/v2\/media?parent=1636"}],"wp:term":[{"taxonomy":"category","embeddable":true,"href":"https:\/\/www.encontrabelem.com.br\/sobre\/wp-json\/wp\/v2\/categories?post=1636"},{"taxonomy":"post_tag","embeddable":true,"href":"https:\/\/www.encontrabelem.com.br\/sobre\/wp-json\/wp\/v2\/tags?post=1636"}],"curies":[{"name":"wp","href":"https:\/\/api.w.org\/{rel}","templated":true}]}}