{"id":1584,"date":"2026-04-15T13:27:38","date_gmt":"2026-04-15T16:27:38","guid":{"rendered":"https:\/\/www.encontrabelem.com.br\/sobre\/belem-pa-recebe-abertura-do-acelera-certificacao-com-potencial-para-beneficiar-mais-de-90-comunidades-quilombolas"},"modified":"2026-04-15T13:27:38","modified_gmt":"2026-04-15T16:27:38","slug":"belem-pa-recebe-abertura-do-acelera-certificacao-com-potencial-para-beneficiar-mais-de-90-comunidades-quilombolas","status":"publish","type":"post","link":"https:\/\/www.encontrabelem.com.br\/sobre\/belem-pa-recebe-abertura-do-acelera-certificacao-com-potencial-para-beneficiar-mais-de-90-comunidades-quilombolas","title":{"rendered":"Bel\u00e9m (PA) recebe abertura do Acelera Certifica\u00e7\u00e3o com potencial para beneficiar mais de 90 comunidades quilombolas"},"content":{"rendered":"<div class=\"b22802487b0d38c4c6d9f34966e16421\" data-index=\"1\" style=\"float: none; margin:0px;\">\n<!-- Anuncio display - global -->\r\n<ins class=\"adsbygoogle\"\r\n     style=\"display:block\"\r\n     data-ad-client=\"ca-pub-8585364105181520\"\r\n     data-ad-slot=\"8789329856\"\r\n     data-ad-format=\"auto\"\r\n     data-full-width-responsive=\"true\"><\/ins>\r\n<script>\r\n     (adsbygoogle = window.adsbygoogle || []).push({});\r\n<\/script>\n<\/div>\n<h2>O que \u00e9 o Acelera Certifica\u00e7\u00e3o?<\/h2>\n<p>O <strong>Acelera Certifica\u00e7\u00e3o<\/strong> \u00e9 uma iniciativa promovida pela <strong>Funda\u00e7\u00e3o Cultural Palmares<\/strong>, que tem como objetivo principal facilitar o processo de certifica\u00e7\u00e3o de comunidades quilombolas no Brasil. Lan\u00e7ado inicialmente em 2025, esse programa visa aumentar o n\u00famero de comunidades reconhecidas oficialmente, promovendo o fortalecimento de seus direitos e acesso a pol\u00edticas p\u00fablicas adequadas.<\/p>\n<h2>Impacto nas comunidades quilombolas<\/h2>\n<p>A implementa\u00e7\u00e3o do Acelera Certifica\u00e7\u00e3o promete um impacto significativo em mais de 90 comunidades quilombolas localizadas no estado do Par\u00e1. Ao promover a\u00e7\u00f5es de reconhecimento, o programa n\u00e3o s\u00f3 assegura a identidade cultural e social das comunidades, mas tamb\u00e9m oferece oportunidades para o desenvolvimento sustent\u00e1vel e uma melhor inser\u00e7\u00e3o social. Com a certifica\u00e7\u00e3o, essas comunidades poder\u00e3o ter acesso a pol\u00edticas p\u00fablicas que garantam seus direitos e ampliem suas oportunidades.<\/p>\n<h2>A import\u00e2ncia da certifica\u00e7\u00e3o para o reconhecimento<\/h2>\n<p>A certifica\u00e7\u00e3o quilombola \u00e9 um fator crucial para o reconhecimento e a valoriza\u00e7\u00e3o das comunidades. Ela \u00e9 uma forma de legitimar sua exist\u00eancia e suas tradi\u00e7\u00f5es, assim como \u00e9 um passo fundamental para garantir direitos hist\u00f3ricos. Sem a certifica\u00e7\u00e3o, as comunidades enfrentam dificuldades em acessar pol\u00edticas p\u00fablicas e servi\u00e7os essenciais, al\u00e9m de estarem vulner\u00e1veis a diversas formas de discrimina\u00e7\u00e3o e desigualdade social.<\/p>\n<p><img decoding=\"async\" src=\"https:\/\/www.encontrabelem.com.br\/sobre\/wp-content\/uploads\/2026\/04\/belem-pa-recebe-abertura-do-acelera-certificacao-com-potencial-para-beneficiar-mais-de-90-comunidade.webp\" alt=\"Acelera Certifica\u00e7\u00e3o\" loading=\"lazy\" \/><\/p>\n<h2>Parceria entre Funda\u00e7\u00e3o Cultural Palmares e UFOPA<\/h2>\n<p>Para a execu\u00e7\u00e3o do Acelera Certifica\u00e7\u00e3o, a Funda\u00e7\u00e3o Cultural Palmares estabeleceu uma parceria com a <strong>Universidade Federal do Oeste do Par\u00e1 (UFOPA)<\/strong>. Essa colabora\u00e7\u00e3o possibilita a utiliza\u00e7\u00e3o dos recursos provenientes de emendas parlamentares, totalizando um investimento de R$ 600 mil. A UFOPA atua como coordenadora do programa, garantindo que as a\u00e7\u00f5es de certifica\u00e7\u00e3o sejam executadas de forma eficaz e com a participa\u00e7\u00e3o ativa da comunidade quilombola.<\/p>\n<h2>Como funcionar\u00e1 a atua\u00e7\u00e3o dos bolsistas<\/h2>\n<p>Um dos elementos centrais do Acelera Certifica\u00e7\u00e3o \u00e9 a participa\u00e7\u00e3o de <strong>mais de 30 bolsistas quilombolas<\/strong>. Esses profissionais foram selecionados para atuar diretamente nas comunidades, realizando visitas para sensibiliza\u00e7\u00e3o e levantamento de documenta\u00e7\u00e3o necess\u00e1ria ao processo de certifica\u00e7\u00e3o. Al\u00e9m disso, eles ser\u00e3o respons\u00e1veis por promover a\u00e7\u00f5es educativas, esclarecendo a popula\u00e7\u00e3o sobre a import\u00e2ncia da certifica\u00e7\u00e3o e como ela pode beneficiar suas vidas.<\/p>\n<h2>Dados sobre comunidades quilombolas no Par\u00e1<\/h2>\n<p>Atualmente, o Par\u00e1 abriga <strong>340 comunidades quilombolas certificadas<\/strong>. No entanto, especialistas e dados do IBGE revelam que existem mais de <strong>600 comunidades<\/strong> espalhadas pelo estado, evidenciando uma lacuna significativa na certifica\u00e7\u00e3o e reconhecimento. A necessidade de expandir a a\u00e7\u00e3o do Acelera Certifica\u00e7\u00e3o \u00e9 clara, uma vez que essa documenta\u00e7\u00e3o n\u00e3o s\u00f3 formaliza a exist\u00eancia das comunidades, mas tamb\u00e9m \u00e9 essencial para que esses grupos possam reivindicar seus direitos.<\/p>\n<h2>Oficinas de forma\u00e7\u00e3o e capacita\u00e7\u00e3o dos bolsistas<\/h2>\n<p>As oficinas de forma\u00e7\u00e3o constituem uma parte vital do Acelera Certifica\u00e7\u00e3o. Durante essas capacita\u00e7\u00f5es, os bolsistas recebem instru\u00e7\u00f5es sobre o processo de certifica\u00e7\u00e3o quilombola e conhecem melhor as pol\u00edticas p\u00fablicas direcionadas \u00e0s comunidades quilombolas. Essa forma\u00e7\u00e3o pr\u00e1tica e te\u00f3rica \u00e9 fundamental para que os bolsistas se tornem agentes eficazes de mudan\u00e7a em suas comunidades, permitindo que eles transmitam conhecimento e orienta\u00e7\u00f5es precisas para seus conterr\u00e2neos.<\/p>\n<h2>Vantagens da certifica\u00e7\u00e3o para a cultura local<\/h2>\n<p>A certifica\u00e7\u00e3o quilombola traz uma s\u00e9rie de vantagens que v\u00e3o al\u00e9m do aspecto burocr\u00e1tico. Ela enaltece a cultura local ao reconhecer suas tradi\u00e7\u00f5es e pr\u00e1ticas, possibilitando que as comunidades tenham voz ativa em pol\u00edticas que as afetem. Al\u00e9m disso, o reconhecimento oficial permite acesso a recursos e apoios governamentais e n\u00e3o governamentais, promovendo o desenvolvimento cultural e econ\u00f4mico local. Ao valorizar a cultura quilombola, a certifica\u00e7\u00e3o tamb\u00e9m promove a preserva\u00e7\u00e3o de saberes e pr\u00e1ticas ancestrais.<\/p>\n<h2>O papel dos movimentos sociais na iniciativa<\/h2>\n<p>Os movimentos sociais desempenham um papel indispens\u00e1vel no processo de certifica\u00e7\u00e3o. Ag\u00eancias como a <strong>Malungu<\/strong> e o <strong>Instituto Filhos do Quilombo<\/strong> s\u00e3o fundamentais para a articula\u00e7\u00e3o entre as comunidades e o governo, auxiliando na organiza\u00e7\u00e3o e mobiliza\u00e7\u00e3o dos quilombolas. Essas entidades n\u00e3o s\u00f3 ajudam nas orienta\u00e7\u00f5es sobre o processo de certifica\u00e7\u00e3o, mas tamb\u00e9m s\u00e3o essenciais para garantir que os direitos das comunidades sejam prioridade nas pol\u00edticas p\u00fablicas.<\/p>\n<h2>Pr\u00f3ximos passos ap\u00f3s a abertura formal<\/h2>\n<p>Ap\u00f3s o evento de abertura do Acelera Certifica\u00e7\u00e3o em Bel\u00e9m, os pr\u00f3ximos passos incluem a implementa\u00e7\u00e3o das oficinas para bolsistas e a posterior realiza\u00e7\u00e3o de visitas \u00e0s comunidades. Essa fase do programa \u00e9 cr\u00edtica, pois \u00e9 nessa etapa que o verdadeiro impacto da certifica\u00e7\u00e3o come\u00e7ar\u00e1 a ser sentido nas comunidades quilombolas. Uma vez que a documenta\u00e7\u00e3o necess\u00e1ria seja levantada e processada, as comunidades poder\u00e3o finalmente obter seu reconhecimento oficial, um passo crucial para o fortalecimento de seus direitos e cultura.<\/p>\n\n<div style=\"font-size: 0px; height: 0px; line-height: 0px; margin: 0; padding: 0; clear: both;\"><\/div>","protected":false},"excerpt":{"rendered":"<p>Acelera Certifica\u00e7\u00e3o beneficia mais de 90 comunidades quilombolas em Bel\u00e9m (PA).<\/p>\n","protected":false},"author":1,"featured_media":1583,"comment_status":"open","ping_status":"closed","sticky":false,"template":"","format":"standard","meta":{"footnotes":""},"categories":[1],"tags":[],"class_list":["post-1584","post","type-post","status-publish","format-standard","has-post-thumbnail","hentry","category-noticias-em-belem","has_thumb"],"aioseo_notices":[],"aioseo_head":"\n\t\t<!-- All in One SEO 5.0.0.1 - aioseo.com -->\n\t<meta name=\"description\" content=\"Acelera Certifica\u00e7\u00e3o beneficia mais de 90 comunidades quilombolas em Bel\u00e9m (PA).\" \/>\n\t<meta name=\"robots\" content=\"max-image-preview:large\" \/>\n\t<meta name=\"author\" content=\"Encontra Bel\u00e9m\"\/>\n\t<link rel=\"canonical\" href=\"https:\/\/www.encontrabelem.com.br\/sobre\/belem-pa-recebe-abertura-do-acelera-certificacao-com-potencial-para-beneficiar-mais-de-90-comunidades-quilombolas\" \/>\n\t<meta name=\"generator\" content=\"All in One SEO (AIOSEO) 5.0.0.1\" \/>\n\t\t<meta property=\"og:locale\" content=\"pt_BR\" \/>\n\t\t<meta property=\"og:site_name\" content=\"Encontra Bel\u00e9m | Not\u00edcias, eventos, informa\u00e7\u00f5es e dicas na cidade Bel\u00e9m e regi\u00e3o.\" \/>\n\t\t<meta property=\"og:type\" content=\"article\" \/>\n\t\t<meta property=\"og:title\" content=\"Bel\u00e9m (PA) recebe abertura do Acelera Certifica\u00e7\u00e3o com potencial para beneficiar mais de 90 comunidades quilombolas | Encontra Bel\u00e9m\" \/>\n\t\t<meta property=\"og:description\" content=\"Acelera Certifica\u00e7\u00e3o beneficia mais de 90 comunidades quilombolas em Bel\u00e9m (PA).\" \/>\n\t\t<meta property=\"og:url\" content=\"https:\/\/www.encontrabelem.com.br\/sobre\/belem-pa-recebe-abertura-do-acelera-certificacao-com-potencial-para-beneficiar-mais-de-90-comunidades-quilombolas\" \/>\n\t\t<meta property=\"article:published_time\" content=\"2026-04-15T16:27:38+00:00\" \/>\n\t\t<meta property=\"article:modified_time\" content=\"2026-04-15T16:27:38+00:00\" \/>\n\t\t<meta name=\"twitter:card\" content=\"summary\" \/>\n\t\t<meta name=\"twitter:title\" content=\"Bel\u00e9m (PA) recebe abertura do Acelera Certifica\u00e7\u00e3o com potencial para beneficiar mais de 90 comunidades quilombolas | Encontra Bel\u00e9m\" \/>\n\t\t<meta name=\"twitter:description\" content=\"Acelera Certifica\u00e7\u00e3o beneficia mais de 90 comunidades quilombolas em Bel\u00e9m (PA).\" \/>\n\t\t<script type=\"application\/ld+json\" class=\"aioseo-schema\">\n\t\t\t{\"@context\":\"https:\\\/\\\/schema.org\",\"@graph\":[{\"@type\":\"Article\",\"@id\":\"https:\\\/\\\/www.encontrabelem.com.br\\\/sobre\\\/belem-pa-recebe-abertura-do-acelera-certificacao-com-potencial-para-beneficiar-mais-de-90-comunidades-quilombolas#article\",\"name\":\"Bel\\u00e9m (PA) recebe abertura do Acelera Certifica\\u00e7\\u00e3o com potencial para beneficiar mais de 90 comunidades quilombolas | Encontra Bel\\u00e9m\",\"headline\":\"Bel\\u00e9m (PA) recebe abertura do Acelera Certifica\\u00e7\\u00e3o com potencial para beneficiar mais de 90 comunidades quilombolas\",\"author\":{\"@id\":\"https:\\\/\\\/www.encontrabelem.com.br\\\/sobre\\\/author\\\/ebelem#author\"},\"publisher\":{\"@id\":\"https:\\\/\\\/www.encontrabelem.com.br\\\/sobre\\\/#organization\"},\"image\":{\"@type\":\"ImageObject\",\"url\":\"https:\\\/\\\/www.encontrabelem.com.br\\\/sobre\\\/wp-content\\\/uploads\\\/2026\\\/04\\\/belem-pa-recebe-abertura-do-acelera-certificacao-com-potencial-para-beneficiar-mais-de-90-comunidade.webp\",\"width\":280,\"height\":280,\"caption\":\"Acelera Certifica\\u00e7\\u00e3o\"},\"datePublished\":\"2026-04-15T13:27:38-03:00\",\"dateModified\":\"2026-04-15T13:27:38-03:00\",\"inLanguage\":\"pt-BR\",\"mainEntityOfPage\":{\"@id\":\"https:\\\/\\\/www.encontrabelem.com.br\\\/sobre\\\/belem-pa-recebe-abertura-do-acelera-certificacao-com-potencial-para-beneficiar-mais-de-90-comunidades-quilombolas#webpage\"},\"isPartOf\":{\"@id\":\"https:\\\/\\\/www.encontrabelem.com.br\\\/sobre\\\/belem-pa-recebe-abertura-do-acelera-certificacao-com-potencial-para-beneficiar-mais-de-90-comunidades-quilombolas#webpage\"},\"articleSection\":\"Not\\u00edcias Bel\\u00e9m\"},{\"@type\":\"BreadcrumbList\",\"@id\":\"https:\\\/\\\/www.encontrabelem.com.br\\\/sobre\\\/belem-pa-recebe-abertura-do-acelera-certificacao-com-potencial-para-beneficiar-mais-de-90-comunidades-quilombolas#breadcrumblist\",\"itemListElement\":[{\"@type\":\"ListItem\",\"@id\":\"https:\\\/\\\/www.encontrabelem.com.br\\\/sobre#listItem\",\"position\":1,\"name\":\"In\\u00edcio\",\"item\":\"https:\\\/\\\/www.encontrabelem.com.br\\\/sobre\",\"nextItem\":{\"@type\":\"ListItem\",\"@id\":\"https:\\\/\\\/www.encontrabelem.com.br\\\/sobre\\\/noticias-em-belem#listItem\",\"name\":\"Not\\u00edcias Bel\\u00e9m\"}},{\"@type\":\"ListItem\",\"@id\":\"https:\\\/\\\/www.encontrabelem.com.br\\\/sobre\\\/noticias-em-belem#listItem\",\"position\":2,\"name\":\"Not\\u00edcias Bel\\u00e9m\",\"item\":\"https:\\\/\\\/www.encontrabelem.com.br\\\/sobre\\\/noticias-em-belem\",\"nextItem\":{\"@type\":\"ListItem\",\"@id\":\"https:\\\/\\\/www.encontrabelem.com.br\\\/sobre\\\/belem-pa-recebe-abertura-do-acelera-certificacao-com-potencial-para-beneficiar-mais-de-90-comunidades-quilombolas#listItem\",\"name\":\"Bel\\u00e9m (PA) recebe abertura do Acelera Certifica\\u00e7\\u00e3o com potencial para beneficiar mais de 90 comunidades quilombolas\"},\"previousItem\":{\"@type\":\"ListItem\",\"@id\":\"https:\\\/\\\/www.encontrabelem.com.br\\\/sobre#listItem\",\"name\":\"In\\u00edcio\"}},{\"@type\":\"ListItem\",\"@id\":\"https:\\\/\\\/www.encontrabelem.com.br\\\/sobre\\\/belem-pa-recebe-abertura-do-acelera-certificacao-com-potencial-para-beneficiar-mais-de-90-comunidades-quilombolas#listItem\",\"position\":3,\"name\":\"Bel\\u00e9m (PA) recebe abertura do Acelera Certifica\\u00e7\\u00e3o com potencial para beneficiar mais de 90 comunidades quilombolas\",\"previousItem\":{\"@type\":\"ListItem\",\"@id\":\"https:\\\/\\\/www.encontrabelem.com.br\\\/sobre\\\/noticias-em-belem#listItem\",\"name\":\"Not\\u00edcias Bel\\u00e9m\"}}]},{\"@type\":\"Organization\",\"@id\":\"https:\\\/\\\/www.encontrabelem.com.br\\\/sobre\\\/#organization\",\"name\":\"Encontra Bel\\u00e9m\",\"description\":\"Not\\u00edcias, eventos, informa\\u00e7\\u00f5es e dicas na cidade Bel\\u00e9m e regi\\u00e3o.\",\"url\":\"https:\\\/\\\/www.encontrabelem.com.br\\\/sobre\\\/\"},{\"@type\":\"Person\",\"@id\":\"https:\\\/\\\/www.encontrabelem.com.br\\\/sobre\\\/author\\\/ebelem#author\",\"url\":\"https:\\\/\\\/www.encontrabelem.com.br\\\/sobre\\\/author\\\/ebelem\",\"name\":\"Encontra Bel\\u00e9m\",\"image\":{\"@type\":\"ImageObject\",\"@id\":\"https:\\\/\\\/www.encontrabelem.com.br\\\/sobre\\\/belem-pa-recebe-abertura-do-acelera-certificacao-com-potencial-para-beneficiar-mais-de-90-comunidades-quilombolas#authorImage\",\"url\":\"https:\\\/\\\/secure.gravatar.com\\\/avatar\\\/507340682b8270222e1f208e23198b6ae7e2c6a1033ae84e99bc6bce4f82a387?s=96&d=mm&r=g\",\"width\":96,\"height\":96,\"caption\":\"Encontra Bel\\u00e9m\"}},{\"@type\":\"WebPage\",\"@id\":\"https:\\\/\\\/www.encontrabelem.com.br\\\/sobre\\\/belem-pa-recebe-abertura-do-acelera-certificacao-com-potencial-para-beneficiar-mais-de-90-comunidades-quilombolas#webpage\",\"url\":\"https:\\\/\\\/www.encontrabelem.com.br\\\/sobre\\\/belem-pa-recebe-abertura-do-acelera-certificacao-com-potencial-para-beneficiar-mais-de-90-comunidades-quilombolas\",\"name\":\"Bel\\u00e9m (PA) recebe abertura do Acelera Certifica\\u00e7\\u00e3o com potencial para beneficiar mais de 90 comunidades quilombolas | Encontra Bel\\u00e9m\",\"description\":\"Acelera Certifica\\u00e7\\u00e3o beneficia mais de 90 comunidades quilombolas em Bel\\u00e9m (PA).\",\"inLanguage\":\"pt-BR\",\"isPartOf\":{\"@id\":\"https:\\\/\\\/www.encontrabelem.com.br\\\/sobre\\\/#website\"},\"breadcrumb\":{\"@id\":\"https:\\\/\\\/www.encontrabelem.com.br\\\/sobre\\\/belem-pa-recebe-abertura-do-acelera-certificacao-com-potencial-para-beneficiar-mais-de-90-comunidades-quilombolas#breadcrumblist\"},\"author\":{\"@id\":\"https:\\\/\\\/www.encontrabelem.com.br\\\/sobre\\\/author\\\/ebelem#author\"},\"creator\":{\"@id\":\"https:\\\/\\\/www.encontrabelem.com.br\\\/sobre\\\/author\\\/ebelem#author\"},\"image\":{\"@type\":\"ImageObject\",\"url\":\"https:\\\/\\\/www.encontrabelem.com.br\\\/sobre\\\/wp-content\\\/uploads\\\/2026\\\/04\\\/belem-pa-recebe-abertura-do-acelera-certificacao-com-potencial-para-beneficiar-mais-de-90-comunidade.webp\",\"@id\":\"https:\\\/\\\/www.encontrabelem.com.br\\\/sobre\\\/belem-pa-recebe-abertura-do-acelera-certificacao-com-potencial-para-beneficiar-mais-de-90-comunidades-quilombolas\\\/#mainImage\",\"width\":280,\"height\":280,\"caption\":\"Acelera Certifica\\u00e7\\u00e3o\"},\"primaryImageOfPage\":{\"@id\":\"https:\\\/\\\/www.encontrabelem.com.br\\\/sobre\\\/belem-pa-recebe-abertura-do-acelera-certificacao-com-potencial-para-beneficiar-mais-de-90-comunidades-quilombolas#mainImage\"},\"datePublished\":\"2026-04-15T13:27:38-03:00\",\"dateModified\":\"2026-04-15T13:27:38-03:00\"},{\"@type\":\"WebSite\",\"@id\":\"https:\\\/\\\/www.encontrabelem.com.br\\\/sobre\\\/#website\",\"url\":\"https:\\\/\\\/www.encontrabelem.com.br\\\/sobre\\\/\",\"name\":\"Encontra Bel\\u00e9m\",\"description\":\"Not\\u00edcias, eventos, informa\\u00e7\\u00f5es e dicas na cidade Bel\\u00e9m e regi\\u00e3o.\",\"inLanguage\":\"pt-BR\",\"publisher\":{\"@id\":\"https:\\\/\\\/www.encontrabelem.com.br\\\/sobre\\\/#organization\"}}]}\n\t\t<\/script>\n\t\t<!-- All in One SEO -->\n\n","aioseo_head_json":{"title":"Bel\u00e9m (PA) recebe abertura do Acelera Certifica\u00e7\u00e3o com potencial para beneficiar mais de 90 comunidades quilombolas | Encontra Bel\u00e9m","description":"Acelera Certifica\u00e7\u00e3o beneficia mais de 90 comunidades quilombolas em Bel\u00e9m (PA).","canonical_url":"https:\/\/www.encontrabelem.com.br\/sobre\/belem-pa-recebe-abertura-do-acelera-certificacao-com-potencial-para-beneficiar-mais-de-90-comunidades-quilombolas","robots":"max-image-preview:large","keywords":"","webmasterTools":{"miscellaneous":""},"schema":{"@context":"https:\/\/schema.org","@graph":[{"@type":"Article","@id":"https:\/\/www.encontrabelem.com.br\/sobre\/belem-pa-recebe-abertura-do-acelera-certificacao-com-potencial-para-beneficiar-mais-de-90-comunidades-quilombolas#article","name":"Bel\u00e9m (PA) recebe abertura do Acelera Certifica\u00e7\u00e3o com potencial para beneficiar mais de 90 comunidades quilombolas | Encontra Bel\u00e9m","headline":"Bel\u00e9m (PA) recebe abertura do Acelera Certifica\u00e7\u00e3o com potencial para beneficiar mais de 90 comunidades quilombolas","author":{"@id":"https:\/\/www.encontrabelem.com.br\/sobre\/author\/ebelem#author"},"publisher":{"@id":"https:\/\/www.encontrabelem.com.br\/sobre\/#organization"},"image":{"@type":"ImageObject","url":"https:\/\/www.encontrabelem.com.br\/sobre\/wp-content\/uploads\/2026\/04\/belem-pa-recebe-abertura-do-acelera-certificacao-com-potencial-para-beneficiar-mais-de-90-comunidade.webp","width":280,"height":280,"caption":"Acelera Certifica\u00e7\u00e3o"},"datePublished":"2026-04-15T13:27:38-03:00","dateModified":"2026-04-15T13:27:38-03:00","inLanguage":"pt-BR","mainEntityOfPage":{"@id":"https:\/\/www.encontrabelem.com.br\/sobre\/belem-pa-recebe-abertura-do-acelera-certificacao-com-potencial-para-beneficiar-mais-de-90-comunidades-quilombolas#webpage"},"isPartOf":{"@id":"https:\/\/www.encontrabelem.com.br\/sobre\/belem-pa-recebe-abertura-do-acelera-certificacao-com-potencial-para-beneficiar-mais-de-90-comunidades-quilombolas#webpage"},"articleSection":"Not\u00edcias Bel\u00e9m"},{"@type":"BreadcrumbList","@id":"https:\/\/www.encontrabelem.com.br\/sobre\/belem-pa-recebe-abertura-do-acelera-certificacao-com-potencial-para-beneficiar-mais-de-90-comunidades-quilombolas#breadcrumblist","itemListElement":[{"@type":"ListItem","@id":"https:\/\/www.encontrabelem.com.br\/sobre#listItem","position":1,"name":"In\u00edcio","item":"https:\/\/www.encontrabelem.com.br\/sobre","nextItem":{"@type":"ListItem","@id":"https:\/\/www.encontrabelem.com.br\/sobre\/noticias-em-belem#listItem","name":"Not\u00edcias Bel\u00e9m"}},{"@type":"ListItem","@id":"https:\/\/www.encontrabelem.com.br\/sobre\/noticias-em-belem#listItem","position":2,"name":"Not\u00edcias Bel\u00e9m","item":"https:\/\/www.encontrabelem.com.br\/sobre\/noticias-em-belem","nextItem":{"@type":"ListItem","@id":"https:\/\/www.encontrabelem.com.br\/sobre\/belem-pa-recebe-abertura-do-acelera-certificacao-com-potencial-para-beneficiar-mais-de-90-comunidades-quilombolas#listItem","name":"Bel\u00e9m (PA) recebe abertura do Acelera Certifica\u00e7\u00e3o com potencial para beneficiar mais de 90 comunidades quilombolas"},"previousItem":{"@type":"ListItem","@id":"https:\/\/www.encontrabelem.com.br\/sobre#listItem","name":"In\u00edcio"}},{"@type":"ListItem","@id":"https:\/\/www.encontrabelem.com.br\/sobre\/belem-pa-recebe-abertura-do-acelera-certificacao-com-potencial-para-beneficiar-mais-de-90-comunidades-quilombolas#listItem","position":3,"name":"Bel\u00e9m (PA) recebe abertura do Acelera Certifica\u00e7\u00e3o com potencial para beneficiar mais de 90 comunidades quilombolas","previousItem":{"@type":"ListItem","@id":"https:\/\/www.encontrabelem.com.br\/sobre\/noticias-em-belem#listItem","name":"Not\u00edcias Bel\u00e9m"}}]},{"@type":"Organization","@id":"https:\/\/www.encontrabelem.com.br\/sobre\/#organization","name":"Encontra Bel\u00e9m","description":"Not\u00edcias, eventos, informa\u00e7\u00f5es e dicas na cidade Bel\u00e9m e regi\u00e3o.","url":"https:\/\/www.encontrabelem.com.br\/sobre\/"},{"@type":"Person","@id":"https:\/\/www.encontrabelem.com.br\/sobre\/author\/ebelem#author","url":"https:\/\/www.encontrabelem.com.br\/sobre\/author\/ebelem","name":"Encontra Bel\u00e9m","image":{"@type":"ImageObject","@id":"https:\/\/www.encontrabelem.com.br\/sobre\/belem-pa-recebe-abertura-do-acelera-certificacao-com-potencial-para-beneficiar-mais-de-90-comunidades-quilombolas#authorImage","url":"https:\/\/secure.gravatar.com\/avatar\/507340682b8270222e1f208e23198b6ae7e2c6a1033ae84e99bc6bce4f82a387?s=96&d=mm&r=g","width":96,"height":96,"caption":"Encontra Bel\u00e9m"}},{"@type":"WebPage","@id":"https:\/\/www.encontrabelem.com.br\/sobre\/belem-pa-recebe-abertura-do-acelera-certificacao-com-potencial-para-beneficiar-mais-de-90-comunidades-quilombolas#webpage","url":"https:\/\/www.encontrabelem.com.br\/sobre\/belem-pa-recebe-abertura-do-acelera-certificacao-com-potencial-para-beneficiar-mais-de-90-comunidades-quilombolas","name":"Bel\u00e9m (PA) recebe abertura do Acelera Certifica\u00e7\u00e3o com potencial para beneficiar mais de 90 comunidades quilombolas | Encontra Bel\u00e9m","description":"Acelera Certifica\u00e7\u00e3o beneficia mais de 90 comunidades quilombolas em Bel\u00e9m (PA).","inLanguage":"pt-BR","isPartOf":{"@id":"https:\/\/www.encontrabelem.com.br\/sobre\/#website"},"breadcrumb":{"@id":"https:\/\/www.encontrabelem.com.br\/sobre\/belem-pa-recebe-abertura-do-acelera-certificacao-com-potencial-para-beneficiar-mais-de-90-comunidades-quilombolas#breadcrumblist"},"author":{"@id":"https:\/\/www.encontrabelem.com.br\/sobre\/author\/ebelem#author"},"creator":{"@id":"https:\/\/www.encontrabelem.com.br\/sobre\/author\/ebelem#author"},"image":{"@type":"ImageObject","url":"https:\/\/www.encontrabelem.com.br\/sobre\/wp-content\/uploads\/2026\/04\/belem-pa-recebe-abertura-do-acelera-certificacao-com-potencial-para-beneficiar-mais-de-90-comunidade.webp","@id":"https:\/\/www.encontrabelem.com.br\/sobre\/belem-pa-recebe-abertura-do-acelera-certificacao-com-potencial-para-beneficiar-mais-de-90-comunidades-quilombolas\/#mainImage","width":280,"height":280,"caption":"Acelera Certifica\u00e7\u00e3o"},"primaryImageOfPage":{"@id":"https:\/\/www.encontrabelem.com.br\/sobre\/belem-pa-recebe-abertura-do-acelera-certificacao-com-potencial-para-beneficiar-mais-de-90-comunidades-quilombolas#mainImage"},"datePublished":"2026-04-15T13:27:38-03:00","dateModified":"2026-04-15T13:27:38-03:00"},{"@type":"WebSite","@id":"https:\/\/www.encontrabelem.com.br\/sobre\/#website","url":"https:\/\/www.encontrabelem.com.br\/sobre\/","name":"Encontra Bel\u00e9m","description":"Not\u00edcias, eventos, informa\u00e7\u00f5es e dicas na cidade Bel\u00e9m e regi\u00e3o.","inLanguage":"pt-BR","publisher":{"@id":"https:\/\/www.encontrabelem.com.br\/sobre\/#organization"}}]},"og:locale":"pt_BR","og:site_name":"Encontra Bel\u00e9m | Not\u00edcias, eventos, informa\u00e7\u00f5es e dicas na cidade Bel\u00e9m e regi\u00e3o.","og:type":"article","og:title":"Bel\u00e9m (PA) recebe abertura do Acelera Certifica\u00e7\u00e3o com potencial para beneficiar mais de 90 comunidades quilombolas | Encontra Bel\u00e9m","og:description":"Acelera Certifica\u00e7\u00e3o beneficia mais de 90 comunidades quilombolas em Bel\u00e9m (PA).","og:url":"https:\/\/www.encontrabelem.com.br\/sobre\/belem-pa-recebe-abertura-do-acelera-certificacao-com-potencial-para-beneficiar-mais-de-90-comunidades-quilombolas","article:published_time":"2026-04-15T16:27:38+00:00","article:modified_time":"2026-04-15T16:27:38+00:00","twitter:card":"summary","twitter:title":"Bel\u00e9m (PA) recebe abertura do Acelera Certifica\u00e7\u00e3o com potencial para beneficiar mais de 90 comunidades quilombolas | Encontra Bel\u00e9m","twitter:description":"Acelera Certifica\u00e7\u00e3o beneficia mais de 90 comunidades quilombolas em Bel\u00e9m (PA)."},"aioseo_meta_data":{"post_id":"1584","title":null,"description":null,"keywords":null,"keyphrases":null,"primary_term":null,"canonical_url":null,"og_title":null,"og_description":null,"og_object_type":"default","og_image_type":"default","og_image_url":null,"og_image_width":null,"og_image_height":null,"og_image_custom_url":null,"og_image_custom_fields":null,"og_video":null,"og_custom_url":null,"og_article_section":null,"og_article_tags":null,"twitter_use_og":false,"twitter_card":"default","twitter_image_type":"default","twitter_image_url":null,"twitter_image_custom_url":null,"twitter_image_custom_fields":null,"twitter_title":null,"twitter_description":null,"schema":{"blockGraphs":[],"customGraphs":[],"default":{"data":{"Article":[],"Course":[],"Dataset":[],"FAQPage":[],"Movie":[],"Person":[],"Product":[],"ProductReview":[],"Car":[],"Recipe":[],"Service":[],"SoftwareApplication":[],"WebPage":[]},"graphName":"Article","isEnabled":true},"graphs":[]},"schema_type":"default","schema_type_options":null,"pillar_content":false,"robots_default":true,"robots_noindex":false,"robots_noarchive":false,"robots_nosnippet":false,"robots_nofollow":false,"robots_noimageindex":false,"robots_noodp":false,"robots_notranslate":false,"robots_max_snippet":null,"robots_max_videopreview":null,"robots_max_imagepreview":"large","priority":null,"frequency":null,"local_seo":null,"breadcrumb_settings":null,"limit_modified_date":false,"ai":null,"created":"2026-04-15 16:27:42","updated":"2026-04-15 16:55:40","focus_keyword":null,"additional_keywords":null,"truseo_locale":null,"seo_analyzer_scan_date":null},"aioseo_breadcrumb":"<div class=\"aioseo-breadcrumbs\"><span class=\"aioseo-breadcrumb\">\n\t\t\t<a href=\"https:\/\/www.encontrabelem.com.br\/sobre\" title=\"In\u00edcio\">In\u00edcio<\/a>\n\t\t<\/span><span class=\"aioseo-breadcrumb-separator\">&raquo;<\/span><span class=\"aioseo-breadcrumb\">\n\t\t\t<a href=\"https:\/\/www.encontrabelem.com.br\/sobre\/noticias-em-belem\" title=\"Not\u00edcias Bel\u00e9m\">Not\u00edcias Bel\u00e9m<\/a>\n\t\t<\/span><span class=\"aioseo-breadcrumb-separator\">&raquo;<\/span><span class=\"aioseo-breadcrumb\">\n\t\t\tBel\u00e9m (PA) recebe abertura do Acelera Certifica\u00e7\u00e3o com potencial para beneficiar mais de 90 comunidades quilombolas\n\t\t<\/span><\/div>","aioseo_breadcrumb_json":[{"label":"In\u00edcio","link":"https:\/\/www.encontrabelem.com.br\/sobre"},{"label":"Not\u00edcias Bel\u00e9m","link":"https:\/\/www.encontrabelem.com.br\/sobre\/noticias-em-belem"},{"label":"Bel\u00e9m (PA) recebe abertura do Acelera Certifica\u00e7\u00e3o com potencial para beneficiar mais de 90 comunidades quilombolas","link":"https:\/\/www.encontrabelem.com.br\/sobre\/belem-pa-recebe-abertura-do-acelera-certificacao-com-potencial-para-beneficiar-mais-de-90-comunidades-quilombolas"}],"_links":{"self":[{"href":"https:\/\/www.encontrabelem.com.br\/sobre\/wp-json\/wp\/v2\/posts\/1584","targetHints":{"allow":["GET"]}}],"collection":[{"href":"https:\/\/www.encontrabelem.com.br\/sobre\/wp-json\/wp\/v2\/posts"}],"about":[{"href":"https:\/\/www.encontrabelem.com.br\/sobre\/wp-json\/wp\/v2\/types\/post"}],"author":[{"embeddable":true,"href":"https:\/\/www.encontrabelem.com.br\/sobre\/wp-json\/wp\/v2\/users\/1"}],"replies":[{"embeddable":true,"href":"https:\/\/www.encontrabelem.com.br\/sobre\/wp-json\/wp\/v2\/comments?post=1584"}],"version-history":[{"count":0,"href":"https:\/\/www.encontrabelem.com.br\/sobre\/wp-json\/wp\/v2\/posts\/1584\/revisions"}],"wp:featuredmedia":[{"embeddable":true,"href":"https:\/\/www.encontrabelem.com.br\/sobre\/wp-json\/wp\/v2\/media\/1583"}],"wp:attachment":[{"href":"https:\/\/www.encontrabelem.com.br\/sobre\/wp-json\/wp\/v2\/media?parent=1584"}],"wp:term":[{"taxonomy":"category","embeddable":true,"href":"https:\/\/www.encontrabelem.com.br\/sobre\/wp-json\/wp\/v2\/categories?post=1584"},{"taxonomy":"post_tag","embeddable":true,"href":"https:\/\/www.encontrabelem.com.br\/sobre\/wp-json\/wp\/v2\/tags?post=1584"}],"curies":[{"name":"wp","href":"https:\/\/api.w.org\/{rel}","templated":true}]}}