{"id":158,"date":"2013-04-03T00:01:36","date_gmt":"2013-04-03T03:01:36","guid":{"rendered":"http:\/\/www.encontrabelem.com.br\/noticias\/?p=158"},"modified":"2023-11-13T11:17:37","modified_gmt":"2023-11-13T14:17:37","slug":"curso-esclarece-duvidas-sobre-imposto-de-renda-em-belem","status":"publish","type":"post","link":"https:\/\/www.encontrabelem.com.br\/sobre\/curso-esclarece-duvidas-sobre-imposto-de-renda-em-belem","title":{"rendered":"Curso esclarece d\u00favidas sobre Imposto de Renda em Bel\u00e9m"},"content":{"rendered":"<div class=\"b22802487b0d38c4c6d9f34966e16421\" data-index=\"1\" style=\"float: none; margin:0px;\">\n<!-- Anuncio display - global -->\r\n<ins class=\"adsbygoogle\"\r\n     style=\"display:block\"\r\n     data-ad-client=\"ca-pub-8585364105181520\"\r\n     data-ad-slot=\"8789329856\"\r\n     data-ad-format=\"auto\"\r\n     data-full-width-responsive=\"true\"><\/ins>\r\n<script>\r\n     (adsbygoogle = window.adsbygoogle || []).push({});\r\n<\/script>\n<\/div>\n<p>A Universidade Federal do Par\u00e1 (UFPA) realiza hoje (3) a \u201cII Oficina de Imposto de Renda Pessoa F\u00edsica\u201d ministrada pelo professor Jo\u00e3o Lobo, da \u00e1rea tribut\u00e1ria da Faculdade de Ci\u00eancias Cont\u00e1beis. O <a title=\"Eventos em Bel\u00e9m\" href=\"http:\/\/www.encontrabelem.com.br\/e\/eventos-em-belem.shtml\" target=\"_blank\" rel=\"noopener\">evento na cidade de Bel\u00e9m<\/a> \u00e9 aberto ao p\u00fablico em geral e acontece de 18h30 \u00e0s 21h30 no Laborat\u00f3rio Cont\u00e1bil do Instituto de Ci\u00eancias Sociais Aplicadas da UFPA.<\/p>\n<p>O curso visa esclarecer qualquer d\u00favida sobre o Imposto de Renda, ajudando o contribuinte que, h\u00e1 menos de 30 dias do fim do prazo dado pela Receita Federal, ainda n\u00e3o fez a declara\u00e7\u00e3o.<\/p>\n<p>Segundo o professor da UFPA, existem tr\u00eas passos para se seguir corretamente o processo de declara\u00e7\u00e3o: organizar, declarar e acompanhar para que, caso necess\u00e1rio, sejam feitas corre\u00e7\u00f5es. As informa\u00e7\u00f5es reunidas devem conter tudo o que se ganhou durante o ano (incluindo alugu\u00e9is); notas fiscais e declara\u00e7\u00f5es das despesas m\u00e9dicas (exames laboratoriais, consultas) e de instru\u00e7\u00e3o (escola). Al\u00e9m de comprovantes de compra e venda de bens acima de R$ 20 mil.<\/p>\n<p>\u201cExistem dois tipos de declara\u00e7\u00e3o: uma em que as dedu\u00e7\u00f5es s\u00e3o aceitas e outra em que o governo d\u00e1 um desconto autom\u00e1tico de 20%, sem comprovar nenhum tipo de despesa. Depender\u00e1 dos n\u00fameros. A pessoa ter\u00e1 que ver sua renda para saber o que valer\u00e1 mais a pena, o desconto do governo ou suas pr\u00f3prias despesas\u201d, esclarece Jo\u00e3o Lobo.<\/p>\n<p>\u201cA pessoa deve informar todas as suas fontes com os valores corretos, mediante o respaldo de notas fiscais e recibos do profissional, pois existe um sistema de cruzamento muito eficaz da Receita Federal. Se for omitida alguma fonte ou algum n\u00famero n\u00e3o bater, o sujeito entra na malha fina. Al\u00e9m disso, em caso de despesa m\u00e9dica, cheque se h\u00e1 todos os dados do profissional, entre nome, endere\u00e7o e outros\u201d, finaliza o professor da UFPA.<\/p>\n<p><strong>Servi\u00e7o<\/strong><\/p>\n<p>II Oficina de Imposto de Renda Pessoa F\u00edsica, dias 2 e 3 de abril, de 18h30 \u00e0s 21h30, no Laborat\u00f3rio Cont\u00e1bil do Instituto de Ci\u00eancias Sociais Aplicadas da UFPA (ICSA). O valor da taxa de inscri\u00e7\u00e3o \u00e9 R$ 10.<\/p>\n<p><em>Fonte: G1<\/em><\/p>\n\n<div style=\"font-size: 0px; height: 0px; line-height: 0px; margin: 0; padding: 0; clear: both;\"><\/div>","protected":false},"excerpt":{"rendered":"<p>A Universidade Federal do Par\u00e1 (UFPA) realiza hoje (3) a \u201cII Oficina de Imposto de Renda Pessoa F\u00edsica\u201d ministrada pelo professor Jo\u00e3o Lobo, da \u00e1rea tribut\u00e1ria da Faculdade de Ci\u00eancias Cont\u00e1beis. O evento na cidade de Bel\u00e9m \u00e9 aberto ao p\u00fablico em geral e acontece de 18h30 \u00e0s 21h30 no Laborat\u00f3rio Cont\u00e1bil do Instituto de Ci\u00eancias Sociais Aplicadas da UFPA. O curso visa esclarecer qualquer d\u00favida sobre o Imposto de Renda, ajudando o contribuinte que, h\u00e1 menos de 30 dias do fim do prazo dado pela Receita Federal, ainda n\u00e3o fez a declara\u00e7\u00e3o. Segundo o professor da UFPA, existem tr\u00eas <\/p>\n","protected":false},"author":1,"featured_media":0,"comment_status":"closed","ping_status":"closed","sticky":false,"template":"","format":"standard","meta":{"footnotes":""},"categories":[1,7],"tags":[11],"class_list":["post-158","post","type-post","status-publish","format-standard","hentry","category-noticias-em-belem","category-servicos-em-belem","tag-belem"],"aioseo_notices":[],"_links":{"self":[{"href":"https:\/\/www.encontrabelem.com.br\/sobre\/wp-json\/wp\/v2\/posts\/158","targetHints":{"allow":["GET"]}}],"collection":[{"href":"https:\/\/www.encontrabelem.com.br\/sobre\/wp-json\/wp\/v2\/posts"}],"about":[{"href":"https:\/\/www.encontrabelem.com.br\/sobre\/wp-json\/wp\/v2\/types\/post"}],"author":[{"embeddable":true,"href":"https:\/\/www.encontrabelem.com.br\/sobre\/wp-json\/wp\/v2\/users\/1"}],"replies":[{"embeddable":true,"href":"https:\/\/www.encontrabelem.com.br\/sobre\/wp-json\/wp\/v2\/comments?post=158"}],"version-history":[{"count":0,"href":"https:\/\/www.encontrabelem.com.br\/sobre\/wp-json\/wp\/v2\/posts\/158\/revisions"}],"wp:attachment":[{"href":"https:\/\/www.encontrabelem.com.br\/sobre\/wp-json\/wp\/v2\/media?parent=158"}],"wp:term":[{"taxonomy":"category","embeddable":true,"href":"https:\/\/www.encontrabelem.com.br\/sobre\/wp-json\/wp\/v2\/categories?post=158"},{"taxonomy":"post_tag","embeddable":true,"href":"https:\/\/www.encontrabelem.com.br\/sobre\/wp-json\/wp\/v2\/tags?post=158"}],"curies":[{"name":"wp","href":"https:\/\/api.w.org\/{rel}","templated":true}]}}