{"id":1527,"date":"2026-04-02T13:45:03","date_gmt":"2026-04-02T16:45:03","guid":{"rendered":"https:\/\/www.encontrabelem.com.br\/sobre\/vigilancia-sanitaria-fecha-clinica-odontologica-apos-denuncia-de-irregularidades-em-belem"},"modified":"2026-04-02T13:45:03","modified_gmt":"2026-04-02T16:45:03","slug":"vigilancia-sanitaria-fecha-clinica-odontologica-apos-denuncia-de-irregularidades-em-belem","status":"publish","type":"post","link":"https:\/\/www.encontrabelem.com.br\/sobre\/vigilancia-sanitaria-fecha-clinica-odontologica-apos-denuncia-de-irregularidades-em-belem","title":{"rendered":"Vigil\u00e2ncia Sanit\u00e1ria fecha cl\u00ednica odontol\u00f3gica ap\u00f3s den\u00fancia de irregularidades em Bel\u00e9m"},"content":{"rendered":"<div class=\"b22802487b0d38c4c6d9f34966e16421\" data-index=\"1\" style=\"float: none; margin:0px;\">\n<!-- Anuncio display - global -->\r\n<ins class=\"adsbygoogle\"\r\n     style=\"display:block\"\r\n     data-ad-client=\"ca-pub-8585364105181520\"\r\n     data-ad-slot=\"8789329856\"\r\n     data-ad-format=\"auto\"\r\n     data-full-width-responsive=\"true\"><\/ins>\r\n<script>\r\n     (adsbygoogle = window.adsbygoogle || []).push({});\r\n<\/script>\n<\/div>\n<h2>O Que Motivou a Interdi\u00e7\u00e3o da Cl\u00ednica?<\/h2>\n<p>A cl\u00ednica odontol\u00f3gica localizada no bairro do Entroncamento, em Bel\u00e9m, foi interditada pela Vigil\u00e2ncia Sanit\u00e1ria ap\u00f3s receber den\u00fancias sobre a sua opera\u00e7\u00e3o inadequada. As informa\u00e7\u00f5es espec\u00edficas sobre as irregularidades foram coletadas por meio de uma vistoria que tinha como objetivo avaliar as condi\u00e7\u00f5es gerais do estabelecimento. A decis\u00e3o de interdi\u00e7\u00e3o foi impulsionada n\u00e3o apenas pela gravidade das den\u00fancias, mas tamb\u00e9m pela reincid\u00eancia de problemas que j\u00e1 haviam sido relatados anteriormente.<\/p>\n<h2>Principais Irregularidades Encontradas<\/h2>\n<p>Durante a fiscaliza\u00e7\u00e3o da Vigil\u00e2ncia Sanit\u00e1ria, diversos problemas foram identificados, os quais comprometiam a seguran\u00e7a e a sa\u00fade tanto dos pacientes quanto dos profissionais que atuavam na cl\u00ednica. As principais irregularidades inclu\u00edam:<\/p>\n<ul>\n<li><strong>Uso inadequado de Equipamentos de Prote\u00e7\u00e3o Individual (EPIs):<\/strong> Profissionais de sa\u00fade estavam realizando atendimentos sem os devidos EPIs, essenciais para a prote\u00e7\u00e3o contra contamina\u00e7\u00f5es e infec\u00e7\u00f5es.<\/li>\n<li><strong>Falta de Estrutura Adequada:<\/strong> As instala\u00e7\u00f5es da cl\u00ednica n\u00e3o possu\u00edam uma configura\u00e7\u00e3o que garantisse a seguran\u00e7a e o conforto no atendimento m\u00e9dico, gerando riscos ao atendimento de pacientes.<\/li>\n<li><strong>Notifica\u00e7\u00f5es Ignoradas:<\/strong> A cl\u00ednica j\u00e1 havia sido anteriormente notificada pela Secretaria Municipal de Sa\u00fade (Sesma) sobre as irregularidades encontradas, sem que as corre\u00e7\u00f5es necess\u00e1rias fossem realizadas.<\/li>\n<\/ul>\n<h2>Consequ\u00eancias para os Pacientes e Funcion\u00e1rios<\/h2>\n<p>A interdi\u00e7\u00e3o da cl\u00ednica traz consequ\u00eancias significativas para os pacientes que dependiam dos servi\u00e7os odontol\u00f3gicos ali prestados. A interrup\u00e7\u00e3o do atendimento pode resultar em atraso no tratamento de diversos problemas dent\u00e1rios, causando dor ou desconforto que poderia ser evitado. Para os funcion\u00e1rios, a situa\u00e7\u00e3o gera incertezas em rela\u00e7\u00e3o ao emprego e \u00e0 continuidade de suas atividades profissionais.<\/p>\n<p><img decoding=\"async\" src=\"https:\/\/www.encontrabelem.com.br\/sobre\/wp-content\/uploads\/2026\/04\/vigilancia-sanitaria-fecha-clinica-odontologica-apos-denuncia-de-irregularidades-em-belem.webp\" alt=\"cl\u00ednica odontol\u00f3gica em Bel\u00e9m\" loading=\"lazy\" \/><\/p>\n<h2>Como a Vigil\u00e2ncia Sanit\u00e1ria Atua em Casos Assim<\/h2>\n<p>A atua\u00e7\u00e3o da Vigil\u00e2ncia Sanit\u00e1ria em casos de interdi\u00e7\u00e3o de estabelecimentos de sa\u00fade \u00e9 rigorosa e segue um conjunto de diretrizes estabelecidas para proteger a sa\u00fade da popula\u00e7\u00e3o. Ap\u00f3s receber uma den\u00fancia, o \u00f3rg\u00e3o realiza uma inspe\u00e7\u00e3o e, dependendo do resultado, pode instaurar um processo de fiscaliza\u00e7\u00e3o que pode culminar na interdi\u00e7\u00e3o do local. Esse processo inclui:<\/p>\n<ul>\n<li><strong>Vistoria Inicial:<\/strong> Os fiscais v\u00e3o at\u00e9 o local para verificar as condi\u00e7\u00f5es de sanit\u00e1rias e as den\u00fancias apresentadas.<\/li>\n<li><strong>Elabora\u00e7\u00e3o de Relat\u00f3rio:<\/strong> Ap\u00f3s a vistoria, um relat\u00f3rio \u00e9 gerado com as constata\u00e7\u00f5es, que serve como base para a tomada de a\u00e7\u00e3o.<\/li>\n<li><strong>Notifica\u00e7\u00e3o:<\/strong> Quando irregularidades s\u00e3o encontradas, a Vigil\u00e2ncia notifica o respons\u00e1vel pelo estabelecimento, que deve apresentar defesa ou propostas de adequa\u00e7\u00e3o.<\/li>\n<li><strong>Decis\u00e3o Final:<\/strong> Caso as falhas n\u00e3o sejam corrigidas em um prazo determinado, a interdi\u00e7\u00e3o pode ser efetivada.<\/li>\n<\/ul>\n<h2>Import\u00e2ncia dos EPIs na Odontologia<\/h2>\n<p>Os Equipamentos de Prote\u00e7\u00e3o Individual (EPIs) s\u00e3o fundamentais na pr\u00e1tica odontol\u00f3gica. Eles ajudam a minimizar os riscos de contamina\u00e7\u00e3o cruzada e infec\u00e7\u00f5es, sendo um requerimento essencial para todos os profissionais da \u00e1rea. Os principais EPIs utilizados incluem:<\/p>\n<ul>\n<li><strong>M\u00e1scaras:<\/strong> Protegem contra a inala\u00e7\u00e3o de part\u00edculas e fluidos.<\/li>\n<li><strong>Luvas:<\/strong> Promovem a seguran\u00e7a durante o atendimento ao evitar o contato direto com fluidos corporais.<\/li>\n<li><strong>\u00d3culos de Prote\u00e7\u00e3o:<\/strong> Impedem que part\u00edculas e l\u00edquidos atinjam os olhos do profissional.<\/li>\n<li><strong>Prote\u00e7\u00f5es Faciais:<\/strong> Adicionam uma camada extra de defesa, especialmente em procedimentos que geram aeross\u00f3is.<\/li>\n<\/ul>\n<h2>Impacto na Sa\u00fade P\u00fablica em Bel\u00e9m<\/h2>\n<p>A interdi\u00e7\u00e3o de uma cl\u00ednica odontol\u00f3gica tem repercuss\u00f5es significativas na sa\u00fade p\u00fablica. Al\u00e9m de privar a popula\u00e7\u00e3o de servi\u00e7os odontol\u00f3gicos necess\u00e1rios, essa a\u00e7\u00e3o tamb\u00e9m reflete sobre a rigorosidade dos padr\u00f5es de sa\u00fade p\u00fablica na \u00e1rea. A vigil\u00e2ncia ativa \u00e9 essencial para garantir que os estabelecimentos sigam as normas e ofere\u00e7am um atendimento seguro e de qualidade.<\/p>\n<h2>Repercuss\u00f5es Legais para a Cl\u00ednica<\/h2>\n<p>A cl\u00ednica enfrentar\u00e1 diversas consequ\u00eancias legais devido \u00e0 interdi\u00e7\u00e3o. Entre as principais repercuss\u00f5es est\u00e3o:<\/p>\n<ul>\n<li><strong>Multas e Penalidades:<\/strong> O estabelecimento pode ser multado por infra\u00e7\u00f5es cometidas previamente e pela n\u00e3o corre\u00e7\u00e3o das irregularidades notificados.<\/li>\n<li><strong>Processos Judiciais:<\/strong> Dependendo da gravidade das infra\u00e7\u00f5es, podem ser abertos processos judiciais relacionados a danos ou neglig\u00eancia.<\/li>\n<li><strong>Esfor\u00e7o para Recupera\u00e7\u00e3o da Licen\u00e7a:<\/strong> Para reabrir, a cl\u00ednica dever\u00e1 prover provas de que todas as corre\u00e7\u00f5es foram realizadas e que as condi\u00e7\u00f5es exigidas pela Vigil\u00e2ncia foram atendidas.<\/li>\n<\/ul>\n<h2>Como Evitar Interdi\u00e7\u00f5es na Sua Cl\u00ednica<\/h2>\n<p>Clinicas odontol\u00f3gicas devem seguir pr\u00e1ticas recomendadas para evitar interdi\u00e7\u00f5es. Algumas estrat\u00e9gias incluem:<\/p>\n<ul>\n<li><strong>Treinamento Cont\u00ednuo:<\/strong> As equipes devem ser regularmente capacitadas sobre normas de sa\u00fade e seguran\u00e7a.<\/li>\n<li><strong>Adequa\u00e7\u00f5es Estruturais:<\/strong> Investir em melhorias nas instala\u00e7\u00f5es para atender aos padr\u00f5es exigidos pelas autoridades.<\/li>\n<li><strong>Auditorias Internas:<\/strong> Realizar auditorias frequentes para identificar e corrigir poss\u00edveis falhas antes que sejam percebidas por entidades fiscalizadoras.<\/li>\n<\/ul>\n<h2>O Papel da Sesma na Fiscaliza\u00e7\u00e3o<\/h2>\n<p>A Secretaria Municipal de Sa\u00fade (Sesma) \u00e9 fundamental na fiscaliza\u00e7\u00e3o de cl\u00ednicas de sa\u00fade e odontol\u00f3gicas. O papel da Sesma inclui:<\/p>\n<ul>\n<li><strong>Realiza\u00e7\u00e3o de Inspe\u00e7\u00f5es:<\/strong> Acompanhamento peri\u00f3dico e notifica\u00e7\u00f5es sobre irregularidades observadas.<\/li>\n<li><strong>Orienta\u00e7\u00e3o:<\/strong> Aux\u00edlio aos profissionais sobre como adequar seus procedimentos \u00e0s normas vigentes.<\/li>\n<li><strong>Promo\u00e7\u00e3o de Campanhas Educativas:<\/strong> Fomentar a conscientiza\u00e7\u00e3o sobre a import\u00e2ncia do cumprimento das normas sanit\u00e1rias.<\/li>\n<\/ul>\n<h2>Pr\u00f3ximos Passos Ap\u00f3s a Interdi\u00e7\u00e3o<\/h2>\n<p>Ap\u00f3s a interdi\u00e7\u00e3o, a cl\u00ednica dever\u00e1 seguir um plano de a\u00e7\u00e3o para regulariza\u00e7\u00e3o. Os passos recomendados incluem:<\/p>\n<ul>\n<li><strong>Adequa\u00e7\u00e3o das Instala\u00e7\u00f5es:<\/strong> Realiza\u00e7\u00e3o das melhorias necess\u00e1rias para retornar \u00e0s condi\u00e7\u00f5es de opera\u00e7\u00e3o.<\/li>\n<li><strong>Contrata\u00e7\u00e3o de Consultores:<\/strong> Considerar a assist\u00eancia de consultores especializados para garantir conformidade com as normas sanit\u00e1rias.<\/li>\n<li><strong>Solicita\u00e7\u00e3o de Nova Vistoria:<\/strong> Ap\u00f3s implementadas as adequa\u00e7\u00f5es, solicitar \u00e0 Vigil\u00e2ncia uma nova fiscaliza\u00e7\u00e3o para reavalia\u00e7\u00e3o.<\/li>\n<\/ul>\n\n<div style=\"font-size: 0px; height: 0px; line-height: 0px; margin: 0; padding: 0; clear: both;\"><\/div>","protected":false},"excerpt":{"rendered":"<p>Cl\u00ednica odontol\u00f3gica em Bel\u00e9m foi interditada devido a irregularidades e falta de EPIs para os profissionais.<\/p>\n","protected":false},"author":1,"featured_media":1526,"comment_status":"open","ping_status":"closed","sticky":false,"template":"","format":"standard","meta":{"footnotes":""},"categories":[1],"tags":[],"class_list":["post-1527","post","type-post","status-publish","format-standard","has-post-thumbnail","hentry","category-noticias-em-belem","has_thumb"],"aioseo_notices":[],"aioseo_head":"\n\t\t<!-- All in One SEO 5.0.0.1 - aioseo.com -->\n\t<meta name=\"description\" content=\"Cl\u00ednica odontol\u00f3gica em Bel\u00e9m foi interditada devido a irregularidades e falta de EPIs para os profissionais.\" \/>\n\t<meta name=\"robots\" content=\"max-image-preview:large\" \/>\n\t<meta name=\"author\" content=\"Encontra Bel\u00e9m\"\/>\n\t<link rel=\"canonical\" href=\"https:\/\/www.encontrabelem.com.br\/sobre\/vigilancia-sanitaria-fecha-clinica-odontologica-apos-denuncia-de-irregularidades-em-belem\" \/>\n\t<meta name=\"generator\" content=\"All in One SEO (AIOSEO) 5.0.0.1\" \/>\n\t\t<meta property=\"og:locale\" content=\"pt_BR\" \/>\n\t\t<meta property=\"og:site_name\" content=\"Encontra Bel\u00e9m | Not\u00edcias, eventos, informa\u00e7\u00f5es e dicas na cidade Bel\u00e9m e regi\u00e3o.\" \/>\n\t\t<meta property=\"og:type\" content=\"article\" \/>\n\t\t<meta property=\"og:title\" content=\"Vigil\u00e2ncia Sanit\u00e1ria fecha cl\u00ednica odontol\u00f3gica ap\u00f3s den\u00fancia de irregularidades em Bel\u00e9m | Encontra Bel\u00e9m\" \/>\n\t\t<meta property=\"og:description\" content=\"Cl\u00ednica odontol\u00f3gica em Bel\u00e9m foi interditada devido a irregularidades e falta de EPIs para os profissionais.\" \/>\n\t\t<meta property=\"og:url\" content=\"https:\/\/www.encontrabelem.com.br\/sobre\/vigilancia-sanitaria-fecha-clinica-odontologica-apos-denuncia-de-irregularidades-em-belem\" \/>\n\t\t<meta property=\"article:published_time\" content=\"2026-04-02T16:45:03+00:00\" \/>\n\t\t<meta property=\"article:modified_time\" content=\"2026-04-02T16:45:03+00:00\" \/>\n\t\t<meta name=\"twitter:card\" content=\"summary\" \/>\n\t\t<meta name=\"twitter:title\" content=\"Vigil\u00e2ncia Sanit\u00e1ria fecha cl\u00ednica odontol\u00f3gica ap\u00f3s den\u00fancia de irregularidades em Bel\u00e9m | Encontra Bel\u00e9m\" \/>\n\t\t<meta name=\"twitter:description\" content=\"Cl\u00ednica odontol\u00f3gica em Bel\u00e9m foi interditada devido a irregularidades e falta de EPIs para os profissionais.\" \/>\n\t\t<script type=\"application\/ld+json\" class=\"aioseo-schema\">\n\t\t\t{\"@context\":\"https:\\\/\\\/schema.org\",\"@graph\":[{\"@type\":\"Article\",\"@id\":\"https:\\\/\\\/www.encontrabelem.com.br\\\/sobre\\\/vigilancia-sanitaria-fecha-clinica-odontologica-apos-denuncia-de-irregularidades-em-belem#article\",\"name\":\"Vigil\\u00e2ncia Sanit\\u00e1ria fecha cl\\u00ednica odontol\\u00f3gica ap\\u00f3s den\\u00fancia de irregularidades em Bel\\u00e9m | Encontra Bel\\u00e9m\",\"headline\":\"Vigil\\u00e2ncia Sanit\\u00e1ria fecha cl\\u00ednica odontol\\u00f3gica ap\\u00f3s den\\u00fancia de irregularidades em Bel\\u00e9m\",\"author\":{\"@id\":\"https:\\\/\\\/www.encontrabelem.com.br\\\/sobre\\\/author\\\/ebelem#author\"},\"publisher\":{\"@id\":\"https:\\\/\\\/www.encontrabelem.com.br\\\/sobre\\\/#organization\"},\"image\":{\"@type\":\"ImageObject\",\"url\":\"https:\\\/\\\/www.encontrabelem.com.br\\\/sobre\\\/wp-content\\\/uploads\\\/2026\\\/04\\\/vigilancia-sanitaria-fecha-clinica-odontologica-apos-denuncia-de-irregularidades-em-belem.webp\",\"width\":280,\"height\":280,\"caption\":\"cl\\u00ednica odontol\\u00f3gica em Bel\\u00e9m\"},\"datePublished\":\"2026-04-02T13:45:03-03:00\",\"dateModified\":\"2026-04-02T13:45:03-03:00\",\"inLanguage\":\"pt-BR\",\"mainEntityOfPage\":{\"@id\":\"https:\\\/\\\/www.encontrabelem.com.br\\\/sobre\\\/vigilancia-sanitaria-fecha-clinica-odontologica-apos-denuncia-de-irregularidades-em-belem#webpage\"},\"isPartOf\":{\"@id\":\"https:\\\/\\\/www.encontrabelem.com.br\\\/sobre\\\/vigilancia-sanitaria-fecha-clinica-odontologica-apos-denuncia-de-irregularidades-em-belem#webpage\"},\"articleSection\":\"Not\\u00edcias Bel\\u00e9m\"},{\"@type\":\"BreadcrumbList\",\"@id\":\"https:\\\/\\\/www.encontrabelem.com.br\\\/sobre\\\/vigilancia-sanitaria-fecha-clinica-odontologica-apos-denuncia-de-irregularidades-em-belem#breadcrumblist\",\"itemListElement\":[{\"@type\":\"ListItem\",\"@id\":\"https:\\\/\\\/www.encontrabelem.com.br\\\/sobre#listItem\",\"position\":1,\"name\":\"In\\u00edcio\",\"item\":\"https:\\\/\\\/www.encontrabelem.com.br\\\/sobre\",\"nextItem\":{\"@type\":\"ListItem\",\"@id\":\"https:\\\/\\\/www.encontrabelem.com.br\\\/sobre\\\/noticias-em-belem#listItem\",\"name\":\"Not\\u00edcias Bel\\u00e9m\"}},{\"@type\":\"ListItem\",\"@id\":\"https:\\\/\\\/www.encontrabelem.com.br\\\/sobre\\\/noticias-em-belem#listItem\",\"position\":2,\"name\":\"Not\\u00edcias Bel\\u00e9m\",\"item\":\"https:\\\/\\\/www.encontrabelem.com.br\\\/sobre\\\/noticias-em-belem\",\"nextItem\":{\"@type\":\"ListItem\",\"@id\":\"https:\\\/\\\/www.encontrabelem.com.br\\\/sobre\\\/vigilancia-sanitaria-fecha-clinica-odontologica-apos-denuncia-de-irregularidades-em-belem#listItem\",\"name\":\"Vigil\\u00e2ncia Sanit\\u00e1ria fecha cl\\u00ednica odontol\\u00f3gica ap\\u00f3s den\\u00fancia de irregularidades em Bel\\u00e9m\"},\"previousItem\":{\"@type\":\"ListItem\",\"@id\":\"https:\\\/\\\/www.encontrabelem.com.br\\\/sobre#listItem\",\"name\":\"In\\u00edcio\"}},{\"@type\":\"ListItem\",\"@id\":\"https:\\\/\\\/www.encontrabelem.com.br\\\/sobre\\\/vigilancia-sanitaria-fecha-clinica-odontologica-apos-denuncia-de-irregularidades-em-belem#listItem\",\"position\":3,\"name\":\"Vigil\\u00e2ncia Sanit\\u00e1ria fecha cl\\u00ednica odontol\\u00f3gica ap\\u00f3s den\\u00fancia de irregularidades em Bel\\u00e9m\",\"previousItem\":{\"@type\":\"ListItem\",\"@id\":\"https:\\\/\\\/www.encontrabelem.com.br\\\/sobre\\\/noticias-em-belem#listItem\",\"name\":\"Not\\u00edcias Bel\\u00e9m\"}}]},{\"@type\":\"Organization\",\"@id\":\"https:\\\/\\\/www.encontrabelem.com.br\\\/sobre\\\/#organization\",\"name\":\"Encontra Bel\\u00e9m\",\"description\":\"Not\\u00edcias, eventos, informa\\u00e7\\u00f5es e dicas na cidade Bel\\u00e9m e regi\\u00e3o.\",\"url\":\"https:\\\/\\\/www.encontrabelem.com.br\\\/sobre\\\/\"},{\"@type\":\"Person\",\"@id\":\"https:\\\/\\\/www.encontrabelem.com.br\\\/sobre\\\/author\\\/ebelem#author\",\"url\":\"https:\\\/\\\/www.encontrabelem.com.br\\\/sobre\\\/author\\\/ebelem\",\"name\":\"Encontra Bel\\u00e9m\",\"image\":{\"@type\":\"ImageObject\",\"@id\":\"https:\\\/\\\/www.encontrabelem.com.br\\\/sobre\\\/vigilancia-sanitaria-fecha-clinica-odontologica-apos-denuncia-de-irregularidades-em-belem#authorImage\",\"url\":\"https:\\\/\\\/secure.gravatar.com\\\/avatar\\\/507340682b8270222e1f208e23198b6ae7e2c6a1033ae84e99bc6bce4f82a387?s=96&d=mm&r=g\",\"width\":96,\"height\":96,\"caption\":\"Encontra Bel\\u00e9m\"}},{\"@type\":\"WebPage\",\"@id\":\"https:\\\/\\\/www.encontrabelem.com.br\\\/sobre\\\/vigilancia-sanitaria-fecha-clinica-odontologica-apos-denuncia-de-irregularidades-em-belem#webpage\",\"url\":\"https:\\\/\\\/www.encontrabelem.com.br\\\/sobre\\\/vigilancia-sanitaria-fecha-clinica-odontologica-apos-denuncia-de-irregularidades-em-belem\",\"name\":\"Vigil\\u00e2ncia Sanit\\u00e1ria fecha cl\\u00ednica odontol\\u00f3gica ap\\u00f3s den\\u00fancia de irregularidades em Bel\\u00e9m | Encontra Bel\\u00e9m\",\"description\":\"Cl\\u00ednica odontol\\u00f3gica em Bel\\u00e9m foi interditada devido a irregularidades e falta de EPIs para os profissionais.\",\"inLanguage\":\"pt-BR\",\"isPartOf\":{\"@id\":\"https:\\\/\\\/www.encontrabelem.com.br\\\/sobre\\\/#website\"},\"breadcrumb\":{\"@id\":\"https:\\\/\\\/www.encontrabelem.com.br\\\/sobre\\\/vigilancia-sanitaria-fecha-clinica-odontologica-apos-denuncia-de-irregularidades-em-belem#breadcrumblist\"},\"author\":{\"@id\":\"https:\\\/\\\/www.encontrabelem.com.br\\\/sobre\\\/author\\\/ebelem#author\"},\"creator\":{\"@id\":\"https:\\\/\\\/www.encontrabelem.com.br\\\/sobre\\\/author\\\/ebelem#author\"},\"image\":{\"@type\":\"ImageObject\",\"url\":\"https:\\\/\\\/www.encontrabelem.com.br\\\/sobre\\\/wp-content\\\/uploads\\\/2026\\\/04\\\/vigilancia-sanitaria-fecha-clinica-odontologica-apos-denuncia-de-irregularidades-em-belem.webp\",\"@id\":\"https:\\\/\\\/www.encontrabelem.com.br\\\/sobre\\\/vigilancia-sanitaria-fecha-clinica-odontologica-apos-denuncia-de-irregularidades-em-belem\\\/#mainImage\",\"width\":280,\"height\":280,\"caption\":\"cl\\u00ednica odontol\\u00f3gica em Bel\\u00e9m\"},\"primaryImageOfPage\":{\"@id\":\"https:\\\/\\\/www.encontrabelem.com.br\\\/sobre\\\/vigilancia-sanitaria-fecha-clinica-odontologica-apos-denuncia-de-irregularidades-em-belem#mainImage\"},\"datePublished\":\"2026-04-02T13:45:03-03:00\",\"dateModified\":\"2026-04-02T13:45:03-03:00\"},{\"@type\":\"WebSite\",\"@id\":\"https:\\\/\\\/www.encontrabelem.com.br\\\/sobre\\\/#website\",\"url\":\"https:\\\/\\\/www.encontrabelem.com.br\\\/sobre\\\/\",\"name\":\"Encontra Bel\\u00e9m\",\"description\":\"Not\\u00edcias, eventos, informa\\u00e7\\u00f5es e dicas na cidade Bel\\u00e9m e regi\\u00e3o.\",\"inLanguage\":\"pt-BR\",\"publisher\":{\"@id\":\"https:\\\/\\\/www.encontrabelem.com.br\\\/sobre\\\/#organization\"}}]}\n\t\t<\/script>\n\t\t<!-- All in One SEO -->\n\n","aioseo_head_json":{"title":"Vigil\u00e2ncia Sanit\u00e1ria fecha cl\u00ednica odontol\u00f3gica ap\u00f3s den\u00fancia de irregularidades em Bel\u00e9m | Encontra Bel\u00e9m","description":"Cl\u00ednica odontol\u00f3gica em Bel\u00e9m foi interditada devido a irregularidades e falta de EPIs para os profissionais.","canonical_url":"https:\/\/www.encontrabelem.com.br\/sobre\/vigilancia-sanitaria-fecha-clinica-odontologica-apos-denuncia-de-irregularidades-em-belem","robots":"max-image-preview:large","keywords":"","webmasterTools":{"miscellaneous":""},"schema":{"@context":"https:\/\/schema.org","@graph":[{"@type":"Article","@id":"https:\/\/www.encontrabelem.com.br\/sobre\/vigilancia-sanitaria-fecha-clinica-odontologica-apos-denuncia-de-irregularidades-em-belem#article","name":"Vigil\u00e2ncia Sanit\u00e1ria fecha cl\u00ednica odontol\u00f3gica ap\u00f3s den\u00fancia de irregularidades em Bel\u00e9m | Encontra Bel\u00e9m","headline":"Vigil\u00e2ncia Sanit\u00e1ria fecha cl\u00ednica odontol\u00f3gica ap\u00f3s den\u00fancia de irregularidades em Bel\u00e9m","author":{"@id":"https:\/\/www.encontrabelem.com.br\/sobre\/author\/ebelem#author"},"publisher":{"@id":"https:\/\/www.encontrabelem.com.br\/sobre\/#organization"},"image":{"@type":"ImageObject","url":"https:\/\/www.encontrabelem.com.br\/sobre\/wp-content\/uploads\/2026\/04\/vigilancia-sanitaria-fecha-clinica-odontologica-apos-denuncia-de-irregularidades-em-belem.webp","width":280,"height":280,"caption":"cl\u00ednica odontol\u00f3gica em Bel\u00e9m"},"datePublished":"2026-04-02T13:45:03-03:00","dateModified":"2026-04-02T13:45:03-03:00","inLanguage":"pt-BR","mainEntityOfPage":{"@id":"https:\/\/www.encontrabelem.com.br\/sobre\/vigilancia-sanitaria-fecha-clinica-odontologica-apos-denuncia-de-irregularidades-em-belem#webpage"},"isPartOf":{"@id":"https:\/\/www.encontrabelem.com.br\/sobre\/vigilancia-sanitaria-fecha-clinica-odontologica-apos-denuncia-de-irregularidades-em-belem#webpage"},"articleSection":"Not\u00edcias Bel\u00e9m"},{"@type":"BreadcrumbList","@id":"https:\/\/www.encontrabelem.com.br\/sobre\/vigilancia-sanitaria-fecha-clinica-odontologica-apos-denuncia-de-irregularidades-em-belem#breadcrumblist","itemListElement":[{"@type":"ListItem","@id":"https:\/\/www.encontrabelem.com.br\/sobre#listItem","position":1,"name":"In\u00edcio","item":"https:\/\/www.encontrabelem.com.br\/sobre","nextItem":{"@type":"ListItem","@id":"https:\/\/www.encontrabelem.com.br\/sobre\/noticias-em-belem#listItem","name":"Not\u00edcias Bel\u00e9m"}},{"@type":"ListItem","@id":"https:\/\/www.encontrabelem.com.br\/sobre\/noticias-em-belem#listItem","position":2,"name":"Not\u00edcias Bel\u00e9m","item":"https:\/\/www.encontrabelem.com.br\/sobre\/noticias-em-belem","nextItem":{"@type":"ListItem","@id":"https:\/\/www.encontrabelem.com.br\/sobre\/vigilancia-sanitaria-fecha-clinica-odontologica-apos-denuncia-de-irregularidades-em-belem#listItem","name":"Vigil\u00e2ncia Sanit\u00e1ria fecha cl\u00ednica odontol\u00f3gica ap\u00f3s den\u00fancia de irregularidades em Bel\u00e9m"},"previousItem":{"@type":"ListItem","@id":"https:\/\/www.encontrabelem.com.br\/sobre#listItem","name":"In\u00edcio"}},{"@type":"ListItem","@id":"https:\/\/www.encontrabelem.com.br\/sobre\/vigilancia-sanitaria-fecha-clinica-odontologica-apos-denuncia-de-irregularidades-em-belem#listItem","position":3,"name":"Vigil\u00e2ncia Sanit\u00e1ria fecha cl\u00ednica odontol\u00f3gica ap\u00f3s den\u00fancia de irregularidades em Bel\u00e9m","previousItem":{"@type":"ListItem","@id":"https:\/\/www.encontrabelem.com.br\/sobre\/noticias-em-belem#listItem","name":"Not\u00edcias Bel\u00e9m"}}]},{"@type":"Organization","@id":"https:\/\/www.encontrabelem.com.br\/sobre\/#organization","name":"Encontra Bel\u00e9m","description":"Not\u00edcias, eventos, informa\u00e7\u00f5es e dicas na cidade Bel\u00e9m e regi\u00e3o.","url":"https:\/\/www.encontrabelem.com.br\/sobre\/"},{"@type":"Person","@id":"https:\/\/www.encontrabelem.com.br\/sobre\/author\/ebelem#author","url":"https:\/\/www.encontrabelem.com.br\/sobre\/author\/ebelem","name":"Encontra Bel\u00e9m","image":{"@type":"ImageObject","@id":"https:\/\/www.encontrabelem.com.br\/sobre\/vigilancia-sanitaria-fecha-clinica-odontologica-apos-denuncia-de-irregularidades-em-belem#authorImage","url":"https:\/\/secure.gravatar.com\/avatar\/507340682b8270222e1f208e23198b6ae7e2c6a1033ae84e99bc6bce4f82a387?s=96&d=mm&r=g","width":96,"height":96,"caption":"Encontra Bel\u00e9m"}},{"@type":"WebPage","@id":"https:\/\/www.encontrabelem.com.br\/sobre\/vigilancia-sanitaria-fecha-clinica-odontologica-apos-denuncia-de-irregularidades-em-belem#webpage","url":"https:\/\/www.encontrabelem.com.br\/sobre\/vigilancia-sanitaria-fecha-clinica-odontologica-apos-denuncia-de-irregularidades-em-belem","name":"Vigil\u00e2ncia Sanit\u00e1ria fecha cl\u00ednica odontol\u00f3gica ap\u00f3s den\u00fancia de irregularidades em Bel\u00e9m | Encontra Bel\u00e9m","description":"Cl\u00ednica odontol\u00f3gica em Bel\u00e9m foi interditada devido a irregularidades e falta de EPIs para os profissionais.","inLanguage":"pt-BR","isPartOf":{"@id":"https:\/\/www.encontrabelem.com.br\/sobre\/#website"},"breadcrumb":{"@id":"https:\/\/www.encontrabelem.com.br\/sobre\/vigilancia-sanitaria-fecha-clinica-odontologica-apos-denuncia-de-irregularidades-em-belem#breadcrumblist"},"author":{"@id":"https:\/\/www.encontrabelem.com.br\/sobre\/author\/ebelem#author"},"creator":{"@id":"https:\/\/www.encontrabelem.com.br\/sobre\/author\/ebelem#author"},"image":{"@type":"ImageObject","url":"https:\/\/www.encontrabelem.com.br\/sobre\/wp-content\/uploads\/2026\/04\/vigilancia-sanitaria-fecha-clinica-odontologica-apos-denuncia-de-irregularidades-em-belem.webp","@id":"https:\/\/www.encontrabelem.com.br\/sobre\/vigilancia-sanitaria-fecha-clinica-odontologica-apos-denuncia-de-irregularidades-em-belem\/#mainImage","width":280,"height":280,"caption":"cl\u00ednica odontol\u00f3gica em Bel\u00e9m"},"primaryImageOfPage":{"@id":"https:\/\/www.encontrabelem.com.br\/sobre\/vigilancia-sanitaria-fecha-clinica-odontologica-apos-denuncia-de-irregularidades-em-belem#mainImage"},"datePublished":"2026-04-02T13:45:03-03:00","dateModified":"2026-04-02T13:45:03-03:00"},{"@type":"WebSite","@id":"https:\/\/www.encontrabelem.com.br\/sobre\/#website","url":"https:\/\/www.encontrabelem.com.br\/sobre\/","name":"Encontra Bel\u00e9m","description":"Not\u00edcias, eventos, informa\u00e7\u00f5es e dicas na cidade Bel\u00e9m e regi\u00e3o.","inLanguage":"pt-BR","publisher":{"@id":"https:\/\/www.encontrabelem.com.br\/sobre\/#organization"}}]},"og:locale":"pt_BR","og:site_name":"Encontra Bel\u00e9m | Not\u00edcias, eventos, informa\u00e7\u00f5es e dicas na cidade Bel\u00e9m e regi\u00e3o.","og:type":"article","og:title":"Vigil\u00e2ncia Sanit\u00e1ria fecha cl\u00ednica odontol\u00f3gica ap\u00f3s den\u00fancia de irregularidades em Bel\u00e9m | Encontra Bel\u00e9m","og:description":"Cl\u00ednica odontol\u00f3gica em Bel\u00e9m foi interditada devido a irregularidades e falta de EPIs para os profissionais.","og:url":"https:\/\/www.encontrabelem.com.br\/sobre\/vigilancia-sanitaria-fecha-clinica-odontologica-apos-denuncia-de-irregularidades-em-belem","article:published_time":"2026-04-02T16:45:03+00:00","article:modified_time":"2026-04-02T16:45:03+00:00","twitter:card":"summary","twitter:title":"Vigil\u00e2ncia Sanit\u00e1ria fecha cl\u00ednica odontol\u00f3gica ap\u00f3s den\u00fancia de irregularidades em Bel\u00e9m | Encontra Bel\u00e9m","twitter:description":"Cl\u00ednica odontol\u00f3gica em Bel\u00e9m foi interditada devido a irregularidades e falta de EPIs para os profissionais."},"aioseo_meta_data":{"post_id":"1527","title":null,"description":null,"keywords":null,"keyphrases":null,"primary_term":null,"canonical_url":null,"og_title":null,"og_description":null,"og_object_type":"default","og_image_type":"default","og_image_url":null,"og_image_width":null,"og_image_height":null,"og_image_custom_url":null,"og_image_custom_fields":null,"og_video":null,"og_custom_url":null,"og_article_section":null,"og_article_tags":null,"twitter_use_og":false,"twitter_card":"default","twitter_image_type":"default","twitter_image_url":null,"twitter_image_custom_url":null,"twitter_image_custom_fields":null,"twitter_title":null,"twitter_description":null,"schema":{"blockGraphs":[],"customGraphs":[],"default":{"data":{"Article":[],"Course":[],"Dataset":[],"FAQPage":[],"Movie":[],"Person":[],"Product":[],"ProductReview":[],"Car":[],"Recipe":[],"Service":[],"SoftwareApplication":[],"WebPage":[]},"graphName":"Article","isEnabled":true},"graphs":[]},"schema_type":"default","schema_type_options":null,"pillar_content":false,"robots_default":true,"robots_noindex":false,"robots_noarchive":false,"robots_nosnippet":false,"robots_nofollow":false,"robots_noimageindex":false,"robots_noodp":false,"robots_notranslate":false,"robots_max_snippet":null,"robots_max_videopreview":null,"robots_max_imagepreview":"large","priority":null,"frequency":null,"local_seo":null,"breadcrumb_settings":null,"limit_modified_date":false,"ai":null,"created":"2026-04-02 16:45:08","updated":"2026-04-02 17:04:35","focus_keyword":null,"additional_keywords":null,"truseo_locale":null,"seo_analyzer_scan_date":null},"aioseo_breadcrumb":"<div class=\"aioseo-breadcrumbs\"><span class=\"aioseo-breadcrumb\">\n\t\t\t<a href=\"https:\/\/www.encontrabelem.com.br\/sobre\" title=\"In\u00edcio\">In\u00edcio<\/a>\n\t\t<\/span><span class=\"aioseo-breadcrumb-separator\">&raquo;<\/span><span class=\"aioseo-breadcrumb\">\n\t\t\t<a href=\"https:\/\/www.encontrabelem.com.br\/sobre\/noticias-em-belem\" title=\"Not\u00edcias Bel\u00e9m\">Not\u00edcias Bel\u00e9m<\/a>\n\t\t<\/span><span class=\"aioseo-breadcrumb-separator\">&raquo;<\/span><span class=\"aioseo-breadcrumb\">\n\t\t\tVigil\u00e2ncia Sanit\u00e1ria fecha cl\u00ednica odontol\u00f3gica ap\u00f3s den\u00fancia de irregularidades em Bel\u00e9m\n\t\t<\/span><\/div>","aioseo_breadcrumb_json":[{"label":"In\u00edcio","link":"https:\/\/www.encontrabelem.com.br\/sobre"},{"label":"Not\u00edcias Bel\u00e9m","link":"https:\/\/www.encontrabelem.com.br\/sobre\/noticias-em-belem"},{"label":"Vigil\u00e2ncia Sanit\u00e1ria fecha cl\u00ednica odontol\u00f3gica ap\u00f3s den\u00fancia de irregularidades em Bel\u00e9m","link":"https:\/\/www.encontrabelem.com.br\/sobre\/vigilancia-sanitaria-fecha-clinica-odontologica-apos-denuncia-de-irregularidades-em-belem"}],"_links":{"self":[{"href":"https:\/\/www.encontrabelem.com.br\/sobre\/wp-json\/wp\/v2\/posts\/1527","targetHints":{"allow":["GET"]}}],"collection":[{"href":"https:\/\/www.encontrabelem.com.br\/sobre\/wp-json\/wp\/v2\/posts"}],"about":[{"href":"https:\/\/www.encontrabelem.com.br\/sobre\/wp-json\/wp\/v2\/types\/post"}],"author":[{"embeddable":true,"href":"https:\/\/www.encontrabelem.com.br\/sobre\/wp-json\/wp\/v2\/users\/1"}],"replies":[{"embeddable":true,"href":"https:\/\/www.encontrabelem.com.br\/sobre\/wp-json\/wp\/v2\/comments?post=1527"}],"version-history":[{"count":0,"href":"https:\/\/www.encontrabelem.com.br\/sobre\/wp-json\/wp\/v2\/posts\/1527\/revisions"}],"wp:featuredmedia":[{"embeddable":true,"href":"https:\/\/www.encontrabelem.com.br\/sobre\/wp-json\/wp\/v2\/media\/1526"}],"wp:attachment":[{"href":"https:\/\/www.encontrabelem.com.br\/sobre\/wp-json\/wp\/v2\/media?parent=1527"}],"wp:term":[{"taxonomy":"category","embeddable":true,"href":"https:\/\/www.encontrabelem.com.br\/sobre\/wp-json\/wp\/v2\/categories?post=1527"},{"taxonomy":"post_tag","embeddable":true,"href":"https:\/\/www.encontrabelem.com.br\/sobre\/wp-json\/wp\/v2\/tags?post=1527"}],"curies":[{"name":"wp","href":"https:\/\/api.w.org\/{rel}","templated":true}]}}