{"id":1521,"date":"2026-04-01T13:58:41","date_gmt":"2026-04-01T16:58:41","guid":{"rendered":"https:\/\/www.encontrabelem.com.br\/sobre\/transito-e-bloqueado-na-av-julio-cesar-apos-problema-em-passarela-de-obra-da-cop-30-em-belem"},"modified":"2026-04-01T13:58:41","modified_gmt":"2026-04-01T16:58:41","slug":"transito-e-bloqueado-na-av-julio-cesar-apos-problema-em-passarela-de-obra-da-cop-30-em-belem","status":"publish","type":"post","link":"https:\/\/www.encontrabelem.com.br\/sobre\/transito-e-bloqueado-na-av-julio-cesar-apos-problema-em-passarela-de-obra-da-cop-30-em-belem","title":{"rendered":"Tr\u00e2nsito \u00e9 bloqueado na av. J\u00falio C\u00e9sar ap\u00f3s problema em passarela de obra da COP 30, em Bel\u00e9m"},"content":{"rendered":"<div class=\"b22802487b0d38c4c6d9f34966e16421\" data-index=\"1\" style=\"float: none; margin:0px;\">\n<!-- Anuncio display - global -->\r\n<ins class=\"adsbygoogle\"\r\n     style=\"display:block\"\r\n     data-ad-client=\"ca-pub-8585364105181520\"\r\n     data-ad-slot=\"8789329856\"\r\n     data-ad-format=\"auto\"\r\n     data-full-width-responsive=\"true\"><\/ins>\r\n<script>\r\n     (adsbygoogle = window.adsbygoogle || []).push({});\r\n<\/script>\n<\/div>\n<h2>Motivos da Interdi\u00e7\u00e3o da Passarela em Bel\u00e9m<\/h2>\n<p>A interdi\u00e7\u00e3o da passarela localizada na Avenida J\u00falio C\u00e9sar em Bel\u00e9m ocorreu em decorr\u00eancia da descoberta de um <strong>risco de queda<\/strong>, sendo essencial uma medida preventiva para garantir a seguran\u00e7a da popula\u00e7\u00e3o. Essa estrutura \u00e9 parte das obras do <strong>Parque Urbano Igarap\u00e9 S\u00e3o Joaquim<\/strong>, que, por sua vez, \u00e9 uma iniciativa relacionada \u00e0s promessas feitas para a <strong>COP30<\/strong>. A condi\u00e7\u00e3o da passarela foi avaliada por equipes t\u00e9cnicas para determinar as causas do problema.<\/p>\n<h2>Impactos no Tr\u00e2nsito da Avenida J\u00falio C\u00e9sar<\/h2>\n<p>A interdi\u00e7\u00e3o da passarela resultou no bloqueio total do tr\u00e1fego de ve\u00edculos neste trecho da Avenida J\u00falio C\u00e9sar, afetando diretamente a fluidez das avenidas adjacentes. Agentes da <strong>Secretaria Municipal de Seguran\u00e7a, Ordem P\u00fablica e Mobilidade<\/strong> (Segbel) foram mobilizados para organizar o fluxo de ve\u00edculos e orientar os motoristas sobre as melhoras <strong>rotas alternativas<\/strong>.<\/p>\n<h2>Responsabilidade do Cons\u00f3rcio Igarap\u00e9 S\u00e3o Joaquim<\/h2>\n<p>A execu\u00e7\u00e3o das obras da passarela foi atribu\u00edda ao Cons\u00f3rcio Igarap\u00e9 S\u00e3o Joaquim, composto pelas empresas <strong>Construbase Engenharia<\/strong> e <strong>HTBR Arquitetura e Engenharia<\/strong>. A Prefeitura notificou esse cons\u00f3rcio, exigindo explica\u00e7\u00f5es sobre a situa\u00e7\u00e3o da passarela e a implementa\u00e7\u00e3o de a\u00e7\u00f5es corretivas.<\/p>\n<p><img decoding=\"async\" src=\"https:\/\/www.encontrabelem.com.br\/sobre\/wp-content\/uploads\/2026\/04\/transito-e-bloqueado-na-av-julio-cesar-apos-problema-em-passarela-de-obra-da-cop-30-em-belem.webp\" alt=\"interdi\u00e7\u00e3o da passarela\" loading=\"lazy\" \/><\/p>\n<h2>A\u00e7\u00e3o da Prefeitura e Equipes T\u00e9cnicas<\/h2>\n<p>A Prefeitura de Bel\u00e9m, ao reconhecer o problema, acionou imediatamente suas equipes t\u00e9cnicas para investigar as condi\u00e7\u00f5es estruturais da passarela e determinar a necessidade de provid\u00eancias emergenciais. Um <strong>procedimento administrativo<\/strong> foi instaurado para apurar poss\u00edveis falhas que levaram ao risco estrutural, com a possibilidade de san\u00e7\u00f5es se forem identificados descumprimentos contratuais.<\/p>\n<h2>Riscos Estruturais e Vistorias Emergenciais<\/h2>\n<p>A vistoria t\u00e9cnica na passarela \u00e9 uma medida crucial para compreender a real extens\u00e3o do risco estrutural. A avalia\u00e7\u00e3o abranger\u00e1 n\u00e3o apenas a passarela em quest\u00e3o, mas tamb\u00e9m outras \u00e1reas do projeto do <strong>Parque Urbano Igarap\u00e9 S\u00e3o Joaquim<\/strong>, a fim de garantir a seguran\u00e7a da popula\u00e7\u00e3o. A metodologia de inspe\u00e7\u00e3o envolve profissionais especializados que verificar\u00e3o a integridade da estrutura e recomendar\u00e3o as obras necess\u00e1rias para proceder com a recupera\u00e7\u00e3o adequada.<\/p>\n<h2>Rotas Alternativas para Motoristas<\/h2>\n<p>Com o bloqueio na Avenida J\u00falio C\u00e9sar, motoristas foram instru\u00eddos a utilizar rotas alternativas para evitar congestionamentos. As op\u00e7\u00f5es sugeridas incluem:<\/p>\n<ul>\n<li>Avenida Pedro \u00c1lvares Cabral<\/li>\n<li>Avenida Arthur Bernardes<\/li>\n<li>Avenida Augusto Montenegro<\/li>\n<li>Avenida Centen\u00e1rio<\/li>\n<li>Avenida Desembargador Paulo Frota<\/li>\n<\/ul>\n<p>Essas alternativas visam minimizar o impacto no tr\u00e2nsito e assegurar que a mobilidade urbana seja mantida durante o per\u00edodo de interdi\u00e7\u00e3o.<\/p>\n<h2>Avalia\u00e7\u00e3o da Estrutura do Parque Urbano Igarap\u00e9 S\u00e3o Joaquim<\/h2>\n<p>A passarela faz parte de um projeto mais abrangente que visa criar um parque urbano para revitalizar \u00e1reas da cidade. O <strong>Parque Urbano Igarap\u00e9 S\u00e3o Joaquim<\/strong> se estender\u00e1 por cinco quil\u00f4metros e atravessar\u00e1 v\u00e1rios bairros, tendo como finalidade melhorar a qualidade de vida da popula\u00e7\u00e3o. Assim, a avalia\u00e7\u00e3o de sua estrutura e do restante do projeto \u00e9 imprescind\u00edvel, especialmente considerando o investimento significativo que envolve.<\/p>\n<h2>Or\u00e7amento e Financiamento das Obras<\/h2>\n<p>O custo total do projeto \u00e9 estimado em <strong>R$ 173 milh\u00f5es<\/strong>, com recursos oriundos da <strong>Itaipu Binacional (R$ 150 milh\u00f5es)<\/strong> e da <strong>Prefeitura de Bel\u00e9m (R$ 23 milh\u00f5es)<\/strong>. Este financiamento representa um grande investimento na infraestrutura da cidade e, portanto, a necessidade de assegurar que todas as etapas do projeto sejam executadas com seguran\u00e7a e qualidade \u00e9 uma prioridade para a administra\u00e7\u00e3o p\u00fablica.<\/p>\n<h2>O Que Esperar Ap\u00f3s a Interdi\u00e7\u00e3o?<\/h2>\n<p>A interdi\u00e7\u00e3o da passarela indica um momento cr\u00edtico nas obras do Parque, e \u00e9 de se esperar que, ap\u00f3s a avalia\u00e7\u00e3o, sejam tomadas decis\u00f5es acerca da recupera\u00e7\u00e3o ou da reestrutura\u00e7\u00e3o das obras j\u00e1 realizadas. Assim, a continuidade e a finaliza\u00e7\u00e3o do projeto depender\u00e3o da an\u00e1lise dos engenheiros e da implementa\u00e7\u00e3o das corre\u00e7\u00f5es necess\u00e1rias.<\/p>\n<h2>Import\u00e2ncia da Seguran\u00e7a em Obras P\u00fablicas<\/h2>\n<p>A seguran\u00e7a em obras p\u00fablicas n\u00e3o pode ser subestimada, uma vez que envolve a integridade dos usu\u00e1rios e a durabilidade das estruturas. Interdi\u00e7\u00f5es como a da passarela s\u00e3o parte das pr\u00e1ticas de gest\u00e3o respons\u00e1vel que visam prevenir acidentes e garantir que a popula\u00e7\u00e3o esteja sempre em primeiro lugar nas prioridades das autoridades. Portanto, \u00e9 fundamental investir na inspe\u00e7\u00e3o e manuten\u00e7\u00e3o de obras para evitar problemas futuros.<\/p>\n\n<div style=\"font-size: 0px; height: 0px; line-height: 0px; margin: 0; padding: 0; clear: both;\"><\/div>","protected":false},"excerpt":{"rendered":"<p>Passarela em Bel\u00e9m foi interditada devido ao risco de queda. Entenda os detalhes.<\/p>\n","protected":false},"author":1,"featured_media":1520,"comment_status":"open","ping_status":"closed","sticky":false,"template":"","format":"standard","meta":{"footnotes":""},"categories":[1],"tags":[],"class_list":["post-1521","post","type-post","status-publish","format-standard","has-post-thumbnail","hentry","category-noticias-em-belem","has_thumb"],"aioseo_notices":[],"aioseo_head":"\n\t\t<!-- All in One SEO 5.0.0.1 - aioseo.com -->\n\t<meta name=\"description\" content=\"Passarela em Bel\u00e9m foi interditada devido ao risco de queda. Entenda os detalhes.\" \/>\n\t<meta name=\"robots\" content=\"max-image-preview:large\" \/>\n\t<meta name=\"author\" content=\"Encontra Bel\u00e9m\"\/>\n\t<link rel=\"canonical\" href=\"https:\/\/www.encontrabelem.com.br\/sobre\/transito-e-bloqueado-na-av-julio-cesar-apos-problema-em-passarela-de-obra-da-cop-30-em-belem\" \/>\n\t<meta name=\"generator\" content=\"All in One SEO (AIOSEO) 5.0.0.1\" \/>\n\t\t<meta property=\"og:locale\" content=\"pt_BR\" \/>\n\t\t<meta property=\"og:site_name\" content=\"Encontra Bel\u00e9m | Not\u00edcias, eventos, informa\u00e7\u00f5es e dicas na cidade Bel\u00e9m e regi\u00e3o.\" \/>\n\t\t<meta property=\"og:type\" content=\"article\" \/>\n\t\t<meta property=\"og:title\" content=\"Tr\u00e2nsito \u00e9 bloqueado na av. J\u00falio C\u00e9sar ap\u00f3s problema em passarela de obra da COP 30, em Bel\u00e9m | Encontra Bel\u00e9m\" \/>\n\t\t<meta property=\"og:description\" content=\"Passarela em Bel\u00e9m foi interditada devido ao risco de queda. Entenda os detalhes.\" \/>\n\t\t<meta property=\"og:url\" content=\"https:\/\/www.encontrabelem.com.br\/sobre\/transito-e-bloqueado-na-av-julio-cesar-apos-problema-em-passarela-de-obra-da-cop-30-em-belem\" \/>\n\t\t<meta property=\"article:published_time\" content=\"2026-04-01T16:58:41+00:00\" \/>\n\t\t<meta property=\"article:modified_time\" content=\"2026-04-01T16:58:41+00:00\" \/>\n\t\t<meta name=\"twitter:card\" content=\"summary\" \/>\n\t\t<meta name=\"twitter:title\" content=\"Tr\u00e2nsito \u00e9 bloqueado na av. J\u00falio C\u00e9sar ap\u00f3s problema em passarela de obra da COP 30, em Bel\u00e9m | Encontra Bel\u00e9m\" \/>\n\t\t<meta name=\"twitter:description\" content=\"Passarela em Bel\u00e9m foi interditada devido ao risco de queda. Entenda os detalhes.\" \/>\n\t\t<script type=\"application\/ld+json\" class=\"aioseo-schema\">\n\t\t\t{\"@context\":\"https:\\\/\\\/schema.org\",\"@graph\":[{\"@type\":\"Article\",\"@id\":\"https:\\\/\\\/www.encontrabelem.com.br\\\/sobre\\\/transito-e-bloqueado-na-av-julio-cesar-apos-problema-em-passarela-de-obra-da-cop-30-em-belem#article\",\"name\":\"Tr\\u00e2nsito \\u00e9 bloqueado na av. J\\u00falio C\\u00e9sar ap\\u00f3s problema em passarela de obra da COP 30, em Bel\\u00e9m | Encontra Bel\\u00e9m\",\"headline\":\"Tr\\u00e2nsito \\u00e9 bloqueado na av. J\\u00falio C\\u00e9sar ap\\u00f3s problema em passarela de obra da COP 30, em Bel\\u00e9m\",\"author\":{\"@id\":\"https:\\\/\\\/www.encontrabelem.com.br\\\/sobre\\\/author\\\/ebelem#author\"},\"publisher\":{\"@id\":\"https:\\\/\\\/www.encontrabelem.com.br\\\/sobre\\\/#organization\"},\"image\":{\"@type\":\"ImageObject\",\"url\":\"https:\\\/\\\/www.encontrabelem.com.br\\\/sobre\\\/wp-content\\\/uploads\\\/2026\\\/04\\\/transito-e-bloqueado-na-av-julio-cesar-apos-problema-em-passarela-de-obra-da-cop-30-em-belem.webp\",\"width\":280,\"height\":280,\"caption\":\"interdi\\u00e7\\u00e3o da passarela\"},\"datePublished\":\"2026-04-01T13:58:41-03:00\",\"dateModified\":\"2026-04-01T13:58:41-03:00\",\"inLanguage\":\"pt-BR\",\"mainEntityOfPage\":{\"@id\":\"https:\\\/\\\/www.encontrabelem.com.br\\\/sobre\\\/transito-e-bloqueado-na-av-julio-cesar-apos-problema-em-passarela-de-obra-da-cop-30-em-belem#webpage\"},\"isPartOf\":{\"@id\":\"https:\\\/\\\/www.encontrabelem.com.br\\\/sobre\\\/transito-e-bloqueado-na-av-julio-cesar-apos-problema-em-passarela-de-obra-da-cop-30-em-belem#webpage\"},\"articleSection\":\"Not\\u00edcias Bel\\u00e9m\"},{\"@type\":\"BreadcrumbList\",\"@id\":\"https:\\\/\\\/www.encontrabelem.com.br\\\/sobre\\\/transito-e-bloqueado-na-av-julio-cesar-apos-problema-em-passarela-de-obra-da-cop-30-em-belem#breadcrumblist\",\"itemListElement\":[{\"@type\":\"ListItem\",\"@id\":\"https:\\\/\\\/www.encontrabelem.com.br\\\/sobre#listItem\",\"position\":1,\"name\":\"In\\u00edcio\",\"item\":\"https:\\\/\\\/www.encontrabelem.com.br\\\/sobre\",\"nextItem\":{\"@type\":\"ListItem\",\"@id\":\"https:\\\/\\\/www.encontrabelem.com.br\\\/sobre\\\/noticias-em-belem#listItem\",\"name\":\"Not\\u00edcias Bel\\u00e9m\"}},{\"@type\":\"ListItem\",\"@id\":\"https:\\\/\\\/www.encontrabelem.com.br\\\/sobre\\\/noticias-em-belem#listItem\",\"position\":2,\"name\":\"Not\\u00edcias Bel\\u00e9m\",\"item\":\"https:\\\/\\\/www.encontrabelem.com.br\\\/sobre\\\/noticias-em-belem\",\"nextItem\":{\"@type\":\"ListItem\",\"@id\":\"https:\\\/\\\/www.encontrabelem.com.br\\\/sobre\\\/transito-e-bloqueado-na-av-julio-cesar-apos-problema-em-passarela-de-obra-da-cop-30-em-belem#listItem\",\"name\":\"Tr\\u00e2nsito \\u00e9 bloqueado na av. J\\u00falio C\\u00e9sar ap\\u00f3s problema em passarela de obra da COP 30, em Bel\\u00e9m\"},\"previousItem\":{\"@type\":\"ListItem\",\"@id\":\"https:\\\/\\\/www.encontrabelem.com.br\\\/sobre#listItem\",\"name\":\"In\\u00edcio\"}},{\"@type\":\"ListItem\",\"@id\":\"https:\\\/\\\/www.encontrabelem.com.br\\\/sobre\\\/transito-e-bloqueado-na-av-julio-cesar-apos-problema-em-passarela-de-obra-da-cop-30-em-belem#listItem\",\"position\":3,\"name\":\"Tr\\u00e2nsito \\u00e9 bloqueado na av. J\\u00falio C\\u00e9sar ap\\u00f3s problema em passarela de obra da COP 30, em Bel\\u00e9m\",\"previousItem\":{\"@type\":\"ListItem\",\"@id\":\"https:\\\/\\\/www.encontrabelem.com.br\\\/sobre\\\/noticias-em-belem#listItem\",\"name\":\"Not\\u00edcias Bel\\u00e9m\"}}]},{\"@type\":\"Organization\",\"@id\":\"https:\\\/\\\/www.encontrabelem.com.br\\\/sobre\\\/#organization\",\"name\":\"Encontra Bel\\u00e9m\",\"description\":\"Not\\u00edcias, eventos, informa\\u00e7\\u00f5es e dicas na cidade Bel\\u00e9m e regi\\u00e3o.\",\"url\":\"https:\\\/\\\/www.encontrabelem.com.br\\\/sobre\\\/\"},{\"@type\":\"Person\",\"@id\":\"https:\\\/\\\/www.encontrabelem.com.br\\\/sobre\\\/author\\\/ebelem#author\",\"url\":\"https:\\\/\\\/www.encontrabelem.com.br\\\/sobre\\\/author\\\/ebelem\",\"name\":\"Encontra Bel\\u00e9m\",\"image\":{\"@type\":\"ImageObject\",\"@id\":\"https:\\\/\\\/www.encontrabelem.com.br\\\/sobre\\\/transito-e-bloqueado-na-av-julio-cesar-apos-problema-em-passarela-de-obra-da-cop-30-em-belem#authorImage\",\"url\":\"https:\\\/\\\/secure.gravatar.com\\\/avatar\\\/507340682b8270222e1f208e23198b6ae7e2c6a1033ae84e99bc6bce4f82a387?s=96&d=mm&r=g\",\"width\":96,\"height\":96,\"caption\":\"Encontra Bel\\u00e9m\"}},{\"@type\":\"WebPage\",\"@id\":\"https:\\\/\\\/www.encontrabelem.com.br\\\/sobre\\\/transito-e-bloqueado-na-av-julio-cesar-apos-problema-em-passarela-de-obra-da-cop-30-em-belem#webpage\",\"url\":\"https:\\\/\\\/www.encontrabelem.com.br\\\/sobre\\\/transito-e-bloqueado-na-av-julio-cesar-apos-problema-em-passarela-de-obra-da-cop-30-em-belem\",\"name\":\"Tr\\u00e2nsito \\u00e9 bloqueado na av. J\\u00falio C\\u00e9sar ap\\u00f3s problema em passarela de obra da COP 30, em Bel\\u00e9m | Encontra Bel\\u00e9m\",\"description\":\"Passarela em Bel\\u00e9m foi interditada devido ao risco de queda. Entenda os detalhes.\",\"inLanguage\":\"pt-BR\",\"isPartOf\":{\"@id\":\"https:\\\/\\\/www.encontrabelem.com.br\\\/sobre\\\/#website\"},\"breadcrumb\":{\"@id\":\"https:\\\/\\\/www.encontrabelem.com.br\\\/sobre\\\/transito-e-bloqueado-na-av-julio-cesar-apos-problema-em-passarela-de-obra-da-cop-30-em-belem#breadcrumblist\"},\"author\":{\"@id\":\"https:\\\/\\\/www.encontrabelem.com.br\\\/sobre\\\/author\\\/ebelem#author\"},\"creator\":{\"@id\":\"https:\\\/\\\/www.encontrabelem.com.br\\\/sobre\\\/author\\\/ebelem#author\"},\"image\":{\"@type\":\"ImageObject\",\"url\":\"https:\\\/\\\/www.encontrabelem.com.br\\\/sobre\\\/wp-content\\\/uploads\\\/2026\\\/04\\\/transito-e-bloqueado-na-av-julio-cesar-apos-problema-em-passarela-de-obra-da-cop-30-em-belem.webp\",\"@id\":\"https:\\\/\\\/www.encontrabelem.com.br\\\/sobre\\\/transito-e-bloqueado-na-av-julio-cesar-apos-problema-em-passarela-de-obra-da-cop-30-em-belem\\\/#mainImage\",\"width\":280,\"height\":280,\"caption\":\"interdi\\u00e7\\u00e3o da passarela\"},\"primaryImageOfPage\":{\"@id\":\"https:\\\/\\\/www.encontrabelem.com.br\\\/sobre\\\/transito-e-bloqueado-na-av-julio-cesar-apos-problema-em-passarela-de-obra-da-cop-30-em-belem#mainImage\"},\"datePublished\":\"2026-04-01T13:58:41-03:00\",\"dateModified\":\"2026-04-01T13:58:41-03:00\"},{\"@type\":\"WebSite\",\"@id\":\"https:\\\/\\\/www.encontrabelem.com.br\\\/sobre\\\/#website\",\"url\":\"https:\\\/\\\/www.encontrabelem.com.br\\\/sobre\\\/\",\"name\":\"Encontra Bel\\u00e9m\",\"description\":\"Not\\u00edcias, eventos, informa\\u00e7\\u00f5es e dicas na cidade Bel\\u00e9m e regi\\u00e3o.\",\"inLanguage\":\"pt-BR\",\"publisher\":{\"@id\":\"https:\\\/\\\/www.encontrabelem.com.br\\\/sobre\\\/#organization\"}}]}\n\t\t<\/script>\n\t\t<!-- All in One SEO -->\n\n","aioseo_head_json":{"title":"Tr\u00e2nsito \u00e9 bloqueado na av. J\u00falio C\u00e9sar ap\u00f3s problema em passarela de obra da COP 30, em Bel\u00e9m | Encontra Bel\u00e9m","description":"Passarela em Bel\u00e9m foi interditada devido ao risco de queda. Entenda os detalhes.","canonical_url":"https:\/\/www.encontrabelem.com.br\/sobre\/transito-e-bloqueado-na-av-julio-cesar-apos-problema-em-passarela-de-obra-da-cop-30-em-belem","robots":"max-image-preview:large","keywords":"","webmasterTools":{"miscellaneous":""},"schema":{"@context":"https:\/\/schema.org","@graph":[{"@type":"Article","@id":"https:\/\/www.encontrabelem.com.br\/sobre\/transito-e-bloqueado-na-av-julio-cesar-apos-problema-em-passarela-de-obra-da-cop-30-em-belem#article","name":"Tr\u00e2nsito \u00e9 bloqueado na av. J\u00falio C\u00e9sar ap\u00f3s problema em passarela de obra da COP 30, em Bel\u00e9m | Encontra Bel\u00e9m","headline":"Tr\u00e2nsito \u00e9 bloqueado na av. J\u00falio C\u00e9sar ap\u00f3s problema em passarela de obra da COP 30, em Bel\u00e9m","author":{"@id":"https:\/\/www.encontrabelem.com.br\/sobre\/author\/ebelem#author"},"publisher":{"@id":"https:\/\/www.encontrabelem.com.br\/sobre\/#organization"},"image":{"@type":"ImageObject","url":"https:\/\/www.encontrabelem.com.br\/sobre\/wp-content\/uploads\/2026\/04\/transito-e-bloqueado-na-av-julio-cesar-apos-problema-em-passarela-de-obra-da-cop-30-em-belem.webp","width":280,"height":280,"caption":"interdi\u00e7\u00e3o da passarela"},"datePublished":"2026-04-01T13:58:41-03:00","dateModified":"2026-04-01T13:58:41-03:00","inLanguage":"pt-BR","mainEntityOfPage":{"@id":"https:\/\/www.encontrabelem.com.br\/sobre\/transito-e-bloqueado-na-av-julio-cesar-apos-problema-em-passarela-de-obra-da-cop-30-em-belem#webpage"},"isPartOf":{"@id":"https:\/\/www.encontrabelem.com.br\/sobre\/transito-e-bloqueado-na-av-julio-cesar-apos-problema-em-passarela-de-obra-da-cop-30-em-belem#webpage"},"articleSection":"Not\u00edcias Bel\u00e9m"},{"@type":"BreadcrumbList","@id":"https:\/\/www.encontrabelem.com.br\/sobre\/transito-e-bloqueado-na-av-julio-cesar-apos-problema-em-passarela-de-obra-da-cop-30-em-belem#breadcrumblist","itemListElement":[{"@type":"ListItem","@id":"https:\/\/www.encontrabelem.com.br\/sobre#listItem","position":1,"name":"In\u00edcio","item":"https:\/\/www.encontrabelem.com.br\/sobre","nextItem":{"@type":"ListItem","@id":"https:\/\/www.encontrabelem.com.br\/sobre\/noticias-em-belem#listItem","name":"Not\u00edcias Bel\u00e9m"}},{"@type":"ListItem","@id":"https:\/\/www.encontrabelem.com.br\/sobre\/noticias-em-belem#listItem","position":2,"name":"Not\u00edcias Bel\u00e9m","item":"https:\/\/www.encontrabelem.com.br\/sobre\/noticias-em-belem","nextItem":{"@type":"ListItem","@id":"https:\/\/www.encontrabelem.com.br\/sobre\/transito-e-bloqueado-na-av-julio-cesar-apos-problema-em-passarela-de-obra-da-cop-30-em-belem#listItem","name":"Tr\u00e2nsito \u00e9 bloqueado na av. J\u00falio C\u00e9sar ap\u00f3s problema em passarela de obra da COP 30, em Bel\u00e9m"},"previousItem":{"@type":"ListItem","@id":"https:\/\/www.encontrabelem.com.br\/sobre#listItem","name":"In\u00edcio"}},{"@type":"ListItem","@id":"https:\/\/www.encontrabelem.com.br\/sobre\/transito-e-bloqueado-na-av-julio-cesar-apos-problema-em-passarela-de-obra-da-cop-30-em-belem#listItem","position":3,"name":"Tr\u00e2nsito \u00e9 bloqueado na av. J\u00falio C\u00e9sar ap\u00f3s problema em passarela de obra da COP 30, em Bel\u00e9m","previousItem":{"@type":"ListItem","@id":"https:\/\/www.encontrabelem.com.br\/sobre\/noticias-em-belem#listItem","name":"Not\u00edcias Bel\u00e9m"}}]},{"@type":"Organization","@id":"https:\/\/www.encontrabelem.com.br\/sobre\/#organization","name":"Encontra Bel\u00e9m","description":"Not\u00edcias, eventos, informa\u00e7\u00f5es e dicas na cidade Bel\u00e9m e regi\u00e3o.","url":"https:\/\/www.encontrabelem.com.br\/sobre\/"},{"@type":"Person","@id":"https:\/\/www.encontrabelem.com.br\/sobre\/author\/ebelem#author","url":"https:\/\/www.encontrabelem.com.br\/sobre\/author\/ebelem","name":"Encontra Bel\u00e9m","image":{"@type":"ImageObject","@id":"https:\/\/www.encontrabelem.com.br\/sobre\/transito-e-bloqueado-na-av-julio-cesar-apos-problema-em-passarela-de-obra-da-cop-30-em-belem#authorImage","url":"https:\/\/secure.gravatar.com\/avatar\/507340682b8270222e1f208e23198b6ae7e2c6a1033ae84e99bc6bce4f82a387?s=96&d=mm&r=g","width":96,"height":96,"caption":"Encontra Bel\u00e9m"}},{"@type":"WebPage","@id":"https:\/\/www.encontrabelem.com.br\/sobre\/transito-e-bloqueado-na-av-julio-cesar-apos-problema-em-passarela-de-obra-da-cop-30-em-belem#webpage","url":"https:\/\/www.encontrabelem.com.br\/sobre\/transito-e-bloqueado-na-av-julio-cesar-apos-problema-em-passarela-de-obra-da-cop-30-em-belem","name":"Tr\u00e2nsito \u00e9 bloqueado na av. J\u00falio C\u00e9sar ap\u00f3s problema em passarela de obra da COP 30, em Bel\u00e9m | Encontra Bel\u00e9m","description":"Passarela em Bel\u00e9m foi interditada devido ao risco de queda. Entenda os detalhes.","inLanguage":"pt-BR","isPartOf":{"@id":"https:\/\/www.encontrabelem.com.br\/sobre\/#website"},"breadcrumb":{"@id":"https:\/\/www.encontrabelem.com.br\/sobre\/transito-e-bloqueado-na-av-julio-cesar-apos-problema-em-passarela-de-obra-da-cop-30-em-belem#breadcrumblist"},"author":{"@id":"https:\/\/www.encontrabelem.com.br\/sobre\/author\/ebelem#author"},"creator":{"@id":"https:\/\/www.encontrabelem.com.br\/sobre\/author\/ebelem#author"},"image":{"@type":"ImageObject","url":"https:\/\/www.encontrabelem.com.br\/sobre\/wp-content\/uploads\/2026\/04\/transito-e-bloqueado-na-av-julio-cesar-apos-problema-em-passarela-de-obra-da-cop-30-em-belem.webp","@id":"https:\/\/www.encontrabelem.com.br\/sobre\/transito-e-bloqueado-na-av-julio-cesar-apos-problema-em-passarela-de-obra-da-cop-30-em-belem\/#mainImage","width":280,"height":280,"caption":"interdi\u00e7\u00e3o da passarela"},"primaryImageOfPage":{"@id":"https:\/\/www.encontrabelem.com.br\/sobre\/transito-e-bloqueado-na-av-julio-cesar-apos-problema-em-passarela-de-obra-da-cop-30-em-belem#mainImage"},"datePublished":"2026-04-01T13:58:41-03:00","dateModified":"2026-04-01T13:58:41-03:00"},{"@type":"WebSite","@id":"https:\/\/www.encontrabelem.com.br\/sobre\/#website","url":"https:\/\/www.encontrabelem.com.br\/sobre\/","name":"Encontra Bel\u00e9m","description":"Not\u00edcias, eventos, informa\u00e7\u00f5es e dicas na cidade Bel\u00e9m e regi\u00e3o.","inLanguage":"pt-BR","publisher":{"@id":"https:\/\/www.encontrabelem.com.br\/sobre\/#organization"}}]},"og:locale":"pt_BR","og:site_name":"Encontra Bel\u00e9m | Not\u00edcias, eventos, informa\u00e7\u00f5es e dicas na cidade Bel\u00e9m e regi\u00e3o.","og:type":"article","og:title":"Tr\u00e2nsito \u00e9 bloqueado na av. J\u00falio C\u00e9sar ap\u00f3s problema em passarela de obra da COP 30, em Bel\u00e9m | Encontra Bel\u00e9m","og:description":"Passarela em Bel\u00e9m foi interditada devido ao risco de queda. Entenda os detalhes.","og:url":"https:\/\/www.encontrabelem.com.br\/sobre\/transito-e-bloqueado-na-av-julio-cesar-apos-problema-em-passarela-de-obra-da-cop-30-em-belem","article:published_time":"2026-04-01T16:58:41+00:00","article:modified_time":"2026-04-01T16:58:41+00:00","twitter:card":"summary","twitter:title":"Tr\u00e2nsito \u00e9 bloqueado na av. J\u00falio C\u00e9sar ap\u00f3s problema em passarela de obra da COP 30, em Bel\u00e9m | Encontra Bel\u00e9m","twitter:description":"Passarela em Bel\u00e9m foi interditada devido ao risco de queda. Entenda os detalhes."},"aioseo_meta_data":{"post_id":"1521","title":null,"description":null,"keywords":null,"keyphrases":null,"primary_term":null,"canonical_url":null,"og_title":null,"og_description":null,"og_object_type":"default","og_image_type":"default","og_image_url":null,"og_image_width":null,"og_image_height":null,"og_image_custom_url":null,"og_image_custom_fields":null,"og_video":null,"og_custom_url":null,"og_article_section":null,"og_article_tags":null,"twitter_use_og":false,"twitter_card":"default","twitter_image_type":"default","twitter_image_url":null,"twitter_image_custom_url":null,"twitter_image_custom_fields":null,"twitter_title":null,"twitter_description":null,"schema":{"blockGraphs":[],"customGraphs":[],"default":{"data":{"Article":[],"Course":[],"Dataset":[],"FAQPage":[],"Movie":[],"Person":[],"Product":[],"ProductReview":[],"Car":[],"Recipe":[],"Service":[],"SoftwareApplication":[],"WebPage":[]},"graphName":"Article","isEnabled":true},"graphs":[]},"schema_type":"default","schema_type_options":null,"pillar_content":false,"robots_default":true,"robots_noindex":false,"robots_noarchive":false,"robots_nosnippet":false,"robots_nofollow":false,"robots_noimageindex":false,"robots_noodp":false,"robots_notranslate":false,"robots_max_snippet":null,"robots_max_videopreview":null,"robots_max_imagepreview":"large","priority":null,"frequency":null,"local_seo":null,"breadcrumb_settings":null,"limit_modified_date":false,"ai":null,"created":"2026-04-01 17:29:46","updated":"2026-04-01 17:33:05","focus_keyword":null,"additional_keywords":null,"truseo_locale":null,"seo_analyzer_scan_date":null},"aioseo_breadcrumb":"<div class=\"aioseo-breadcrumbs\"><span class=\"aioseo-breadcrumb\">\n\t\t\t<a href=\"https:\/\/www.encontrabelem.com.br\/sobre\" title=\"In\u00edcio\">In\u00edcio<\/a>\n\t\t<\/span><span class=\"aioseo-breadcrumb-separator\">&raquo;<\/span><span class=\"aioseo-breadcrumb\">\n\t\t\t<a href=\"https:\/\/www.encontrabelem.com.br\/sobre\/noticias-em-belem\" title=\"Not\u00edcias Bel\u00e9m\">Not\u00edcias Bel\u00e9m<\/a>\n\t\t<\/span><span class=\"aioseo-breadcrumb-separator\">&raquo;<\/span><span class=\"aioseo-breadcrumb\">\n\t\t\tTr\u00e2nsito \u00e9 bloqueado na av. J\u00falio C\u00e9sar ap\u00f3s problema em passarela de obra da COP 30, em Bel\u00e9m\n\t\t<\/span><\/div>","aioseo_breadcrumb_json":[{"label":"In\u00edcio","link":"https:\/\/www.encontrabelem.com.br\/sobre"},{"label":"Not\u00edcias Bel\u00e9m","link":"https:\/\/www.encontrabelem.com.br\/sobre\/noticias-em-belem"},{"label":"Tr\u00e2nsito \u00e9 bloqueado na av. J\u00falio C\u00e9sar ap\u00f3s problema em passarela de obra da COP 30, em Bel\u00e9m","link":"https:\/\/www.encontrabelem.com.br\/sobre\/transito-e-bloqueado-na-av-julio-cesar-apos-problema-em-passarela-de-obra-da-cop-30-em-belem"}],"_links":{"self":[{"href":"https:\/\/www.encontrabelem.com.br\/sobre\/wp-json\/wp\/v2\/posts\/1521","targetHints":{"allow":["GET"]}}],"collection":[{"href":"https:\/\/www.encontrabelem.com.br\/sobre\/wp-json\/wp\/v2\/posts"}],"about":[{"href":"https:\/\/www.encontrabelem.com.br\/sobre\/wp-json\/wp\/v2\/types\/post"}],"author":[{"embeddable":true,"href":"https:\/\/www.encontrabelem.com.br\/sobre\/wp-json\/wp\/v2\/users\/1"}],"replies":[{"embeddable":true,"href":"https:\/\/www.encontrabelem.com.br\/sobre\/wp-json\/wp\/v2\/comments?post=1521"}],"version-history":[{"count":0,"href":"https:\/\/www.encontrabelem.com.br\/sobre\/wp-json\/wp\/v2\/posts\/1521\/revisions"}],"wp:featuredmedia":[{"embeddable":true,"href":"https:\/\/www.encontrabelem.com.br\/sobre\/wp-json\/wp\/v2\/media\/1520"}],"wp:attachment":[{"href":"https:\/\/www.encontrabelem.com.br\/sobre\/wp-json\/wp\/v2\/media?parent=1521"}],"wp:term":[{"taxonomy":"category","embeddable":true,"href":"https:\/\/www.encontrabelem.com.br\/sobre\/wp-json\/wp\/v2\/categories?post=1521"},{"taxonomy":"post_tag","embeddable":true,"href":"https:\/\/www.encontrabelem.com.br\/sobre\/wp-json\/wp\/v2\/tags?post=1521"}],"curies":[{"name":"wp","href":"https:\/\/api.w.org\/{rel}","templated":true}]}}