{"id":1501,"date":"2026-03-29T13:29:47","date_gmt":"2026-03-29T16:29:47","guid":{"rendered":"https:\/\/www.encontrabelem.com.br\/sobre\/festival-dos-povos-da-floresta-divulga-producao-cultural-da-amazonia-radioagencia-nacional"},"modified":"2026-03-29T13:29:47","modified_gmt":"2026-03-29T16:29:47","slug":"festival-dos-povos-da-floresta-divulga-producao-cultural-da-amazonia-radioagencia-nacional","status":"publish","type":"post","link":"https:\/\/www.encontrabelem.com.br\/sobre\/festival-dos-povos-da-floresta-divulga-producao-cultural-da-amazonia-radioagencia-nacional","title":{"rendered":"Festival dos Povos da Floresta divulga produ\u00e7\u00e3o cultural da Amaz\u00f4nia | Radioag\u00eancia Nacional"},"content":{"rendered":"<div class=\"b22802487b0d38c4c6d9f34966e16421\" data-index=\"1\" style=\"float: none; margin:0px;\">\n<!-- Anuncio display - global -->\r\n<ins class=\"adsbygoogle\"\r\n     style=\"display:block\"\r\n     data-ad-client=\"ca-pub-8585364105181520\"\r\n     data-ad-slot=\"8789329856\"\r\n     data-ad-format=\"auto\"\r\n     data-full-width-responsive=\"true\"><\/ins>\r\n<script>\r\n     (adsbygoogle = window.adsbygoogle || []).push({});\r\n<\/script>\n<\/div>\n<h2>Festival dos Povos da Floresta<\/h2>\n<p>O <strong>Festival dos Povos da Floresta<\/strong> em Bel\u00e9m \u00e9 uma celebra\u00e7\u00e3o vibrante que promove a rica <strong>cultura<\/strong> da Amaz\u00f4nia. Este evento, que est\u00e1 em andamento at\u00e9 o pr\u00f3ximo dia 29, foi desenvolvido com a inten\u00e7\u00e3o de expandir o <strong>circuito cultural<\/strong> para al\u00e9m das regi\u00f5es do sul e sudeste do Brasil, proporcionando uma programa\u00e7\u00e3o totalmente gratuita.<\/p>\n<h2>Programa\u00e7\u00e3o Cultural Diversificada<\/h2>\n<p>O festival inclui diversas atividades art\u00edsticas e culturais, abrangendo desde <strong>oficinas de fotografia e v\u00eddeo<\/strong> at\u00e9 exposi\u00e7\u00f5es e apresenta\u00e7\u00f5es musicais. Essa variedade busca engajar diferentes p\u00fablicos, possibilitando uma experi\u00eancia riqu\u00edssima em express\u00f5es art\u00edsticas.<\/p>\n<ul>\n<li><strong>Oficinas de Fotografia:<\/strong> Permitem que participantes aprendam sobre captura e edi\u00e7\u00e3o de imagens, valorizando a cultura local.<\/li>\n<li><strong>Apresenta\u00e7\u00f5es Musicais:<\/strong> Incluem artistas renomados, proporcionando ao p\u00fablico uma amostra da sonoridade amaz\u00f4nica.<\/li>\n<li><strong>Exposi\u00e7\u00f5es Art\u00edsticas:<\/strong> Exibem obras de artistas do norte do Brasil, destacando a variedade e a beleza da produ\u00e7\u00e3o cultural da regi\u00e3o.<\/li>\n<\/ul>\n<h2>Oficinas de Artes e Fotografia<\/h2>\n<p>As oficinas s\u00e3o um dos destaques do festival, proporcionando n\u00e3o apenas aprendizado, mas tamb\u00e9m uma <strong>intera\u00e7\u00e3o direta<\/strong> com a cultura amaz\u00f4nica. Participantes v\u00eam de diversas regi\u00f5es para aprender t\u00e9cnicas em fotografia e outras formas de express\u00e3o art\u00edstica, incentivando a troca de conhecimentos entre os grupos e a comunidade local.<\/p>\n<p><img decoding=\"async\" src=\"https:\/\/www.encontrabelem.com.br\/sobre\/wp-content\/uploads\/2026\/03\/festival-dos-povos-da-floresta-divulga-producao-cultural-da-amazonia-radioagencia-nacional.webp\" alt=\"\" loading=\"lazy\" \/><\/p>\n<h2>Exposi\u00e7\u00f5es e Apresenta\u00e7\u00f5es Musicais<\/h2>\n<p>As exposi\u00e7\u00f5es contam com obras de mais de 40 artistas da <strong>regi\u00e3o Norte<\/strong>, que est\u00e3o sendo exibidas no Museu da Imagem e do Som em Bel\u00e9m. Os visitantes t\u00eam a oportunidade de apreciar a diversidade art\u00edstica local, enquanto as apresenta\u00e7\u00f5es musicais oferecem um painel sonoro que vai desde ritmos tradicionais at\u00e9 novas composi\u00e7\u00f5es.<\/p>\n<h2>Vozes Amaz\u00f4nicas em Destaque<\/h2>\n<p>O Festival dos Povos da Floresta se prop\u00f5e a dar voz \u00e0s <strong>comunidades tradicionais<\/strong> da Amaz\u00f4nia, permitindo que suas hist\u00f3rias e express\u00f5es culturais sejam ouvidas e valorizadas. Este espa\u00e7o proporciona um interc\u00e2mbio vital que promove a visibilidade das culturas ind\u00edgenas e locais.<\/p>\n<h2>Participa\u00e7\u00e3o de Artistas Ind\u00edgenas<\/h2>\n<p>Artistas ind\u00edgenas est\u00e3o em destaque neste festival, trazendo suas m\u00fasicas e tradi\u00e7\u00f5es para o grande p\u00fablico. Djuena Tikuna, uma cantora ind\u00edgena, expressou a import\u00e2ncia desse evento ao afirmar que a presen\u00e7a ind\u00edgena nos palcos \u00e9 uma forma de resist\u00eancia cultural e luta por visibilidade.<\/p>\n<h2>Import\u00e2ncia da Cultura na Regi\u00e3o<\/h2>\n<p>A cultura desempenha um papel fundamental na constru\u00e7\u00e3o da identidade regional. O <strong>Festival dos Povos da Floresta<\/strong> n\u00e3o apenas celebra as tradi\u00e7\u00f5es, mas tamb\u00e9m promove o <strong>turismo<\/strong> e impulsiona a economia local, criando oportunidades para que os artistas possam se apresentar e serem reconhecidos.<\/p>\n<h2>Expectativas para as Futuras Edi\u00e7\u00f5es<\/h2>\n<p>Os organizadores e participantes do festival esperam que futuras edi\u00e7\u00f5es continuem a expandir a visibilidade da cultura amaz\u00f4nica e a fortalecer la\u00e7os entre as comunidades. A inten\u00e7\u00e3o \u00e9 que o festival se torne um ponto de refer\u00eancia na agenda cultural do Brasil, atraindo visitantes nacionais e internacionais.<\/p>\n<h2>Impacto do Festival na Comunidade<\/h2>\n<p>A realiza\u00e7\u00e3o do festival gera um impacto positivo significativo na comunidade local, promovendo a <strong>integra\u00e7\u00e3o social<\/strong> e valoriza\u00e7\u00e3o da cultura regional. Ao participar das atividades, os residentes e visitantes se engajam em di\u00e1logos sobre inclus\u00e3o e diversidade.<\/p>\n<h2>Experi\u00eancias Culturais Inovadoras<\/h2>\n<p>O festival se destaca por oferecer experi\u00eancias que inovam nas formas de intera\u00e7\u00e3o entre os artistas e o p\u00fablico. As oficinas e as apresenta\u00e7\u00f5es t\u00eam um car\u00e1ter colaborativo, o que estimula a <strong>cria\u00e7\u00e3o conjunta<\/strong> e a forma\u00e7\u00e3o de novas parcerias culturais.<\/p>\n<h2>Como Participar do Festival<\/h2>\n<p>A participa\u00e7\u00e3o no Festival dos Povos da Floresta \u00e9 simples e aberta a todos. Os interessados podem comparecer ao evento nas datas programadas, onde poder\u00e3o se inscrever nas oficinas e assistir \u00e0s apresenta\u00e7\u00f5es. A gratuidade do evento permite que qualquer pessoa tenha acesso \u00e0 cultura amaz\u00f4nica.<\/p>\n<p>Com a realiza\u00e7\u00e3o deste festival, a regi\u00e3o da Amaz\u00f4nia \u00e9 promovida como um importante centro cultural, merecendo aten\u00e7\u00e3o e reconhecimento por seu papel na diversidade brasileira. O evento representa uma oportunidade n\u00e3o apenas para celebrar, mas para refor\u00e7ar a import\u00e2ncia da cultura na forma\u00e7\u00e3o da identidade nacional.<\/p>\n\n<div style=\"font-size: 0px; height: 0px; line-height: 0px; margin: 0; padding: 0; clear: both;\"><\/div>","protected":false},"excerpt":{"rendered":"<p>Descubra a incr\u00edvel produ\u00e7\u00e3o cultural da Amaz\u00f4nia no Festival dos Povos da Floresta.<\/p>\n","protected":false},"author":1,"featured_media":1500,"comment_status":"open","ping_status":"closed","sticky":false,"template":"","format":"standard","meta":{"footnotes":""},"categories":[1],"tags":[],"class_list":["post-1501","post","type-post","status-publish","format-standard","has-post-thumbnail","hentry","category-noticias-em-belem","has_thumb"],"aioseo_notices":[],"aioseo_head":"\n\t\t<!-- All in One SEO 5.0.0.1 - aioseo.com -->\n\t<meta name=\"description\" content=\"Descubra a incr\u00edvel produ\u00e7\u00e3o cultural da Amaz\u00f4nia no Festival dos Povos da Floresta.\" \/>\n\t<meta name=\"robots\" content=\"max-image-preview:large\" \/>\n\t<meta name=\"author\" content=\"Encontra Bel\u00e9m\"\/>\n\t<link rel=\"canonical\" href=\"https:\/\/www.encontrabelem.com.br\/sobre\/festival-dos-povos-da-floresta-divulga-producao-cultural-da-amazonia-radioagencia-nacional\" \/>\n\t<meta name=\"generator\" content=\"All in One SEO (AIOSEO) 5.0.0.1\" \/>\n\t\t<meta property=\"og:locale\" content=\"pt_BR\" \/>\n\t\t<meta property=\"og:site_name\" content=\"Encontra Bel\u00e9m | Not\u00edcias, eventos, informa\u00e7\u00f5es e dicas na cidade Bel\u00e9m e regi\u00e3o.\" \/>\n\t\t<meta property=\"og:type\" content=\"article\" \/>\n\t\t<meta property=\"og:title\" content=\"Festival dos Povos da Floresta divulga produ\u00e7\u00e3o cultural da Amaz\u00f4nia | Radioag\u00eancia Nacional | Encontra Bel\u00e9m\" \/>\n\t\t<meta property=\"og:description\" content=\"Descubra a incr\u00edvel produ\u00e7\u00e3o cultural da Amaz\u00f4nia no Festival dos Povos da Floresta.\" \/>\n\t\t<meta property=\"og:url\" content=\"https:\/\/www.encontrabelem.com.br\/sobre\/festival-dos-povos-da-floresta-divulga-producao-cultural-da-amazonia-radioagencia-nacional\" \/>\n\t\t<meta property=\"article:published_time\" content=\"2026-03-29T16:29:47+00:00\" \/>\n\t\t<meta property=\"article:modified_time\" content=\"2026-03-29T16:29:47+00:00\" \/>\n\t\t<meta name=\"twitter:card\" content=\"summary\" \/>\n\t\t<meta name=\"twitter:title\" content=\"Festival dos Povos da Floresta divulga produ\u00e7\u00e3o cultural da Amaz\u00f4nia | Radioag\u00eancia Nacional | Encontra Bel\u00e9m\" \/>\n\t\t<meta name=\"twitter:description\" content=\"Descubra a incr\u00edvel produ\u00e7\u00e3o cultural da Amaz\u00f4nia no Festival dos Povos da Floresta.\" \/>\n\t\t<script type=\"application\/ld+json\" class=\"aioseo-schema\">\n\t\t\t{\"@context\":\"https:\\\/\\\/schema.org\",\"@graph\":[{\"@type\":\"Article\",\"@id\":\"https:\\\/\\\/www.encontrabelem.com.br\\\/sobre\\\/festival-dos-povos-da-floresta-divulga-producao-cultural-da-amazonia-radioagencia-nacional#article\",\"name\":\"Festival dos Povos da Floresta divulga produ\\u00e7\\u00e3o cultural da Amaz\\u00f4nia | Radioag\\u00eancia Nacional | Encontra Bel\\u00e9m\",\"headline\":\"Festival dos Povos da Floresta divulga produ\\u00e7\\u00e3o cultural da Amaz\\u00f4nia | Radioag\\u00eancia Nacional\",\"author\":{\"@id\":\"https:\\\/\\\/www.encontrabelem.com.br\\\/sobre\\\/author\\\/ebelem#author\"},\"publisher\":{\"@id\":\"https:\\\/\\\/www.encontrabelem.com.br\\\/sobre\\\/#organization\"},\"image\":{\"@type\":\"ImageObject\",\"url\":\"https:\\\/\\\/www.encontrabelem.com.br\\\/sobre\\\/wp-content\\\/uploads\\\/2026\\\/03\\\/festival-dos-povos-da-floresta-divulga-producao-cultural-da-amazonia-radioagencia-nacional.webp\",\"width\":280,\"height\":280},\"datePublished\":\"2026-03-29T13:29:47-03:00\",\"dateModified\":\"2026-03-29T13:29:47-03:00\",\"inLanguage\":\"pt-BR\",\"mainEntityOfPage\":{\"@id\":\"https:\\\/\\\/www.encontrabelem.com.br\\\/sobre\\\/festival-dos-povos-da-floresta-divulga-producao-cultural-da-amazonia-radioagencia-nacional#webpage\"},\"isPartOf\":{\"@id\":\"https:\\\/\\\/www.encontrabelem.com.br\\\/sobre\\\/festival-dos-povos-da-floresta-divulga-producao-cultural-da-amazonia-radioagencia-nacional#webpage\"},\"articleSection\":\"Not\\u00edcias Bel\\u00e9m\"},{\"@type\":\"BreadcrumbList\",\"@id\":\"https:\\\/\\\/www.encontrabelem.com.br\\\/sobre\\\/festival-dos-povos-da-floresta-divulga-producao-cultural-da-amazonia-radioagencia-nacional#breadcrumblist\",\"itemListElement\":[{\"@type\":\"ListItem\",\"@id\":\"https:\\\/\\\/www.encontrabelem.com.br\\\/sobre#listItem\",\"position\":1,\"name\":\"In\\u00edcio\",\"item\":\"https:\\\/\\\/www.encontrabelem.com.br\\\/sobre\",\"nextItem\":{\"@type\":\"ListItem\",\"@id\":\"https:\\\/\\\/www.encontrabelem.com.br\\\/sobre\\\/noticias-em-belem#listItem\",\"name\":\"Not\\u00edcias Bel\\u00e9m\"}},{\"@type\":\"ListItem\",\"@id\":\"https:\\\/\\\/www.encontrabelem.com.br\\\/sobre\\\/noticias-em-belem#listItem\",\"position\":2,\"name\":\"Not\\u00edcias Bel\\u00e9m\",\"item\":\"https:\\\/\\\/www.encontrabelem.com.br\\\/sobre\\\/noticias-em-belem\",\"nextItem\":{\"@type\":\"ListItem\",\"@id\":\"https:\\\/\\\/www.encontrabelem.com.br\\\/sobre\\\/festival-dos-povos-da-floresta-divulga-producao-cultural-da-amazonia-radioagencia-nacional#listItem\",\"name\":\"Festival dos Povos da Floresta divulga produ\\u00e7\\u00e3o cultural da Amaz\\u00f4nia | Radioag\\u00eancia Nacional\"},\"previousItem\":{\"@type\":\"ListItem\",\"@id\":\"https:\\\/\\\/www.encontrabelem.com.br\\\/sobre#listItem\",\"name\":\"In\\u00edcio\"}},{\"@type\":\"ListItem\",\"@id\":\"https:\\\/\\\/www.encontrabelem.com.br\\\/sobre\\\/festival-dos-povos-da-floresta-divulga-producao-cultural-da-amazonia-radioagencia-nacional#listItem\",\"position\":3,\"name\":\"Festival dos Povos da Floresta divulga produ\\u00e7\\u00e3o cultural da Amaz\\u00f4nia | Radioag\\u00eancia Nacional\",\"previousItem\":{\"@type\":\"ListItem\",\"@id\":\"https:\\\/\\\/www.encontrabelem.com.br\\\/sobre\\\/noticias-em-belem#listItem\",\"name\":\"Not\\u00edcias Bel\\u00e9m\"}}]},{\"@type\":\"Organization\",\"@id\":\"https:\\\/\\\/www.encontrabelem.com.br\\\/sobre\\\/#organization\",\"name\":\"Encontra Bel\\u00e9m\",\"description\":\"Not\\u00edcias, eventos, informa\\u00e7\\u00f5es e dicas na cidade Bel\\u00e9m e regi\\u00e3o.\",\"url\":\"https:\\\/\\\/www.encontrabelem.com.br\\\/sobre\\\/\"},{\"@type\":\"Person\",\"@id\":\"https:\\\/\\\/www.encontrabelem.com.br\\\/sobre\\\/author\\\/ebelem#author\",\"url\":\"https:\\\/\\\/www.encontrabelem.com.br\\\/sobre\\\/author\\\/ebelem\",\"name\":\"Encontra Bel\\u00e9m\",\"image\":{\"@type\":\"ImageObject\",\"@id\":\"https:\\\/\\\/www.encontrabelem.com.br\\\/sobre\\\/festival-dos-povos-da-floresta-divulga-producao-cultural-da-amazonia-radioagencia-nacional#authorImage\",\"url\":\"https:\\\/\\\/secure.gravatar.com\\\/avatar\\\/507340682b8270222e1f208e23198b6ae7e2c6a1033ae84e99bc6bce4f82a387?s=96&d=mm&r=g\",\"width\":96,\"height\":96,\"caption\":\"Encontra Bel\\u00e9m\"}},{\"@type\":\"WebPage\",\"@id\":\"https:\\\/\\\/www.encontrabelem.com.br\\\/sobre\\\/festival-dos-povos-da-floresta-divulga-producao-cultural-da-amazonia-radioagencia-nacional#webpage\",\"url\":\"https:\\\/\\\/www.encontrabelem.com.br\\\/sobre\\\/festival-dos-povos-da-floresta-divulga-producao-cultural-da-amazonia-radioagencia-nacional\",\"name\":\"Festival dos Povos da Floresta divulga produ\\u00e7\\u00e3o cultural da Amaz\\u00f4nia | Radioag\\u00eancia Nacional | Encontra Bel\\u00e9m\",\"description\":\"Descubra a incr\\u00edvel produ\\u00e7\\u00e3o cultural da Amaz\\u00f4nia no Festival dos Povos da Floresta.\",\"inLanguage\":\"pt-BR\",\"isPartOf\":{\"@id\":\"https:\\\/\\\/www.encontrabelem.com.br\\\/sobre\\\/#website\"},\"breadcrumb\":{\"@id\":\"https:\\\/\\\/www.encontrabelem.com.br\\\/sobre\\\/festival-dos-povos-da-floresta-divulga-producao-cultural-da-amazonia-radioagencia-nacional#breadcrumblist\"},\"author\":{\"@id\":\"https:\\\/\\\/www.encontrabelem.com.br\\\/sobre\\\/author\\\/ebelem#author\"},\"creator\":{\"@id\":\"https:\\\/\\\/www.encontrabelem.com.br\\\/sobre\\\/author\\\/ebelem#author\"},\"image\":{\"@type\":\"ImageObject\",\"url\":\"https:\\\/\\\/www.encontrabelem.com.br\\\/sobre\\\/wp-content\\\/uploads\\\/2026\\\/03\\\/festival-dos-povos-da-floresta-divulga-producao-cultural-da-amazonia-radioagencia-nacional.webp\",\"@id\":\"https:\\\/\\\/www.encontrabelem.com.br\\\/sobre\\\/festival-dos-povos-da-floresta-divulga-producao-cultural-da-amazonia-radioagencia-nacional\\\/#mainImage\",\"width\":280,\"height\":280},\"primaryImageOfPage\":{\"@id\":\"https:\\\/\\\/www.encontrabelem.com.br\\\/sobre\\\/festival-dos-povos-da-floresta-divulga-producao-cultural-da-amazonia-radioagencia-nacional#mainImage\"},\"datePublished\":\"2026-03-29T13:29:47-03:00\",\"dateModified\":\"2026-03-29T13:29:47-03:00\"},{\"@type\":\"WebSite\",\"@id\":\"https:\\\/\\\/www.encontrabelem.com.br\\\/sobre\\\/#website\",\"url\":\"https:\\\/\\\/www.encontrabelem.com.br\\\/sobre\\\/\",\"name\":\"Encontra Bel\\u00e9m\",\"description\":\"Not\\u00edcias, eventos, informa\\u00e7\\u00f5es e dicas na cidade Bel\\u00e9m e regi\\u00e3o.\",\"inLanguage\":\"pt-BR\",\"publisher\":{\"@id\":\"https:\\\/\\\/www.encontrabelem.com.br\\\/sobre\\\/#organization\"}}]}\n\t\t<\/script>\n\t\t<!-- All in One SEO -->\n\n","aioseo_head_json":{"title":"Festival dos Povos da Floresta divulga produ\u00e7\u00e3o cultural da Amaz\u00f4nia | Radioag\u00eancia Nacional | Encontra Bel\u00e9m","description":"Descubra a incr\u00edvel produ\u00e7\u00e3o cultural da Amaz\u00f4nia no Festival dos Povos da Floresta.","canonical_url":"https:\/\/www.encontrabelem.com.br\/sobre\/festival-dos-povos-da-floresta-divulga-producao-cultural-da-amazonia-radioagencia-nacional","robots":"max-image-preview:large","keywords":"","webmasterTools":{"miscellaneous":""},"schema":{"@context":"https:\/\/schema.org","@graph":[{"@type":"Article","@id":"https:\/\/www.encontrabelem.com.br\/sobre\/festival-dos-povos-da-floresta-divulga-producao-cultural-da-amazonia-radioagencia-nacional#article","name":"Festival dos Povos da Floresta divulga produ\u00e7\u00e3o cultural da Amaz\u00f4nia | Radioag\u00eancia Nacional | Encontra Bel\u00e9m","headline":"Festival dos Povos da Floresta divulga produ\u00e7\u00e3o cultural da Amaz\u00f4nia | Radioag\u00eancia Nacional","author":{"@id":"https:\/\/www.encontrabelem.com.br\/sobre\/author\/ebelem#author"},"publisher":{"@id":"https:\/\/www.encontrabelem.com.br\/sobre\/#organization"},"image":{"@type":"ImageObject","url":"https:\/\/www.encontrabelem.com.br\/sobre\/wp-content\/uploads\/2026\/03\/festival-dos-povos-da-floresta-divulga-producao-cultural-da-amazonia-radioagencia-nacional.webp","width":280,"height":280},"datePublished":"2026-03-29T13:29:47-03:00","dateModified":"2026-03-29T13:29:47-03:00","inLanguage":"pt-BR","mainEntityOfPage":{"@id":"https:\/\/www.encontrabelem.com.br\/sobre\/festival-dos-povos-da-floresta-divulga-producao-cultural-da-amazonia-radioagencia-nacional#webpage"},"isPartOf":{"@id":"https:\/\/www.encontrabelem.com.br\/sobre\/festival-dos-povos-da-floresta-divulga-producao-cultural-da-amazonia-radioagencia-nacional#webpage"},"articleSection":"Not\u00edcias Bel\u00e9m"},{"@type":"BreadcrumbList","@id":"https:\/\/www.encontrabelem.com.br\/sobre\/festival-dos-povos-da-floresta-divulga-producao-cultural-da-amazonia-radioagencia-nacional#breadcrumblist","itemListElement":[{"@type":"ListItem","@id":"https:\/\/www.encontrabelem.com.br\/sobre#listItem","position":1,"name":"In\u00edcio","item":"https:\/\/www.encontrabelem.com.br\/sobre","nextItem":{"@type":"ListItem","@id":"https:\/\/www.encontrabelem.com.br\/sobre\/noticias-em-belem#listItem","name":"Not\u00edcias Bel\u00e9m"}},{"@type":"ListItem","@id":"https:\/\/www.encontrabelem.com.br\/sobre\/noticias-em-belem#listItem","position":2,"name":"Not\u00edcias Bel\u00e9m","item":"https:\/\/www.encontrabelem.com.br\/sobre\/noticias-em-belem","nextItem":{"@type":"ListItem","@id":"https:\/\/www.encontrabelem.com.br\/sobre\/festival-dos-povos-da-floresta-divulga-producao-cultural-da-amazonia-radioagencia-nacional#listItem","name":"Festival dos Povos da Floresta divulga produ\u00e7\u00e3o cultural da Amaz\u00f4nia | Radioag\u00eancia Nacional"},"previousItem":{"@type":"ListItem","@id":"https:\/\/www.encontrabelem.com.br\/sobre#listItem","name":"In\u00edcio"}},{"@type":"ListItem","@id":"https:\/\/www.encontrabelem.com.br\/sobre\/festival-dos-povos-da-floresta-divulga-producao-cultural-da-amazonia-radioagencia-nacional#listItem","position":3,"name":"Festival dos Povos da Floresta divulga produ\u00e7\u00e3o cultural da Amaz\u00f4nia | Radioag\u00eancia Nacional","previousItem":{"@type":"ListItem","@id":"https:\/\/www.encontrabelem.com.br\/sobre\/noticias-em-belem#listItem","name":"Not\u00edcias Bel\u00e9m"}}]},{"@type":"Organization","@id":"https:\/\/www.encontrabelem.com.br\/sobre\/#organization","name":"Encontra Bel\u00e9m","description":"Not\u00edcias, eventos, informa\u00e7\u00f5es e dicas na cidade Bel\u00e9m e regi\u00e3o.","url":"https:\/\/www.encontrabelem.com.br\/sobre\/"},{"@type":"Person","@id":"https:\/\/www.encontrabelem.com.br\/sobre\/author\/ebelem#author","url":"https:\/\/www.encontrabelem.com.br\/sobre\/author\/ebelem","name":"Encontra Bel\u00e9m","image":{"@type":"ImageObject","@id":"https:\/\/www.encontrabelem.com.br\/sobre\/festival-dos-povos-da-floresta-divulga-producao-cultural-da-amazonia-radioagencia-nacional#authorImage","url":"https:\/\/secure.gravatar.com\/avatar\/507340682b8270222e1f208e23198b6ae7e2c6a1033ae84e99bc6bce4f82a387?s=96&d=mm&r=g","width":96,"height":96,"caption":"Encontra Bel\u00e9m"}},{"@type":"WebPage","@id":"https:\/\/www.encontrabelem.com.br\/sobre\/festival-dos-povos-da-floresta-divulga-producao-cultural-da-amazonia-radioagencia-nacional#webpage","url":"https:\/\/www.encontrabelem.com.br\/sobre\/festival-dos-povos-da-floresta-divulga-producao-cultural-da-amazonia-radioagencia-nacional","name":"Festival dos Povos da Floresta divulga produ\u00e7\u00e3o cultural da Amaz\u00f4nia | Radioag\u00eancia Nacional | Encontra Bel\u00e9m","description":"Descubra a incr\u00edvel produ\u00e7\u00e3o cultural da Amaz\u00f4nia no Festival dos Povos da Floresta.","inLanguage":"pt-BR","isPartOf":{"@id":"https:\/\/www.encontrabelem.com.br\/sobre\/#website"},"breadcrumb":{"@id":"https:\/\/www.encontrabelem.com.br\/sobre\/festival-dos-povos-da-floresta-divulga-producao-cultural-da-amazonia-radioagencia-nacional#breadcrumblist"},"author":{"@id":"https:\/\/www.encontrabelem.com.br\/sobre\/author\/ebelem#author"},"creator":{"@id":"https:\/\/www.encontrabelem.com.br\/sobre\/author\/ebelem#author"},"image":{"@type":"ImageObject","url":"https:\/\/www.encontrabelem.com.br\/sobre\/wp-content\/uploads\/2026\/03\/festival-dos-povos-da-floresta-divulga-producao-cultural-da-amazonia-radioagencia-nacional.webp","@id":"https:\/\/www.encontrabelem.com.br\/sobre\/festival-dos-povos-da-floresta-divulga-producao-cultural-da-amazonia-radioagencia-nacional\/#mainImage","width":280,"height":280},"primaryImageOfPage":{"@id":"https:\/\/www.encontrabelem.com.br\/sobre\/festival-dos-povos-da-floresta-divulga-producao-cultural-da-amazonia-radioagencia-nacional#mainImage"},"datePublished":"2026-03-29T13:29:47-03:00","dateModified":"2026-03-29T13:29:47-03:00"},{"@type":"WebSite","@id":"https:\/\/www.encontrabelem.com.br\/sobre\/#website","url":"https:\/\/www.encontrabelem.com.br\/sobre\/","name":"Encontra Bel\u00e9m","description":"Not\u00edcias, eventos, informa\u00e7\u00f5es e dicas na cidade Bel\u00e9m e regi\u00e3o.","inLanguage":"pt-BR","publisher":{"@id":"https:\/\/www.encontrabelem.com.br\/sobre\/#organization"}}]},"og:locale":"pt_BR","og:site_name":"Encontra Bel\u00e9m | Not\u00edcias, eventos, informa\u00e7\u00f5es e dicas na cidade Bel\u00e9m e regi\u00e3o.","og:type":"article","og:title":"Festival dos Povos da Floresta divulga produ\u00e7\u00e3o cultural da Amaz\u00f4nia | Radioag\u00eancia Nacional | Encontra Bel\u00e9m","og:description":"Descubra a incr\u00edvel produ\u00e7\u00e3o cultural da Amaz\u00f4nia no Festival dos Povos da Floresta.","og:url":"https:\/\/www.encontrabelem.com.br\/sobre\/festival-dos-povos-da-floresta-divulga-producao-cultural-da-amazonia-radioagencia-nacional","article:published_time":"2026-03-29T16:29:47+00:00","article:modified_time":"2026-03-29T16:29:47+00:00","twitter:card":"summary","twitter:title":"Festival dos Povos da Floresta divulga produ\u00e7\u00e3o cultural da Amaz\u00f4nia | Radioag\u00eancia Nacional | Encontra Bel\u00e9m","twitter:description":"Descubra a incr\u00edvel produ\u00e7\u00e3o cultural da Amaz\u00f4nia no Festival dos Povos da Floresta."},"aioseo_meta_data":{"post_id":"1501","title":null,"description":null,"keywords":null,"keyphrases":null,"primary_term":null,"canonical_url":null,"og_title":null,"og_description":null,"og_object_type":"default","og_image_type":"default","og_image_url":null,"og_image_width":null,"og_image_height":null,"og_image_custom_url":null,"og_image_custom_fields":null,"og_video":null,"og_custom_url":null,"og_article_section":null,"og_article_tags":null,"twitter_use_og":false,"twitter_card":"default","twitter_image_type":"default","twitter_image_url":null,"twitter_image_custom_url":null,"twitter_image_custom_fields":null,"twitter_title":null,"twitter_description":null,"schema":{"blockGraphs":[],"customGraphs":[],"default":{"data":{"Article":[],"Course":[],"Dataset":[],"FAQPage":[],"Movie":[],"Person":[],"Product":[],"ProductReview":[],"Car":[],"Recipe":[],"Service":[],"SoftwareApplication":[],"WebPage":[]},"graphName":"Article","isEnabled":true},"graphs":[]},"schema_type":"default","schema_type_options":null,"pillar_content":false,"robots_default":true,"robots_noindex":false,"robots_noarchive":false,"robots_nosnippet":false,"robots_nofollow":false,"robots_noimageindex":false,"robots_noodp":false,"robots_notranslate":false,"robots_max_snippet":null,"robots_max_videopreview":null,"robots_max_imagepreview":"large","priority":null,"frequency":null,"local_seo":null,"breadcrumb_settings":null,"limit_modified_date":false,"ai":null,"created":"2026-03-29 16:29:50","updated":"2026-03-29 16:41:39","focus_keyword":null,"additional_keywords":null,"truseo_locale":null,"seo_analyzer_scan_date":null},"aioseo_breadcrumb":"<div class=\"aioseo-breadcrumbs\"><span class=\"aioseo-breadcrumb\">\n\t\t\t<a href=\"https:\/\/www.encontrabelem.com.br\/sobre\" title=\"In\u00edcio\">In\u00edcio<\/a>\n\t\t<\/span><span class=\"aioseo-breadcrumb-separator\">&raquo;<\/span><span class=\"aioseo-breadcrumb\">\n\t\t\t<a href=\"https:\/\/www.encontrabelem.com.br\/sobre\/noticias-em-belem\" title=\"Not\u00edcias Bel\u00e9m\">Not\u00edcias Bel\u00e9m<\/a>\n\t\t<\/span><span class=\"aioseo-breadcrumb-separator\">&raquo;<\/span><span class=\"aioseo-breadcrumb\">\n\t\t\tFestival dos Povos da Floresta divulga produ\u00e7\u00e3o cultural da Amaz\u00f4nia | Radioag\u00eancia Nacional\n\t\t<\/span><\/div>","aioseo_breadcrumb_json":[{"label":"In\u00edcio","link":"https:\/\/www.encontrabelem.com.br\/sobre"},{"label":"Not\u00edcias Bel\u00e9m","link":"https:\/\/www.encontrabelem.com.br\/sobre\/noticias-em-belem"},{"label":"Festival dos Povos da Floresta divulga produ\u00e7\u00e3o cultural da Amaz\u00f4nia | Radioag\u00eancia Nacional","link":"https:\/\/www.encontrabelem.com.br\/sobre\/festival-dos-povos-da-floresta-divulga-producao-cultural-da-amazonia-radioagencia-nacional"}],"_links":{"self":[{"href":"https:\/\/www.encontrabelem.com.br\/sobre\/wp-json\/wp\/v2\/posts\/1501","targetHints":{"allow":["GET"]}}],"collection":[{"href":"https:\/\/www.encontrabelem.com.br\/sobre\/wp-json\/wp\/v2\/posts"}],"about":[{"href":"https:\/\/www.encontrabelem.com.br\/sobre\/wp-json\/wp\/v2\/types\/post"}],"author":[{"embeddable":true,"href":"https:\/\/www.encontrabelem.com.br\/sobre\/wp-json\/wp\/v2\/users\/1"}],"replies":[{"embeddable":true,"href":"https:\/\/www.encontrabelem.com.br\/sobre\/wp-json\/wp\/v2\/comments?post=1501"}],"version-history":[{"count":0,"href":"https:\/\/www.encontrabelem.com.br\/sobre\/wp-json\/wp\/v2\/posts\/1501\/revisions"}],"wp:featuredmedia":[{"embeddable":true,"href":"https:\/\/www.encontrabelem.com.br\/sobre\/wp-json\/wp\/v2\/media\/1500"}],"wp:attachment":[{"href":"https:\/\/www.encontrabelem.com.br\/sobre\/wp-json\/wp\/v2\/media?parent=1501"}],"wp:term":[{"taxonomy":"category","embeddable":true,"href":"https:\/\/www.encontrabelem.com.br\/sobre\/wp-json\/wp\/v2\/categories?post=1501"},{"taxonomy":"post_tag","embeddable":true,"href":"https:\/\/www.encontrabelem.com.br\/sobre\/wp-json\/wp\/v2\/tags?post=1501"}],"curies":[{"name":"wp","href":"https:\/\/api.w.org\/{rel}","templated":true}]}}