{"id":1450,"date":"2026-03-15T13:45:25","date_gmt":"2026-03-15T16:45:25","guid":{"rendered":"https:\/\/www.encontrabelem.com.br\/sobre\/procon-para-realiza-fiscalizacao-em-postos-de-combustiveis-em-belem"},"modified":"2026-03-15T13:45:25","modified_gmt":"2026-03-15T16:45:25","slug":"procon-para-realiza-fiscalizacao-em-postos-de-combustiveis-em-belem","status":"publish","type":"post","link":"https:\/\/www.encontrabelem.com.br\/sobre\/procon-para-realiza-fiscalizacao-em-postos-de-combustiveis-em-belem","title":{"rendered":"Procon Par\u00e1 realiza fiscaliza\u00e7\u00e3o em postos de combust\u00edveis em Bel\u00e9m"},"content":{"rendered":"<div class=\"b22802487b0d38c4c6d9f34966e16421\" data-index=\"1\" style=\"float: none; margin:0px;\">\n<!-- Anuncio display - global -->\r\n<ins class=\"adsbygoogle\"\r\n     style=\"display:block\"\r\n     data-ad-client=\"ca-pub-8585364105181520\"\r\n     data-ad-slot=\"8789329856\"\r\n     data-ad-format=\"auto\"\r\n     data-full-width-responsive=\"true\"><\/ins>\r\n<script>\r\n     (adsbygoogle = window.adsbygoogle || []).push({});\r\n<\/script>\n<\/div>\n<h2>Objetivo da Fiscaliza\u00e7\u00e3o do Procon Par\u00e1<\/h2>\n<p>A fiscaliza\u00e7\u00e3o realizada pelo Procon Par\u00e1 tem como principal objetivo garantir que os postos de combust\u00edveis operem dentro da conformidade legal, assegurando que os consumidores possam adquirir produtos de qualidade a pre\u00e7os justos. Esta iniciativa visa combater pr\u00e1ticas irregulares e abusos que possam prejudicar o direito do consumidor, promovendo a transpar\u00eancia nas transa\u00e7\u00f5es comerciais do setor.<\/p>\n<h2>Como a Fiscaliza\u00e7\u00e3o \u00e9 Realizada<\/h2>\n<p>O Procon Par\u00e1, em conjunto com a Ag\u00eancia Nacional do Petr\u00f3leo, G\u00e1s Natural e Biocombust\u00edveis (ANP), realiza opera\u00e7\u00f5es de fiscaliza\u00e7\u00e3o em diversos postos da Regi\u00e3o Metropolitana de Bel\u00e9m. Essas opera\u00e7\u00f5es incluem a avalia\u00e7\u00e3o da qualidade dos combust\u00edveis, a verifica\u00e7\u00e3o das notas fiscais de compra e a medi\u00e7\u00e3o dos volumes fornecidos pelos abastecimentos. Os fiscais t\u00eam a miss\u00e3o de identificar n\u00e3o apenas pre\u00e7os abusivos, mas tamb\u00e9m garantir que os produtos atendam \u00e0s exig\u00eancias legais de qualidade.<\/p>\n<h2>Import\u00e2ncia dos Padr\u00f5es de Qualidade<\/h2>\n<p>Os padr\u00f5es de qualidade dos combust\u00edveis s\u00e3o fundamentais para a seguran\u00e7a e o funcionamento adequado dos ve\u00edculos. Quando os combust\u00edveis n\u00e3o cumprem com as especifica\u00e7\u00f5es exigidas, isso pode resultar em danos aos motores e, consequentemente, preju\u00edzos para os consumidores. Portanto, manter a vigil\u00e2ncia sobre a qualidade dos combust\u00edveis dispon\u00edveis no mercado \u00e9 uma prioridade do Procon e da ANP, que juntos trabalham para evitar que produtos de baixa qualidade cheguem ao consumidor final.<\/p>\n<h2>A\u00e7\u00f5es de Prote\u00e7\u00e3o ao Consumidor<\/h2>\n<p>Al\u00e9m da fiscaliza\u00e7\u00e3o propriamente dita, o Procon Par\u00e1 tamb\u00e9m realiza um trabalho ativo de orienta\u00e7\u00e3o aos consumidores sobre seus direitos. \u00c9 importante que os cidad\u00e3os estejam cientes de que t\u00eam a possibilidade de buscar amparo legal em casos de irregularidades. O \u00f3rg\u00e3o disponibiliza canais de atendimento onde as pessoas podem registrar reclama\u00e7\u00f5es ou den\u00fancias an\u00f4nimas sobre abusos e pr\u00e1ticas comerciais desleais.<\/p>\n<h2>Den\u00fancias Recebidas e A\u00e7\u00f5es Emergenciais<\/h2>\n<p>No \u00faltimo per\u00edodo, o Procon recebeu v\u00e1rias den\u00fancias referentes a pre\u00e7os elevados nos combust\u00edveis. Em resposta a essas reclama\u00e7\u00f5es, foram iniciadas as fiscaliza\u00e7\u00f5es que visam investigar a validade das queixas e aplicar as medidas cab\u00edveis. Essas a\u00e7\u00f5es emergenciais s\u00e3o parte integrante da miss\u00e3o do Procon de manter a justi\u00e7a no mercado e a prote\u00e7\u00e3o dos consumidores.<\/p>\n<h2>Vistorias em Postos de Combust\u00edveis em Bel\u00e9m<\/h2>\n<p>A fiscaliza\u00e7\u00e3o iniciou em 12 de mar\u00e7o de 2026 e continua nos dias subsequentes, com vistorias programadas em v\u00e1rios postos de combust\u00edveis da capital. Durante as inspe\u00e7\u00f5es, os fiscais realizam testes para assegurar que os combust\u00edveis est\u00e3o em conformidade com as normas legais e verificam se todos os documentos obrigat\u00f3rios est\u00e3o em ordem, contribuindo para a regularidade desse mercado.<\/p>\n<h2>Consequ\u00eancias para Estabelecimentos Irregulares<\/h2>\n<p>Se vulnerabilidades s\u00e3o identificadas durante a fiscaliza\u00e7\u00e3o, o Procon pode emitir um auto de constata\u00e7\u00e3o, dando prazo para que o estabelecimento se adeque \u00e0 legisla\u00e7\u00e3o. O n\u00e3o cumprimento das determina\u00e7\u00f5es poder\u00e1 resultar em multas e outras san\u00e7\u00f5es conforme o C\u00f3digo de Defesa do Consumidor, refor\u00e7ando a responsabilidade dos fornecedores.<\/p>\n<h2>Acompanhamento dos Pre\u00e7os de Combust\u00edveis<\/h2>\n<p>Os fiscais tamb\u00e9m t\u00eam a fun\u00e7\u00e3o de monitorar a tend\u00eancia de pre\u00e7os nos postos, analisando informa\u00e7\u00f5es sobre os \u00faltimos carregamentos e os valores praticados ao consumidor. Essa vigil\u00e2ncia constante permite detectar qualquer comportamento irregular e atuar rapidamente para evitar que os consumidores sejam prejudicados por aumentos exorbitantes.<\/p>\n<h2>Colabora\u00e7\u00e3o com a ANP na Fiscaliza\u00e7\u00e3o<\/h2>\n<p>A parceria do Procon com a ANP \u00e9 crucial para o sucesso das opera\u00e7\u00f5es. Juntas, as entidades promovem uma abordagem mais ampla para assegurar que o setor de combust\u00edveis opere de maneira justa e legal. A troca de informa\u00e7\u00f5es entre os \u00f3rg\u00e3os facilita a identifica\u00e7\u00e3o e corre\u00e7\u00e3o de problemas na comercializa\u00e7\u00e3o de combust\u00edveis.<\/p>\n<h2>Como o Consumidor Pode Participar<\/h2>\n<p>Os consumidores t\u00eam um papel ativo na fiscaliza\u00e7\u00e3o do mercado. Eles s\u00e3o encorajados a reportar qualquer desconformidade ou pr\u00e1tica abusiva que encontram. Atrav\u00e9s do canal de den\u00fancias do Procon, \u00e9 poss\u00edvel realizar reclama\u00e7\u00f5es de forma an\u00f4nima, seja pessoalmente ou online. A colabora\u00e7\u00e3o da sociedade \u00e9 essencial para garantir um mercado justo e equilibrado para todos.<\/p>\n\n<div style=\"font-size: 0px; height: 0px; line-height: 0px; margin: 0; padding: 0; clear: both;\"><\/div>","protected":false},"excerpt":{"rendered":"<p>Procon Par\u00e1 fiscaliza combust\u00edveis para garantir qualidade e pre\u00e7os justos.<\/p>\n","protected":false},"author":1,"featured_media":0,"comment_status":"open","ping_status":"closed","sticky":false,"template":"","format":"standard","meta":{"footnotes":""},"categories":[37],"tags":[],"class_list":["post-1450","post","type-post","status-publish","format-standard","hentry","category-autorizadas-em-belem"],"aioseo_notices":[],"_links":{"self":[{"href":"https:\/\/www.encontrabelem.com.br\/sobre\/wp-json\/wp\/v2\/posts\/1450","targetHints":{"allow":["GET"]}}],"collection":[{"href":"https:\/\/www.encontrabelem.com.br\/sobre\/wp-json\/wp\/v2\/posts"}],"about":[{"href":"https:\/\/www.encontrabelem.com.br\/sobre\/wp-json\/wp\/v2\/types\/post"}],"author":[{"embeddable":true,"href":"https:\/\/www.encontrabelem.com.br\/sobre\/wp-json\/wp\/v2\/users\/1"}],"replies":[{"embeddable":true,"href":"https:\/\/www.encontrabelem.com.br\/sobre\/wp-json\/wp\/v2\/comments?post=1450"}],"version-history":[{"count":0,"href":"https:\/\/www.encontrabelem.com.br\/sobre\/wp-json\/wp\/v2\/posts\/1450\/revisions"}],"wp:attachment":[{"href":"https:\/\/www.encontrabelem.com.br\/sobre\/wp-json\/wp\/v2\/media?parent=1450"}],"wp:term":[{"taxonomy":"category","embeddable":true,"href":"https:\/\/www.encontrabelem.com.br\/sobre\/wp-json\/wp\/v2\/categories?post=1450"},{"taxonomy":"post_tag","embeddable":true,"href":"https:\/\/www.encontrabelem.com.br\/sobre\/wp-json\/wp\/v2\/tags?post=1450"}],"curies":[{"name":"wp","href":"https:\/\/api.w.org\/{rel}","templated":true}]}}