{"id":1448,"date":"2026-03-15T13:41:31","date_gmt":"2026-03-15T16:41:31","guid":{"rendered":"https:\/\/www.encontrabelem.com.br\/sobre\/parceria-entre-estado-uniao-e-prefeitura-garante-entrega-de-256-moradias-do-residencial-viver-pratinha-em-belem"},"modified":"2026-03-15T13:41:31","modified_gmt":"2026-03-15T16:41:31","slug":"parceria-entre-estado-uniao-e-prefeitura-garante-entrega-de-256-moradias-do-residencial-viver-pratinha-em-belem","status":"publish","type":"post","link":"https:\/\/www.encontrabelem.com.br\/sobre\/parceria-entre-estado-uniao-e-prefeitura-garante-entrega-de-256-moradias-do-residencial-viver-pratinha-em-belem","title":{"rendered":"Parceria entre Estado, Uni\u00e3o e Prefeitura garante entrega de 256 moradias do Residencial Viver Pratinha, em Bel\u00e9m"},"content":{"rendered":"<div class=\"b22802487b0d38c4c6d9f34966e16421\" data-index=\"1\" style=\"float: none; margin:0px;\">\n<!-- Anuncio display - global -->\r\n<ins class=\"adsbygoogle\"\r\n     style=\"display:block\"\r\n     data-ad-client=\"ca-pub-8585364105181520\"\r\n     data-ad-slot=\"8789329856\"\r\n     data-ad-format=\"auto\"\r\n     data-full-width-responsive=\"true\"><\/ins>\r\n<script>\r\n     (adsbygoogle = window.adsbygoogle || []).push({});\r\n<\/script>\n<\/div>\n<h2>Contexto da Entrega Habitacional em Bel\u00e9m<\/h2>\n<p>No dia 10 de mar\u00e7o de 2026, o governo do Par\u00e1, em uma colabora\u00e7\u00e3o efetiva com autoridades locais e federais, celebrou a entrega de 256 apartamentos no <strong>Residencial Viver Pratinha<\/strong>, localizado em Bel\u00e9m. Este projeto faz parte do programa <strong>\u2018Minha Casa, Minha Vida\u2019<\/strong>, que visa fornecer habita\u00e7\u00e3o digna a fam\u00edlias que, de outra forma, teriam dificuldades para adquirir um lar. A entrega desses apartamentos representa n\u00e3o apenas solu\u00e7\u00f5es habitacionais, mas tamb\u00e9m a revitaliza\u00e7\u00e3o de obras que estavam paralisadas desde 2013.<\/p>\n<h2>A Import\u00e2ncia do Residencial Viver Pratinha<\/h2>\n<p>Com o lan\u00e7amento do Residencial Viver Pratinha, mais de mil pessoas ser\u00e3o beneficiadas com a nova moradia. A entrega dessas unidades habitacionais \u00e9 uma resposta \u00e0 demanda social por habita\u00e7\u00e3o de qualidade, refletindo o compromisso do governo em proporcionar melhores condi\u00e7\u00f5es de vida a fam\u00edlias que sonham por um lar pr\u00f3prio. Este residencial significa um passo significativo para a inclus\u00e3o social e a melhoria da qualidade de vida na regi\u00e3o.<\/p>\n<h2>Participa\u00e7\u00e3o das Autoridades na Cerim\u00f4nia<\/h2>\n<p>A cerim\u00f4nia de entrega contou com a presen\u00e7a de diversas autoridades, incluindo o <strong>governador Helder Barbalho<\/strong>, a <strong>vice-governadora Hana Ghassan<\/strong>, o <strong>ministro das Cidades Jader Filho<\/strong> e o <strong>prefeito de Bel\u00e9m Igor Normando<\/strong>. Cada um deles destacou a import\u00e2ncia dessa parceria entre os diferentes n\u00edveis de governo para garantir o sucesso do programa habitacional.<\/p>\n<h2>Depoimentos de Beneficiados<\/h2>\n<p>Entre os contemplados, estava a fam\u00edlia de <strong>Ma\u00edra Yamaguchi<\/strong>, que aguardava ansiosamente por essa conquista h\u00e1 mais de uma d\u00e9cada. Ma\u00edra expressou a emo\u00e7\u00e3o e a gratid\u00e3o ao receber as chaves de seu novo lar, ressaltando os desafios enfrentados durante anos de espera. Esse momento simboliza a realiza\u00e7\u00e3o de um sonho familiar e a supera\u00e7\u00e3o de barreiras para alcan\u00e7ar uma vida digna.<\/p>\n<h2>Impacto Social da Habita\u00e7\u00e3o Digna<\/h2>\n<p>A entrega de novos apartamentos n\u00e3o se limita apenas \u00e0 quest\u00e3o habitacional. Este projeto traz consigo uma gama de impactos sociais, melhorando as condi\u00e7\u00f5es de sa\u00fade, seguran\u00e7a e bem-estar dos moradores. O acesso a uma moradia digna proporciona um ambiente mais saud\u00e1vel e seguro para o desenvolvimento da fam\u00edlia, refletindo positivamente na comunidade em geral.<\/p>\n<h2>Gera\u00e7\u00e3o de Empregos durante a Constru\u00e7\u00e3o<\/h2>\n<p>O canteiro de obras do Residencial Viver Pratinha n\u00e3o s\u00f3 disponibilizou moradias, mas tamb\u00e9m gerou cerca de 220 empregos diretos durante sua constru\u00e7\u00e3o. Esse aspecto econ\u00f4mico \u00e9 fundamental, pois demonstra como investimentos em habita\u00e7\u00e3o podem impulsionar a economia local, promovendo n\u00e3o apenas a gera\u00e7\u00e3o de empregos, mas tamb\u00e9m dinamizando o com\u00e9rcio e servi\u00e7os na regi\u00e3o.<\/p>\n<h2>Caracter\u00edsticas dos Apartamentos Entregues<\/h2>\n<p>Os 256 apartamentos fazem parte de um complexo que compreende 16 blocos de quatro andares, com cada unidade dispondo de 52,26 metros quadrados. As moradias s\u00e3o compostas por dois quartos, uma sala e cozinha integradas \u00e0 \u00e1rea de servi\u00e7o, al\u00e9m de um banheiro. A infraestrutura do residencial inclui esta\u00e7\u00f5es de tratamento de \u00e1gua e esgoto, garantindo um fornecimento adequado de servi\u00e7os essenciais aos moradores.<\/p>\n<h2>Expectativa para Futuras Entregas Residenciais<\/h2>\n<p>A entrega do Residencial Viver Pratinha \u00e9 apenas uma das v\u00e1rias iniciativas previstas para o futuro. O governo do Par\u00e1, em parceria com a Uni\u00e3o e a prefeitura, planeja continuar com a entrega de habita\u00e7\u00f5es de qualidade. Este \u00e9 um compromisso renovado em atender a popula\u00e7\u00e3o que clama por solu\u00e7\u00f5es habitacionais, com v\u00e1rias outras unidades habitacionais j\u00e1 em andamento.<\/p>\n<h2>O Papel do Programa &#8216;Minha Casa, Minha Vida&#8217;<\/h2>\n<p>O programa \u2018Minha Casa, Minha Vida\u2019 tem um papel crucial na pol\u00edtica habitacional do Brasil. Al\u00e9m de facilitar o acesso \u00e0 casa pr\u00f3pria para muitas fam\u00edlias, ele se torna uma ferramenta de inclus\u00e3o social e desenvolvimento urbano. Com uma meta ambiciosa, o programa visa reduzir o d\u00e9ficit habitacional no pa\u00eds, promovendo mais dignidade e qualidade de vida.<\/p>\n<h2>Celebra\u00e7\u00e3o da Dignidade e Qualidade de Vida<\/h2>\n<p>O evento de entrega dos apartamentos no Residencial Viver Pratinha \u00e9 um momento de celebra\u00e7\u00e3o n\u00e3o apenas para os novos moradores, mas para toda a comunidade. A import\u00e2ncia desse projeto vai al\u00e9m da entrega das chaves: \u00e9 uma reafirma\u00e7\u00e3o do direito \u00e0 moradia digna e uma estrat\u00e9gia para construir uma sociedade mais justa e igualit\u00e1ria.<\/p>\n\n<div style=\"font-size: 0px; height: 0px; line-height: 0px; margin: 0; padding: 0; clear: both;\"><\/div>","protected":false},"excerpt":{"rendered":"<p>Parceria entre Estado, Uni\u00e3o e Prefeitura entrega 256 moradias no Residencial Viver Pratinha.<\/p>\n","protected":false},"author":1,"featured_media":0,"comment_status":"open","ping_status":"closed","sticky":false,"template":"","format":"standard","meta":{"footnotes":""},"categories":[24],"tags":[],"class_list":["post-1448","post","type-post","status-publish","format-standard","hentry","category-construcao-em-belem"],"aioseo_notices":[],"_links":{"self":[{"href":"https:\/\/www.encontrabelem.com.br\/sobre\/wp-json\/wp\/v2\/posts\/1448","targetHints":{"allow":["GET"]}}],"collection":[{"href":"https:\/\/www.encontrabelem.com.br\/sobre\/wp-json\/wp\/v2\/posts"}],"about":[{"href":"https:\/\/www.encontrabelem.com.br\/sobre\/wp-json\/wp\/v2\/types\/post"}],"author":[{"embeddable":true,"href":"https:\/\/www.encontrabelem.com.br\/sobre\/wp-json\/wp\/v2\/users\/1"}],"replies":[{"embeddable":true,"href":"https:\/\/www.encontrabelem.com.br\/sobre\/wp-json\/wp\/v2\/comments?post=1448"}],"version-history":[{"count":0,"href":"https:\/\/www.encontrabelem.com.br\/sobre\/wp-json\/wp\/v2\/posts\/1448\/revisions"}],"wp:attachment":[{"href":"https:\/\/www.encontrabelem.com.br\/sobre\/wp-json\/wp\/v2\/media?parent=1448"}],"wp:term":[{"taxonomy":"category","embeddable":true,"href":"https:\/\/www.encontrabelem.com.br\/sobre\/wp-json\/wp\/v2\/categories?post=1448"},{"taxonomy":"post_tag","embeddable":true,"href":"https:\/\/www.encontrabelem.com.br\/sobre\/wp-json\/wp\/v2\/tags?post=1448"}],"curies":[{"name":"wp","href":"https:\/\/api.w.org\/{rel}","templated":true}]}}