{"id":1444,"date":"2026-03-13T13:45:59","date_gmt":"2026-03-13T16:45:59","guid":{"rendered":"https:\/\/www.encontrabelem.com.br\/sobre\/arquivo-publico-do-para-reabre-nesta-segunda"},"modified":"2026-03-13T13:45:59","modified_gmt":"2026-03-13T16:45:59","slug":"arquivo-publico-do-para-reabre-nesta-segunda","status":"publish","type":"post","link":"https:\/\/www.encontrabelem.com.br\/sobre\/arquivo-publico-do-para-reabre-nesta-segunda","title":{"rendered":"Arquivo P\u00fablico do Par\u00e1 reabre nesta segunda"},"content":{"rendered":"<div class=\"b22802487b0d38c4c6d9f34966e16421\" data-index=\"1\" style=\"float: none; margin:0px;\">\n<!-- Anuncio display - global -->\r\n<ins class=\"adsbygoogle\"\r\n     style=\"display:block\"\r\n     data-ad-client=\"ca-pub-8585364105181520\"\r\n     data-ad-slot=\"8789329856\"\r\n     data-ad-format=\"auto\"\r\n     data-full-width-responsive=\"true\"><\/ins>\r\n<script>\r\n     (adsbygoogle = window.adsbygoogle || []).push({});\r\n<\/script>\n<\/div>\n<h2>Abertura das Atividades Estruturadas<\/h2>\n<p>O Arquivo P\u00fablico do Estado do Par\u00e1 retorna suas atividades ao p\u00fablico a partir do dia 23 de fevereiro de 2026, apresentando uma programa\u00e7\u00e3o cultural e educativa que se estender\u00e1 at\u00e9 20 de mar\u00e7o do mesmo ano. Esta reabertura marca um momento importante, onde o espa\u00e7o reafirma seu papel de preservador da mem\u00f3ria hist\u00f3rica e dos documentos que narram a trajet\u00f3ria do Par\u00e1. Com a inten\u00e7\u00e3o de oferecer uma diversidade de experi\u00eancias, o Arquivo prepara uma s\u00e9rie de eventos, incluindo exposi\u00e7\u00f5es, palestras e visitas guiadas.<\/p>\n<h2>Exposi\u00e7\u00e3o \u201cMulheres na Hist\u00f3ria da Amaz\u00f4nia\u201d<\/h2>\n<p>Um dos pontos altos da reabertura ser\u00e1 a exposi\u00e7\u00e3o intitulada &#8220;Mulheres na hist\u00f3ria da Amaz\u00f4nia: liberdade, poder e resist\u00eancia&#8221;. Esta mostra reunir\u00e1 documentos hist\u00f3ricos e outros registros que evidenciam a contribui\u00e7\u00e3o das mulheres para a forma\u00e7\u00e3o social, pol\u00edtica e cultural da Amaz\u00f4nia. A visita\u00e7\u00e3o estar\u00e1 dispon\u00edvel de segunda a sexta-feira, das 8h \u00e0s 14h, no sal\u00e3o principal do Arquivo P\u00fablico at\u00e9 o dia 20 de mar\u00e7o.<\/p>\n<h2>Visitas Guiadas para Diversos P\u00fablicos<\/h2>\n<p>A programa\u00e7\u00e3o tamb\u00e9m contempla visitas guiadas que pretendem incluir diferentes grupos sociais. No dia 24 de fevereiro, ser\u00e1 promovida uma visita guiada aberta a toda a popula\u00e7\u00e3o, especialmente pessoas em situa\u00e7\u00e3o de rua e trabalhadores que atuam nas imedia\u00e7\u00f5es do Arquivo. Esta a\u00e7\u00e3o visa ampliar e diversificar o p\u00fablico que poder\u00e1 desfrutar das atividades e conhecer o acervo dispon\u00edvel.<\/p>\n<h2>Palestras Educativas sobre Temas Hist\u00f3ricos<\/h2>\n<p>Al\u00e9m das visitas guiadas, o Arquivo P\u00fablico realizar\u00e1 um ciclo de palestras voltadas para estudantes, pesquisadores e o p\u00fablico em geral. O primeiro evento desse ciclo ocorrer\u00e1 no dia 27 de fevereiro, quando alunos do 6\u00ba ano da Escola Sistema de Ensino Rosana Bastos visitar\u00e3o o espa\u00e7o. Nos dias 28 de fevereiro e 7 de mar\u00e7o, uma s\u00e9rie de palestras abordar\u00e1 temas centrais da hist\u00f3ria e arquivologia.<\/p>\n<ul>\n<li><strong>28 de fevereiro:<\/strong>\n<ul>\n<li>Palestra: &#8220;Arquivos sobre a Cabanagem: relatos de uma jornada nos acervos paraenses&#8221; &#8211; Prof. Dr. Roberto Lopes<\/li>\n<li>Palestra: &#8220;Blockchain e a autenticidade na carteira nacional de vacina\u00e7\u00e3o digital&#8221; &#8211; Msc. Yago de Oliveira Costa<\/li>\n<li>Palestra: &#8220;Intelig\u00eancia arquiv\u00edstica e transforma\u00e7\u00e3o digital&#8221; &#8211; Msc. Elenice Jana\u00fa Ferreira<\/li>\n<\/ul>\n<\/li>\n<li><strong>7 de mar\u00e7o:<\/strong>\n<ul>\n<li>Palestra: &#8220;Veias de spray: o movimento art\u00edstico em Bel\u00e9m do Par\u00e1 (1980\u20131999)&#8221; &#8211; Msc. Edvan da Silva Concei\u00e7\u00e3o<\/li>\n<li>Palestra: &#8220;Experi\u00eancias ind\u00edgenas com doen\u00e7as no Gr\u00e3o-Par\u00e1 oitocentista&#8221; &#8211; Profa. Msc. Sara da Silva Suliman<\/li>\n<li>Palestra: &#8220;A Segunda Guerra Mundial no Par\u00e1 e o escrut\u00ednio dos arquivos&#8221; &#8211; Prof. Dr. Tunai Rehm Costa de Almeida<\/li>\n<li>Palestra: &#8220;Desafios de reconstruir trajet\u00f3rias negras nos arquivos&#8221; &#8211; Prof. Msc. Helder Lima<\/li>\n<\/ul>\n<\/li>\n<\/ul>\n<h2>A Import\u00e2ncia do Patrim\u00f4nio Documental<\/h2>\n<p>O diretor do Arquivo P\u00fablico, Leonardo Torii, enfatiza a import\u00e2ncia da reabertura para a produ\u00e7\u00e3o de conhecimento e pesquisa. Segundo ele, o espa\u00e7o \u00e9 considerado um dos principais locais de pesquisa hist\u00f3rica na Amaz\u00f4nia, e o retorno das atividades presenciais \u00e9 uma expectativa aguardada tanto pela comunidade acad\u00eamica quanto pela sociedade em geral. A valoriza\u00e7\u00e3o do patrim\u00f4nio hist\u00f3rico \u00e9 essencial para a constru\u00e7\u00e3o da identidade cultural e social da regi\u00e3o.<\/p>\n<h2>Desenvolvimento Cultural na Comunidade<\/h2>\n<p>A reabertura oferece uma oportunidade \u00fanica de intera\u00e7\u00e3o entre a comunidade e a hist\u00f3ria registrada no Arquivo. As atividades programadas n\u00e3o apenas educam, mas tamb\u00e9m promovem a inclus\u00e3o e o compartilhamento de experi\u00eancias hist\u00f3ricas relevantes. Torii menciona que \u00e9 fundamental lembrar que o patrim\u00f4nio documental \u00e9 de todos e, portanto, deve ser acess\u00edvel a diferentes segmentos da popula\u00e7\u00e3o.<\/p>\n<h2>Impacto Educacional no Arquivo P\u00fablico<\/h2>\n<p>A gest\u00e3o do Arquivo P\u00fablico do Estado do Par\u00e1 s\u00e3o vistas como uma oportunidade para educar e sensibilizar a popula\u00e7\u00e3o sobre a import\u00e2ncia da preserva\u00e7\u00e3o da mem\u00f3ria hist\u00f3rica. Os eventos programados favorecem uma aproxima\u00e7\u00e3o entre a hist\u00f3ria, a educa\u00e7\u00e3o e a cultura, formando um elo para o desenvolvimento cr\u00edtico dos cidad\u00e3os.<\/p>\n<h2>O Papel do Arquivo na Hist\u00f3ria do Par\u00e1<\/h2>\n<p>O Arquivo P\u00fablico se configura como um lugar de import\u00e2ncia vital para a constru\u00e7\u00e3o do conhecimento hist\u00f3rico que abrange desde a forma\u00e7\u00e3o social do Estado do Par\u00e1 at\u00e9 aspectos mais contempor\u00e2neos. A explora\u00e7\u00e3o de documentos antigos e novos proporciona uma reflex\u00e3o rica sobre a forma\u00e7\u00e3o cultural e pol\u00edtica da Amaz\u00f4nia, contribuindo para que futuras gera\u00e7\u00f5es compreendam suas ra\u00edzes.<\/p>\n<h2>Atividades Programadas at\u00e9 20 de Mar\u00e7o<\/h2>\n<p>Os visitantes poder\u00e3o participar de uma s\u00e9rie de atividades ao longo do per\u00edodo de reabertura, conforme a programa\u00e7\u00e3o abaixo:<\/p>\n<ul>\n<li><strong>23 de fevereiro:<\/strong> Abertura da exposi\u00e7\u00e3o \u201cMulheres na hist\u00f3ria da Amaz\u00f4nia\u201d.<\/li>\n<li><strong>24 de fevereiro:<\/strong> Visita guiada no Arquivo P\u00fablico.<\/li>\n<li><strong>27 de fevereiro:<\/strong> Visita educativa para alunos do 6\u00ba ano.<\/li>\n<li><strong>28 de fevereiro:<\/strong> Palestras sobre temas hist\u00f3ricos espec\u00edficos.<\/li>\n<li><strong>7 de mar\u00e7o:<\/strong> Continua\u00e7\u00e3o das palestras sobre quest\u00f5es hist\u00f3ricas.<\/li>\n<\/ul>\n<h2>Entrada Gratuita para Todos<\/h2>\n<p>A participa\u00e7\u00e3o nas atividades do Arquivo P\u00fablico ser\u00e1 gratuita, incentivando todas as camadas da sociedade a aproveitar a programa\u00e7\u00e3o. O incentivo \u00e0 educa\u00e7\u00e3o e o acesso \u00e0 cultura s\u00e3o pilares fundamentais dessa iniciativa, refletindo a import\u00e2ncia do Arquivo como uma institui\u00e7\u00e3o que pertence a todos os cidad\u00e3os.<\/p>\n\n<div style=\"font-size: 0px; height: 0px; line-height: 0px; margin: 0; padding: 0; clear: both;\"><\/div>","protected":false},"excerpt":{"rendered":"<p>Descubra a reabertura do Arquivo P\u00fablico do Par\u00e1 e suas atividades culturais.<\/p>\n","protected":false},"author":1,"featured_media":0,"comment_status":"open","ping_status":"closed","sticky":false,"template":"","format":"standard","meta":{"footnotes":""},"categories":[1],"tags":[],"class_list":["post-1444","post","type-post","status-publish","format-standard","hentry","category-noticias-em-belem"],"aioseo_notices":[],"aioseo_head":"\n\t\t<!-- All in One SEO 5.0.0.1 - aioseo.com -->\n\t<meta name=\"description\" content=\"Descubra a reabertura do Arquivo P\u00fablico do Par\u00e1 e suas atividades culturais.\" \/>\n\t<meta name=\"robots\" content=\"max-image-preview:large\" \/>\n\t<meta name=\"author\" content=\"Encontra Bel\u00e9m\"\/>\n\t<link rel=\"canonical\" href=\"https:\/\/www.encontrabelem.com.br\/sobre\/arquivo-publico-do-para-reabre-nesta-segunda\" \/>\n\t<meta name=\"generator\" content=\"All in One SEO (AIOSEO) 5.0.0.1\" \/>\n\t\t<meta property=\"og:locale\" content=\"pt_BR\" \/>\n\t\t<meta property=\"og:site_name\" content=\"Encontra Bel\u00e9m | Not\u00edcias, eventos, informa\u00e7\u00f5es e dicas na cidade Bel\u00e9m e regi\u00e3o.\" \/>\n\t\t<meta property=\"og:type\" content=\"article\" \/>\n\t\t<meta property=\"og:title\" content=\"Arquivo P\u00fablico do Par\u00e1 reabre nesta segunda | Encontra Bel\u00e9m\" \/>\n\t\t<meta property=\"og:description\" content=\"Descubra a reabertura do Arquivo P\u00fablico do Par\u00e1 e suas atividades culturais.\" \/>\n\t\t<meta property=\"og:url\" content=\"https:\/\/www.encontrabelem.com.br\/sobre\/arquivo-publico-do-para-reabre-nesta-segunda\" \/>\n\t\t<meta property=\"article:published_time\" content=\"2026-03-13T16:45:59+00:00\" \/>\n\t\t<meta property=\"article:modified_time\" content=\"2026-03-13T16:45:59+00:00\" \/>\n\t\t<meta name=\"twitter:card\" content=\"summary\" \/>\n\t\t<meta name=\"twitter:title\" content=\"Arquivo P\u00fablico do Par\u00e1 reabre nesta segunda | Encontra Bel\u00e9m\" \/>\n\t\t<meta name=\"twitter:description\" content=\"Descubra a reabertura do Arquivo P\u00fablico do Par\u00e1 e suas atividades culturais.\" \/>\n\t\t<script type=\"application\/ld+json\" class=\"aioseo-schema\">\n\t\t\t{\"@context\":\"https:\\\/\\\/schema.org\",\"@graph\":[{\"@type\":\"Article\",\"@id\":\"https:\\\/\\\/www.encontrabelem.com.br\\\/sobre\\\/arquivo-publico-do-para-reabre-nesta-segunda#article\",\"name\":\"Arquivo P\\u00fablico do Par\\u00e1 reabre nesta segunda | Encontra Bel\\u00e9m\",\"headline\":\"Arquivo P\\u00fablico do Par\\u00e1 reabre nesta segunda\",\"author\":{\"@id\":\"https:\\\/\\\/www.encontrabelem.com.br\\\/sobre\\\/author\\\/ebelem#author\"},\"publisher\":{\"@id\":\"https:\\\/\\\/www.encontrabelem.com.br\\\/sobre\\\/#organization\"},\"datePublished\":\"2026-03-13T13:45:59-03:00\",\"dateModified\":\"2026-03-13T13:45:59-03:00\",\"inLanguage\":\"pt-BR\",\"mainEntityOfPage\":{\"@id\":\"https:\\\/\\\/www.encontrabelem.com.br\\\/sobre\\\/arquivo-publico-do-para-reabre-nesta-segunda#webpage\"},\"isPartOf\":{\"@id\":\"https:\\\/\\\/www.encontrabelem.com.br\\\/sobre\\\/arquivo-publico-do-para-reabre-nesta-segunda#webpage\"},\"articleSection\":\"Not\\u00edcias Bel\\u00e9m\"},{\"@type\":\"BreadcrumbList\",\"@id\":\"https:\\\/\\\/www.encontrabelem.com.br\\\/sobre\\\/arquivo-publico-do-para-reabre-nesta-segunda#breadcrumblist\",\"itemListElement\":[{\"@type\":\"ListItem\",\"@id\":\"https:\\\/\\\/www.encontrabelem.com.br\\\/sobre#listItem\",\"position\":1,\"name\":\"In\\u00edcio\",\"item\":\"https:\\\/\\\/www.encontrabelem.com.br\\\/sobre\",\"nextItem\":{\"@type\":\"ListItem\",\"@id\":\"https:\\\/\\\/www.encontrabelem.com.br\\\/sobre\\\/noticias-em-belem#listItem\",\"name\":\"Not\\u00edcias Bel\\u00e9m\"}},{\"@type\":\"ListItem\",\"@id\":\"https:\\\/\\\/www.encontrabelem.com.br\\\/sobre\\\/noticias-em-belem#listItem\",\"position\":2,\"name\":\"Not\\u00edcias Bel\\u00e9m\",\"item\":\"https:\\\/\\\/www.encontrabelem.com.br\\\/sobre\\\/noticias-em-belem\",\"nextItem\":{\"@type\":\"ListItem\",\"@id\":\"https:\\\/\\\/www.encontrabelem.com.br\\\/sobre\\\/arquivo-publico-do-para-reabre-nesta-segunda#listItem\",\"name\":\"Arquivo P\\u00fablico do Par\\u00e1 reabre nesta segunda\"},\"previousItem\":{\"@type\":\"ListItem\",\"@id\":\"https:\\\/\\\/www.encontrabelem.com.br\\\/sobre#listItem\",\"name\":\"In\\u00edcio\"}},{\"@type\":\"ListItem\",\"@id\":\"https:\\\/\\\/www.encontrabelem.com.br\\\/sobre\\\/arquivo-publico-do-para-reabre-nesta-segunda#listItem\",\"position\":3,\"name\":\"Arquivo P\\u00fablico do Par\\u00e1 reabre nesta segunda\",\"previousItem\":{\"@type\":\"ListItem\",\"@id\":\"https:\\\/\\\/www.encontrabelem.com.br\\\/sobre\\\/noticias-em-belem#listItem\",\"name\":\"Not\\u00edcias Bel\\u00e9m\"}}]},{\"@type\":\"Organization\",\"@id\":\"https:\\\/\\\/www.encontrabelem.com.br\\\/sobre\\\/#organization\",\"name\":\"Encontra Bel\\u00e9m\",\"description\":\"Not\\u00edcias, eventos, informa\\u00e7\\u00f5es e dicas na cidade Bel\\u00e9m e regi\\u00e3o.\",\"url\":\"https:\\\/\\\/www.encontrabelem.com.br\\\/sobre\\\/\"},{\"@type\":\"Person\",\"@id\":\"https:\\\/\\\/www.encontrabelem.com.br\\\/sobre\\\/author\\\/ebelem#author\",\"url\":\"https:\\\/\\\/www.encontrabelem.com.br\\\/sobre\\\/author\\\/ebelem\",\"name\":\"Encontra Bel\\u00e9m\",\"image\":{\"@type\":\"ImageObject\",\"@id\":\"https:\\\/\\\/www.encontrabelem.com.br\\\/sobre\\\/arquivo-publico-do-para-reabre-nesta-segunda#authorImage\",\"url\":\"https:\\\/\\\/secure.gravatar.com\\\/avatar\\\/507340682b8270222e1f208e23198b6ae7e2c6a1033ae84e99bc6bce4f82a387?s=96&d=mm&r=g\",\"width\":96,\"height\":96,\"caption\":\"Encontra Bel\\u00e9m\"}},{\"@type\":\"WebPage\",\"@id\":\"https:\\\/\\\/www.encontrabelem.com.br\\\/sobre\\\/arquivo-publico-do-para-reabre-nesta-segunda#webpage\",\"url\":\"https:\\\/\\\/www.encontrabelem.com.br\\\/sobre\\\/arquivo-publico-do-para-reabre-nesta-segunda\",\"name\":\"Arquivo P\\u00fablico do Par\\u00e1 reabre nesta segunda | Encontra Bel\\u00e9m\",\"description\":\"Descubra a reabertura do Arquivo P\\u00fablico do Par\\u00e1 e suas atividades culturais.\",\"inLanguage\":\"pt-BR\",\"isPartOf\":{\"@id\":\"https:\\\/\\\/www.encontrabelem.com.br\\\/sobre\\\/#website\"},\"breadcrumb\":{\"@id\":\"https:\\\/\\\/www.encontrabelem.com.br\\\/sobre\\\/arquivo-publico-do-para-reabre-nesta-segunda#breadcrumblist\"},\"author\":{\"@id\":\"https:\\\/\\\/www.encontrabelem.com.br\\\/sobre\\\/author\\\/ebelem#author\"},\"creator\":{\"@id\":\"https:\\\/\\\/www.encontrabelem.com.br\\\/sobre\\\/author\\\/ebelem#author\"},\"datePublished\":\"2026-03-13T13:45:59-03:00\",\"dateModified\":\"2026-03-13T13:45:59-03:00\"},{\"@type\":\"WebSite\",\"@id\":\"https:\\\/\\\/www.encontrabelem.com.br\\\/sobre\\\/#website\",\"url\":\"https:\\\/\\\/www.encontrabelem.com.br\\\/sobre\\\/\",\"name\":\"Encontra Bel\\u00e9m\",\"description\":\"Not\\u00edcias, eventos, informa\\u00e7\\u00f5es e dicas na cidade Bel\\u00e9m e regi\\u00e3o.\",\"inLanguage\":\"pt-BR\",\"publisher\":{\"@id\":\"https:\\\/\\\/www.encontrabelem.com.br\\\/sobre\\\/#organization\"}}]}\n\t\t<\/script>\n\t\t<!-- All in One SEO -->\n\n","aioseo_head_json":{"title":"Arquivo P\u00fablico do Par\u00e1 reabre nesta segunda | Encontra Bel\u00e9m","description":"Descubra a reabertura do Arquivo P\u00fablico do Par\u00e1 e suas atividades culturais.","canonical_url":"https:\/\/www.encontrabelem.com.br\/sobre\/arquivo-publico-do-para-reabre-nesta-segunda","robots":"max-image-preview:large","keywords":"","webmasterTools":{"miscellaneous":""},"schema":{"@context":"https:\/\/schema.org","@graph":[{"@type":"Article","@id":"https:\/\/www.encontrabelem.com.br\/sobre\/arquivo-publico-do-para-reabre-nesta-segunda#article","name":"Arquivo P\u00fablico do Par\u00e1 reabre nesta segunda | Encontra Bel\u00e9m","headline":"Arquivo P\u00fablico do Par\u00e1 reabre nesta segunda","author":{"@id":"https:\/\/www.encontrabelem.com.br\/sobre\/author\/ebelem#author"},"publisher":{"@id":"https:\/\/www.encontrabelem.com.br\/sobre\/#organization"},"datePublished":"2026-03-13T13:45:59-03:00","dateModified":"2026-03-13T13:45:59-03:00","inLanguage":"pt-BR","mainEntityOfPage":{"@id":"https:\/\/www.encontrabelem.com.br\/sobre\/arquivo-publico-do-para-reabre-nesta-segunda#webpage"},"isPartOf":{"@id":"https:\/\/www.encontrabelem.com.br\/sobre\/arquivo-publico-do-para-reabre-nesta-segunda#webpage"},"articleSection":"Not\u00edcias Bel\u00e9m"},{"@type":"BreadcrumbList","@id":"https:\/\/www.encontrabelem.com.br\/sobre\/arquivo-publico-do-para-reabre-nesta-segunda#breadcrumblist","itemListElement":[{"@type":"ListItem","@id":"https:\/\/www.encontrabelem.com.br\/sobre#listItem","position":1,"name":"In\u00edcio","item":"https:\/\/www.encontrabelem.com.br\/sobre","nextItem":{"@type":"ListItem","@id":"https:\/\/www.encontrabelem.com.br\/sobre\/noticias-em-belem#listItem","name":"Not\u00edcias Bel\u00e9m"}},{"@type":"ListItem","@id":"https:\/\/www.encontrabelem.com.br\/sobre\/noticias-em-belem#listItem","position":2,"name":"Not\u00edcias Bel\u00e9m","item":"https:\/\/www.encontrabelem.com.br\/sobre\/noticias-em-belem","nextItem":{"@type":"ListItem","@id":"https:\/\/www.encontrabelem.com.br\/sobre\/arquivo-publico-do-para-reabre-nesta-segunda#listItem","name":"Arquivo P\u00fablico do Par\u00e1 reabre nesta segunda"},"previousItem":{"@type":"ListItem","@id":"https:\/\/www.encontrabelem.com.br\/sobre#listItem","name":"In\u00edcio"}},{"@type":"ListItem","@id":"https:\/\/www.encontrabelem.com.br\/sobre\/arquivo-publico-do-para-reabre-nesta-segunda#listItem","position":3,"name":"Arquivo P\u00fablico do Par\u00e1 reabre nesta segunda","previousItem":{"@type":"ListItem","@id":"https:\/\/www.encontrabelem.com.br\/sobre\/noticias-em-belem#listItem","name":"Not\u00edcias Bel\u00e9m"}}]},{"@type":"Organization","@id":"https:\/\/www.encontrabelem.com.br\/sobre\/#organization","name":"Encontra Bel\u00e9m","description":"Not\u00edcias, eventos, informa\u00e7\u00f5es e dicas na cidade Bel\u00e9m e regi\u00e3o.","url":"https:\/\/www.encontrabelem.com.br\/sobre\/"},{"@type":"Person","@id":"https:\/\/www.encontrabelem.com.br\/sobre\/author\/ebelem#author","url":"https:\/\/www.encontrabelem.com.br\/sobre\/author\/ebelem","name":"Encontra Bel\u00e9m","image":{"@type":"ImageObject","@id":"https:\/\/www.encontrabelem.com.br\/sobre\/arquivo-publico-do-para-reabre-nesta-segunda#authorImage","url":"https:\/\/secure.gravatar.com\/avatar\/507340682b8270222e1f208e23198b6ae7e2c6a1033ae84e99bc6bce4f82a387?s=96&d=mm&r=g","width":96,"height":96,"caption":"Encontra Bel\u00e9m"}},{"@type":"WebPage","@id":"https:\/\/www.encontrabelem.com.br\/sobre\/arquivo-publico-do-para-reabre-nesta-segunda#webpage","url":"https:\/\/www.encontrabelem.com.br\/sobre\/arquivo-publico-do-para-reabre-nesta-segunda","name":"Arquivo P\u00fablico do Par\u00e1 reabre nesta segunda | Encontra Bel\u00e9m","description":"Descubra a reabertura do Arquivo P\u00fablico do Par\u00e1 e suas atividades culturais.","inLanguage":"pt-BR","isPartOf":{"@id":"https:\/\/www.encontrabelem.com.br\/sobre\/#website"},"breadcrumb":{"@id":"https:\/\/www.encontrabelem.com.br\/sobre\/arquivo-publico-do-para-reabre-nesta-segunda#breadcrumblist"},"author":{"@id":"https:\/\/www.encontrabelem.com.br\/sobre\/author\/ebelem#author"},"creator":{"@id":"https:\/\/www.encontrabelem.com.br\/sobre\/author\/ebelem#author"},"datePublished":"2026-03-13T13:45:59-03:00","dateModified":"2026-03-13T13:45:59-03:00"},{"@type":"WebSite","@id":"https:\/\/www.encontrabelem.com.br\/sobre\/#website","url":"https:\/\/www.encontrabelem.com.br\/sobre\/","name":"Encontra Bel\u00e9m","description":"Not\u00edcias, eventos, informa\u00e7\u00f5es e dicas na cidade Bel\u00e9m e regi\u00e3o.","inLanguage":"pt-BR","publisher":{"@id":"https:\/\/www.encontrabelem.com.br\/sobre\/#organization"}}]},"og:locale":"pt_BR","og:site_name":"Encontra Bel\u00e9m | Not\u00edcias, eventos, informa\u00e7\u00f5es e dicas na cidade Bel\u00e9m e regi\u00e3o.","og:type":"article","og:title":"Arquivo P\u00fablico do Par\u00e1 reabre nesta segunda | Encontra Bel\u00e9m","og:description":"Descubra a reabertura do Arquivo P\u00fablico do Par\u00e1 e suas atividades culturais.","og:url":"https:\/\/www.encontrabelem.com.br\/sobre\/arquivo-publico-do-para-reabre-nesta-segunda","article:published_time":"2026-03-13T16:45:59+00:00","article:modified_time":"2026-03-13T16:45:59+00:00","twitter:card":"summary","twitter:title":"Arquivo P\u00fablico do Par\u00e1 reabre nesta segunda | Encontra Bel\u00e9m","twitter:description":"Descubra a reabertura do Arquivo P\u00fablico do Par\u00e1 e suas atividades culturais."},"aioseo_meta_data":{"post_id":"1444","title":null,"description":null,"keywords":null,"keyphrases":null,"primary_term":null,"canonical_url":null,"og_title":null,"og_description":null,"og_object_type":"default","og_image_type":"default","og_image_url":null,"og_image_width":null,"og_image_height":null,"og_image_custom_url":null,"og_image_custom_fields":null,"og_video":null,"og_custom_url":null,"og_article_section":null,"og_article_tags":null,"twitter_use_og":false,"twitter_card":"default","twitter_image_type":"default","twitter_image_url":null,"twitter_image_custom_url":null,"twitter_image_custom_fields":null,"twitter_title":null,"twitter_description":null,"schema":{"blockGraphs":[],"customGraphs":[],"default":{"data":{"Article":[],"Course":[],"Dataset":[],"FAQPage":[],"Movie":[],"Person":[],"Product":[],"ProductReview":[],"Car":[],"Recipe":[],"Service":[],"SoftwareApplication":[],"WebPage":[]},"graphName":"Article","isEnabled":true},"graphs":[]},"schema_type":"default","schema_type_options":null,"pillar_content":false,"robots_default":true,"robots_noindex":false,"robots_noarchive":false,"robots_nosnippet":false,"robots_nofollow":false,"robots_noimageindex":false,"robots_noodp":false,"robots_notranslate":false,"robots_max_snippet":null,"robots_max_videopreview":null,"robots_max_imagepreview":"large","priority":null,"frequency":null,"local_seo":null,"breadcrumb_settings":null,"limit_modified_date":false,"ai":null,"created":"2026-03-13 16:46:02","updated":"2026-03-13 16:49:07","focus_keyword":null,"additional_keywords":null,"truseo_locale":null,"seo_analyzer_scan_date":null},"aioseo_breadcrumb":"<div class=\"aioseo-breadcrumbs\"><span class=\"aioseo-breadcrumb\">\n\t\t\t<a href=\"https:\/\/www.encontrabelem.com.br\/sobre\" title=\"In\u00edcio\">In\u00edcio<\/a>\n\t\t<\/span><span class=\"aioseo-breadcrumb-separator\">&raquo;<\/span><span class=\"aioseo-breadcrumb\">\n\t\t\t<a href=\"https:\/\/www.encontrabelem.com.br\/sobre\/noticias-em-belem\" title=\"Not\u00edcias Bel\u00e9m\">Not\u00edcias Bel\u00e9m<\/a>\n\t\t<\/span><span class=\"aioseo-breadcrumb-separator\">&raquo;<\/span><span class=\"aioseo-breadcrumb\">\n\t\t\tArquivo P\u00fablico do Par\u00e1 reabre nesta segunda\n\t\t<\/span><\/div>","aioseo_breadcrumb_json":[{"label":"In\u00edcio","link":"https:\/\/www.encontrabelem.com.br\/sobre"},{"label":"Not\u00edcias Bel\u00e9m","link":"https:\/\/www.encontrabelem.com.br\/sobre\/noticias-em-belem"},{"label":"Arquivo P\u00fablico do Par\u00e1 reabre nesta segunda","link":"https:\/\/www.encontrabelem.com.br\/sobre\/arquivo-publico-do-para-reabre-nesta-segunda"}],"_links":{"self":[{"href":"https:\/\/www.encontrabelem.com.br\/sobre\/wp-json\/wp\/v2\/posts\/1444","targetHints":{"allow":["GET"]}}],"collection":[{"href":"https:\/\/www.encontrabelem.com.br\/sobre\/wp-json\/wp\/v2\/posts"}],"about":[{"href":"https:\/\/www.encontrabelem.com.br\/sobre\/wp-json\/wp\/v2\/types\/post"}],"author":[{"embeddable":true,"href":"https:\/\/www.encontrabelem.com.br\/sobre\/wp-json\/wp\/v2\/users\/1"}],"replies":[{"embeddable":true,"href":"https:\/\/www.encontrabelem.com.br\/sobre\/wp-json\/wp\/v2\/comments?post=1444"}],"version-history":[{"count":0,"href":"https:\/\/www.encontrabelem.com.br\/sobre\/wp-json\/wp\/v2\/posts\/1444\/revisions"}],"wp:attachment":[{"href":"https:\/\/www.encontrabelem.com.br\/sobre\/wp-json\/wp\/v2\/media?parent=1444"}],"wp:term":[{"taxonomy":"category","embeddable":true,"href":"https:\/\/www.encontrabelem.com.br\/sobre\/wp-json\/wp\/v2\/categories?post=1444"},{"taxonomy":"post_tag","embeddable":true,"href":"https:\/\/www.encontrabelem.com.br\/sobre\/wp-json\/wp\/v2\/tags?post=1444"}],"curies":[{"name":"wp","href":"https:\/\/api.w.org\/{rel}","templated":true}]}}