{"id":1433,"date":"2026-03-09T13:43:42","date_gmt":"2026-03-09T16:43:42","guid":{"rendered":"https:\/\/www.encontrabelem.com.br\/sobre\/belem-tera-semana-com-chuvas-constantes-e-alta-umidade"},"modified":"2026-03-09T13:43:42","modified_gmt":"2026-03-09T16:43:42","slug":"belem-tera-semana-com-chuvas-constantes-e-alta-umidade","status":"publish","type":"post","link":"https:\/\/www.encontrabelem.com.br\/sobre\/belem-tera-semana-com-chuvas-constantes-e-alta-umidade","title":{"rendered":"Bel\u00e9m ter\u00e1 semana com chuvas constantes e alta umidade"},"content":{"rendered":"<div class=\"b22802487b0d38c4c6d9f34966e16421\" data-index=\"1\" style=\"float: none; margin:0px;\">\n<!-- Anuncio display - global -->\r\n<ins class=\"adsbygoogle\"\r\n     style=\"display:block\"\r\n     data-ad-client=\"ca-pub-8585364105181520\"\r\n     data-ad-slot=\"8789329856\"\r\n     data-ad-format=\"auto\"\r\n     data-full-width-responsive=\"true\"><\/ins>\r\n<script>\r\n     (adsbygoogle = window.adsbygoogle || []).push({});\r\n<\/script>\n<\/div>\n<h2>Previs\u00e3o Clim\u00e1tica para Bel\u00e9m<\/h2>\n<p>Durante a semana de 9 a 15 de mar\u00e7o de 2026, Bel\u00e9m enfrentar\u00e1 um clima predominante de chuvas regulares. Isso \u00e9 t\u00edpico da esta\u00e7\u00e3o \u00famida da regi\u00e3o amaz\u00f4nica. A expectativa \u00e9 de que ocorra precipita\u00e7\u00e3o diariamente, com uma umidade do ar variando entre 73% e 85%. O clima ser\u00e1 caracterizado por temperaturas que oscilam entre 23\u00b0C e 30\u00b0C e a presen\u00e7a de \u00edndices de radia\u00e7\u00e3o ultravioleta muito elevados.<\/p>\n<h2>Temperaturas na Semana de Chuvas<\/h2>\n<p>A tabela a seguir detalha as temperaturas esperadas para cada dia da semana:<\/p>\n<table>\n<tr>\n<th>Dia<\/th>\n<th>Temperatura M\u00ednima (\u00b0C)<\/th>\n<th>Temperatura M\u00e1xima (\u00b0C)<\/th>\n<\/tr>\n<tr>\n<td>Segunda-feira, 9<\/td>\n<td>24<\/td>\n<td>30<\/td>\n<\/tr>\n<tr>\n<td>Ter\u00e7a-feira, 10<\/td>\n<td>23<\/td>\n<td>30<\/td>\n<\/tr>\n<tr>\n<td>Quarta-feira, 11<\/td>\n<td>23<\/td>\n<td>29<\/td>\n<\/tr>\n<tr>\n<td>Quinta-feira, 12<\/td>\n<td>23<\/td>\n<td>28<\/td>\n<\/tr>\n<tr>\n<td>Sexta-feira, 13<\/td>\n<td>23<\/td>\n<td>29<\/td>\n<\/tr>\n<tr>\n<td>S\u00e1bado, 14<\/td>\n<td>23<\/td>\n<td>29<\/td>\n<\/tr>\n<tr>\n<td>Domingo, 15<\/td>\n<td>23<\/td>\n<td>29<\/td>\n<\/tr>\n<\/table>\n<h2>Impactos da Alta Umidade<\/h2>\n<p>A elevada umidade pode resultar em algumas condi\u00e7\u00f5es desconfort\u00e1veis para os residentes de Bel\u00e9m. A sensa\u00e7\u00e3o de calor pode ser acentuada, levando a um aumento no uso de ar condicionado ou ventiladores. Al\u00e9m disso, o clima \u00famido pode favorecer o desenvolvimento de mofo e bolor em ambientes fechados, o que pode causar problemas de sa\u00fade, especialmente para pessoas com alergias e doen\u00e7as respirat\u00f3rias.<\/p>\n<p><img decoding=\"async\" src=\"https:\/\/www.encontrabelem.com.br\/sobre\/wp-content\/uploads\/2026\/03\/belem-tera-semana-com-chuvas-constantes-e-alta-umidade.webp\" alt=\"chuvas em Bel\u00e9m\" loading=\"lazy\" \/><\/p>\n<h2>Cuidados Necess\u00e1rios com o Clima<\/h2>\n<p>\u00c9 essencial que os moradores de Bel\u00e9m fiquem atentos \u00e0s previs\u00f5es clim\u00e1ticas. Algumas recomenda\u00e7\u00f5es incluem:<\/p>\n<ul>\n<li><strong>Hidrata\u00e7\u00e3o:<\/strong> Mantenha-se bem hidratado, especialmente em dias mais quentes.<\/li>\n<li><strong>Prote\u00e7\u00e3o Solar:<\/strong> Mesmo em dias nublados, a prote\u00e7\u00e3o solar \u00e9 importante devido aos elevados \u00edndices UV.<\/li>\n<li><strong>Evitar Exposi\u00e7\u00e3o Excessiva:<\/strong> Em dias de alta umidade e calor, tente evitar atividades ao ar livre durante as horas mais quentes.<\/li>\n<li><strong>Cuidados com a Sa\u00fade:<\/strong> Se poss\u00edvel, evite a exposi\u00e7\u00e3o a mofo ou umidade excessiva em casa.<\/li>\n<\/ul>\n<h2>Mudan\u00e7as Clim\u00e1ticas na Regi\u00e3o<\/h2>\n<p>As mudan\u00e7as clim\u00e1ticas t\u00eam impactado o padr\u00e3o das chuvas na regi\u00e3o amaz\u00f4nica, tornando algumas temporadas mais intensas e prolongadas. Isso implica que as comunidades devem se preparar para chuvas mais intensas e per\u00edodos de seca mais frequentes, alterando o ecossistema local e afetando a agricultura.<\/p>\n<h2>Dicas para o Per\u00edodo Chuvoso<\/h2>\n<p>Para facilitar a conviv\u00eancia com o clima chuvoso, considere as seguintes dicas:<\/p>\n<ul>\n<li><strong>Uso de Cal\u00e7ados Adequados:<\/strong> Opte por cal\u00e7ados imperme\u00e1veis para evitar que seus p\u00e9s fiquem molhados.<\/li>\n<li><strong>Transporte de Guarda-chuva:<\/strong> Tenha sempre um guarda-chuva ou capa de chuva \u00e0 disposi\u00e7\u00e3o, j\u00e1 que as chuvas podem vir de forma inesperada.<\/li>\n<li><strong>Planejamento de Roteiros:<\/strong> Verifique a previs\u00e3o do tempo antes de fazer planos para evitar surpresas desagrad\u00e1veis.<\/li>\n<\/ul>\n<h2>Como a Umidade Afeta a Sa\u00fade<\/h2>\n<p>A umidade excessiva pode ter efeitos variados na sa\u00fade humana. Al\u00e9m de provocar sensa\u00e7\u00e3o de calor excessivo, pode contribuir para o aumento de doen\u00e7as respirat\u00f3rias, como asma e rinite, devido \u00e0 prolifera\u00e7\u00e3o de \u00e1caros e mofo.<\/p>\n<h2>Roupas e Acess\u00f3rios para o Clima<\/h2>\n<p>Ao planejar o guarda-roupa para uma semana chuvosa em Bel\u00e9m, foque em roupas leves e de secagem r\u00e1pida. Aqui est\u00e3o algumas sugest\u00f5es:<\/p>\n<ul>\n<li><strong>Vestidos e Camisas de Tecido Leve:<\/strong> Escolha tecidos que permitam a evapora\u00e7\u00e3o r\u00e1pida do suor.<\/li>\n<li><strong>Capa de Chuva:<\/strong> tenha sempre uma capa leve que possa ser facilmente transportada.<\/li>\n<li><strong>Cal\u00e7as Imperme\u00e1veis:<\/strong> Utilize cal\u00e7as que possam repelir a \u00e1gua.<\/li>\n<\/ul>\n<h2>Hist\u00f3rico de Chuvas em Bel\u00e9m<\/h2>\n<p>Bel\u00e9m, sendo parte da regi\u00e3o amaz\u00f4nica, costuma experienciar um alto volume de precipita\u00e7\u00e3o durante esta \u00e9poca do ano. O ano passado registrou dados de chuvas que demonstraram um aumento na intensidade. Isso reflete a tend\u00eancia geral de oscila\u00e7\u00f5es clim\u00e1ticas que a regi\u00e3o tem enfrentado.<\/p>\n<h2>O Que Esperar para os Pr\u00f3ximos Dias<\/h2>\n<p>A expectativa \u00e9 que a semana continue chuvosa, com n\u00edveis de umidade que podem se manter elevados, especialmente ao longo do domingo, quando se espera um volume maior de chuva. Assim, \u00e9 aconselh\u00e1vel que os residentes se mantenham informados sobre a previs\u00e3o do tempo e tomem as devidas precau\u00e7\u00f5es para o clima. Este padr\u00e3o chuvoso se configura como um aspecto caracter\u00edstico do clima em Bel\u00e9m, uma cidade rica em biodiversidade, mas tamb\u00e9m exigente em termos de adapta\u00e7\u00e3o aos desafios que o clima traz.<\/p>\n\n<div style=\"font-size: 0px; height: 0px; line-height: 0px; margin: 0; padding: 0; clear: both;\"><\/div>","protected":false},"excerpt":{"rendered":"<p>Bel\u00e9m enfrentar\u00e1 chuvas constantes e umidade alta entre 9 e 15 de mar\u00e7o.<\/p>\n","protected":false},"author":1,"featured_media":1432,"comment_status":"open","ping_status":"closed","sticky":false,"template":"","format":"standard","meta":{"footnotes":""},"categories":[1],"tags":[],"class_list":["post-1433","post","type-post","status-publish","format-standard","has-post-thumbnail","hentry","category-noticias-em-belem","has_thumb"],"aioseo_notices":[],"_links":{"self":[{"href":"https:\/\/www.encontrabelem.com.br\/sobre\/wp-json\/wp\/v2\/posts\/1433","targetHints":{"allow":["GET"]}}],"collection":[{"href":"https:\/\/www.encontrabelem.com.br\/sobre\/wp-json\/wp\/v2\/posts"}],"about":[{"href":"https:\/\/www.encontrabelem.com.br\/sobre\/wp-json\/wp\/v2\/types\/post"}],"author":[{"embeddable":true,"href":"https:\/\/www.encontrabelem.com.br\/sobre\/wp-json\/wp\/v2\/users\/1"}],"replies":[{"embeddable":true,"href":"https:\/\/www.encontrabelem.com.br\/sobre\/wp-json\/wp\/v2\/comments?post=1433"}],"version-history":[{"count":0,"href":"https:\/\/www.encontrabelem.com.br\/sobre\/wp-json\/wp\/v2\/posts\/1433\/revisions"}],"wp:featuredmedia":[{"embeddable":true,"href":"https:\/\/www.encontrabelem.com.br\/sobre\/wp-json\/wp\/v2\/media\/1432"}],"wp:attachment":[{"href":"https:\/\/www.encontrabelem.com.br\/sobre\/wp-json\/wp\/v2\/media?parent=1433"}],"wp:term":[{"taxonomy":"category","embeddable":true,"href":"https:\/\/www.encontrabelem.com.br\/sobre\/wp-json\/wp\/v2\/categories?post=1433"},{"taxonomy":"post_tag","embeddable":true,"href":"https:\/\/www.encontrabelem.com.br\/sobre\/wp-json\/wp\/v2\/tags?post=1433"}],"curies":[{"name":"wp","href":"https:\/\/api.w.org\/{rel}","templated":true}]}}