{"id":1431,"date":"2026-03-09T13:41:40","date_gmt":"2026-03-09T16:41:40","guid":{"rendered":"https:\/\/www.encontrabelem.com.br\/sobre\/ministerio-das-cidades-faz-a-entrega-de-256-moradias-do-residencial-viver-pratinha-em-belem-pa"},"modified":"2026-03-09T13:41:40","modified_gmt":"2026-03-09T16:41:40","slug":"ministerio-das-cidades-faz-a-entrega-de-256-moradias-do-residencial-viver-pratinha-em-belem-pa","status":"publish","type":"post","link":"https:\/\/www.encontrabelem.com.br\/sobre\/ministerio-das-cidades-faz-a-entrega-de-256-moradias-do-residencial-viver-pratinha-em-belem-pa","title":{"rendered":"Minist\u00e9rio das Cidades faz a entrega de 256 moradias do Residencial Viver Pratinha, em Bel\u00e9m (PA)"},"content":{"rendered":"<div class=\"b22802487b0d38c4c6d9f34966e16421\" data-index=\"1\" style=\"float: none; margin:0px;\">\n<!-- Anuncio display - global -->\r\n<ins class=\"adsbygoogle\"\r\n     style=\"display:block\"\r\n     data-ad-client=\"ca-pub-8585364105181520\"\r\n     data-ad-slot=\"8789329856\"\r\n     data-ad-format=\"auto\"\r\n     data-full-width-responsive=\"true\"><\/ins>\r\n<script>\r\n     (adsbygoogle = window.adsbygoogle || []).push({});\r\n<\/script>\n<\/div>\n<h2>A Cerim\u00f4nia de Entrega<\/h2>\n<p>No dia 10 de mar\u00e7o, o ministro das Cidades, Jader Filho, conduzir\u00e1 a cerim\u00f4nia de entrega das chaves de 256 apartamentos localizados no Residencial Viver Pratinha, em Bel\u00e9m (PA). Este evento marca um passo significativo no programa Minha Casa, Minha Vida, que busca proporcionar habita\u00e7\u00e3o acess\u00edvel para fam\u00edlias em situa\u00e7\u00e3o de vulnerabilidade. Durante a cerim\u00f4nia, o ministro estar\u00e1 acompanhado por autoridades locais, incluindo o prefeito de Bel\u00e9m e o governador do Par\u00e1, o que destaca a import\u00e2ncia da participa\u00e7\u00e3o do governo federal em iniciativas de habita\u00e7\u00e3o.<\/p>\n<h2>O Impacto do Residencial Viver Pratinha<\/h2>\n<p>O Residencial Viver Pratinha representa uma resposta importante \u00e0 car\u00eancia habitacional na regi\u00e3o. Com um total de 768 moradias, o projeto visa atender fam\u00edlias que sonham com a casa pr\u00f3pria, contribuindo para a melhoria da qualidade de vida. A entrega de unidades habitacionais como essa \u00e9 um passo crucial para enfrentar o d\u00e9ficit habitacional que afeta diversas comunidades e para promover a inclus\u00e3o social. A entrega das chaves ir\u00e1 beneficiar aproximadamente 1.024 pessoas que agora ter\u00e3o um lar seguro e digno.<\/p>\n<h2>Retomada das Obras do Minha Casa, Minha Vida<\/h2>\n<p>As obras do Viver Pratinha estavam paralisadas antes da atual administra\u00e7\u00e3o, com ocupa\u00e7\u00f5es irregulares e danos significativos \u00e0 infraestrutura. Em 2021, o local foi invadido, resultando no saque e na destrui\u00e7\u00e3o de v\u00e1rias partes do empreendimento, incluindo sistemas de drenagem e abastecimento. Contudo, em 2024, a Caixa Econ\u00f4mica Federal retoma a posse do terreno via a\u00e7\u00e3o judicial, permitindo que o Minist\u00e9rio das Cidades reinicie as obras, que tiveram in\u00edcio em mar\u00e7o de 2025, com significativos recursos investidos.<\/p>\n<p><img decoding=\"async\" src=\"https:\/\/www.encontrabelem.com.br\/sobre\/wp-content\/uploads\/2026\/03\/ministerio-das-cidades-faz-a-entrega-de-256-moradias-do-residencial-viver-pratinha-em-belem-pa.webp\" alt=\"Minist\u00e9rio das Cidades\" loading=\"lazy\" \/><\/p>\n<h2>Benef\u00edcios para as Fam\u00edlias de Bel\u00e9m<\/h2>\n<p>Com a finaliza\u00e7\u00e3o de 256 apartamentos, cada unidade viabiliza a moradia para 1.024 cidad\u00e3os, o que reflete na redu\u00e7\u00e3o do d\u00e9ficit habitacional da cidade. As fam\u00edlias residentes n\u00e3o apenas obt\u00eam um lar, mas tamb\u00e9m solu\u00e7\u00f5es urbanas que promovem a sa\u00fade e a seguran\u00e7a. Al\u00e9m disso, o projeto gera cerca de 220 empregos diretos em sua fase de constru\u00e7\u00e3o, contribuindo para a economia local.<\/p>\n<h2>Investimentos Realizados na Obra<\/h2>\n<p>A totalidade investida no projeto Viver Pratinha somou mais de R$ 91 milh\u00f5es, sendo R$ 42 milh\u00f5es direcionados especificamente para a retomada das obras. Tais investimentos s\u00e3o fundamentais n\u00e3o s\u00f3 para a conclus\u00e3o do projeto, mas tamb\u00e9m para garantir a qualidade das moradias entregues. A gest\u00e3o eficiente desses recursos \u00e9 vital para assegurar que as obras cumpram com o cronograma e com os padr\u00f5es de qualidade exigidos.<\/p>\n<h2>Caracter\u00edsticas dos Apartamentos<\/h2>\n<p>Cada um dos 256 apartamentos entregues possui 52,26 m\u00b2, com duas unidades por andar, totalizando quatro por pavimento. Os apartamentos s\u00e3o compostos por sala e cozinha integradas, dois quartos e um banheiro. Al\u00e9m disso, cada unidade est\u00e1 equipada com infraestrutura adequada para instala\u00e7\u00e3o de ar-condicionado, chuveiros el\u00e9tricos e sistemas de interfone. O residencial tamb\u00e9m conta com esta\u00e7\u00f5es de tratamento de \u00e1gua e esgoto, garantindo sustentabilidade e um manejo adequado dos recursos h\u00eddricos.<\/p>\n<h2>Estat\u00edsticas sobre Moradia em Bel\u00e9m<\/h2>\n<p>A retomada do programa Minha Casa, Minha Vida \u00e9 um reflexo das necessidades habitacionais urgentes em Bel\u00e9m. Dados apontam que a cidade enfrenta um d\u00e9ficit habitacional elevado, exacerbado por crises econ\u00f4micas e sociais. Projetos como o Viver Pratinha s\u00e3o essenciais para reverter esse cen\u00e1rio, oferecendo solu\u00e7\u00f5es habitacionais que promovem n\u00e3o apenas seguran\u00e7a e dignidade, mas tamb\u00e9m a valoriza\u00e7\u00e3o do territ\u00f3rio e a revitaliza\u00e7\u00e3o de \u00e1reas urbanas.<\/p>\n<h2>O Papel do Minist\u00e9rio das Cidades<\/h2>\n<p>O Minist\u00e9rio das Cidades desempenha um papel crucial na implementa\u00e7\u00e3o de pol\u00edticas p\u00fablicas voltadas para a habita\u00e7\u00e3o e o urbanismo. Atrav\u00e9s de programas como o Minha Casa, Minha Vida, ele busca n\u00e3o apenas reduzir o d\u00e9ficit habitacional, mas tamb\u00e9m fomentar um desenvolvimento urbano sustent\u00e1vel. O esfor\u00e7o do minist\u00e9rio em articular recursos e coordenar a\u00e7\u00f5es com governos estaduais e municipais \u00e9 fundamental para a execu\u00e7\u00e3o bem-sucedida de projetos habitacionais.<\/p>\n<h2>Expectativas para o Futuro do Projeto<\/h2>\n<p>A previs\u00e3o \u00e9 que a entrega total das 768 moradias do Residencial Viver Pratinha ocorra at\u00e9 dezembro de 2026. Essa temporalidade \u00e9 importante para garantir que as obras sejam executadas de acordo com o planejamento e dentro dos padr\u00f5es de qualidade exigidos. A continuidade da gera\u00e7\u00e3o de empregos e a promo\u00e7\u00e3o de a\u00e7\u00f5es paralelas no \u00e2mbito social e econ\u00f4mico s\u00e3o esperadas, visando um impacto ainda mais positivo na comunidade. A consolida\u00e7\u00e3o do projeto pode servir como modelo para futuras iniciativas habitacionais na regi\u00e3o.<\/p>\n<h2>A Import\u00e2ncia da Habita\u00e7\u00e3o Popular<\/h2>\n<p>A promo\u00e7\u00e3o da habita\u00e7\u00e3o popular \u00e9 um pilar fundamental para a inclus\u00e3o social e o desenvolvimento urbano. Acesso a moradia digna \u00e9 um direito humano essencial que impacta diretamente na qualidade de vida das pessoas. Projetos como o Viver Pratinha n\u00e3o apenas atendem a uma demanda imediata por habita\u00e7\u00e3o, mas tamb\u00e9m contribuem para a constru\u00e7\u00e3o de comunidades mais coesas e solid\u00e1rias, diminuindo as desigualdades sociais cl\u00e1ssicas.<\/p>\n\n<div style=\"font-size: 0px; height: 0px; line-height: 0px; margin: 0; padding: 0; clear: both;\"><\/div>","protected":false},"excerpt":{"rendered":"<p>Minist\u00e9rio das Cidades entrega 256 moradias em Bel\u00e9m, sonho da casa pr\u00f3pria realizado.<\/p>\n","protected":false},"author":1,"featured_media":1430,"comment_status":"open","ping_status":"closed","sticky":false,"template":"","format":"standard","meta":{"footnotes":""},"categories":[1],"tags":[],"class_list":["post-1431","post","type-post","status-publish","format-standard","has-post-thumbnail","hentry","category-noticias-em-belem","has_thumb"],"aioseo_notices":[],"_links":{"self":[{"href":"https:\/\/www.encontrabelem.com.br\/sobre\/wp-json\/wp\/v2\/posts\/1431","targetHints":{"allow":["GET"]}}],"collection":[{"href":"https:\/\/www.encontrabelem.com.br\/sobre\/wp-json\/wp\/v2\/posts"}],"about":[{"href":"https:\/\/www.encontrabelem.com.br\/sobre\/wp-json\/wp\/v2\/types\/post"}],"author":[{"embeddable":true,"href":"https:\/\/www.encontrabelem.com.br\/sobre\/wp-json\/wp\/v2\/users\/1"}],"replies":[{"embeddable":true,"href":"https:\/\/www.encontrabelem.com.br\/sobre\/wp-json\/wp\/v2\/comments?post=1431"}],"version-history":[{"count":0,"href":"https:\/\/www.encontrabelem.com.br\/sobre\/wp-json\/wp\/v2\/posts\/1431\/revisions"}],"wp:featuredmedia":[{"embeddable":true,"href":"https:\/\/www.encontrabelem.com.br\/sobre\/wp-json\/wp\/v2\/media\/1430"}],"wp:attachment":[{"href":"https:\/\/www.encontrabelem.com.br\/sobre\/wp-json\/wp\/v2\/media?parent=1431"}],"wp:term":[{"taxonomy":"category","embeddable":true,"href":"https:\/\/www.encontrabelem.com.br\/sobre\/wp-json\/wp\/v2\/categories?post=1431"},{"taxonomy":"post_tag","embeddable":true,"href":"https:\/\/www.encontrabelem.com.br\/sobre\/wp-json\/wp\/v2\/tags?post=1431"}],"curies":[{"name":"wp","href":"https:\/\/api.w.org\/{rel}","templated":true}]}}