{"id":1429,"date":"2026-03-08T13:45:23","date_gmt":"2026-03-08T16:45:23","guid":{"rendered":"https:\/\/www.encontrabelem.com.br\/sobre\/dia-da-mulher-em-belem-acao-oferece-mais-de-30-servicos-gratuitos-no-parque-da-cidade"},"modified":"2026-03-08T13:45:23","modified_gmt":"2026-03-08T16:45:23","slug":"dia-da-mulher-em-belem-acao-oferece-mais-de-30-servicos-gratuitos-no-parque-da-cidade","status":"publish","type":"post","link":"https:\/\/www.encontrabelem.com.br\/sobre\/dia-da-mulher-em-belem-acao-oferece-mais-de-30-servicos-gratuitos-no-parque-da-cidade","title":{"rendered":"Dia da Mulher em Bel\u00e9m: a\u00e7\u00e3o oferece mais de 30 servi\u00e7os gratuitos no Parque da Cidade"},"content":{"rendered":"<div class=\"b22802487b0d38c4c6d9f34966e16421\" data-index=\"1\" style=\"float: none; margin:0px;\">\n<!-- Anuncio display - global -->\r\n<ins class=\"adsbygoogle\"\r\n     style=\"display:block\"\r\n     data-ad-client=\"ca-pub-8585364105181520\"\r\n     data-ad-slot=\"8789329856\"\r\n     data-ad-format=\"auto\"\r\n     data-full-width-responsive=\"true\"><\/ins>\r\n<script>\r\n     (adsbygoogle = window.adsbygoogle || []).push({});\r\n<\/script>\n<\/div>\n<h2>Dia da Mulher em Bel\u00e9m: A\u00e7\u00e3o Oferece Mais de 30 Servi\u00e7os Gratuitos no Parque da Cidade<\/h2>\n<p>No dia 8 de mar\u00e7o, em comemora\u00e7\u00e3o ao Dia Internacional da Mulher, o programa &#8220;Por Todas Elas&#8221;, promovido pelo governo do Estado do Par\u00e1, realizar\u00e1 uma a\u00e7\u00e3o especial no Parque da Cidade, em Bel\u00e9m. O evento come\u00e7ar\u00e1 \u00e0s 8h e disponibilizar\u00e1 mais de 30 servi\u00e7os gratuitos direcionados \u00e0s mulheres e suas fam\u00edlias.<\/p>\n<h2>Atendimentos de Sa\u00fade Dispon\u00edveis no Evento<\/h2>\n<p>A sa\u00fade das mulheres estar\u00e1 em foco durante a a\u00e7\u00e3o, com servi\u00e7os que incluem consultas e exames. As Carretas da Mulher fornecer\u00e3o atendimentos especializados em sa\u00fade, oferecendo:<\/p>\n<ul>\n<li><strong>Mamografias:<\/strong> Exame fundamental para a detec\u00e7\u00e3o precoce do c\u00e2ncer de mama.<\/li>\n<li><strong>Ultrassonografias:<\/strong> Exames importantes para avalia\u00e7\u00e3o da sa\u00fade ginecol\u00f3gica.<\/li>\n<li><strong>Tomografias:<\/strong> Procedimentos complementares para diagn\u00f3sticos detalhados.<\/li>\n<\/ul>\n<p>No total, em 2025, as Carretas da Mulher realizaram mais de 9.800 atendimentos, segundo dados da Secretaria de Estado de Sa\u00fade P\u00fablica (Sespa).<\/p>\n<h2>Documentos e Cadastro em Programas Sociais<\/h2>\n<p>A a\u00e7\u00e3o tamb\u00e9m englobar\u00e1 a emiss\u00e3o de documentos variados, permitindo que as participantes regularizem sua documenta\u00e7\u00e3o. Al\u00e9m disso, haver\u00e1 orienta\u00e7\u00f5es e apoio para cadastro em programas sociais que visam melhorar a qualidade de vida das mulheres e suas fam\u00edlias. Esses servi\u00e7os s\u00e3o essenciais para garantir o acesso a direitos b\u00e1sicos e melhorar a assist\u00eancia social.<\/p>\n<h2>Atividades de Lazer no Parque da Cidade<\/h2>\n<p>O evento n\u00e3o se limita apenas aos servi\u00e7os de sa\u00fade e documenta\u00e7\u00e3o. As participantes poder\u00e3o desfrutar de diversas atividades de lazer, incluindo:<\/p>\n<ul>\n<li>Oficinas de artesanato<\/li>\n<li>Apresenta\u00e7\u00f5es culturais<\/li>\n<li>Jogos e atividades recreativas<\/li>\n<\/ul>\n<p>Essas atividades visam promover um ambiente acolhedor e de celebra\u00e7\u00e3o em homenagem \u00e0s mulheres, fortalecendo os la\u00e7os familiares e comunit\u00e1rios.<\/p>\n<h2>Servi\u00e7os de Est\u00e9tica e Bem-Estar Gratuitos<\/h2>\n<p>Al\u00e9m dos servi\u00e7os sa\u00fade e esporte, o evento oferecer\u00e1 tratamentos de est\u00e9tica e bem-estar, tais como:<\/p>\n<ul>\n<li><strong>Cortes de cabelo:<\/strong> Para aquelas que desejam um novo visual.<\/li>\n<li><strong>Manicure e pedicure:<\/strong> Cuidados essenciais para a autoestima.<\/li>\n<li><strong>Massagens:<\/strong> Para relaxamento e al\u00edvio do estresse.<\/li>\n<\/ul>\n<p>Esses servi\u00e7os visam proporcionar momentos de cuidado e autocuidado para as mulheres presentes.<\/p>\n<h2>Hor\u00e1rios e Localiza\u00e7\u00e3o do Evento<\/h2>\n<p>O evento ocorrer\u00e1 no dia 8 de mar\u00e7o, a partir das 8h, no <strong>Parque da Cidade<\/strong>, localizado na Avenida Senador Lemos, s\/n, em Bel\u00e9m. \u00c9 importante que as participantes cheguem cedo para aproveitarem toda a programa\u00e7\u00e3o ao longo do dia.<\/p>\n<h2>Compromisso com Pol\u00edticas P\u00fablicas para Mulheres<\/h2>\n<p>A secret\u00e1ria de Estado de Articula\u00e7\u00e3o da Cidadania, Elieth Braga, destaca que a data representa um compromisso vital com as pol\u00edticas p\u00fablicas voltadas para as mulheres. Ela ressaltou:<\/p>\n<blockquote><p>&#8220;O Dia Internacional da Mulher \u00e9 um momento de celebra\u00e7\u00e3o, mas tamb\u00e9m de reafirma\u00e7\u00e3o do compromisso com pol\u00edticas p\u00fablicas que garantam mais direitos, cuidado e oportunidades para as mulheres&#8221;.<\/p><\/blockquote>\n<h2>Exames Oferecidos: Mamografia e Mais<\/h2>\n<p>Os exames realizados pelas Carretas da Mulher s\u00e3o fundamentais para a detec\u00e7\u00e3o precoce de doen\u00e7as e promo\u00e7\u00e3o da sa\u00fade. O acesso a esses servi\u00e7os durante o evento permite que mulheres de todas as idades cuidem de sua sa\u00fade de maneira acess\u00edvel e eficaz.<\/p>\n<h2>Benef\u00edcios da A\u00e7\u00e3o &#8220;Por Todas Elas&#8221;<\/h2>\n<p>O programa &#8220;Por Todas Elas&#8221; visa integrar a\u00e7\u00f5es em diferentes \u00e1reas, como sa\u00fade, cidadania e lazer, com o objetivo de ampliar o acesso das mulheres paraenses a servi\u00e7os essenciais. Esta a\u00e7\u00e3o destaca a import\u00e2ncia de um atendimento digno e humanizado, promovendo o empoderamento feminino e contribuindo para a constru\u00e7\u00e3o de uma sociedade mais justa.<\/p>\n<h2>Hist\u00f3rico do Evento no Dia Internacional da Mulher<\/h2>\n<p>Desde sua cria\u00e7\u00e3o, o programa &#8220;Por Todas Elas&#8221; tem se consolidado como uma ferramenta significativa para a promo\u00e7\u00e3o dos direitos das mulheres no Par\u00e1. Ao longo dos anos, as a\u00e7\u00f5es t\u00eam evolu\u00eddo, incorporando novas demandas e sempre buscando oferecer excelente atendimento \u00e0s participantes.<\/p>\n<h2>Depoimentos de Participantes de A\u00e7\u00f5es Anteriores<\/h2>\n<p>Nos eventos passados, muitas mulheres expressaram gratid\u00e3o pela iniciativa, compartilhando experi\u00eancias positivas. &#8220;Foi uma experi\u00eancia gratificante e poderosa. Senti-me vista e cuidada&#8221; \u00e9 um dos relatos frequentes entre as participantes. Essas hist\u00f3rias refor\u00e7am a efetividade das pol\u00edticas p\u00fablicas e o impacto que a\u00e7\u00f5es como essa podem ter na vida das mulheres.<\/p>\n<p>Com a realiza\u00e7\u00e3o de mais de 30 diferentes servi\u00e7os, a a\u00e7\u00e3o no Parque da Cidade, em Bel\u00e9m, \u00e9 uma celebra\u00e7\u00e3o do Dia Internacional da Mulher que busca promover n\u00e3o apenas a sa\u00fade, mas tamb\u00e9m o bem-estar e a cidadania entre as mulheres, lembrando que cada uma delas merece reconhecimento e apoio.<\/p>\n\n<div style=\"font-size: 0px; height: 0px; line-height: 0px; margin: 0; padding: 0; clear: both;\"><\/div>","protected":false},"excerpt":{"rendered":"<p>Dia da Mulher em Bel\u00e9m oferece 30 servi\u00e7os gratuitos no Parque da Cidade para celebrar esta data especial.<\/p>\n","protected":false},"author":1,"featured_media":0,"comment_status":"open","ping_status":"closed","sticky":false,"template":"","format":"standard","meta":{"footnotes":""},"categories":[7],"tags":[],"class_list":["post-1429","post","type-post","status-publish","format-standard","hentry","category-servicos-em-belem"],"aioseo_notices":[],"_links":{"self":[{"href":"https:\/\/www.encontrabelem.com.br\/sobre\/wp-json\/wp\/v2\/posts\/1429","targetHints":{"allow":["GET"]}}],"collection":[{"href":"https:\/\/www.encontrabelem.com.br\/sobre\/wp-json\/wp\/v2\/posts"}],"about":[{"href":"https:\/\/www.encontrabelem.com.br\/sobre\/wp-json\/wp\/v2\/types\/post"}],"author":[{"embeddable":true,"href":"https:\/\/www.encontrabelem.com.br\/sobre\/wp-json\/wp\/v2\/users\/1"}],"replies":[{"embeddable":true,"href":"https:\/\/www.encontrabelem.com.br\/sobre\/wp-json\/wp\/v2\/comments?post=1429"}],"version-history":[{"count":0,"href":"https:\/\/www.encontrabelem.com.br\/sobre\/wp-json\/wp\/v2\/posts\/1429\/revisions"}],"wp:attachment":[{"href":"https:\/\/www.encontrabelem.com.br\/sobre\/wp-json\/wp\/v2\/media?parent=1429"}],"wp:term":[{"taxonomy":"category","embeddable":true,"href":"https:\/\/www.encontrabelem.com.br\/sobre\/wp-json\/wp\/v2\/categories?post=1429"},{"taxonomy":"post_tag","embeddable":true,"href":"https:\/\/www.encontrabelem.com.br\/sobre\/wp-json\/wp\/v2\/tags?post=1429"}],"curies":[{"name":"wp","href":"https:\/\/api.w.org\/{rel}","templated":true}]}}