{"id":1428,"date":"2026-03-08T13:43:39","date_gmt":"2026-03-08T16:43:39","guid":{"rendered":"https:\/\/www.encontrabelem.com.br\/sobre\/agenda-cultural-cantora-portuguesa-cuca-roseta-em-belem-festival-feira-viva-espetaculo-emaranhada-e-mais"},"modified":"2026-03-08T13:43:39","modified_gmt":"2026-03-08T16:43:39","slug":"agenda-cultural-cantora-portuguesa-cuca-roseta-em-belem-festival-feira-viva-espetaculo-emaranhada-e-mais","status":"publish","type":"post","link":"https:\/\/www.encontrabelem.com.br\/sobre\/agenda-cultural-cantora-portuguesa-cuca-roseta-em-belem-festival-feira-viva-espetaculo-emaranhada-e-mais","title":{"rendered":"Agenda cultural: Cantora portuguesa Cuca Roseta em Bel\u00e9m, Festival Feira Viva, espet\u00e1culo &#8216;Emaranhada&#8217; e mais"},"content":{"rendered":"<div class=\"b22802487b0d38c4c6d9f34966e16421\" data-index=\"1\" style=\"float: none; margin:0px;\">\n<!-- Anuncio display - global -->\r\n<ins class=\"adsbygoogle\"\r\n     style=\"display:block\"\r\n     data-ad-client=\"ca-pub-8585364105181520\"\r\n     data-ad-slot=\"8789329856\"\r\n     data-ad-format=\"auto\"\r\n     data-full-width-responsive=\"true\"><\/ins>\r\n<script>\r\n     (adsbygoogle = window.adsbygoogle || []).push({});\r\n<\/script>\n<\/div>\n<h2>Cultura em Par\u00e1: Atra\u00e7\u00f5es Imperd\u00edveis para o Fim de Semana<\/h2>\n<p>A agenda cultural em Bel\u00e9m do Par\u00e1 \u00e9 repleta de eventos que prometem encantar e entreter. Entre os destaques, voc\u00ea encontrar\u00e1 shows, exposi\u00e7\u00f5es art\u00edsticas, espet\u00e1culos e eventos que abordam a riqueza cultural da Amaz\u00f4nia. Este final de semana, as atra\u00e7\u00f5es incluem a talentosa cantora portuguesa Cuca Roseta, o Festival Feira Viva, o espet\u00e1culo infantil \u2018Emaranhada\u2019 e diversas exposi\u00e7\u00f5es. Confira a programa\u00e7\u00e3o!<\/p>\n<h2>Shows de Cuca Roseta no Teatro Gas\u00f4metro<\/h2>\n<p>O renomado Teatro Gas\u00f4metro, situado em Bel\u00e9m, abre suas portas para a aclamada cantora portuguesa Cuca Roseta, uma das principais vozes do fado. Cuca \u00e9 conhecida por seu estilo aut\u00eantico e j\u00e1 se apresentou com grandes estrelas brasileiras, como Djavan e Zeca Pagodinho.<\/p>\n<p><strong>Data:<\/strong> Domingo (8)<br \/> <strong>Local:<\/strong> Teatro Gas\u00f4metro, Bel\u00e9m<br \/> <strong>Hor\u00e1rio:<\/strong> 20h<br \/> <strong>Entrada:<\/strong> Ingressos dispon\u00edveis online.<\/p>\n<h2>Festival Feira Viva: Arte e Gastronomia em Bel\u00e9m<\/h2>\n<p>O Festival Feira Viva se destaca como um evento que combina arte, gastronomia e divers\u00e3o. Destinado a promover o consumo consciente, o festival contar\u00e1 com uma variedade de shows, uma feira criativa e gastron\u00f4mica, oficinas, palestras e atividades voltadas para o p\u00fablico infantil.<\/p>\n<p><strong>Datas:<\/strong> 7 e 8 de mar\u00e7o<br \/> <strong>Local:<\/strong> Centur, Av. Gentil Bittencourt, 650, Bel\u00e9m<br \/> <strong>Hor\u00e1rio:<\/strong> 9h \u00e0s 19h<br \/> <strong>Entrada:<\/strong> Gratuita.<\/p>\n<h2>Espet\u00e1culo &#8216;Emaranhada&#8217; Encanta o P\u00fablico<\/h2>\n<p>O aclamado espet\u00e1culo infantil \u2018Emaranhada\u2019 faz sua estreia em Bel\u00e9m na Caixa Cultural. Este espet\u00e1culo, que j\u00e1 \u00e9 um sucesso no Brasil, aborda a hist\u00f3ria de Mavi, uma hero\u00edna que descobre a for\u00e7a e a ancestralidade em seus pr\u00f3prios cabelos. A apresenta\u00e7\u00e3o re\u00fane m\u00fasica, riso e poesia, proporcionando uma experi\u00eancia m\u00e1gica.<\/p>\n<p><strong>Datas:<\/strong> De 3 a 8 de mar\u00e7o<br \/> <strong>Local:<\/strong> Caixa Cultural, Av. Marechal Hermes, s\/n\u00ba, Armaz\u00e9m 6\u00aa, Reduto<br \/> <strong>Hor\u00e1rio:<\/strong> Sexta: 19h; S\u00e1bado e domingo: 17h<br \/> <strong>Entrada:<\/strong> R$20 (inteira) e R$10 (meia).<\/p>\n<h2>Exposi\u00e7\u00e3o &#8216;A forma viva na arte de V\u00e9io&#8217;<\/h2>\n<p>A Caixa Cultural est\u00e1 apresentando a exposi\u00e7\u00e3o \u2018A forma viva na arte de V\u00e9io\u2019, que re\u00fane 200 obras do escultor sergipano C\u00edcero Alves dos Santos (V\u00e9io). Suas cria\u00e7\u00f5es, feitas com madeiras mortas, refletem figuras humanas, animais e mitos do sert\u00e3o, oferecendo uma rica vis\u00e3o da arte nordestina.<\/p>\n<p><strong>Data:<\/strong> At\u00e9 31 de mar\u00e7o<br \/> <strong>Local:<\/strong> Galerias 2 e 3, Complexo Porto Futuro II, Av. Marechal Hermes, S\/N<br \/> <strong>Hor\u00e1rio:<\/strong> Ter\u00e7a a domingo, das 10h \u00e0s 21h<br \/> <strong>Entrada:<\/strong> Gratuita.<\/p>\n<h2>Oficinas e Palestras no Encontro Pan-Amaz\u00f4nico<\/h2>\n<p>O Motins \u2013 Encontro Pan-Amaz\u00f4nico de M\u00fasica e Cultura Perif\u00e9rica \u00e9 um evento que re\u00fane artistas, produtores e acad\u00eamicos para discutir e compartilhar conhecimentos sobre a cultura amaz\u00f4nica. Workshops, palestras e pain\u00e9is est\u00e3o programados, focando em temas como produ\u00e7\u00e3o musical e gest\u00e3o de carreira.<\/p>\n<p><strong>Data:<\/strong> S\u00e1bado (7)<br \/> <strong>Local:<\/strong> Casa Dourada, Cidade Velha, Bel\u00e9m<br \/> <strong>Hor\u00e1rio:<\/strong> A partir das 10h<br \/> <strong>Entrada:<\/strong> Gratuita.<\/p>\n<h2>M\u00fasica Regional em Alta: Aposta Psica<\/h2>\n<p>A cidade tamb\u00e9m recebe o projeto Aposta Psica, que visa destacar a nova gera\u00e7\u00e3o de m\u00fasicos amaz\u00f4nicos. Com uma programa\u00e7\u00e3o rica em carimb\u00f3, rap, reggae e outros estilos, o evento contar\u00e1 com 18 atra\u00e7\u00f5es gratuitas.<\/p>\n<p><strong>Datas:<\/strong> De 5 a 7 de mar\u00e7o<br \/> <strong>Local:<\/strong> Palafita, Cidade Velha, Bel\u00e9m<br \/> <strong>Hor\u00e1rio:<\/strong> Abertura \u00e0s 19h<br \/> <strong>Entrada:<\/strong> Gratuita.<\/p>\n<h2>1\u00aa Mostra Cultural de Parafolcl\u00f3ricos<\/h2>\n<p>A 1\u00aa Mostra Cultural de Parafolcl\u00f3ricos celebra as tradi\u00e7\u00f5es culturais do Par\u00e1, promovendo uma rica troca art\u00edstica. Grupos renomados, como Frutos do Par\u00e1 e Tucuxi, se apresentar\u00e3o para fortalecer a identidade cultural local.<\/p>\n<p><strong>Data:<\/strong> S\u00e1bado (7)<br \/> <strong>Local:<\/strong> Teatro Margarida Schivasappa (Centur) &#8211; Bel\u00e9m<br \/> <strong>Hor\u00e1rio:<\/strong> 19h<br \/> <strong>Entrada:<\/strong> Gratuita.<\/p>\n<h2>Programa\u00e7\u00e3o do Motins: Cultura Amaz\u00f4nica em Foco<\/h2>\n<p>A programa\u00e7\u00e3o do Motins inclui oficinas de viv\u00eancia e palestras que exploram a produ\u00e7\u00e3o cultural e musical na Amaz\u00f4nia. As atividades prometem aprofundar o conhecimento sobre a cultura local e fornecer dicas pr\u00e1ticas para artistas emergentes.<\/p>\n<h2>Amostras de Arte Feminina na Exposi\u00e7\u00e3o Amaz\u00f4nicas<\/h2>\n<p>A exposi\u00e7\u00e3o \u2018Amaz\u00f4nicas: Po\u00e9ticas Femininas\u2019 traz obras de 21 artistas femininas do norte, abordando temas como identidade e diversidade. A mostra \u00e9 uma reflex\u00e3o sobre a arte contempor\u00e2nea feita por mulheres na regi\u00e3o.<\/p>\n<p><strong>Data:<\/strong> At\u00e9 8 de mar\u00e7o<br \/> <strong>Local:<\/strong> Galeria 1 da Caixa Cultural Bel\u00e9m<br \/> <strong>Hor\u00e1rio:<\/strong> Ter\u00e7a a domingo, das 10h \u00e0s 21h<br \/> <strong>Entrada:<\/strong> Gratuita.<\/p>\n<h2>Lan\u00e7amentos Musicais Imperd\u00edveis na Capital Paraense<\/h2>\n<p>Por fim, o final de semana marca lan\u00e7amentos musicais que prometem agitar a cena local. Artistas como Mila Costa e Allanzinho apresentam novas m\u00fasicas, capturando a ess\u00eancia da m\u00fasica paraense.<\/p>\n<p><strong>Data de Lan\u00e7amento:<\/strong> Segunda-feira (6) para Allanzinho e s\u00e1bado (7) para Mila Costa<br \/> <strong>Ou\u00e7a em:<\/strong> Principais plataformas de streaming.<\/p>\n\n<div style=\"font-size: 0px; height: 0px; line-height: 0px; margin: 0; padding: 0; clear: both;\"><\/div>","protected":false},"excerpt":{"rendered":"<p>Descubra a agenda cultural do Par\u00e1 e aproveite todos os eventos em Bel\u00e9m.<\/p>\n","protected":false},"author":1,"featured_media":0,"comment_status":"open","ping_status":"closed","sticky":false,"template":"","format":"standard","meta":{"footnotes":""},"categories":[25],"tags":[],"class_list":["post-1428","post","type-post","status-publish","format-standard","hentry","category-cultura-em-belem"],"aioseo_notices":[],"_links":{"self":[{"href":"https:\/\/www.encontrabelem.com.br\/sobre\/wp-json\/wp\/v2\/posts\/1428","targetHints":{"allow":["GET"]}}],"collection":[{"href":"https:\/\/www.encontrabelem.com.br\/sobre\/wp-json\/wp\/v2\/posts"}],"about":[{"href":"https:\/\/www.encontrabelem.com.br\/sobre\/wp-json\/wp\/v2\/types\/post"}],"author":[{"embeddable":true,"href":"https:\/\/www.encontrabelem.com.br\/sobre\/wp-json\/wp\/v2\/users\/1"}],"replies":[{"embeddable":true,"href":"https:\/\/www.encontrabelem.com.br\/sobre\/wp-json\/wp\/v2\/comments?post=1428"}],"version-history":[{"count":0,"href":"https:\/\/www.encontrabelem.com.br\/sobre\/wp-json\/wp\/v2\/posts\/1428\/revisions"}],"wp:attachment":[{"href":"https:\/\/www.encontrabelem.com.br\/sobre\/wp-json\/wp\/v2\/media?parent=1428"}],"wp:term":[{"taxonomy":"category","embeddable":true,"href":"https:\/\/www.encontrabelem.com.br\/sobre\/wp-json\/wp\/v2\/categories?post=1428"},{"taxonomy":"post_tag","embeddable":true,"href":"https:\/\/www.encontrabelem.com.br\/sobre\/wp-json\/wp\/v2\/tags?post=1428"}],"curies":[{"name":"wp","href":"https:\/\/api.w.org\/{rel}","templated":true}]}}