{"id":1390,"date":"2026-02-27T13:45:09","date_gmt":"2026-02-27T16:45:09","guid":{"rendered":"https:\/\/www.encontrabelem.com.br\/sobre\/enredos-do-carnaval-de-belem-2026-saiba-o-que-cada-escola-de-samba-levara-para-a-aldeia-cabana"},"modified":"2026-02-27T13:45:09","modified_gmt":"2026-02-27T16:45:09","slug":"enredos-do-carnaval-de-belem-2026-saiba-o-que-cada-escola-de-samba-levara-para-a-aldeia-cabana","status":"publish","type":"post","link":"https:\/\/www.encontrabelem.com.br\/sobre\/enredos-do-carnaval-de-belem-2026-saiba-o-que-cada-escola-de-samba-levara-para-a-aldeia-cabana","title":{"rendered":"Enredos do Carnaval de Bel\u00e9m 2026: saiba o que cada escola de samba levar\u00e1 para a Aldeia Cabana"},"content":{"rendered":"<div class=\"b22802487b0d38c4c6d9f34966e16421\" data-index=\"1\" style=\"float: none; margin:0px;\">\n<!-- Anuncio display - global -->\r\n<ins class=\"adsbygoogle\"\r\n     style=\"display:block\"\r\n     data-ad-client=\"ca-pub-8585364105181520\"\r\n     data-ad-slot=\"8789329856\"\r\n     data-ad-format=\"auto\"\r\n     data-full-width-responsive=\"true\"><\/ins>\r\n<script>\r\n     (adsbygoogle = window.adsbygoogle || []).push({});\r\n<\/script>\n<\/div>\n<h2>Temas que Celebram a Cultura Local<\/h2>\n<p>No Carnaval de Bel\u00e9m em 2026, os desfiles prometem trazer \u00e0 tona a riqueza cultural local atrav\u00e9s de temas que retratam a tradi\u00e7\u00e3o e as express\u00f5es populares da regi\u00e3o. As escolas de samba do Grupo Especial foram desafiadas a apresentar enredos que n\u00e3o apenas emocionem, mas tamb\u00e9m ensinem e celebrem a identidade paraense. Esses enredos abordar\u00e3o aspectos como as festividades tradicionais, hist\u00f3rias de bairro e a for\u00e7a da natureza amaz\u00f4nica, transformando a passarela da Aldeia Cabana em um verdadeiro palco de celebra\u00e7\u00e3o cultural.<\/p>\n<h2>A Identidade Paraense em Destaque<\/h2>\n<p>Cada uma das escolas trar\u00e1 um peda\u00e7o da identidade do povo paraense, que se reflete nas suas ra\u00edzes, pr\u00e1ticas religiosas e costumes. A diversidade \u00e9tnica e as ricas tradi\u00e7\u00f5es s\u00e3o elementos que estar\u00e3o em destaque, apresentando ao p\u00fablico o que significa ser paraense. O enredo de cada escola explorar\u00e1 as v\u00e1rias facetas da cultura local, destacando n\u00e3o apenas a m\u00fasica e a dan\u00e7a, mas tamb\u00e9m as hist\u00f3rias de suas comunidades e os \u00edcones que representam essa identidade.<\/p>\n<h2>As Datas Imperd\u00edveis do Carnaval<\/h2>\n<p>Os grandes desfiles do Carnaval de Bel\u00e9m ocorrer\u00e3o nos dias 27 e 28 de fevereiro de 2026, come\u00e7ando a partir das 21h na Aldeia Cabana. Os entusiastas do samba e da cultura paraense s\u00e3o convidados a celebrar essa festa que une milhares de pessoas em um espet\u00e1culo de cores, ritmos e performances que certamente n\u00e3o ser\u00e1 esquecido. Esses eventos prometem ser uma experi\u00eancia imersiva, cheia de energia e envolvimento comunit\u00e1rio.<\/p>\n<p><img decoding=\"async\" src=\"https:\/\/www.encontrabelem.com.br\/sobre\/wp-content\/uploads\/2026\/02\/enredos-do-carnaval-de-belem-2026-saiba-o-que-cada-escola-de-samba-levara-para-a-aldeia-cabana.webp\" alt=\"Carnaval de Bel\u00e9m 2026\" loading=\"lazy\" \/><\/p>\n<h2>A Influ\u00eancia da Religiosidade nos Enredos<\/h2>\n<p>A religiosidade \u00e9 um componente central da vida em Bel\u00e9m, e isso se reflete claramente nos enredos que as escolas desenvolver\u00e3o para os desfiles. Elementos de f\u00e9 popular e tradi\u00e7\u00f5es religiosas ser\u00e3o incorporados nas apresenta\u00e7\u00f5es, celebrando tanto a espiritualidade coletiva quanto as figuras individuais que representam essa conex\u00e3o. Isso auxiliar\u00e1 na compreens\u00e3o de como a f\u00e9 molda a cultura e as pr\u00e1ticas sociais da comunidade paraense.<\/p>\n<h2>As Hist\u00f3rias de Bairros e Personalidades<\/h2>\n<p>Os enredos deste ano tamb\u00e9m trar\u00e3o \u00e0 luz as hist\u00f3rias de bairros, personalidades locais e lendas que constru\u00edram a hist\u00f3ria de Bel\u00e9m. Cada escola escolher\u00e1 destacar personagens e hist\u00f3rias de suas vizinhan\u00e7as, fazendo com que o p\u00fablico possa se identificar e se conectar ainda mais com a riqueza cultural da cidade. As narrativas que ser\u00e3o contadas visam preservar a mem\u00f3ria coletiva e promover a valoriza\u00e7\u00e3o do patrim\u00f4nio cultural.<\/p>\n<h2>O Samba como S\u00edmbolo de Resist\u00eancia<\/h2>\n<p>O samba, enquanto g\u00eanero musical e manifesta\u00e7\u00e3o cultural, ser\u00e1 celebrado como um s\u00edmbolo de resist\u00eancia. As escolas de samba abordar\u00e3o a trajet\u00f3ria do samba em Bel\u00e9m, suas origens e sua evolu\u00e7\u00e3o, bem como a import\u00e2ncia desse ritmo na luta pela identidade e pela valoriza\u00e7\u00e3o da cultura afro-brasileira. Essa resili\u00eancia ser\u00e1 visibilizada nas apresenta\u00e7\u00f5es, promovendo uma reflex\u00e3o sobre a hist\u00f3ria e a luta dos povos marginalizados.<\/p>\n<h2>O Papel das \u00c1guas na Cultura Paraense<\/h2>\n<p>A Amaz\u00f4nia \u00e9 cercada por uma abund\u00e2ncia de \u00e1guas, que n\u00e3o apenas definem a geografia, mas tamb\u00e9m a cultura da regi\u00e3o. Nos enredos, a rela\u00e7\u00e3o das comunidades locais com seus rios, igarap\u00e9s e a natureza ser\u00e1 explorada em profundidade. As escolas trar\u00e3o temas que abordam a import\u00e2ncia das \u00e1guas para a vida, os mitos que surgem a partir delas e a necessidade de conserva\u00e7\u00e3o desse patrim\u00f4nio natural.<\/p>\n<h2>Desfiles que Transformam a Passarela<\/h2>\n<p>As apresenta\u00e7\u00f5es nas noites de desfile estar\u00e3o repletas de inova\u00e7\u00e3o e criatividade, transformando a passarela em um espa\u00e7o m\u00e1gico. Os carros aleg\u00f3ricos, fantasias e coreografias s\u00e3o projetados para impressionar, contar hist\u00f3rias e provocar emo\u00e7\u00f5es. Cada escola se esfor\u00e7ar\u00e1 para criar um espet\u00e1culo visual que envolva o p\u00fablico, utilizando ilumina\u00e7\u00e3o, m\u00fasica e dan\u00e7as que comp\u00f5em uma narrativa poderosa e visualmente impactante.<\/p>\n<h2>A Apura\u00e7\u00e3o das Escolas de Samba<\/h2>\n<p>A apura\u00e7\u00e3o das notas das escolas de samba ser\u00e1 realizada no dia 3 de mar\u00e7o, \u00e0s 18h, na Aldeia Cabana. Esse momento \u00e9 sempre de grande expectativa, pois define o resultado do trabalho de meses de ensaios e planejamento. As comunidades se mobilizar\u00e3o para apoiar suas escolas, celebrando vit\u00f3rias e expressando solidariedade nas derrotas, mostrando que o verdadeiro esp\u00edrito do carnaval vai muito al\u00e9m da competi\u00e7\u00e3o.<\/p>\n<h2>Expectativas para o Carnaval 2026<\/h2>\n<p>A expectativa para o Carnaval de 2026 em Bel\u00e9m \u00e9 grande. As escolas est\u00e3o se preparando intensamente, e as comunidades est\u00e3o unidas, prontas para fazer deste evento um marco para a cultura paraense. Espera-se que os desfiles sejam um retrato vibrante da vida local e uma afirma\u00e7\u00e3o da identidade cultural que os habitantes de Bel\u00e9m tanto valorizam. Com enredos inspiradores e apaixonantes, o Carnaval promete ser um verdadeiro espet\u00e1culo.<\/p>\n\n<div style=\"font-size: 0px; height: 0px; line-height: 0px; margin: 0; padding: 0; clear: both;\"><\/div>","protected":false},"excerpt":{"rendered":"<p>Enredos do Carnaval de Bel\u00e9m 2026 destacam cultura e tradi\u00e7\u00f5es locais.<\/p>\n","protected":false},"author":1,"featured_media":1389,"comment_status":"open","ping_status":"closed","sticky":false,"template":"","format":"standard","meta":{"footnotes":""},"categories":[1],"tags":[],"class_list":["post-1390","post","type-post","status-publish","format-standard","has-post-thumbnail","hentry","category-noticias-em-belem","has_thumb"],"aioseo_notices":[],"aioseo_head":"\n\t\t<!-- All in One SEO 5.0.0.1 - aioseo.com -->\n\t<meta name=\"description\" content=\"Enredos do Carnaval de Bel\u00e9m 2026 destacam cultura e tradi\u00e7\u00f5es locais.\" \/>\n\t<meta name=\"robots\" content=\"max-image-preview:large\" \/>\n\t<meta name=\"author\" content=\"Encontra Bel\u00e9m\"\/>\n\t<link rel=\"canonical\" href=\"https:\/\/www.encontrabelem.com.br\/sobre\/enredos-do-carnaval-de-belem-2026-saiba-o-que-cada-escola-de-samba-levara-para-a-aldeia-cabana\" \/>\n\t<meta name=\"generator\" content=\"All in One SEO (AIOSEO) 5.0.0.1\" \/>\n\t\t<meta property=\"og:locale\" content=\"pt_BR\" \/>\n\t\t<meta property=\"og:site_name\" content=\"Encontra Bel\u00e9m | Not\u00edcias, eventos, informa\u00e7\u00f5es e dicas na cidade Bel\u00e9m e regi\u00e3o.\" \/>\n\t\t<meta property=\"og:type\" content=\"article\" \/>\n\t\t<meta property=\"og:title\" content=\"Enredos do Carnaval de Bel\u00e9m 2026: saiba o que cada escola de samba levar\u00e1 para a Aldeia Cabana | Encontra Bel\u00e9m\" \/>\n\t\t<meta property=\"og:description\" content=\"Enredos do Carnaval de Bel\u00e9m 2026 destacam cultura e tradi\u00e7\u00f5es locais.\" \/>\n\t\t<meta property=\"og:url\" content=\"https:\/\/www.encontrabelem.com.br\/sobre\/enredos-do-carnaval-de-belem-2026-saiba-o-que-cada-escola-de-samba-levara-para-a-aldeia-cabana\" \/>\n\t\t<meta property=\"article:published_time\" content=\"2026-02-27T16:45:09+00:00\" \/>\n\t\t<meta property=\"article:modified_time\" content=\"2026-02-27T16:45:09+00:00\" \/>\n\t\t<meta name=\"twitter:card\" content=\"summary\" \/>\n\t\t<meta name=\"twitter:title\" content=\"Enredos do Carnaval de Bel\u00e9m 2026: saiba o que cada escola de samba levar\u00e1 para a Aldeia Cabana | Encontra Bel\u00e9m\" \/>\n\t\t<meta name=\"twitter:description\" content=\"Enredos do Carnaval de Bel\u00e9m 2026 destacam cultura e tradi\u00e7\u00f5es locais.\" \/>\n\t\t<script type=\"application\/ld+json\" class=\"aioseo-schema\">\n\t\t\t{\"@context\":\"https:\\\/\\\/schema.org\",\"@graph\":[{\"@type\":\"Article\",\"@id\":\"https:\\\/\\\/www.encontrabelem.com.br\\\/sobre\\\/enredos-do-carnaval-de-belem-2026-saiba-o-que-cada-escola-de-samba-levara-para-a-aldeia-cabana#article\",\"name\":\"Enredos do Carnaval de Bel\\u00e9m 2026: saiba o que cada escola de samba levar\\u00e1 para a Aldeia Cabana | Encontra Bel\\u00e9m\",\"headline\":\"Enredos do Carnaval de Bel\\u00e9m 2026: saiba o que cada escola de samba levar\\u00e1 para a Aldeia Cabana\",\"author\":{\"@id\":\"https:\\\/\\\/www.encontrabelem.com.br\\\/sobre\\\/author\\\/ebelem#author\"},\"publisher\":{\"@id\":\"https:\\\/\\\/www.encontrabelem.com.br\\\/sobre\\\/#organization\"},\"image\":{\"@type\":\"ImageObject\",\"url\":\"https:\\\/\\\/www.encontrabelem.com.br\\\/sobre\\\/wp-content\\\/uploads\\\/2026\\\/02\\\/enredos-do-carnaval-de-belem-2026-saiba-o-que-cada-escola-de-samba-levara-para-a-aldeia-cabana.webp\",\"width\":280,\"height\":280,\"caption\":\"Carnaval de Bel\\u00e9m 2026\"},\"datePublished\":\"2026-02-27T13:45:09-03:00\",\"dateModified\":\"2026-02-27T13:45:09-03:00\",\"inLanguage\":\"pt-BR\",\"mainEntityOfPage\":{\"@id\":\"https:\\\/\\\/www.encontrabelem.com.br\\\/sobre\\\/enredos-do-carnaval-de-belem-2026-saiba-o-que-cada-escola-de-samba-levara-para-a-aldeia-cabana#webpage\"},\"isPartOf\":{\"@id\":\"https:\\\/\\\/www.encontrabelem.com.br\\\/sobre\\\/enredos-do-carnaval-de-belem-2026-saiba-o-que-cada-escola-de-samba-levara-para-a-aldeia-cabana#webpage\"},\"articleSection\":\"Not\\u00edcias Bel\\u00e9m\"},{\"@type\":\"BreadcrumbList\",\"@id\":\"https:\\\/\\\/www.encontrabelem.com.br\\\/sobre\\\/enredos-do-carnaval-de-belem-2026-saiba-o-que-cada-escola-de-samba-levara-para-a-aldeia-cabana#breadcrumblist\",\"itemListElement\":[{\"@type\":\"ListItem\",\"@id\":\"https:\\\/\\\/www.encontrabelem.com.br\\\/sobre#listItem\",\"position\":1,\"name\":\"In\\u00edcio\",\"item\":\"https:\\\/\\\/www.encontrabelem.com.br\\\/sobre\",\"nextItem\":{\"@type\":\"ListItem\",\"@id\":\"https:\\\/\\\/www.encontrabelem.com.br\\\/sobre\\\/noticias-em-belem#listItem\",\"name\":\"Not\\u00edcias Bel\\u00e9m\"}},{\"@type\":\"ListItem\",\"@id\":\"https:\\\/\\\/www.encontrabelem.com.br\\\/sobre\\\/noticias-em-belem#listItem\",\"position\":2,\"name\":\"Not\\u00edcias Bel\\u00e9m\",\"item\":\"https:\\\/\\\/www.encontrabelem.com.br\\\/sobre\\\/noticias-em-belem\",\"nextItem\":{\"@type\":\"ListItem\",\"@id\":\"https:\\\/\\\/www.encontrabelem.com.br\\\/sobre\\\/enredos-do-carnaval-de-belem-2026-saiba-o-que-cada-escola-de-samba-levara-para-a-aldeia-cabana#listItem\",\"name\":\"Enredos do Carnaval de Bel\\u00e9m 2026: saiba o que cada escola de samba levar\\u00e1 para a Aldeia Cabana\"},\"previousItem\":{\"@type\":\"ListItem\",\"@id\":\"https:\\\/\\\/www.encontrabelem.com.br\\\/sobre#listItem\",\"name\":\"In\\u00edcio\"}},{\"@type\":\"ListItem\",\"@id\":\"https:\\\/\\\/www.encontrabelem.com.br\\\/sobre\\\/enredos-do-carnaval-de-belem-2026-saiba-o-que-cada-escola-de-samba-levara-para-a-aldeia-cabana#listItem\",\"position\":3,\"name\":\"Enredos do Carnaval de Bel\\u00e9m 2026: saiba o que cada escola de samba levar\\u00e1 para a Aldeia Cabana\",\"previousItem\":{\"@type\":\"ListItem\",\"@id\":\"https:\\\/\\\/www.encontrabelem.com.br\\\/sobre\\\/noticias-em-belem#listItem\",\"name\":\"Not\\u00edcias Bel\\u00e9m\"}}]},{\"@type\":\"Organization\",\"@id\":\"https:\\\/\\\/www.encontrabelem.com.br\\\/sobre\\\/#organization\",\"name\":\"Encontra Bel\\u00e9m\",\"description\":\"Not\\u00edcias, eventos, informa\\u00e7\\u00f5es e dicas na cidade Bel\\u00e9m e regi\\u00e3o.\",\"url\":\"https:\\\/\\\/www.encontrabelem.com.br\\\/sobre\\\/\"},{\"@type\":\"Person\",\"@id\":\"https:\\\/\\\/www.encontrabelem.com.br\\\/sobre\\\/author\\\/ebelem#author\",\"url\":\"https:\\\/\\\/www.encontrabelem.com.br\\\/sobre\\\/author\\\/ebelem\",\"name\":\"Encontra Bel\\u00e9m\",\"image\":{\"@type\":\"ImageObject\",\"@id\":\"https:\\\/\\\/www.encontrabelem.com.br\\\/sobre\\\/enredos-do-carnaval-de-belem-2026-saiba-o-que-cada-escola-de-samba-levara-para-a-aldeia-cabana#authorImage\",\"url\":\"https:\\\/\\\/secure.gravatar.com\\\/avatar\\\/507340682b8270222e1f208e23198b6ae7e2c6a1033ae84e99bc6bce4f82a387?s=96&d=mm&r=g\",\"width\":96,\"height\":96,\"caption\":\"Encontra Bel\\u00e9m\"}},{\"@type\":\"WebPage\",\"@id\":\"https:\\\/\\\/www.encontrabelem.com.br\\\/sobre\\\/enredos-do-carnaval-de-belem-2026-saiba-o-que-cada-escola-de-samba-levara-para-a-aldeia-cabana#webpage\",\"url\":\"https:\\\/\\\/www.encontrabelem.com.br\\\/sobre\\\/enredos-do-carnaval-de-belem-2026-saiba-o-que-cada-escola-de-samba-levara-para-a-aldeia-cabana\",\"name\":\"Enredos do Carnaval de Bel\\u00e9m 2026: saiba o que cada escola de samba levar\\u00e1 para a Aldeia Cabana | Encontra Bel\\u00e9m\",\"description\":\"Enredos do Carnaval de Bel\\u00e9m 2026 destacam cultura e tradi\\u00e7\\u00f5es locais.\",\"inLanguage\":\"pt-BR\",\"isPartOf\":{\"@id\":\"https:\\\/\\\/www.encontrabelem.com.br\\\/sobre\\\/#website\"},\"breadcrumb\":{\"@id\":\"https:\\\/\\\/www.encontrabelem.com.br\\\/sobre\\\/enredos-do-carnaval-de-belem-2026-saiba-o-que-cada-escola-de-samba-levara-para-a-aldeia-cabana#breadcrumblist\"},\"author\":{\"@id\":\"https:\\\/\\\/www.encontrabelem.com.br\\\/sobre\\\/author\\\/ebelem#author\"},\"creator\":{\"@id\":\"https:\\\/\\\/www.encontrabelem.com.br\\\/sobre\\\/author\\\/ebelem#author\"},\"image\":{\"@type\":\"ImageObject\",\"url\":\"https:\\\/\\\/www.encontrabelem.com.br\\\/sobre\\\/wp-content\\\/uploads\\\/2026\\\/02\\\/enredos-do-carnaval-de-belem-2026-saiba-o-que-cada-escola-de-samba-levara-para-a-aldeia-cabana.webp\",\"@id\":\"https:\\\/\\\/www.encontrabelem.com.br\\\/sobre\\\/enredos-do-carnaval-de-belem-2026-saiba-o-que-cada-escola-de-samba-levara-para-a-aldeia-cabana\\\/#mainImage\",\"width\":280,\"height\":280,\"caption\":\"Carnaval de Bel\\u00e9m 2026\"},\"primaryImageOfPage\":{\"@id\":\"https:\\\/\\\/www.encontrabelem.com.br\\\/sobre\\\/enredos-do-carnaval-de-belem-2026-saiba-o-que-cada-escola-de-samba-levara-para-a-aldeia-cabana#mainImage\"},\"datePublished\":\"2026-02-27T13:45:09-03:00\",\"dateModified\":\"2026-02-27T13:45:09-03:00\"},{\"@type\":\"WebSite\",\"@id\":\"https:\\\/\\\/www.encontrabelem.com.br\\\/sobre\\\/#website\",\"url\":\"https:\\\/\\\/www.encontrabelem.com.br\\\/sobre\\\/\",\"name\":\"Encontra Bel\\u00e9m\",\"description\":\"Not\\u00edcias, eventos, informa\\u00e7\\u00f5es e dicas na cidade Bel\\u00e9m e regi\\u00e3o.\",\"inLanguage\":\"pt-BR\",\"publisher\":{\"@id\":\"https:\\\/\\\/www.encontrabelem.com.br\\\/sobre\\\/#organization\"}}]}\n\t\t<\/script>\n\t\t<!-- All in One SEO -->\n\n","aioseo_head_json":{"title":"Enredos do Carnaval de Bel\u00e9m 2026: saiba o que cada escola de samba levar\u00e1 para a Aldeia Cabana | Encontra Bel\u00e9m","description":"Enredos do Carnaval de Bel\u00e9m 2026 destacam cultura e tradi\u00e7\u00f5es locais.","canonical_url":"https:\/\/www.encontrabelem.com.br\/sobre\/enredos-do-carnaval-de-belem-2026-saiba-o-que-cada-escola-de-samba-levara-para-a-aldeia-cabana","robots":"max-image-preview:large","keywords":"","webmasterTools":{"miscellaneous":""},"schema":{"@context":"https:\/\/schema.org","@graph":[{"@type":"Article","@id":"https:\/\/www.encontrabelem.com.br\/sobre\/enredos-do-carnaval-de-belem-2026-saiba-o-que-cada-escola-de-samba-levara-para-a-aldeia-cabana#article","name":"Enredos do Carnaval de Bel\u00e9m 2026: saiba o que cada escola de samba levar\u00e1 para a Aldeia Cabana | Encontra Bel\u00e9m","headline":"Enredos do Carnaval de Bel\u00e9m 2026: saiba o que cada escola de samba levar\u00e1 para a Aldeia Cabana","author":{"@id":"https:\/\/www.encontrabelem.com.br\/sobre\/author\/ebelem#author"},"publisher":{"@id":"https:\/\/www.encontrabelem.com.br\/sobre\/#organization"},"image":{"@type":"ImageObject","url":"https:\/\/www.encontrabelem.com.br\/sobre\/wp-content\/uploads\/2026\/02\/enredos-do-carnaval-de-belem-2026-saiba-o-que-cada-escola-de-samba-levara-para-a-aldeia-cabana.webp","width":280,"height":280,"caption":"Carnaval de Bel\u00e9m 2026"},"datePublished":"2026-02-27T13:45:09-03:00","dateModified":"2026-02-27T13:45:09-03:00","inLanguage":"pt-BR","mainEntityOfPage":{"@id":"https:\/\/www.encontrabelem.com.br\/sobre\/enredos-do-carnaval-de-belem-2026-saiba-o-que-cada-escola-de-samba-levara-para-a-aldeia-cabana#webpage"},"isPartOf":{"@id":"https:\/\/www.encontrabelem.com.br\/sobre\/enredos-do-carnaval-de-belem-2026-saiba-o-que-cada-escola-de-samba-levara-para-a-aldeia-cabana#webpage"},"articleSection":"Not\u00edcias Bel\u00e9m"},{"@type":"BreadcrumbList","@id":"https:\/\/www.encontrabelem.com.br\/sobre\/enredos-do-carnaval-de-belem-2026-saiba-o-que-cada-escola-de-samba-levara-para-a-aldeia-cabana#breadcrumblist","itemListElement":[{"@type":"ListItem","@id":"https:\/\/www.encontrabelem.com.br\/sobre#listItem","position":1,"name":"In\u00edcio","item":"https:\/\/www.encontrabelem.com.br\/sobre","nextItem":{"@type":"ListItem","@id":"https:\/\/www.encontrabelem.com.br\/sobre\/noticias-em-belem#listItem","name":"Not\u00edcias Bel\u00e9m"}},{"@type":"ListItem","@id":"https:\/\/www.encontrabelem.com.br\/sobre\/noticias-em-belem#listItem","position":2,"name":"Not\u00edcias Bel\u00e9m","item":"https:\/\/www.encontrabelem.com.br\/sobre\/noticias-em-belem","nextItem":{"@type":"ListItem","@id":"https:\/\/www.encontrabelem.com.br\/sobre\/enredos-do-carnaval-de-belem-2026-saiba-o-que-cada-escola-de-samba-levara-para-a-aldeia-cabana#listItem","name":"Enredos do Carnaval de Bel\u00e9m 2026: saiba o que cada escola de samba levar\u00e1 para a Aldeia Cabana"},"previousItem":{"@type":"ListItem","@id":"https:\/\/www.encontrabelem.com.br\/sobre#listItem","name":"In\u00edcio"}},{"@type":"ListItem","@id":"https:\/\/www.encontrabelem.com.br\/sobre\/enredos-do-carnaval-de-belem-2026-saiba-o-que-cada-escola-de-samba-levara-para-a-aldeia-cabana#listItem","position":3,"name":"Enredos do Carnaval de Bel\u00e9m 2026: saiba o que cada escola de samba levar\u00e1 para a Aldeia Cabana","previousItem":{"@type":"ListItem","@id":"https:\/\/www.encontrabelem.com.br\/sobre\/noticias-em-belem#listItem","name":"Not\u00edcias Bel\u00e9m"}}]},{"@type":"Organization","@id":"https:\/\/www.encontrabelem.com.br\/sobre\/#organization","name":"Encontra Bel\u00e9m","description":"Not\u00edcias, eventos, informa\u00e7\u00f5es e dicas na cidade Bel\u00e9m e regi\u00e3o.","url":"https:\/\/www.encontrabelem.com.br\/sobre\/"},{"@type":"Person","@id":"https:\/\/www.encontrabelem.com.br\/sobre\/author\/ebelem#author","url":"https:\/\/www.encontrabelem.com.br\/sobre\/author\/ebelem","name":"Encontra Bel\u00e9m","image":{"@type":"ImageObject","@id":"https:\/\/www.encontrabelem.com.br\/sobre\/enredos-do-carnaval-de-belem-2026-saiba-o-que-cada-escola-de-samba-levara-para-a-aldeia-cabana#authorImage","url":"https:\/\/secure.gravatar.com\/avatar\/507340682b8270222e1f208e23198b6ae7e2c6a1033ae84e99bc6bce4f82a387?s=96&d=mm&r=g","width":96,"height":96,"caption":"Encontra Bel\u00e9m"}},{"@type":"WebPage","@id":"https:\/\/www.encontrabelem.com.br\/sobre\/enredos-do-carnaval-de-belem-2026-saiba-o-que-cada-escola-de-samba-levara-para-a-aldeia-cabana#webpage","url":"https:\/\/www.encontrabelem.com.br\/sobre\/enredos-do-carnaval-de-belem-2026-saiba-o-que-cada-escola-de-samba-levara-para-a-aldeia-cabana","name":"Enredos do Carnaval de Bel\u00e9m 2026: saiba o que cada escola de samba levar\u00e1 para a Aldeia Cabana | Encontra Bel\u00e9m","description":"Enredos do Carnaval de Bel\u00e9m 2026 destacam cultura e tradi\u00e7\u00f5es locais.","inLanguage":"pt-BR","isPartOf":{"@id":"https:\/\/www.encontrabelem.com.br\/sobre\/#website"},"breadcrumb":{"@id":"https:\/\/www.encontrabelem.com.br\/sobre\/enredos-do-carnaval-de-belem-2026-saiba-o-que-cada-escola-de-samba-levara-para-a-aldeia-cabana#breadcrumblist"},"author":{"@id":"https:\/\/www.encontrabelem.com.br\/sobre\/author\/ebelem#author"},"creator":{"@id":"https:\/\/www.encontrabelem.com.br\/sobre\/author\/ebelem#author"},"image":{"@type":"ImageObject","url":"https:\/\/www.encontrabelem.com.br\/sobre\/wp-content\/uploads\/2026\/02\/enredos-do-carnaval-de-belem-2026-saiba-o-que-cada-escola-de-samba-levara-para-a-aldeia-cabana.webp","@id":"https:\/\/www.encontrabelem.com.br\/sobre\/enredos-do-carnaval-de-belem-2026-saiba-o-que-cada-escola-de-samba-levara-para-a-aldeia-cabana\/#mainImage","width":280,"height":280,"caption":"Carnaval de Bel\u00e9m 2026"},"primaryImageOfPage":{"@id":"https:\/\/www.encontrabelem.com.br\/sobre\/enredos-do-carnaval-de-belem-2026-saiba-o-que-cada-escola-de-samba-levara-para-a-aldeia-cabana#mainImage"},"datePublished":"2026-02-27T13:45:09-03:00","dateModified":"2026-02-27T13:45:09-03:00"},{"@type":"WebSite","@id":"https:\/\/www.encontrabelem.com.br\/sobre\/#website","url":"https:\/\/www.encontrabelem.com.br\/sobre\/","name":"Encontra Bel\u00e9m","description":"Not\u00edcias, eventos, informa\u00e7\u00f5es e dicas na cidade Bel\u00e9m e regi\u00e3o.","inLanguage":"pt-BR","publisher":{"@id":"https:\/\/www.encontrabelem.com.br\/sobre\/#organization"}}]},"og:locale":"pt_BR","og:site_name":"Encontra Bel\u00e9m | Not\u00edcias, eventos, informa\u00e7\u00f5es e dicas na cidade Bel\u00e9m e regi\u00e3o.","og:type":"article","og:title":"Enredos do Carnaval de Bel\u00e9m 2026: saiba o que cada escola de samba levar\u00e1 para a Aldeia Cabana | Encontra Bel\u00e9m","og:description":"Enredos do Carnaval de Bel\u00e9m 2026 destacam cultura e tradi\u00e7\u00f5es locais.","og:url":"https:\/\/www.encontrabelem.com.br\/sobre\/enredos-do-carnaval-de-belem-2026-saiba-o-que-cada-escola-de-samba-levara-para-a-aldeia-cabana","article:published_time":"2026-02-27T16:45:09+00:00","article:modified_time":"2026-02-27T16:45:09+00:00","twitter:card":"summary","twitter:title":"Enredos do Carnaval de Bel\u00e9m 2026: saiba o que cada escola de samba levar\u00e1 para a Aldeia Cabana | Encontra Bel\u00e9m","twitter:description":"Enredos do Carnaval de Bel\u00e9m 2026 destacam cultura e tradi\u00e7\u00f5es locais."},"aioseo_meta_data":{"post_id":"1390","title":null,"description":null,"keywords":null,"keyphrases":null,"primary_term":null,"canonical_url":null,"og_title":null,"og_description":null,"og_object_type":"default","og_image_type":"default","og_image_url":null,"og_image_width":null,"og_image_height":null,"og_image_custom_url":null,"og_image_custom_fields":null,"og_video":null,"og_custom_url":null,"og_article_section":null,"og_article_tags":null,"twitter_use_og":false,"twitter_card":"default","twitter_image_type":"default","twitter_image_url":null,"twitter_image_custom_url":null,"twitter_image_custom_fields":null,"twitter_title":null,"twitter_description":null,"schema":{"blockGraphs":[],"customGraphs":[],"default":{"data":{"Article":[],"Course":[],"Dataset":[],"FAQPage":[],"Movie":[],"Person":[],"Product":[],"ProductReview":[],"Car":[],"Recipe":[],"Service":[],"SoftwareApplication":[],"WebPage":[]},"graphName":"Article","isEnabled":true},"graphs":[]},"schema_type":"default","schema_type_options":null,"pillar_content":false,"robots_default":true,"robots_noindex":false,"robots_noarchive":false,"robots_nosnippet":false,"robots_nofollow":false,"robots_noimageindex":false,"robots_noodp":false,"robots_notranslate":false,"robots_max_snippet":null,"robots_max_videopreview":null,"robots_max_imagepreview":"large","priority":null,"frequency":null,"local_seo":null,"breadcrumb_settings":null,"limit_modified_date":false,"ai":null,"created":"2026-02-27 16:45:13","updated":"2026-02-27 16:54:37","focus_keyword":null,"additional_keywords":null,"truseo_locale":null,"seo_analyzer_scan_date":null},"aioseo_breadcrumb":"<div class=\"aioseo-breadcrumbs\"><span class=\"aioseo-breadcrumb\">\n\t\t\t<a href=\"https:\/\/www.encontrabelem.com.br\/sobre\" title=\"In\u00edcio\">In\u00edcio<\/a>\n\t\t<\/span><span class=\"aioseo-breadcrumb-separator\">&raquo;<\/span><span class=\"aioseo-breadcrumb\">\n\t\t\t<a href=\"https:\/\/www.encontrabelem.com.br\/sobre\/noticias-em-belem\" title=\"Not\u00edcias Bel\u00e9m\">Not\u00edcias Bel\u00e9m<\/a>\n\t\t<\/span><span class=\"aioseo-breadcrumb-separator\">&raquo;<\/span><span class=\"aioseo-breadcrumb\">\n\t\t\tEnredos do Carnaval de Bel\u00e9m 2026: saiba o que cada escola de samba levar\u00e1 para a Aldeia Cabana\n\t\t<\/span><\/div>","aioseo_breadcrumb_json":[{"label":"In\u00edcio","link":"https:\/\/www.encontrabelem.com.br\/sobre"},{"label":"Not\u00edcias Bel\u00e9m","link":"https:\/\/www.encontrabelem.com.br\/sobre\/noticias-em-belem"},{"label":"Enredos do Carnaval de Bel\u00e9m 2026: saiba o que cada escola de samba levar\u00e1 para a Aldeia Cabana","link":"https:\/\/www.encontrabelem.com.br\/sobre\/enredos-do-carnaval-de-belem-2026-saiba-o-que-cada-escola-de-samba-levara-para-a-aldeia-cabana"}],"_links":{"self":[{"href":"https:\/\/www.encontrabelem.com.br\/sobre\/wp-json\/wp\/v2\/posts\/1390","targetHints":{"allow":["GET"]}}],"collection":[{"href":"https:\/\/www.encontrabelem.com.br\/sobre\/wp-json\/wp\/v2\/posts"}],"about":[{"href":"https:\/\/www.encontrabelem.com.br\/sobre\/wp-json\/wp\/v2\/types\/post"}],"author":[{"embeddable":true,"href":"https:\/\/www.encontrabelem.com.br\/sobre\/wp-json\/wp\/v2\/users\/1"}],"replies":[{"embeddable":true,"href":"https:\/\/www.encontrabelem.com.br\/sobre\/wp-json\/wp\/v2\/comments?post=1390"}],"version-history":[{"count":0,"href":"https:\/\/www.encontrabelem.com.br\/sobre\/wp-json\/wp\/v2\/posts\/1390\/revisions"}],"wp:featuredmedia":[{"embeddable":true,"href":"https:\/\/www.encontrabelem.com.br\/sobre\/wp-json\/wp\/v2\/media\/1389"}],"wp:attachment":[{"href":"https:\/\/www.encontrabelem.com.br\/sobre\/wp-json\/wp\/v2\/media?parent=1390"}],"wp:term":[{"taxonomy":"category","embeddable":true,"href":"https:\/\/www.encontrabelem.com.br\/sobre\/wp-json\/wp\/v2\/categories?post=1390"},{"taxonomy":"post_tag","embeddable":true,"href":"https:\/\/www.encontrabelem.com.br\/sobre\/wp-json\/wp\/v2\/tags?post=1390"}],"curies":[{"name":"wp","href":"https:\/\/api.w.org\/{rel}","templated":true}]}}