{"id":1351,"date":"2026-02-19T13:29:16","date_gmt":"2026-02-19T16:29:16","guid":{"rendered":"https:\/\/www.encontrabelem.com.br\/sobre\/quarta"},"modified":"2026-02-19T13:29:16","modified_gmt":"2026-02-19T16:29:16","slug":"quarta","status":"publish","type":"post","link":"https:\/\/www.encontrabelem.com.br\/sobre\/quarta","title":{"rendered":"Quarta"},"content":{"rendered":"<div class=\"b22802487b0d38c4c6d9f34966e16421\" data-index=\"1\" style=\"float: none; margin:0px;\">\n<!-- Anuncio display - global -->\r\n<ins class=\"adsbygoogle\"\r\n     style=\"display:block\"\r\n     data-ad-client=\"ca-pub-8585364105181520\"\r\n     data-ad-slot=\"8789329856\"\r\n     data-ad-format=\"auto\"\r\n     data-full-width-responsive=\"true\"><\/ins>\r\n<script>\r\n     (adsbygoogle = window.adsbygoogle || []).push({});\r\n<\/script>\n<\/div>\n<h2>Quarta-feira de Cinzas no Par\u00e1: O que Est\u00e1 Aberto e o que Est\u00e1 Fechado?<\/h2>\n<p>Na Quarta-feira de Cinzas, o estado do Par\u00e1 tem um ponto facultativo estabelecido pelo governo para os dias 16 e 17 de fevereiro, com altera\u00e7\u00f5es no hor\u00e1rio de funcionamento de diversos setores. A seguir, est\u00e3o as informa\u00e7\u00f5es sobre a opera\u00e7\u00e3o de servi\u00e7os essenciais, \u00f3rg\u00e3os p\u00fablicos, shoppings e estabelecimentos comerciais durante este per\u00edodo.<\/p>\n<h2>Servi\u00e7os Essenciais e Funcionamento<\/h2>\n<p>Durante os dias de ponto facultativo, \u00e9 importante observar que os servi\u00e7os essenciais, como hospitais e a coleta de lixo, permanecer\u00e3o em funcionamento regular. Esses servi\u00e7os s\u00e3o fundamentais para o dia a dia da popula\u00e7\u00e3o e operam normalmente, assegurando que as necessidades mais b\u00e1sicas sejam atendidas.<\/p>\n<h2>Hor\u00e1rios dos Shoppings no Carnaval<\/h2>\n<p>Os shoppings de Bel\u00e9m, como o Boulevard Shopping, tendem a ter hor\u00e1rios estendidos. Confira os hor\u00e1rios espec\u00edficos:<\/p>\n<p><img decoding=\"async\" src=\"https:\/\/www.encontrabelem.com.br\/sobre\/wp-content\/uploads\/2026\/02\/quarta.webp\" alt=\"Quarta-feira de Cinzas\" loading=\"lazy\" \/><\/p>\n<ul>\n<li><strong>Boulevard Shopping:<\/strong><\/li>\n<li>Segunda-feira (16\/02): Lojas das 10h \u00e0s 22h; Pra\u00e7a de alimenta\u00e7\u00e3o das 10h \u00e0s 22h; Restaurantes das 11h \u00e0 meia-noite; Cinema conforme a programa\u00e7\u00e3o.<\/li>\n<li>Ter\u00e7a-feira (Carnaval, 17\/02): Mesmo hor\u00e1rio que na segunda-feira.<\/li>\n<li>Quarta-feira (Cinzas, 18\/02): Da mesma forma, lojas, pra\u00e7a de alimenta\u00e7\u00e3o e restaurantes operam com os mesmos hor\u00e1rios.<\/li>\n<\/ul>\n<p>Verifique sempre as atualiza\u00e7\u00f5es e avisos das redes de shopping para uma melhor experi\u00eancia.<\/p>\n<h2>\u00d3rg\u00e3os P\u00fablicos: Ponto Facultativo<\/h2>\n<p>O governo do estado decretou ponto facultativo para os servidores p\u00fablicos nos dias 16 e 17 de fevereiro. Em decorr\u00eancia disso, o funcionamento dos \u00f3rg\u00e3os p\u00fablicos ser\u00e1 o seguinte:<\/p>\n<ul>\n<li>Segunda-feira (16\/02): Fechado<\/li>\n<li>Ter\u00e7a-feira (17\/02 &#8211; Carnaval): Fechado<\/li>\n<li>Quarta-feira de Cinzas (18\/02): Retorno a partir das 12h<\/li>\n<\/ul>\n<p>Os servi\u00e7os essenciais, como as UPAs e hospitais, funcionar\u00e3o normalmente em regime de plant\u00e3o 24 horas.<\/p>\n<h2>Funcionamento das Ag\u00eancias dos Correios<\/h2>\n<p>As ag\u00eancias dos Correios no Par\u00e1 tamb\u00e9m seguir\u00e3o a altera\u00e7\u00e3o de hor\u00e1rios devido ao feriado. Confira o que est\u00e1 programado:<\/p>\n<ul>\n<li>Nos dias 16 e 17 de fevereiro (segunda e ter\u00e7a-feira): N\u00e3o haver\u00e1 atendimento presencial.<\/li>\n<li>Na Quarta-feira de Cinzas (18\/02): As ag\u00eancias retomar\u00e3o o atendimento a partir das 12h.<\/li>\n<\/ul>\n<h2>Supermercados em Quarta-feira de Cinzas<\/h2>\n<p>A Associa\u00e7\u00e3o Paraense de Supermercados (ASPAS) informa que a maioria dos supermercados ter\u00e1 um funcionamento normal, principalmente na ter\u00e7a-feira de Carnaval:<\/p>\n<ul>\n<li>As lojas podem estar abertas, mas a opera\u00e7\u00e3o depende de cada rede espec\u00edfica.<\/li>\n<\/ul>\n<h2>Atividades de Lazer e Entretenimento<\/h2>\n<p>As Esta\u00e7\u00f5es Cidadania estar\u00e3o dispon\u00edveis, mas com o expediente facultativo nos dias 16, 17 e at\u00e9 \u00e0s 12h no dia 18. As atividades de lazer, como pra\u00e7as e parques, tamb\u00e9m apresentam peculiaridades:<\/p>\n<ul>\n<li><strong>Esta\u00e7\u00e3o das Docas:<\/strong> Aberta diariamente das 10h \u00e0 meia-noite, com hor\u00e1rio estendido at\u00e9 1h na sexta e s\u00e1bado.<\/li>\n<li><strong>Mangal das Gar\u00e7as:<\/strong> Funciona de ter\u00e7a a domingo, das 8h \u00e0s 18h.<\/li>\n<li><strong>Parque Estadual do Utinga:<\/strong> Normalmente, abre com hor\u00e1rio regular na quarta-feira, mas estar\u00e1 dispon\u00edvel na ter\u00e7a-feira (17).<\/li>\n<\/ul>\n<h2>Altera\u00e7\u00f5es no Com\u00e9rcio Local<\/h2>\n<p>No que diz respeito ao com\u00e9rcio em geral, as opera\u00e7\u00f5es apresentam as seguintes particularidades:<\/p>\n<ul>\n<li>16 de fevereiro (segunda-feira): As lojas do Centro Comercial estar\u00e3o fechadas ou funcionando em esquema reduzido.<\/li>\n<li>17 de fevereiro (ter\u00e7a-feira): Com\u00e9rcio encerrado.<\/li>\n<li>18 de fevereiro (quarta-feira): Lojas abrir\u00e3o de forma facultativa ou ap\u00f3s \u00e0s 12h.<\/li>\n<\/ul>\n<h2>Funcionamento de Museus e Parques<\/h2>\n<p>Os museus e parques estar\u00e3o abertos, proporcionando op\u00e7\u00f5es culturais e de lazer. A programa\u00e7\u00e3o habitual deve ser verificada em cada institui\u00e7\u00e3o:<\/p>\n<ul>\n<li><strong>Museus:<\/strong> Verifique os hor\u00e1rios espec\u00edficos e exposi\u00e7\u00f5es especiais durante o feriado.<\/li>\n<li><strong>Parques Estaduais:<\/strong> Atividades normais em conformidade com o calend\u00e1rio de funcionamento, que pode variar.<\/li>\n<\/ul>\n<h2>Impacto no Tr\u00e2nsito e Mobilidade<\/h2>\n<p>Com as festividades de Carnaval e o feriado subsequente, o tr\u00e2nsito pode apresentar congestionamentos em \u00e1reas tur\u00edsticas e de grande movimenta\u00e7\u00e3o:<\/p>\n<ul>\n<li>\u00c9 aconselh\u00e1vel o planejamento de deslocamentos, evitando hor\u00e1rios de pico.<\/li>\n<li>Transporte p\u00fablico seguir\u00e1 operando, mas estudos de demanda poder\u00e3o resultar em ajustes.<\/li>\n<\/ul>\n<h2>Recomenda\u00e7\u00f5es para o Dia do Feriado<\/h2>\n<p>Por fim, para um feriado tranquilo e seguro, considere as seguintes recomenda\u00e7\u00f5es:<\/p>\n<ul>\n<li><strong>Verifique Hor\u00e1rios:<\/strong> Sempre confira os hor\u00e1rios de funcionamento antes de planejar suas atividades.<\/li>\n<li><strong>Explore com Anteced\u00eancia:<\/strong> Tente visitar locais de interesse durante a manh\u00e3, quando a movimenta\u00e7\u00e3o \u00e9 menor.<\/li>\n<li><strong>Utilize Transportes Alternativos:<\/strong> Considere caronas ou aplicativos de transporte para evitar os problemas de estacionamento.<\/li>\n<\/ul>\n<p>Com todas essas informa\u00e7\u00f5es, esteja preparado para aproveitar o feriado da Quarta-feira de Cinzas com tudo que o Par\u00e1 tem a oferecer!<\/p>\n\n<div style=\"font-size: 0px; height: 0px; line-height: 0px; margin: 0; padding: 0; clear: both;\"><\/div>","protected":false},"excerpt":{"rendered":"<p>Quarta-feira de Cinzas no PA traz mudan\u00e7as no funcionamento dos servi\u00e7os e com\u00e9rcios.<\/p>\n","protected":false},"author":1,"featured_media":1350,"comment_status":"open","ping_status":"closed","sticky":false,"template":"","format":"standard","meta":{"footnotes":""},"categories":[1],"tags":[],"class_list":["post-1351","post","type-post","status-publish","format-standard","has-post-thumbnail","hentry","category-noticias-em-belem","has_thumb"],"aioseo_notices":[],"aioseo_head":"\n\t\t<!-- All in One SEO 5.0.0.1 - aioseo.com -->\n\t<meta name=\"description\" content=\"Quarta-feira de Cinzas no PA traz mudan\u00e7as no funcionamento dos servi\u00e7os e com\u00e9rcios.\" \/>\n\t<meta name=\"robots\" content=\"max-image-preview:large\" \/>\n\t<meta name=\"author\" content=\"Encontra Bel\u00e9m\"\/>\n\t<link rel=\"canonical\" href=\"https:\/\/www.encontrabelem.com.br\/sobre\/quarta\" \/>\n\t<meta name=\"generator\" content=\"All in One SEO (AIOSEO) 5.0.0.1\" \/>\n\t\t<meta property=\"og:locale\" content=\"pt_BR\" \/>\n\t\t<meta property=\"og:site_name\" content=\"Encontra Bel\u00e9m | Not\u00edcias, eventos, informa\u00e7\u00f5es e dicas na cidade Bel\u00e9m e regi\u00e3o.\" \/>\n\t\t<meta property=\"og:type\" content=\"article\" \/>\n\t\t<meta property=\"og:title\" content=\"Quarta | Encontra Bel\u00e9m\" \/>\n\t\t<meta property=\"og:description\" content=\"Quarta-feira de Cinzas no PA traz mudan\u00e7as no funcionamento dos servi\u00e7os e com\u00e9rcios.\" \/>\n\t\t<meta property=\"og:url\" content=\"https:\/\/www.encontrabelem.com.br\/sobre\/quarta\" \/>\n\t\t<meta property=\"article:published_time\" content=\"2026-02-19T16:29:16+00:00\" \/>\n\t\t<meta property=\"article:modified_time\" content=\"2026-02-19T16:29:16+00:00\" \/>\n\t\t<meta name=\"twitter:card\" content=\"summary\" \/>\n\t\t<meta name=\"twitter:title\" content=\"Quarta | Encontra Bel\u00e9m\" \/>\n\t\t<meta name=\"twitter:description\" content=\"Quarta-feira de Cinzas no PA traz mudan\u00e7as no funcionamento dos servi\u00e7os e com\u00e9rcios.\" \/>\n\t\t<script type=\"application\/ld+json\" class=\"aioseo-schema\">\n\t\t\t{\"@context\":\"https:\\\/\\\/schema.org\",\"@graph\":[{\"@type\":\"Article\",\"@id\":\"https:\\\/\\\/www.encontrabelem.com.br\\\/sobre\\\/quarta#article\",\"name\":\"Quarta | Encontra Bel\\u00e9m\",\"headline\":\"Quarta\",\"author\":{\"@id\":\"https:\\\/\\\/www.encontrabelem.com.br\\\/sobre\\\/author\\\/ebelem#author\"},\"publisher\":{\"@id\":\"https:\\\/\\\/www.encontrabelem.com.br\\\/sobre\\\/#organization\"},\"image\":{\"@type\":\"ImageObject\",\"url\":\"https:\\\/\\\/www.encontrabelem.com.br\\\/sobre\\\/wp-content\\\/uploads\\\/2026\\\/02\\\/quarta.webp\",\"width\":280,\"height\":280,\"caption\":\"Quarta-feira de Cinzas\"},\"datePublished\":\"2026-02-19T13:29:16-03:00\",\"dateModified\":\"2026-02-19T13:29:16-03:00\",\"inLanguage\":\"pt-BR\",\"mainEntityOfPage\":{\"@id\":\"https:\\\/\\\/www.encontrabelem.com.br\\\/sobre\\\/quarta#webpage\"},\"isPartOf\":{\"@id\":\"https:\\\/\\\/www.encontrabelem.com.br\\\/sobre\\\/quarta#webpage\"},\"articleSection\":\"Not\\u00edcias Bel\\u00e9m\"},{\"@type\":\"BreadcrumbList\",\"@id\":\"https:\\\/\\\/www.encontrabelem.com.br\\\/sobre\\\/quarta#breadcrumblist\",\"itemListElement\":[{\"@type\":\"ListItem\",\"@id\":\"https:\\\/\\\/www.encontrabelem.com.br\\\/sobre#listItem\",\"position\":1,\"name\":\"In\\u00edcio\",\"item\":\"https:\\\/\\\/www.encontrabelem.com.br\\\/sobre\",\"nextItem\":{\"@type\":\"ListItem\",\"@id\":\"https:\\\/\\\/www.encontrabelem.com.br\\\/sobre\\\/noticias-em-belem#listItem\",\"name\":\"Not\\u00edcias Bel\\u00e9m\"}},{\"@type\":\"ListItem\",\"@id\":\"https:\\\/\\\/www.encontrabelem.com.br\\\/sobre\\\/noticias-em-belem#listItem\",\"position\":2,\"name\":\"Not\\u00edcias Bel\\u00e9m\",\"item\":\"https:\\\/\\\/www.encontrabelem.com.br\\\/sobre\\\/noticias-em-belem\",\"nextItem\":{\"@type\":\"ListItem\",\"@id\":\"https:\\\/\\\/www.encontrabelem.com.br\\\/sobre\\\/quarta#listItem\",\"name\":\"Quarta\"},\"previousItem\":{\"@type\":\"ListItem\",\"@id\":\"https:\\\/\\\/www.encontrabelem.com.br\\\/sobre#listItem\",\"name\":\"In\\u00edcio\"}},{\"@type\":\"ListItem\",\"@id\":\"https:\\\/\\\/www.encontrabelem.com.br\\\/sobre\\\/quarta#listItem\",\"position\":3,\"name\":\"Quarta\",\"previousItem\":{\"@type\":\"ListItem\",\"@id\":\"https:\\\/\\\/www.encontrabelem.com.br\\\/sobre\\\/noticias-em-belem#listItem\",\"name\":\"Not\\u00edcias Bel\\u00e9m\"}}]},{\"@type\":\"Organization\",\"@id\":\"https:\\\/\\\/www.encontrabelem.com.br\\\/sobre\\\/#organization\",\"name\":\"Encontra Bel\\u00e9m\",\"description\":\"Not\\u00edcias, eventos, informa\\u00e7\\u00f5es e dicas na cidade Bel\\u00e9m e regi\\u00e3o.\",\"url\":\"https:\\\/\\\/www.encontrabelem.com.br\\\/sobre\\\/\"},{\"@type\":\"Person\",\"@id\":\"https:\\\/\\\/www.encontrabelem.com.br\\\/sobre\\\/author\\\/ebelem#author\",\"url\":\"https:\\\/\\\/www.encontrabelem.com.br\\\/sobre\\\/author\\\/ebelem\",\"name\":\"Encontra Bel\\u00e9m\",\"image\":{\"@type\":\"ImageObject\",\"@id\":\"https:\\\/\\\/www.encontrabelem.com.br\\\/sobre\\\/quarta#authorImage\",\"url\":\"https:\\\/\\\/secure.gravatar.com\\\/avatar\\\/507340682b8270222e1f208e23198b6ae7e2c6a1033ae84e99bc6bce4f82a387?s=96&d=mm&r=g\",\"width\":96,\"height\":96,\"caption\":\"Encontra Bel\\u00e9m\"}},{\"@type\":\"WebPage\",\"@id\":\"https:\\\/\\\/www.encontrabelem.com.br\\\/sobre\\\/quarta#webpage\",\"url\":\"https:\\\/\\\/www.encontrabelem.com.br\\\/sobre\\\/quarta\",\"name\":\"Quarta | Encontra Bel\\u00e9m\",\"description\":\"Quarta-feira de Cinzas no PA traz mudan\\u00e7as no funcionamento dos servi\\u00e7os e com\\u00e9rcios.\",\"inLanguage\":\"pt-BR\",\"isPartOf\":{\"@id\":\"https:\\\/\\\/www.encontrabelem.com.br\\\/sobre\\\/#website\"},\"breadcrumb\":{\"@id\":\"https:\\\/\\\/www.encontrabelem.com.br\\\/sobre\\\/quarta#breadcrumblist\"},\"author\":{\"@id\":\"https:\\\/\\\/www.encontrabelem.com.br\\\/sobre\\\/author\\\/ebelem#author\"},\"creator\":{\"@id\":\"https:\\\/\\\/www.encontrabelem.com.br\\\/sobre\\\/author\\\/ebelem#author\"},\"image\":{\"@type\":\"ImageObject\",\"url\":\"https:\\\/\\\/www.encontrabelem.com.br\\\/sobre\\\/wp-content\\\/uploads\\\/2026\\\/02\\\/quarta.webp\",\"@id\":\"https:\\\/\\\/www.encontrabelem.com.br\\\/sobre\\\/quarta\\\/#mainImage\",\"width\":280,\"height\":280,\"caption\":\"Quarta-feira de Cinzas\"},\"primaryImageOfPage\":{\"@id\":\"https:\\\/\\\/www.encontrabelem.com.br\\\/sobre\\\/quarta#mainImage\"},\"datePublished\":\"2026-02-19T13:29:16-03:00\",\"dateModified\":\"2026-02-19T13:29:16-03:00\"},{\"@type\":\"WebSite\",\"@id\":\"https:\\\/\\\/www.encontrabelem.com.br\\\/sobre\\\/#website\",\"url\":\"https:\\\/\\\/www.encontrabelem.com.br\\\/sobre\\\/\",\"name\":\"Encontra Bel\\u00e9m\",\"description\":\"Not\\u00edcias, eventos, informa\\u00e7\\u00f5es e dicas na cidade Bel\\u00e9m e regi\\u00e3o.\",\"inLanguage\":\"pt-BR\",\"publisher\":{\"@id\":\"https:\\\/\\\/www.encontrabelem.com.br\\\/sobre\\\/#organization\"}}]}\n\t\t<\/script>\n\t\t<!-- All in One SEO -->\n\n","aioseo_head_json":{"title":"Quarta | Encontra Bel\u00e9m","description":"Quarta-feira de Cinzas no PA traz mudan\u00e7as no funcionamento dos servi\u00e7os e com\u00e9rcios.","canonical_url":"https:\/\/www.encontrabelem.com.br\/sobre\/quarta","robots":"max-image-preview:large","keywords":"","webmasterTools":{"miscellaneous":""},"schema":{"@context":"https:\/\/schema.org","@graph":[{"@type":"Article","@id":"https:\/\/www.encontrabelem.com.br\/sobre\/quarta#article","name":"Quarta | Encontra Bel\u00e9m","headline":"Quarta","author":{"@id":"https:\/\/www.encontrabelem.com.br\/sobre\/author\/ebelem#author"},"publisher":{"@id":"https:\/\/www.encontrabelem.com.br\/sobre\/#organization"},"image":{"@type":"ImageObject","url":"https:\/\/www.encontrabelem.com.br\/sobre\/wp-content\/uploads\/2026\/02\/quarta.webp","width":280,"height":280,"caption":"Quarta-feira de Cinzas"},"datePublished":"2026-02-19T13:29:16-03:00","dateModified":"2026-02-19T13:29:16-03:00","inLanguage":"pt-BR","mainEntityOfPage":{"@id":"https:\/\/www.encontrabelem.com.br\/sobre\/quarta#webpage"},"isPartOf":{"@id":"https:\/\/www.encontrabelem.com.br\/sobre\/quarta#webpage"},"articleSection":"Not\u00edcias Bel\u00e9m"},{"@type":"BreadcrumbList","@id":"https:\/\/www.encontrabelem.com.br\/sobre\/quarta#breadcrumblist","itemListElement":[{"@type":"ListItem","@id":"https:\/\/www.encontrabelem.com.br\/sobre#listItem","position":1,"name":"In\u00edcio","item":"https:\/\/www.encontrabelem.com.br\/sobre","nextItem":{"@type":"ListItem","@id":"https:\/\/www.encontrabelem.com.br\/sobre\/noticias-em-belem#listItem","name":"Not\u00edcias Bel\u00e9m"}},{"@type":"ListItem","@id":"https:\/\/www.encontrabelem.com.br\/sobre\/noticias-em-belem#listItem","position":2,"name":"Not\u00edcias Bel\u00e9m","item":"https:\/\/www.encontrabelem.com.br\/sobre\/noticias-em-belem","nextItem":{"@type":"ListItem","@id":"https:\/\/www.encontrabelem.com.br\/sobre\/quarta#listItem","name":"Quarta"},"previousItem":{"@type":"ListItem","@id":"https:\/\/www.encontrabelem.com.br\/sobre#listItem","name":"In\u00edcio"}},{"@type":"ListItem","@id":"https:\/\/www.encontrabelem.com.br\/sobre\/quarta#listItem","position":3,"name":"Quarta","previousItem":{"@type":"ListItem","@id":"https:\/\/www.encontrabelem.com.br\/sobre\/noticias-em-belem#listItem","name":"Not\u00edcias Bel\u00e9m"}}]},{"@type":"Organization","@id":"https:\/\/www.encontrabelem.com.br\/sobre\/#organization","name":"Encontra Bel\u00e9m","description":"Not\u00edcias, eventos, informa\u00e7\u00f5es e dicas na cidade Bel\u00e9m e regi\u00e3o.","url":"https:\/\/www.encontrabelem.com.br\/sobre\/"},{"@type":"Person","@id":"https:\/\/www.encontrabelem.com.br\/sobre\/author\/ebelem#author","url":"https:\/\/www.encontrabelem.com.br\/sobre\/author\/ebelem","name":"Encontra Bel\u00e9m","image":{"@type":"ImageObject","@id":"https:\/\/www.encontrabelem.com.br\/sobre\/quarta#authorImage","url":"https:\/\/secure.gravatar.com\/avatar\/507340682b8270222e1f208e23198b6ae7e2c6a1033ae84e99bc6bce4f82a387?s=96&d=mm&r=g","width":96,"height":96,"caption":"Encontra Bel\u00e9m"}},{"@type":"WebPage","@id":"https:\/\/www.encontrabelem.com.br\/sobre\/quarta#webpage","url":"https:\/\/www.encontrabelem.com.br\/sobre\/quarta","name":"Quarta | Encontra Bel\u00e9m","description":"Quarta-feira de Cinzas no PA traz mudan\u00e7as no funcionamento dos servi\u00e7os e com\u00e9rcios.","inLanguage":"pt-BR","isPartOf":{"@id":"https:\/\/www.encontrabelem.com.br\/sobre\/#website"},"breadcrumb":{"@id":"https:\/\/www.encontrabelem.com.br\/sobre\/quarta#breadcrumblist"},"author":{"@id":"https:\/\/www.encontrabelem.com.br\/sobre\/author\/ebelem#author"},"creator":{"@id":"https:\/\/www.encontrabelem.com.br\/sobre\/author\/ebelem#author"},"image":{"@type":"ImageObject","url":"https:\/\/www.encontrabelem.com.br\/sobre\/wp-content\/uploads\/2026\/02\/quarta.webp","@id":"https:\/\/www.encontrabelem.com.br\/sobre\/quarta\/#mainImage","width":280,"height":280,"caption":"Quarta-feira de Cinzas"},"primaryImageOfPage":{"@id":"https:\/\/www.encontrabelem.com.br\/sobre\/quarta#mainImage"},"datePublished":"2026-02-19T13:29:16-03:00","dateModified":"2026-02-19T13:29:16-03:00"},{"@type":"WebSite","@id":"https:\/\/www.encontrabelem.com.br\/sobre\/#website","url":"https:\/\/www.encontrabelem.com.br\/sobre\/","name":"Encontra Bel\u00e9m","description":"Not\u00edcias, eventos, informa\u00e7\u00f5es e dicas na cidade Bel\u00e9m e regi\u00e3o.","inLanguage":"pt-BR","publisher":{"@id":"https:\/\/www.encontrabelem.com.br\/sobre\/#organization"}}]},"og:locale":"pt_BR","og:site_name":"Encontra Bel\u00e9m | Not\u00edcias, eventos, informa\u00e7\u00f5es e dicas na cidade Bel\u00e9m e regi\u00e3o.","og:type":"article","og:title":"Quarta | Encontra Bel\u00e9m","og:description":"Quarta-feira de Cinzas no PA traz mudan\u00e7as no funcionamento dos servi\u00e7os e com\u00e9rcios.","og:url":"https:\/\/www.encontrabelem.com.br\/sobre\/quarta","article:published_time":"2026-02-19T16:29:16+00:00","article:modified_time":"2026-02-19T16:29:16+00:00","twitter:card":"summary","twitter:title":"Quarta | Encontra Bel\u00e9m","twitter:description":"Quarta-feira de Cinzas no PA traz mudan\u00e7as no funcionamento dos servi\u00e7os e com\u00e9rcios."},"aioseo_meta_data":{"post_id":"1351","title":null,"description":null,"keywords":null,"keyphrases":null,"primary_term":null,"canonical_url":null,"og_title":null,"og_description":null,"og_object_type":"default","og_image_type":"default","og_image_url":null,"og_image_width":null,"og_image_height":null,"og_image_custom_url":null,"og_image_custom_fields":null,"og_video":null,"og_custom_url":null,"og_article_section":null,"og_article_tags":null,"twitter_use_og":false,"twitter_card":"default","twitter_image_type":"default","twitter_image_url":null,"twitter_image_custom_url":null,"twitter_image_custom_fields":null,"twitter_title":null,"twitter_description":null,"schema":{"blockGraphs":[],"customGraphs":[],"default":{"data":{"Article":[],"Course":[],"Dataset":[],"FAQPage":[],"Movie":[],"Person":[],"Product":[],"ProductReview":[],"Car":[],"Recipe":[],"Service":[],"SoftwareApplication":[],"WebPage":[]},"graphName":"Article","isEnabled":true},"graphs":[]},"schema_type":"default","schema_type_options":null,"pillar_content":false,"robots_default":true,"robots_noindex":false,"robots_noarchive":false,"robots_nosnippet":false,"robots_nofollow":false,"robots_noimageindex":false,"robots_noodp":false,"robots_notranslate":false,"robots_max_snippet":null,"robots_max_videopreview":null,"robots_max_imagepreview":"large","priority":null,"frequency":null,"local_seo":null,"breadcrumb_settings":null,"limit_modified_date":false,"ai":null,"created":"2026-02-19 16:29:20","updated":"2026-02-19 16:43:56","focus_keyword":null,"additional_keywords":null,"truseo_locale":null,"seo_analyzer_scan_date":null},"aioseo_breadcrumb":"<div class=\"aioseo-breadcrumbs\"><span class=\"aioseo-breadcrumb\">\n\t\t\t<a href=\"https:\/\/www.encontrabelem.com.br\/sobre\" title=\"In\u00edcio\">In\u00edcio<\/a>\n\t\t<\/span><span class=\"aioseo-breadcrumb-separator\">&raquo;<\/span><span class=\"aioseo-breadcrumb\">\n\t\t\t<a href=\"https:\/\/www.encontrabelem.com.br\/sobre\/noticias-em-belem\" title=\"Not\u00edcias Bel\u00e9m\">Not\u00edcias Bel\u00e9m<\/a>\n\t\t<\/span><span class=\"aioseo-breadcrumb-separator\">&raquo;<\/span><span class=\"aioseo-breadcrumb\">\n\t\t\tQuarta\n\t\t<\/span><\/div>","aioseo_breadcrumb_json":[{"label":"In\u00edcio","link":"https:\/\/www.encontrabelem.com.br\/sobre"},{"label":"Not\u00edcias Bel\u00e9m","link":"https:\/\/www.encontrabelem.com.br\/sobre\/noticias-em-belem"},{"label":"Quarta","link":"https:\/\/www.encontrabelem.com.br\/sobre\/quarta"}],"_links":{"self":[{"href":"https:\/\/www.encontrabelem.com.br\/sobre\/wp-json\/wp\/v2\/posts\/1351","targetHints":{"allow":["GET"]}}],"collection":[{"href":"https:\/\/www.encontrabelem.com.br\/sobre\/wp-json\/wp\/v2\/posts"}],"about":[{"href":"https:\/\/www.encontrabelem.com.br\/sobre\/wp-json\/wp\/v2\/types\/post"}],"author":[{"embeddable":true,"href":"https:\/\/www.encontrabelem.com.br\/sobre\/wp-json\/wp\/v2\/users\/1"}],"replies":[{"embeddable":true,"href":"https:\/\/www.encontrabelem.com.br\/sobre\/wp-json\/wp\/v2\/comments?post=1351"}],"version-history":[{"count":0,"href":"https:\/\/www.encontrabelem.com.br\/sobre\/wp-json\/wp\/v2\/posts\/1351\/revisions"}],"wp:featuredmedia":[{"embeddable":true,"href":"https:\/\/www.encontrabelem.com.br\/sobre\/wp-json\/wp\/v2\/media\/1350"}],"wp:attachment":[{"href":"https:\/\/www.encontrabelem.com.br\/sobre\/wp-json\/wp\/v2\/media?parent=1351"}],"wp:term":[{"taxonomy":"category","embeddable":true,"href":"https:\/\/www.encontrabelem.com.br\/sobre\/wp-json\/wp\/v2\/categories?post=1351"},{"taxonomy":"post_tag","embeddable":true,"href":"https:\/\/www.encontrabelem.com.br\/sobre\/wp-json\/wp\/v2\/tags?post=1351"}],"curies":[{"name":"wp","href":"https:\/\/api.w.org\/{rel}","templated":true}]}}