{"id":134,"date":"2013-03-11T00:01:22","date_gmt":"2013-03-11T03:01:22","guid":{"rendered":"http:\/\/www.encontrabelem.com.br\/noticias\/?p=134"},"modified":"2023-11-13T11:17:37","modified_gmt":"2023-11-13T14:17:37","slug":"amub-investe-em-parceria-com-escolas-para-melhorar-transito-em-belem","status":"publish","type":"post","link":"https:\/\/www.encontrabelem.com.br\/sobre\/amub-investe-em-parceria-com-escolas-para-melhorar-transito-em-belem","title":{"rendered":"Amub investe em parceria com escolas para melhorar tr\u00e2nsito em Bel\u00e9m"},"content":{"rendered":"<div class=\"b22802487b0d38c4c6d9f34966e16421\" data-index=\"1\" style=\"float: none; margin:0px;\">\n<!-- Anuncio display - global -->\r\n<ins class=\"adsbygoogle\"\r\n     style=\"display:block\"\r\n     data-ad-client=\"ca-pub-8585364105181520\"\r\n     data-ad-slot=\"8789329856\"\r\n     data-ad-format=\"auto\"\r\n     data-full-width-responsive=\"true\"><\/ins>\r\n<script>\r\n     (adsbygoogle = window.adsbygoogle || []).push({});\r\n<\/script>\n<\/div>\n<p>A Autarquia de Mobilidade Urbana de Bel\u00e9m (Amub) lan\u00e7ar\u00e1 hoje (11) um projeto piloto para que os motoristas se conscientizem sobre os problemas de tr\u00e1fego causados na frente de <a title=\"Escolas em Bel\u00e9m\" href=\"http:\/\/www.encontrabelem.com.br\/e\/escolas-em-belem.shtml\" target=\"_blank\" rel=\"noopener\">escolas na cidade de Bel\u00e9m<\/a>. Inicialmente, participam do projeto 14 escolas, que foram consideradas pela Amub como pontos cr\u00edticos nas horas de entrada e sa\u00edda de alunos em vias importantes da cidade, como a Avenida Nazar\u00e9 e a Quintino Bocauiva.<\/p>\n<p>O programa &#8220;Amub na escola&#8221; prev\u00ea um conv\u00eanio entre as institui\u00e7\u00f5es e a autarquia para a pr\u00e1tica de a\u00e7\u00f5es educativas e medidas para melhorar o fluxo nas ruas nos per\u00edodos mais cr\u00edticos.\u00a0 \u201cNa avalia\u00e7\u00e3o dos nossos agentes de tr\u00e2nsito essas s\u00e3o escolas que est\u00e3o com problemas na hora do embarque e desembarque de alunos, escolas localizadas em corredores de \u00f4nibus, tudo isso tamb\u00e9m gerando problemas na travessia das crian\u00e7as. Estas 14 escolas servir\u00e3o de modelo e exemplo para as demais que ser\u00e3o incorporadas posteriormente ao programa\u201d, explica Maisa Tobias, diretora-superintendente da Amub.<\/p>\n<p>Segundo a Amub, a participa\u00e7\u00e3o dos col\u00e9gios \u00e9 volunt\u00e1ria, mas as institui\u00e7\u00f5es que aceitarem participar do projeto precisam se comprometer com o objetivo de melhorar o tr\u00e2nsito nos trechos onde os col\u00e9gios est\u00e3o localizados. \u201cA ades\u00e3o ao programa ser\u00e1 um ato volunt\u00e1rio, mas a escola que aceitar assinar\u00e1 conosco um termo de compromisso. Trabalharemos em parceria e os resultados beneficiar\u00e3o a todos\u201d, disse Tobias.<\/p>\n<p><em>Fonte: G1<\/em><\/p>\n\n<div style=\"font-size: 0px; height: 0px; line-height: 0px; margin: 0; padding: 0; clear: both;\"><\/div>","protected":false},"excerpt":{"rendered":"<p>A Autarquia de Mobilidade Urbana de Bel\u00e9m (Amub) lan\u00e7ar\u00e1 hoje (11) um projeto piloto para que os motoristas se conscientizem sobre os problemas de tr\u00e1fego causados na frente de escolas na cidade de Bel\u00e9m. Inicialmente, participam do projeto 14 escolas, que foram consideradas pela Amub como pontos cr\u00edticos nas horas de entrada e sa\u00edda de alunos em vias importantes da cidade, como a Avenida Nazar\u00e9 e a Quintino Bocauiva. O programa &#8220;Amub na escola&#8221; prev\u00ea um conv\u00eanio entre as institui\u00e7\u00f5es e a autarquia para a pr\u00e1tica de a\u00e7\u00f5es educativas e medidas para melhorar o fluxo nas ruas nos per\u00edodos mais <\/p>\n","protected":false},"author":1,"featured_media":0,"comment_status":"closed","ping_status":"closed","sticky":false,"template":"","format":"standard","meta":{"footnotes":""},"categories":[1,7],"tags":[11],"class_list":["post-134","post","type-post","status-publish","format-standard","hentry","category-noticias-em-belem","category-servicos-em-belem","tag-belem"],"aioseo_notices":[],"aioseo_head":"\n\t\t<!-- All in One SEO 5.0.0.1 - aioseo.com -->\n\t<meta name=\"description\" content=\"A Autarquia de Mobilidade Urbana de Bel\u00e9m (Amub) lan\u00e7ar\u00e1 hoje (11) um projeto piloto para que os motoristas se conscientizem sobre os problemas de tr\u00e1fego causados na frente de escolas na cidade de Bel\u00e9m. Inicialmente, participam do projeto 14 escolas, que foram consideradas pela Amub como pontos cr\u00edticos nas horas de entrada e sa\u00edda de\" \/>\n\t<meta name=\"robots\" content=\"max-image-preview:large\" \/>\n\t<meta name=\"author\" content=\"Encontra Bel\u00e9m\"\/>\n\t<link rel=\"canonical\" href=\"https:\/\/www.encontrabelem.com.br\/sobre\/amub-investe-em-parceria-com-escolas-para-melhorar-transito-em-belem\" \/>\n\t<meta name=\"generator\" content=\"All in One SEO (AIOSEO) 5.0.0.1\" \/>\n\t\t<meta property=\"og:locale\" content=\"pt_BR\" \/>\n\t\t<meta property=\"og:site_name\" content=\"Encontra Bel\u00e9m | Not\u00edcias, eventos, informa\u00e7\u00f5es e dicas na cidade Bel\u00e9m e regi\u00e3o.\" \/>\n\t\t<meta property=\"og:type\" content=\"article\" \/>\n\t\t<meta property=\"og:title\" content=\"Amub investe em parceria com escolas para melhorar tr\u00e2nsito em Bel\u00e9m | Encontra Bel\u00e9m\" \/>\n\t\t<meta property=\"og:description\" content=\"A Autarquia de Mobilidade Urbana de Bel\u00e9m (Amub) lan\u00e7ar\u00e1 hoje (11) um projeto piloto para que os motoristas se conscientizem sobre os problemas de tr\u00e1fego causados na frente de escolas na cidade de Bel\u00e9m. Inicialmente, participam do projeto 14 escolas, que foram consideradas pela Amub como pontos cr\u00edticos nas horas de entrada e sa\u00edda de\" \/>\n\t\t<meta property=\"og:url\" content=\"https:\/\/www.encontrabelem.com.br\/sobre\/amub-investe-em-parceria-com-escolas-para-melhorar-transito-em-belem\" \/>\n\t\t<meta property=\"article:published_time\" content=\"2013-03-11T03:01:22+00:00\" \/>\n\t\t<meta property=\"article:modified_time\" content=\"2023-11-13T14:17:37+00:00\" \/>\n\t\t<meta name=\"twitter:card\" content=\"summary\" \/>\n\t\t<meta name=\"twitter:title\" content=\"Amub investe em parceria com escolas para melhorar tr\u00e2nsito em Bel\u00e9m | Encontra Bel\u00e9m\" \/>\n\t\t<meta name=\"twitter:description\" content=\"A Autarquia de Mobilidade Urbana de Bel\u00e9m (Amub) lan\u00e7ar\u00e1 hoje (11) um projeto piloto para que os motoristas se conscientizem sobre os problemas de tr\u00e1fego causados na frente de escolas na cidade de Bel\u00e9m. Inicialmente, participam do projeto 14 escolas, que foram consideradas pela Amub como pontos cr\u00edticos nas horas de entrada e sa\u00edda de\" \/>\n\t\t<script type=\"application\/ld+json\" class=\"aioseo-schema\">\n\t\t\t{\"@context\":\"https:\\\/\\\/schema.org\",\"@graph\":[{\"@type\":\"Article\",\"@id\":\"https:\\\/\\\/www.encontrabelem.com.br\\\/sobre\\\/amub-investe-em-parceria-com-escolas-para-melhorar-transito-em-belem#article\",\"name\":\"Amub investe em parceria com escolas para melhorar tr\\u00e2nsito em Bel\\u00e9m | Encontra Bel\\u00e9m\",\"headline\":\"Amub investe em parceria com escolas para melhorar tr\\u00e2nsito em Bel\\u00e9m\",\"author\":{\"@id\":\"https:\\\/\\\/www.encontrabelem.com.br\\\/sobre\\\/author\\\/ebelem#author\"},\"publisher\":{\"@id\":\"https:\\\/\\\/www.encontrabelem.com.br\\\/sobre\\\/#organization\"},\"datePublished\":\"2013-03-11T00:01:22-03:00\",\"dateModified\":\"2023-11-13T11:17:37-03:00\",\"inLanguage\":\"pt-BR\",\"mainEntityOfPage\":{\"@id\":\"https:\\\/\\\/www.encontrabelem.com.br\\\/sobre\\\/amub-investe-em-parceria-com-escolas-para-melhorar-transito-em-belem#webpage\"},\"isPartOf\":{\"@id\":\"https:\\\/\\\/www.encontrabelem.com.br\\\/sobre\\\/amub-investe-em-parceria-com-escolas-para-melhorar-transito-em-belem#webpage\"},\"articleSection\":\"Not\\u00edcias Bel\\u00e9m, Servi\\u00e7os em Bel\\u00e9m, Bel\\u00e9m\"},{\"@type\":\"BreadcrumbList\",\"@id\":\"https:\\\/\\\/www.encontrabelem.com.br\\\/sobre\\\/amub-investe-em-parceria-com-escolas-para-melhorar-transito-em-belem#breadcrumblist\",\"itemListElement\":[{\"@type\":\"ListItem\",\"@id\":\"https:\\\/\\\/www.encontrabelem.com.br\\\/sobre#listItem\",\"position\":1,\"name\":\"In\\u00edcio\",\"item\":\"https:\\\/\\\/www.encontrabelem.com.br\\\/sobre\",\"nextItem\":{\"@type\":\"ListItem\",\"@id\":\"https:\\\/\\\/www.encontrabelem.com.br\\\/sobre\\\/noticias-em-belem#listItem\",\"name\":\"Not\\u00edcias Bel\\u00e9m\"}},{\"@type\":\"ListItem\",\"@id\":\"https:\\\/\\\/www.encontrabelem.com.br\\\/sobre\\\/noticias-em-belem#listItem\",\"position\":2,\"name\":\"Not\\u00edcias Bel\\u00e9m\",\"item\":\"https:\\\/\\\/www.encontrabelem.com.br\\\/sobre\\\/noticias-em-belem\",\"nextItem\":{\"@type\":\"ListItem\",\"@id\":\"https:\\\/\\\/www.encontrabelem.com.br\\\/sobre\\\/amub-investe-em-parceria-com-escolas-para-melhorar-transito-em-belem#listItem\",\"name\":\"Amub investe em parceria com escolas para melhorar tr\\u00e2nsito em Bel\\u00e9m\"},\"previousItem\":{\"@type\":\"ListItem\",\"@id\":\"https:\\\/\\\/www.encontrabelem.com.br\\\/sobre#listItem\",\"name\":\"In\\u00edcio\"}},{\"@type\":\"ListItem\",\"@id\":\"https:\\\/\\\/www.encontrabelem.com.br\\\/sobre\\\/amub-investe-em-parceria-com-escolas-para-melhorar-transito-em-belem#listItem\",\"position\":3,\"name\":\"Amub investe em parceria com escolas para melhorar tr\\u00e2nsito em Bel\\u00e9m\",\"previousItem\":{\"@type\":\"ListItem\",\"@id\":\"https:\\\/\\\/www.encontrabelem.com.br\\\/sobre\\\/noticias-em-belem#listItem\",\"name\":\"Not\\u00edcias Bel\\u00e9m\"}}]},{\"@type\":\"Organization\",\"@id\":\"https:\\\/\\\/www.encontrabelem.com.br\\\/sobre\\\/#organization\",\"name\":\"Encontra Bel\\u00e9m\",\"description\":\"Not\\u00edcias, eventos, informa\\u00e7\\u00f5es e dicas na cidade Bel\\u00e9m e regi\\u00e3o.\",\"url\":\"https:\\\/\\\/www.encontrabelem.com.br\\\/sobre\\\/\"},{\"@type\":\"Person\",\"@id\":\"https:\\\/\\\/www.encontrabelem.com.br\\\/sobre\\\/author\\\/ebelem#author\",\"url\":\"https:\\\/\\\/www.encontrabelem.com.br\\\/sobre\\\/author\\\/ebelem\",\"name\":\"Encontra Bel\\u00e9m\",\"image\":{\"@type\":\"ImageObject\",\"@id\":\"https:\\\/\\\/www.encontrabelem.com.br\\\/sobre\\\/amub-investe-em-parceria-com-escolas-para-melhorar-transito-em-belem#authorImage\",\"url\":\"https:\\\/\\\/secure.gravatar.com\\\/avatar\\\/507340682b8270222e1f208e23198b6ae7e2c6a1033ae84e99bc6bce4f82a387?s=96&d=mm&r=g\",\"width\":96,\"height\":96,\"caption\":\"Encontra Bel\\u00e9m\"}},{\"@type\":\"WebPage\",\"@id\":\"https:\\\/\\\/www.encontrabelem.com.br\\\/sobre\\\/amub-investe-em-parceria-com-escolas-para-melhorar-transito-em-belem#webpage\",\"url\":\"https:\\\/\\\/www.encontrabelem.com.br\\\/sobre\\\/amub-investe-em-parceria-com-escolas-para-melhorar-transito-em-belem\",\"name\":\"Amub investe em parceria com escolas para melhorar tr\\u00e2nsito em Bel\\u00e9m | Encontra Bel\\u00e9m\",\"description\":\"A Autarquia de Mobilidade Urbana de Bel\\u00e9m (Amub) lan\\u00e7ar\\u00e1 hoje (11) um projeto piloto para que os motoristas se conscientizem sobre os problemas de tr\\u00e1fego causados na frente de escolas na cidade de Bel\\u00e9m. Inicialmente, participam do projeto 14 escolas, que foram consideradas pela Amub como pontos cr\\u00edticos nas horas de entrada e sa\\u00edda de\",\"inLanguage\":\"pt-BR\",\"isPartOf\":{\"@id\":\"https:\\\/\\\/www.encontrabelem.com.br\\\/sobre\\\/#website\"},\"breadcrumb\":{\"@id\":\"https:\\\/\\\/www.encontrabelem.com.br\\\/sobre\\\/amub-investe-em-parceria-com-escolas-para-melhorar-transito-em-belem#breadcrumblist\"},\"author\":{\"@id\":\"https:\\\/\\\/www.encontrabelem.com.br\\\/sobre\\\/author\\\/ebelem#author\"},\"creator\":{\"@id\":\"https:\\\/\\\/www.encontrabelem.com.br\\\/sobre\\\/author\\\/ebelem#author\"},\"datePublished\":\"2013-03-11T00:01:22-03:00\",\"dateModified\":\"2023-11-13T11:17:37-03:00\"},{\"@type\":\"WebSite\",\"@id\":\"https:\\\/\\\/www.encontrabelem.com.br\\\/sobre\\\/#website\",\"url\":\"https:\\\/\\\/www.encontrabelem.com.br\\\/sobre\\\/\",\"name\":\"Encontra Bel\\u00e9m\",\"description\":\"Not\\u00edcias, eventos, informa\\u00e7\\u00f5es e dicas na cidade Bel\\u00e9m e regi\\u00e3o.\",\"inLanguage\":\"pt-BR\",\"publisher\":{\"@id\":\"https:\\\/\\\/www.encontrabelem.com.br\\\/sobre\\\/#organization\"}}]}\n\t\t<\/script>\n\t\t<!-- All in One SEO -->\n\n","aioseo_head_json":{"title":"Amub investe em parceria com escolas para melhorar tr\u00e2nsito em Bel\u00e9m | Encontra Bel\u00e9m","description":"A Autarquia de Mobilidade Urbana de Bel\u00e9m (Amub) lan\u00e7ar\u00e1 hoje (11) um projeto piloto para que os motoristas se conscientizem sobre os problemas de tr\u00e1fego causados na frente de escolas na cidade de Bel\u00e9m. Inicialmente, participam do projeto 14 escolas, que foram consideradas pela Amub como pontos cr\u00edticos nas horas de entrada e sa\u00edda de","canonical_url":"https:\/\/www.encontrabelem.com.br\/sobre\/amub-investe-em-parceria-com-escolas-para-melhorar-transito-em-belem","robots":"max-image-preview:large","keywords":"","webmasterTools":{"miscellaneous":""},"schema":{"@context":"https:\/\/schema.org","@graph":[{"@type":"Article","@id":"https:\/\/www.encontrabelem.com.br\/sobre\/amub-investe-em-parceria-com-escolas-para-melhorar-transito-em-belem#article","name":"Amub investe em parceria com escolas para melhorar tr\u00e2nsito em Bel\u00e9m | Encontra Bel\u00e9m","headline":"Amub investe em parceria com escolas para melhorar tr\u00e2nsito em Bel\u00e9m","author":{"@id":"https:\/\/www.encontrabelem.com.br\/sobre\/author\/ebelem#author"},"publisher":{"@id":"https:\/\/www.encontrabelem.com.br\/sobre\/#organization"},"datePublished":"2013-03-11T00:01:22-03:00","dateModified":"2023-11-13T11:17:37-03:00","inLanguage":"pt-BR","mainEntityOfPage":{"@id":"https:\/\/www.encontrabelem.com.br\/sobre\/amub-investe-em-parceria-com-escolas-para-melhorar-transito-em-belem#webpage"},"isPartOf":{"@id":"https:\/\/www.encontrabelem.com.br\/sobre\/amub-investe-em-parceria-com-escolas-para-melhorar-transito-em-belem#webpage"},"articleSection":"Not\u00edcias Bel\u00e9m, Servi\u00e7os em Bel\u00e9m, Bel\u00e9m"},{"@type":"BreadcrumbList","@id":"https:\/\/www.encontrabelem.com.br\/sobre\/amub-investe-em-parceria-com-escolas-para-melhorar-transito-em-belem#breadcrumblist","itemListElement":[{"@type":"ListItem","@id":"https:\/\/www.encontrabelem.com.br\/sobre#listItem","position":1,"name":"In\u00edcio","item":"https:\/\/www.encontrabelem.com.br\/sobre","nextItem":{"@type":"ListItem","@id":"https:\/\/www.encontrabelem.com.br\/sobre\/noticias-em-belem#listItem","name":"Not\u00edcias Bel\u00e9m"}},{"@type":"ListItem","@id":"https:\/\/www.encontrabelem.com.br\/sobre\/noticias-em-belem#listItem","position":2,"name":"Not\u00edcias Bel\u00e9m","item":"https:\/\/www.encontrabelem.com.br\/sobre\/noticias-em-belem","nextItem":{"@type":"ListItem","@id":"https:\/\/www.encontrabelem.com.br\/sobre\/amub-investe-em-parceria-com-escolas-para-melhorar-transito-em-belem#listItem","name":"Amub investe em parceria com escolas para melhorar tr\u00e2nsito em Bel\u00e9m"},"previousItem":{"@type":"ListItem","@id":"https:\/\/www.encontrabelem.com.br\/sobre#listItem","name":"In\u00edcio"}},{"@type":"ListItem","@id":"https:\/\/www.encontrabelem.com.br\/sobre\/amub-investe-em-parceria-com-escolas-para-melhorar-transito-em-belem#listItem","position":3,"name":"Amub investe em parceria com escolas para melhorar tr\u00e2nsito em Bel\u00e9m","previousItem":{"@type":"ListItem","@id":"https:\/\/www.encontrabelem.com.br\/sobre\/noticias-em-belem#listItem","name":"Not\u00edcias Bel\u00e9m"}}]},{"@type":"Organization","@id":"https:\/\/www.encontrabelem.com.br\/sobre\/#organization","name":"Encontra Bel\u00e9m","description":"Not\u00edcias, eventos, informa\u00e7\u00f5es e dicas na cidade Bel\u00e9m e regi\u00e3o.","url":"https:\/\/www.encontrabelem.com.br\/sobre\/"},{"@type":"Person","@id":"https:\/\/www.encontrabelem.com.br\/sobre\/author\/ebelem#author","url":"https:\/\/www.encontrabelem.com.br\/sobre\/author\/ebelem","name":"Encontra Bel\u00e9m","image":{"@type":"ImageObject","@id":"https:\/\/www.encontrabelem.com.br\/sobre\/amub-investe-em-parceria-com-escolas-para-melhorar-transito-em-belem#authorImage","url":"https:\/\/secure.gravatar.com\/avatar\/507340682b8270222e1f208e23198b6ae7e2c6a1033ae84e99bc6bce4f82a387?s=96&d=mm&r=g","width":96,"height":96,"caption":"Encontra Bel\u00e9m"}},{"@type":"WebPage","@id":"https:\/\/www.encontrabelem.com.br\/sobre\/amub-investe-em-parceria-com-escolas-para-melhorar-transito-em-belem#webpage","url":"https:\/\/www.encontrabelem.com.br\/sobre\/amub-investe-em-parceria-com-escolas-para-melhorar-transito-em-belem","name":"Amub investe em parceria com escolas para melhorar tr\u00e2nsito em Bel\u00e9m | Encontra Bel\u00e9m","description":"A Autarquia de Mobilidade Urbana de Bel\u00e9m (Amub) lan\u00e7ar\u00e1 hoje (11) um projeto piloto para que os motoristas se conscientizem sobre os problemas de tr\u00e1fego causados na frente de escolas na cidade de Bel\u00e9m. Inicialmente, participam do projeto 14 escolas, que foram consideradas pela Amub como pontos cr\u00edticos nas horas de entrada e sa\u00edda de","inLanguage":"pt-BR","isPartOf":{"@id":"https:\/\/www.encontrabelem.com.br\/sobre\/#website"},"breadcrumb":{"@id":"https:\/\/www.encontrabelem.com.br\/sobre\/amub-investe-em-parceria-com-escolas-para-melhorar-transito-em-belem#breadcrumblist"},"author":{"@id":"https:\/\/www.encontrabelem.com.br\/sobre\/author\/ebelem#author"},"creator":{"@id":"https:\/\/www.encontrabelem.com.br\/sobre\/author\/ebelem#author"},"datePublished":"2013-03-11T00:01:22-03:00","dateModified":"2023-11-13T11:17:37-03:00"},{"@type":"WebSite","@id":"https:\/\/www.encontrabelem.com.br\/sobre\/#website","url":"https:\/\/www.encontrabelem.com.br\/sobre\/","name":"Encontra Bel\u00e9m","description":"Not\u00edcias, eventos, informa\u00e7\u00f5es e dicas na cidade Bel\u00e9m e regi\u00e3o.","inLanguage":"pt-BR","publisher":{"@id":"https:\/\/www.encontrabelem.com.br\/sobre\/#organization"}}]},"og:locale":"pt_BR","og:site_name":"Encontra Bel\u00e9m | Not\u00edcias, eventos, informa\u00e7\u00f5es e dicas na cidade Bel\u00e9m e regi\u00e3o.","og:type":"article","og:title":"Amub investe em parceria com escolas para melhorar tr\u00e2nsito em Bel\u00e9m | Encontra Bel\u00e9m","og:description":"A Autarquia de Mobilidade Urbana de Bel\u00e9m (Amub) lan\u00e7ar\u00e1 hoje (11) um projeto piloto para que os motoristas se conscientizem sobre os problemas de tr\u00e1fego causados na frente de escolas na cidade de Bel\u00e9m. Inicialmente, participam do projeto 14 escolas, que foram consideradas pela Amub como pontos cr\u00edticos nas horas de entrada e sa\u00edda de","og:url":"https:\/\/www.encontrabelem.com.br\/sobre\/amub-investe-em-parceria-com-escolas-para-melhorar-transito-em-belem","article:published_time":"2013-03-11T03:01:22+00:00","article:modified_time":"2023-11-13T14:17:37+00:00","twitter:card":"summary","twitter:title":"Amub investe em parceria com escolas para melhorar tr\u00e2nsito em Bel\u00e9m | Encontra Bel\u00e9m","twitter:description":"A Autarquia de Mobilidade Urbana de Bel\u00e9m (Amub) lan\u00e7ar\u00e1 hoje (11) um projeto piloto para que os motoristas se conscientizem sobre os problemas de tr\u00e1fego causados na frente de escolas na cidade de Bel\u00e9m. Inicialmente, participam do projeto 14 escolas, que foram consideradas pela Amub como pontos cr\u00edticos nas horas de entrada e sa\u00edda de"},"aioseo_meta_data":{"post_id":"134","title":null,"description":null,"keywords":null,"keyphrases":null,"primary_term":null,"canonical_url":null,"og_title":null,"og_description":null,"og_object_type":"default","og_image_type":"default","og_image_url":null,"og_image_width":null,"og_image_height":null,"og_image_custom_url":null,"og_image_custom_fields":null,"og_video":null,"og_custom_url":null,"og_article_section":null,"og_article_tags":null,"twitter_use_og":false,"twitter_card":"default","twitter_image_type":"default","twitter_image_url":null,"twitter_image_custom_url":null,"twitter_image_custom_fields":null,"twitter_title":null,"twitter_description":null,"schema":{"blockGraphs":[],"customGraphs":[],"default":{"data":{"Article":[],"Course":[],"Dataset":[],"FAQPage":[],"Movie":[],"Person":[],"Product":[],"ProductReview":[],"Car":[],"Recipe":[],"Service":[],"SoftwareApplication":[],"WebPage":[]},"graphName":"Article","isEnabled":true},"graphs":[]},"schema_type":null,"schema_type_options":null,"pillar_content":false,"robots_default":true,"robots_noindex":false,"robots_noarchive":false,"robots_nosnippet":false,"robots_nofollow":false,"robots_noimageindex":false,"robots_noodp":false,"robots_notranslate":false,"robots_max_snippet":null,"robots_max_videopreview":null,"robots_max_imagepreview":"large","priority":null,"frequency":null,"local_seo":null,"breadcrumb_settings":null,"limit_modified_date":false,"ai":null,"created":"2021-08-12 21:24:42","updated":"2025-11-25 11:19:33","focus_keyword":null,"additional_keywords":null,"truseo_locale":null,"seo_analyzer_scan_date":null},"aioseo_breadcrumb":"<div class=\"aioseo-breadcrumbs\"><span class=\"aioseo-breadcrumb\">\n\t\t\t<a href=\"https:\/\/www.encontrabelem.com.br\/sobre\" title=\"In\u00edcio\">In\u00edcio<\/a>\n\t\t<\/span><span class=\"aioseo-breadcrumb-separator\">&raquo;<\/span><span class=\"aioseo-breadcrumb\">\n\t\t\t<a href=\"https:\/\/www.encontrabelem.com.br\/sobre\/noticias-em-belem\" title=\"Not\u00edcias Bel\u00e9m\">Not\u00edcias Bel\u00e9m<\/a>\n\t\t<\/span><span class=\"aioseo-breadcrumb-separator\">&raquo;<\/span><span class=\"aioseo-breadcrumb\">\n\t\t\tAmub investe em parceria com escolas para melhorar tr\u00e2nsito em Bel\u00e9m\n\t\t<\/span><\/div>","aioseo_breadcrumb_json":[{"label":"In\u00edcio","link":"https:\/\/www.encontrabelem.com.br\/sobre"},{"label":"Not\u00edcias Bel\u00e9m","link":"https:\/\/www.encontrabelem.com.br\/sobre\/noticias-em-belem"},{"label":"Amub investe em parceria com escolas para melhorar tr\u00e2nsito em Bel\u00e9m","link":"https:\/\/www.encontrabelem.com.br\/sobre\/amub-investe-em-parceria-com-escolas-para-melhorar-transito-em-belem"}],"_links":{"self":[{"href":"https:\/\/www.encontrabelem.com.br\/sobre\/wp-json\/wp\/v2\/posts\/134","targetHints":{"allow":["GET"]}}],"collection":[{"href":"https:\/\/www.encontrabelem.com.br\/sobre\/wp-json\/wp\/v2\/posts"}],"about":[{"href":"https:\/\/www.encontrabelem.com.br\/sobre\/wp-json\/wp\/v2\/types\/post"}],"author":[{"embeddable":true,"href":"https:\/\/www.encontrabelem.com.br\/sobre\/wp-json\/wp\/v2\/users\/1"}],"replies":[{"embeddable":true,"href":"https:\/\/www.encontrabelem.com.br\/sobre\/wp-json\/wp\/v2\/comments?post=134"}],"version-history":[{"count":0,"href":"https:\/\/www.encontrabelem.com.br\/sobre\/wp-json\/wp\/v2\/posts\/134\/revisions"}],"wp:attachment":[{"href":"https:\/\/www.encontrabelem.com.br\/sobre\/wp-json\/wp\/v2\/media?parent=134"}],"wp:term":[{"taxonomy":"category","embeddable":true,"href":"https:\/\/www.encontrabelem.com.br\/sobre\/wp-json\/wp\/v2\/categories?post=134"},{"taxonomy":"post_tag","embeddable":true,"href":"https:\/\/www.encontrabelem.com.br\/sobre\/wp-json\/wp\/v2\/tags?post=134"}],"curies":[{"name":"wp","href":"https:\/\/api.w.org\/{rel}","templated":true}]}}