{"id":1329,"date":"2026-02-15T13:54:27","date_gmt":"2026-02-15T16:54:27","guid":{"rendered":"https:\/\/www.encontrabelem.com.br\/sobre\/uepa-abre-processo-seletivo-especial-para-curso-de-gastronomia-em-belem"},"modified":"2026-02-15T13:54:27","modified_gmt":"2026-02-15T16:54:27","slug":"uepa-abre-processo-seletivo-especial-para-curso-de-gastronomia-em-belem","status":"publish","type":"post","link":"https:\/\/www.encontrabelem.com.br\/sobre\/uepa-abre-processo-seletivo-especial-para-curso-de-gastronomia-em-belem","title":{"rendered":"Uepa abre Processo Seletivo Especial para curso de Gastronomia, em Bel\u00e9m"},"content":{"rendered":"<div class=\"b22802487b0d38c4c6d9f34966e16421\" data-index=\"1\" style=\"float: none; margin:0px;\">\n<!-- Anuncio display - global -->\r\n<ins class=\"adsbygoogle\"\r\n     style=\"display:block\"\r\n     data-ad-client=\"ca-pub-8585364105181520\"\r\n     data-ad-slot=\"8789329856\"\r\n     data-ad-format=\"auto\"\r\n     data-full-width-responsive=\"true\"><\/ins>\r\n<script>\r\n     (adsbygoogle = window.adsbygoogle || []).push({});\r\n<\/script>\n<\/div>\n<h2>O que \u00e9 o Processo Seletivo Especial da Uepa?<\/h2>\n<p>A Universidade do Estado do Par\u00e1 (Uepa) anunciou a abertura do Processo Seletivo Especial de 2026, direcionado ao curso de Gastronomia na modalidade tecn\u00f3logo, localizado em Bel\u00e9m. Este processo visa proporcionar uma oportunidade de forma\u00e7\u00e3o a novos alunos, contribuindo para o desenvolvimento de habilidades em uma \u00e1rea de crescente relev\u00e2ncia.<\/p>\n<h2>Como se Inscrever no Processo Seletivo?<\/h2>\n<p>As inscri\u00e7\u00f5es para este processo seletivo ficar\u00e3o abertas de 11 a 19 de fevereiro de 2026, com a finalidade de facilitar o acesso, o registro deve ser realizado apenas pelo site oficial: <strong><a href=\"https:\/\/prosel.uepa.br\/prosel2026-2\">prosel.uepa.br\/prosel2026-2<\/a><\/strong>. \u00c9 importante ressaltar que n\u00e3o haver\u00e1 cobran\u00e7a de taxa para participar deste processo. A divulga\u00e7\u00e3o dos resultados est\u00e1 prevista para acontecer no dia 3 de mar\u00e7o de 2026.<\/p>\n<h2>Vagas Ofertadas: Detalhes Importantes<\/h2>\n<p>Para este processo, est\u00e3o sendo disponibilizadas 30 vagas em cada turno (vespertino e noturno). Existe a previs\u00e3o de uma vaga adicional destinada a pessoas com defici\u00eancia (PcD). Um adicional de 10% na m\u00e9dia final ser\u00e1 concedido para os candidatos que completaram o Ensino M\u00e9dio no estado do Par\u00e1, como forma de reconhecimento da educa\u00e7\u00e3o local.<\/p>\n<p><img decoding=\"async\" src=\"https:\/\/www.encontrabelem.com.br\/sobre\/wp-content\/uploads\/2026\/02\/uepa-abre-processo-seletivo-especial-para-curso-de-gastronomia-em-belem.webp\" alt=\"Uepa Gastronomia Processo Seletivo\" loading=\"lazy\" \/><\/p>\n<h2>Crit\u00e9rios de Sele\u00e7\u00e3o do Processo Seletivo<\/h2>\n<p>A sele\u00e7\u00e3o dos candidatos ser\u00e1 baseada nas notas obtidas no Exame Nacional do Ensino M\u00e9dio (Enem). Os participantes devem ter realizado o Enem em 2023, 2024 ou 2025. A m\u00e9dia das notas ser\u00e1 a refer\u00eancia para a classifica\u00e7\u00e3o, de acordo com os crit\u00e9rios estabelecidos no edital.<\/p>\n<h2>Diferenciais do Curso de Gastronomia<\/h2>\n<p>O curso de Gastronomia da Uepa se destaca pela valoriza\u00e7\u00e3o dos produtos t\u00edpicos da Amaz\u00f4nia e pela considera\u00e7\u00e3o das tradi\u00e7\u00f5es culin\u00e1rias regionais. O programa \u00e9 ministrado por uma equipe docente qualificada e experiente no uso de ingredientes locais, formando profissionais capacitados para atuar em diversas \u00e1reas do setor.<\/p>\n<h2>A Import\u00e2ncia da Gastronomia para a Amaz\u00f4nia<\/h2>\n<p>Este curso n\u00e3o s\u00f3 busca capacitar profissionais, mas tamb\u00e9m contribuir para a valoriza\u00e7\u00e3o dos saberes alimentares da regi\u00e3o amaz\u00f4nica. A gastr\u00f4noma \u00e9 vista como uma \u00e1rea estrat\u00e9gica para o desenvolvimento econ\u00f4mico, cultural e tur\u00edstico da Amaz\u00f4nia, refor\u00e7ando a rela\u00e7\u00e3o dos produtos locais com a identidade da culin\u00e1ria.<\/p>\n<h2>Aulas no Parque da Cidade: Um Novo Espa\u00e7o<\/h2>\n<p>As aulas da gradua\u00e7\u00e3o em Gastronomia ocorrer\u00e3o no Parque da Cidade, oferecendo um ambiente prop\u00edcio para o aprendizado e para o desenvolvimento de pr\u00e1ticas alimentares inovadoras e sustent\u00e1veis. Este espa\u00e7o foi escolhido para ampliar o acesso ao ensino superior de forma inclusiva e integral.<\/p>\n<h2>Forma\u00e7\u00e3o de Profissionais no Setor Gastron\u00f4mico<\/h2>\n<p>O curso tem como objetivo preparar os alunos para diversas especializa\u00e7\u00f5es na \u00e1rea, incluindo desenvolvimento de card\u00e1pios e pratos que reflitam as necessidades culturais e sociais. Tamb\u00e9m abrange a administra\u00e7\u00e3o de neg\u00f3cios alimentares, capacitando os estudantes a gerir equipes na \u00e1rea de alimentos e bebidas.<\/p>\n<h2>O Valor dos Saberes Regionais na Gastronomia<\/h2>\n<p>A Uepa incorpora em seu curr\u00edculo a valoriza\u00e7\u00e3o do conhecimento tradicional, buscando integrar as pr\u00e1ticas gastron\u00f4micas dos profissionais com os saberes locais. Isso permite que os estudantes tenham uma forma\u00e7\u00e3o mais rica e conectada com a cultura amaz\u00f4nica).<\/p>\n<h2>Oportunidades Futuras para Graduados em Gastronomia<\/h2>\n<p>Os graduados no curso de Gastronomia ter\u00e3o a oportunidade de trabalhar em diversas frentes, como restaurantes, consultorias, eventos e turismo. A forma\u00e7\u00e3o oferece uma base s\u00f3lida que possibilita aos formandos atuar de forma din\u00e2mica e inovadora em um mercado em crescimento, sempre alinhados \u00e0s demandas sociais e culturais da Amaz\u00f4nia.<\/p>\n\n<div style=\"font-size: 0px; height: 0px; line-height: 0px; margin: 0; padding: 0; clear: both;\"><\/div>","protected":false},"excerpt":{"rendered":"<p>Uepa anuncia Processo Seletivo Especial para o curso de Gastronomia em Bel\u00e9m, com inscri\u00e7\u00f5es gratuitas.<\/p>\n","protected":false},"author":1,"featured_media":1328,"comment_status":"open","ping_status":"closed","sticky":false,"template":"","format":"standard","meta":{"footnotes":""},"categories":[1],"tags":[],"class_list":["post-1329","post","type-post","status-publish","format-standard","has-post-thumbnail","hentry","category-noticias-em-belem","has_thumb"],"aioseo_notices":[],"aioseo_head":"\n\t\t<!-- All in One SEO 5.0.0.1 - aioseo.com -->\n\t<meta name=\"description\" content=\"Uepa anuncia Processo Seletivo Especial para o curso de Gastronomia em Bel\u00e9m, com inscri\u00e7\u00f5es gratuitas.\" \/>\n\t<meta name=\"robots\" content=\"max-image-preview:large\" \/>\n\t<meta name=\"author\" content=\"Encontra Bel\u00e9m\"\/>\n\t<link rel=\"canonical\" href=\"https:\/\/www.encontrabelem.com.br\/sobre\/uepa-abre-processo-seletivo-especial-para-curso-de-gastronomia-em-belem\" \/>\n\t<meta name=\"generator\" content=\"All in One SEO (AIOSEO) 5.0.0.1\" \/>\n\t\t<meta property=\"og:locale\" content=\"pt_BR\" \/>\n\t\t<meta property=\"og:site_name\" content=\"Encontra Bel\u00e9m | Not\u00edcias, eventos, informa\u00e7\u00f5es e dicas na cidade Bel\u00e9m e regi\u00e3o.\" \/>\n\t\t<meta property=\"og:type\" content=\"article\" \/>\n\t\t<meta property=\"og:title\" content=\"Uepa abre Processo Seletivo Especial para curso de Gastronomia, em Bel\u00e9m | Encontra Bel\u00e9m\" \/>\n\t\t<meta property=\"og:description\" content=\"Uepa anuncia Processo Seletivo Especial para o curso de Gastronomia em Bel\u00e9m, com inscri\u00e7\u00f5es gratuitas.\" \/>\n\t\t<meta property=\"og:url\" content=\"https:\/\/www.encontrabelem.com.br\/sobre\/uepa-abre-processo-seletivo-especial-para-curso-de-gastronomia-em-belem\" \/>\n\t\t<meta property=\"article:published_time\" content=\"2026-02-15T16:54:27+00:00\" \/>\n\t\t<meta property=\"article:modified_time\" content=\"2026-02-15T16:54:27+00:00\" \/>\n\t\t<meta name=\"twitter:card\" content=\"summary\" \/>\n\t\t<meta name=\"twitter:title\" content=\"Uepa abre Processo Seletivo Especial para curso de Gastronomia, em Bel\u00e9m | Encontra Bel\u00e9m\" \/>\n\t\t<meta name=\"twitter:description\" content=\"Uepa anuncia Processo Seletivo Especial para o curso de Gastronomia em Bel\u00e9m, com inscri\u00e7\u00f5es gratuitas.\" \/>\n\t\t<script type=\"application\/ld+json\" class=\"aioseo-schema\">\n\t\t\t{\"@context\":\"https:\\\/\\\/schema.org\",\"@graph\":[{\"@type\":\"Article\",\"@id\":\"https:\\\/\\\/www.encontrabelem.com.br\\\/sobre\\\/uepa-abre-processo-seletivo-especial-para-curso-de-gastronomia-em-belem#article\",\"name\":\"Uepa abre Processo Seletivo Especial para curso de Gastronomia, em Bel\\u00e9m | Encontra Bel\\u00e9m\",\"headline\":\"Uepa abre Processo Seletivo Especial para curso de Gastronomia, em Bel\\u00e9m\",\"author\":{\"@id\":\"https:\\\/\\\/www.encontrabelem.com.br\\\/sobre\\\/author\\\/ebelem#author\"},\"publisher\":{\"@id\":\"https:\\\/\\\/www.encontrabelem.com.br\\\/sobre\\\/#organization\"},\"image\":{\"@type\":\"ImageObject\",\"url\":\"https:\\\/\\\/www.encontrabelem.com.br\\\/sobre\\\/wp-content\\\/uploads\\\/2026\\\/02\\\/uepa-abre-processo-seletivo-especial-para-curso-de-gastronomia-em-belem.webp\",\"width\":280,\"height\":280,\"caption\":\"Uepa Gastronomia Processo Seletivo\"},\"datePublished\":\"2026-02-15T13:54:27-03:00\",\"dateModified\":\"2026-02-15T13:54:27-03:00\",\"inLanguage\":\"pt-BR\",\"mainEntityOfPage\":{\"@id\":\"https:\\\/\\\/www.encontrabelem.com.br\\\/sobre\\\/uepa-abre-processo-seletivo-especial-para-curso-de-gastronomia-em-belem#webpage\"},\"isPartOf\":{\"@id\":\"https:\\\/\\\/www.encontrabelem.com.br\\\/sobre\\\/uepa-abre-processo-seletivo-especial-para-curso-de-gastronomia-em-belem#webpage\"},\"articleSection\":\"Not\\u00edcias Bel\\u00e9m\"},{\"@type\":\"BreadcrumbList\",\"@id\":\"https:\\\/\\\/www.encontrabelem.com.br\\\/sobre\\\/uepa-abre-processo-seletivo-especial-para-curso-de-gastronomia-em-belem#breadcrumblist\",\"itemListElement\":[{\"@type\":\"ListItem\",\"@id\":\"https:\\\/\\\/www.encontrabelem.com.br\\\/sobre#listItem\",\"position\":1,\"name\":\"In\\u00edcio\",\"item\":\"https:\\\/\\\/www.encontrabelem.com.br\\\/sobre\",\"nextItem\":{\"@type\":\"ListItem\",\"@id\":\"https:\\\/\\\/www.encontrabelem.com.br\\\/sobre\\\/noticias-em-belem#listItem\",\"name\":\"Not\\u00edcias Bel\\u00e9m\"}},{\"@type\":\"ListItem\",\"@id\":\"https:\\\/\\\/www.encontrabelem.com.br\\\/sobre\\\/noticias-em-belem#listItem\",\"position\":2,\"name\":\"Not\\u00edcias Bel\\u00e9m\",\"item\":\"https:\\\/\\\/www.encontrabelem.com.br\\\/sobre\\\/noticias-em-belem\",\"nextItem\":{\"@type\":\"ListItem\",\"@id\":\"https:\\\/\\\/www.encontrabelem.com.br\\\/sobre\\\/uepa-abre-processo-seletivo-especial-para-curso-de-gastronomia-em-belem#listItem\",\"name\":\"Uepa abre Processo Seletivo Especial para curso de Gastronomia, em Bel\\u00e9m\"},\"previousItem\":{\"@type\":\"ListItem\",\"@id\":\"https:\\\/\\\/www.encontrabelem.com.br\\\/sobre#listItem\",\"name\":\"In\\u00edcio\"}},{\"@type\":\"ListItem\",\"@id\":\"https:\\\/\\\/www.encontrabelem.com.br\\\/sobre\\\/uepa-abre-processo-seletivo-especial-para-curso-de-gastronomia-em-belem#listItem\",\"position\":3,\"name\":\"Uepa abre Processo Seletivo Especial para curso de Gastronomia, em Bel\\u00e9m\",\"previousItem\":{\"@type\":\"ListItem\",\"@id\":\"https:\\\/\\\/www.encontrabelem.com.br\\\/sobre\\\/noticias-em-belem#listItem\",\"name\":\"Not\\u00edcias Bel\\u00e9m\"}}]},{\"@type\":\"Organization\",\"@id\":\"https:\\\/\\\/www.encontrabelem.com.br\\\/sobre\\\/#organization\",\"name\":\"Encontra Bel\\u00e9m\",\"description\":\"Not\\u00edcias, eventos, informa\\u00e7\\u00f5es e dicas na cidade Bel\\u00e9m e regi\\u00e3o.\",\"url\":\"https:\\\/\\\/www.encontrabelem.com.br\\\/sobre\\\/\"},{\"@type\":\"Person\",\"@id\":\"https:\\\/\\\/www.encontrabelem.com.br\\\/sobre\\\/author\\\/ebelem#author\",\"url\":\"https:\\\/\\\/www.encontrabelem.com.br\\\/sobre\\\/author\\\/ebelem\",\"name\":\"Encontra Bel\\u00e9m\",\"image\":{\"@type\":\"ImageObject\",\"@id\":\"https:\\\/\\\/www.encontrabelem.com.br\\\/sobre\\\/uepa-abre-processo-seletivo-especial-para-curso-de-gastronomia-em-belem#authorImage\",\"url\":\"https:\\\/\\\/secure.gravatar.com\\\/avatar\\\/507340682b8270222e1f208e23198b6ae7e2c6a1033ae84e99bc6bce4f82a387?s=96&d=mm&r=g\",\"width\":96,\"height\":96,\"caption\":\"Encontra Bel\\u00e9m\"}},{\"@type\":\"WebPage\",\"@id\":\"https:\\\/\\\/www.encontrabelem.com.br\\\/sobre\\\/uepa-abre-processo-seletivo-especial-para-curso-de-gastronomia-em-belem#webpage\",\"url\":\"https:\\\/\\\/www.encontrabelem.com.br\\\/sobre\\\/uepa-abre-processo-seletivo-especial-para-curso-de-gastronomia-em-belem\",\"name\":\"Uepa abre Processo Seletivo Especial para curso de Gastronomia, em Bel\\u00e9m | Encontra Bel\\u00e9m\",\"description\":\"Uepa anuncia Processo Seletivo Especial para o curso de Gastronomia em Bel\\u00e9m, com inscri\\u00e7\\u00f5es gratuitas.\",\"inLanguage\":\"pt-BR\",\"isPartOf\":{\"@id\":\"https:\\\/\\\/www.encontrabelem.com.br\\\/sobre\\\/#website\"},\"breadcrumb\":{\"@id\":\"https:\\\/\\\/www.encontrabelem.com.br\\\/sobre\\\/uepa-abre-processo-seletivo-especial-para-curso-de-gastronomia-em-belem#breadcrumblist\"},\"author\":{\"@id\":\"https:\\\/\\\/www.encontrabelem.com.br\\\/sobre\\\/author\\\/ebelem#author\"},\"creator\":{\"@id\":\"https:\\\/\\\/www.encontrabelem.com.br\\\/sobre\\\/author\\\/ebelem#author\"},\"image\":{\"@type\":\"ImageObject\",\"url\":\"https:\\\/\\\/www.encontrabelem.com.br\\\/sobre\\\/wp-content\\\/uploads\\\/2026\\\/02\\\/uepa-abre-processo-seletivo-especial-para-curso-de-gastronomia-em-belem.webp\",\"@id\":\"https:\\\/\\\/www.encontrabelem.com.br\\\/sobre\\\/uepa-abre-processo-seletivo-especial-para-curso-de-gastronomia-em-belem\\\/#mainImage\",\"width\":280,\"height\":280,\"caption\":\"Uepa Gastronomia Processo Seletivo\"},\"primaryImageOfPage\":{\"@id\":\"https:\\\/\\\/www.encontrabelem.com.br\\\/sobre\\\/uepa-abre-processo-seletivo-especial-para-curso-de-gastronomia-em-belem#mainImage\"},\"datePublished\":\"2026-02-15T13:54:27-03:00\",\"dateModified\":\"2026-02-15T13:54:27-03:00\"},{\"@type\":\"WebSite\",\"@id\":\"https:\\\/\\\/www.encontrabelem.com.br\\\/sobre\\\/#website\",\"url\":\"https:\\\/\\\/www.encontrabelem.com.br\\\/sobre\\\/\",\"name\":\"Encontra Bel\\u00e9m\",\"description\":\"Not\\u00edcias, eventos, informa\\u00e7\\u00f5es e dicas na cidade Bel\\u00e9m e regi\\u00e3o.\",\"inLanguage\":\"pt-BR\",\"publisher\":{\"@id\":\"https:\\\/\\\/www.encontrabelem.com.br\\\/sobre\\\/#organization\"}}]}\n\t\t<\/script>\n\t\t<!-- All in One SEO -->\n\n","aioseo_head_json":{"title":"Uepa abre Processo Seletivo Especial para curso de Gastronomia, em Bel\u00e9m | Encontra Bel\u00e9m","description":"Uepa anuncia Processo Seletivo Especial para o curso de Gastronomia em Bel\u00e9m, com inscri\u00e7\u00f5es gratuitas.","canonical_url":"https:\/\/www.encontrabelem.com.br\/sobre\/uepa-abre-processo-seletivo-especial-para-curso-de-gastronomia-em-belem","robots":"max-image-preview:large","keywords":"","webmasterTools":{"miscellaneous":""},"schema":{"@context":"https:\/\/schema.org","@graph":[{"@type":"Article","@id":"https:\/\/www.encontrabelem.com.br\/sobre\/uepa-abre-processo-seletivo-especial-para-curso-de-gastronomia-em-belem#article","name":"Uepa abre Processo Seletivo Especial para curso de Gastronomia, em Bel\u00e9m | Encontra Bel\u00e9m","headline":"Uepa abre Processo Seletivo Especial para curso de Gastronomia, em Bel\u00e9m","author":{"@id":"https:\/\/www.encontrabelem.com.br\/sobre\/author\/ebelem#author"},"publisher":{"@id":"https:\/\/www.encontrabelem.com.br\/sobre\/#organization"},"image":{"@type":"ImageObject","url":"https:\/\/www.encontrabelem.com.br\/sobre\/wp-content\/uploads\/2026\/02\/uepa-abre-processo-seletivo-especial-para-curso-de-gastronomia-em-belem.webp","width":280,"height":280,"caption":"Uepa Gastronomia Processo Seletivo"},"datePublished":"2026-02-15T13:54:27-03:00","dateModified":"2026-02-15T13:54:27-03:00","inLanguage":"pt-BR","mainEntityOfPage":{"@id":"https:\/\/www.encontrabelem.com.br\/sobre\/uepa-abre-processo-seletivo-especial-para-curso-de-gastronomia-em-belem#webpage"},"isPartOf":{"@id":"https:\/\/www.encontrabelem.com.br\/sobre\/uepa-abre-processo-seletivo-especial-para-curso-de-gastronomia-em-belem#webpage"},"articleSection":"Not\u00edcias Bel\u00e9m"},{"@type":"BreadcrumbList","@id":"https:\/\/www.encontrabelem.com.br\/sobre\/uepa-abre-processo-seletivo-especial-para-curso-de-gastronomia-em-belem#breadcrumblist","itemListElement":[{"@type":"ListItem","@id":"https:\/\/www.encontrabelem.com.br\/sobre#listItem","position":1,"name":"In\u00edcio","item":"https:\/\/www.encontrabelem.com.br\/sobre","nextItem":{"@type":"ListItem","@id":"https:\/\/www.encontrabelem.com.br\/sobre\/noticias-em-belem#listItem","name":"Not\u00edcias Bel\u00e9m"}},{"@type":"ListItem","@id":"https:\/\/www.encontrabelem.com.br\/sobre\/noticias-em-belem#listItem","position":2,"name":"Not\u00edcias Bel\u00e9m","item":"https:\/\/www.encontrabelem.com.br\/sobre\/noticias-em-belem","nextItem":{"@type":"ListItem","@id":"https:\/\/www.encontrabelem.com.br\/sobre\/uepa-abre-processo-seletivo-especial-para-curso-de-gastronomia-em-belem#listItem","name":"Uepa abre Processo Seletivo Especial para curso de Gastronomia, em Bel\u00e9m"},"previousItem":{"@type":"ListItem","@id":"https:\/\/www.encontrabelem.com.br\/sobre#listItem","name":"In\u00edcio"}},{"@type":"ListItem","@id":"https:\/\/www.encontrabelem.com.br\/sobre\/uepa-abre-processo-seletivo-especial-para-curso-de-gastronomia-em-belem#listItem","position":3,"name":"Uepa abre Processo Seletivo Especial para curso de Gastronomia, em Bel\u00e9m","previousItem":{"@type":"ListItem","@id":"https:\/\/www.encontrabelem.com.br\/sobre\/noticias-em-belem#listItem","name":"Not\u00edcias Bel\u00e9m"}}]},{"@type":"Organization","@id":"https:\/\/www.encontrabelem.com.br\/sobre\/#organization","name":"Encontra Bel\u00e9m","description":"Not\u00edcias, eventos, informa\u00e7\u00f5es e dicas na cidade Bel\u00e9m e regi\u00e3o.","url":"https:\/\/www.encontrabelem.com.br\/sobre\/"},{"@type":"Person","@id":"https:\/\/www.encontrabelem.com.br\/sobre\/author\/ebelem#author","url":"https:\/\/www.encontrabelem.com.br\/sobre\/author\/ebelem","name":"Encontra Bel\u00e9m","image":{"@type":"ImageObject","@id":"https:\/\/www.encontrabelem.com.br\/sobre\/uepa-abre-processo-seletivo-especial-para-curso-de-gastronomia-em-belem#authorImage","url":"https:\/\/secure.gravatar.com\/avatar\/507340682b8270222e1f208e23198b6ae7e2c6a1033ae84e99bc6bce4f82a387?s=96&d=mm&r=g","width":96,"height":96,"caption":"Encontra Bel\u00e9m"}},{"@type":"WebPage","@id":"https:\/\/www.encontrabelem.com.br\/sobre\/uepa-abre-processo-seletivo-especial-para-curso-de-gastronomia-em-belem#webpage","url":"https:\/\/www.encontrabelem.com.br\/sobre\/uepa-abre-processo-seletivo-especial-para-curso-de-gastronomia-em-belem","name":"Uepa abre Processo Seletivo Especial para curso de Gastronomia, em Bel\u00e9m | Encontra Bel\u00e9m","description":"Uepa anuncia Processo Seletivo Especial para o curso de Gastronomia em Bel\u00e9m, com inscri\u00e7\u00f5es gratuitas.","inLanguage":"pt-BR","isPartOf":{"@id":"https:\/\/www.encontrabelem.com.br\/sobre\/#website"},"breadcrumb":{"@id":"https:\/\/www.encontrabelem.com.br\/sobre\/uepa-abre-processo-seletivo-especial-para-curso-de-gastronomia-em-belem#breadcrumblist"},"author":{"@id":"https:\/\/www.encontrabelem.com.br\/sobre\/author\/ebelem#author"},"creator":{"@id":"https:\/\/www.encontrabelem.com.br\/sobre\/author\/ebelem#author"},"image":{"@type":"ImageObject","url":"https:\/\/www.encontrabelem.com.br\/sobre\/wp-content\/uploads\/2026\/02\/uepa-abre-processo-seletivo-especial-para-curso-de-gastronomia-em-belem.webp","@id":"https:\/\/www.encontrabelem.com.br\/sobre\/uepa-abre-processo-seletivo-especial-para-curso-de-gastronomia-em-belem\/#mainImage","width":280,"height":280,"caption":"Uepa Gastronomia Processo Seletivo"},"primaryImageOfPage":{"@id":"https:\/\/www.encontrabelem.com.br\/sobre\/uepa-abre-processo-seletivo-especial-para-curso-de-gastronomia-em-belem#mainImage"},"datePublished":"2026-02-15T13:54:27-03:00","dateModified":"2026-02-15T13:54:27-03:00"},{"@type":"WebSite","@id":"https:\/\/www.encontrabelem.com.br\/sobre\/#website","url":"https:\/\/www.encontrabelem.com.br\/sobre\/","name":"Encontra Bel\u00e9m","description":"Not\u00edcias, eventos, informa\u00e7\u00f5es e dicas na cidade Bel\u00e9m e regi\u00e3o.","inLanguage":"pt-BR","publisher":{"@id":"https:\/\/www.encontrabelem.com.br\/sobre\/#organization"}}]},"og:locale":"pt_BR","og:site_name":"Encontra Bel\u00e9m | Not\u00edcias, eventos, informa\u00e7\u00f5es e dicas na cidade Bel\u00e9m e regi\u00e3o.","og:type":"article","og:title":"Uepa abre Processo Seletivo Especial para curso de Gastronomia, em Bel\u00e9m | Encontra Bel\u00e9m","og:description":"Uepa anuncia Processo Seletivo Especial para o curso de Gastronomia em Bel\u00e9m, com inscri\u00e7\u00f5es gratuitas.","og:url":"https:\/\/www.encontrabelem.com.br\/sobre\/uepa-abre-processo-seletivo-especial-para-curso-de-gastronomia-em-belem","article:published_time":"2026-02-15T16:54:27+00:00","article:modified_time":"2026-02-15T16:54:27+00:00","twitter:card":"summary","twitter:title":"Uepa abre Processo Seletivo Especial para curso de Gastronomia, em Bel\u00e9m | Encontra Bel\u00e9m","twitter:description":"Uepa anuncia Processo Seletivo Especial para o curso de Gastronomia em Bel\u00e9m, com inscri\u00e7\u00f5es gratuitas."},"aioseo_meta_data":{"post_id":"1329","title":null,"description":null,"keywords":null,"keyphrases":null,"primary_term":null,"canonical_url":null,"og_title":null,"og_description":null,"og_object_type":"default","og_image_type":"default","og_image_url":null,"og_image_width":null,"og_image_height":null,"og_image_custom_url":null,"og_image_custom_fields":null,"og_video":null,"og_custom_url":null,"og_article_section":null,"og_article_tags":null,"twitter_use_og":false,"twitter_card":"default","twitter_image_type":"default","twitter_image_url":null,"twitter_image_custom_url":null,"twitter_image_custom_fields":null,"twitter_title":null,"twitter_description":null,"schema":{"blockGraphs":[],"customGraphs":[],"default":{"data":{"Article":[],"Course":[],"Dataset":[],"FAQPage":[],"Movie":[],"Person":[],"Product":[],"ProductReview":[],"Car":[],"Recipe":[],"Service":[],"SoftwareApplication":[],"WebPage":[]},"graphName":"Article","isEnabled":true},"graphs":[]},"schema_type":"default","schema_type_options":null,"pillar_content":false,"robots_default":true,"robots_noindex":false,"robots_noarchive":false,"robots_nosnippet":false,"robots_nofollow":false,"robots_noimageindex":false,"robots_noodp":false,"robots_notranslate":false,"robots_max_snippet":null,"robots_max_videopreview":null,"robots_max_imagepreview":"large","priority":null,"frequency":null,"local_seo":null,"breadcrumb_settings":null,"limit_modified_date":false,"ai":null,"created":"2026-02-15 16:54:31","updated":"2026-02-15 17:46:17","focus_keyword":null,"additional_keywords":null,"truseo_locale":null,"seo_analyzer_scan_date":null},"aioseo_breadcrumb":"<div class=\"aioseo-breadcrumbs\"><span class=\"aioseo-breadcrumb\">\n\t\t\t<a href=\"https:\/\/www.encontrabelem.com.br\/sobre\" title=\"In\u00edcio\">In\u00edcio<\/a>\n\t\t<\/span><span class=\"aioseo-breadcrumb-separator\">&raquo;<\/span><span class=\"aioseo-breadcrumb\">\n\t\t\t<a href=\"https:\/\/www.encontrabelem.com.br\/sobre\/noticias-em-belem\" title=\"Not\u00edcias Bel\u00e9m\">Not\u00edcias Bel\u00e9m<\/a>\n\t\t<\/span><span class=\"aioseo-breadcrumb-separator\">&raquo;<\/span><span class=\"aioseo-breadcrumb\">\n\t\t\tUepa abre Processo Seletivo Especial para curso de Gastronomia, em Bel\u00e9m\n\t\t<\/span><\/div>","aioseo_breadcrumb_json":[{"label":"In\u00edcio","link":"https:\/\/www.encontrabelem.com.br\/sobre"},{"label":"Not\u00edcias Bel\u00e9m","link":"https:\/\/www.encontrabelem.com.br\/sobre\/noticias-em-belem"},{"label":"Uepa abre Processo Seletivo Especial para curso de Gastronomia, em Bel\u00e9m","link":"https:\/\/www.encontrabelem.com.br\/sobre\/uepa-abre-processo-seletivo-especial-para-curso-de-gastronomia-em-belem"}],"_links":{"self":[{"href":"https:\/\/www.encontrabelem.com.br\/sobre\/wp-json\/wp\/v2\/posts\/1329","targetHints":{"allow":["GET"]}}],"collection":[{"href":"https:\/\/www.encontrabelem.com.br\/sobre\/wp-json\/wp\/v2\/posts"}],"about":[{"href":"https:\/\/www.encontrabelem.com.br\/sobre\/wp-json\/wp\/v2\/types\/post"}],"author":[{"embeddable":true,"href":"https:\/\/www.encontrabelem.com.br\/sobre\/wp-json\/wp\/v2\/users\/1"}],"replies":[{"embeddable":true,"href":"https:\/\/www.encontrabelem.com.br\/sobre\/wp-json\/wp\/v2\/comments?post=1329"}],"version-history":[{"count":0,"href":"https:\/\/www.encontrabelem.com.br\/sobre\/wp-json\/wp\/v2\/posts\/1329\/revisions"}],"wp:featuredmedia":[{"embeddable":true,"href":"https:\/\/www.encontrabelem.com.br\/sobre\/wp-json\/wp\/v2\/media\/1328"}],"wp:attachment":[{"href":"https:\/\/www.encontrabelem.com.br\/sobre\/wp-json\/wp\/v2\/media?parent=1329"}],"wp:term":[{"taxonomy":"category","embeddable":true,"href":"https:\/\/www.encontrabelem.com.br\/sobre\/wp-json\/wp\/v2\/categories?post=1329"},{"taxonomy":"post_tag","embeddable":true,"href":"https:\/\/www.encontrabelem.com.br\/sobre\/wp-json\/wp\/v2\/tags?post=1329"}],"curies":[{"name":"wp","href":"https:\/\/api.w.org\/{rel}","templated":true}]}}