{"id":1323,"date":"2026-02-14T13:55:08","date_gmt":"2026-02-14T16:55:08","guid":{"rendered":"https:\/\/www.encontrabelem.com.br\/sobre\/acompanhe-ao-vivo-audiencia-para-coletar-sugestoes-de-eleitores-indigenas-sobre-as-regras-das-eleicoes-2026"},"modified":"2026-02-14T13:55:08","modified_gmt":"2026-02-14T16:55:08","slug":"acompanhe-ao-vivo-audiencia-para-coletar-sugestoes-de-eleitores-indigenas-sobre-as-regras-das-eleicoes-2026","status":"publish","type":"post","link":"https:\/\/www.encontrabelem.com.br\/sobre\/acompanhe-ao-vivo-audiencia-para-coletar-sugestoes-de-eleitores-indigenas-sobre-as-regras-das-eleicoes-2026","title":{"rendered":"Acompanhe, ao vivo, audi\u00eancia para coletar sugest\u00f5es de eleitores ind\u00edgenas sobre as regras das Elei\u00e7\u00f5es 2026"},"content":{"rendered":"<div class=\"b22802487b0d38c4c6d9f34966e16421\" data-index=\"1\" style=\"float: none; margin:0px;\">\n<!-- Anuncio display - global -->\r\n<ins class=\"adsbygoogle\"\r\n     style=\"display:block\"\r\n     data-ad-client=\"ca-pub-8585364105181520\"\r\n     data-ad-slot=\"8789329856\"\r\n     data-ad-format=\"auto\"\r\n     data-full-width-responsive=\"true\"><\/ins>\r\n<script>\r\n     (adsbygoogle = window.adsbygoogle || []).push({});\r\n<\/script>\n<\/div>\n<h2>O que \u00e9 a audi\u00eancia p\u00fablica para as elei\u00e7\u00f5es de 2026?<\/h2>\n<p>A audi\u00eancia p\u00fablica que est\u00e1 sendo realizada com vistas \u00e0s <strong>Elei\u00e7\u00f5es Gerais de 2026<\/strong> constitui uma iniciativa promovida pelo Tribunal Superior Eleitoral (TSE). O evento tem como meta coletar dados e sugest\u00f5es diretamente da popula\u00e7\u00e3o, com especial foco na inclus\u00e3o dos povos ind\u00edgenas no processo eleitoral. A audi\u00eancia acontece em Bel\u00e9m, Par\u00e1, e visa proporcionar um espa\u00e7o para que representantes de comunidades origin\u00e1rias possam compartilhar suas opini\u00f5es sobre as normas que reger\u00e3o as pr\u00f3ximas elei\u00e7\u00f5es.<\/p>\n<h2>Objetivos da audi\u00eancia p\u00fablica<\/h2>\n<p>O principal objetivo da audi\u00eancia p\u00fablica \u00e9 fortalecer a participa\u00e7\u00e3o dos ind\u00edgenas nas decis\u00f5es eleitorais e garantir que suas vozes sejam ouvidas. O TSE busca, atrav\u00e9s deste encontro, fomentar uma discuss\u00e3o que possa resultar em recomenda\u00e7\u00f5es para a elabora\u00e7\u00e3o de normas mais inclusivas e justas para todos os cidad\u00e3os. <\/p>\n<h2>Import\u00e2ncia da inclus\u00e3o ind\u00edgena nas elei\u00e7\u00f5es<\/h2>\n<p>A inclus\u00e3o dos povos ind\u00edgenas no processo eleitoral \u00e9 vital, dado que historicamente essas comunidades enfrentam barreiras significativas em termos de participa\u00e7\u00e3o pol\u00edtica e cidadania. Garantir que suas perspectivas sejam consideradas nas legisla\u00e7\u00f5es eleitorais ajuda a combater desigualdades estruturais, assegurando que todos tenham a oportunidade de participar ativamente da democracia.<\/p>\n<p><img decoding=\"async\" src=\"https:\/\/www.encontrabelem.com.br\/sobre\/wp-content\/uploads\/2026\/02\/acompanhe-ao-vivo-audiencia-para-coletar-sugestoes-de-eleitores-indigenas-sobre-as-regras-das-eleico.webp\" alt=\"audi\u00eancia p\u00fablica elei\u00e7\u00f5es 2026\" loading=\"lazy\" \/><\/p>\n<h2>Detalhes sobre a transmiss\u00e3o ao vivo<\/h2>\n<p>A audi\u00eancia p\u00fablica ser\u00e1 transmitida ao vivo, permitindo que um n\u00famero maior de pessoas acompanhe as discuss\u00f5es e contribui\u00e7\u00f5es feitas pelos representantes das comunidades ind\u00edgenas. Os interessados poder\u00e3o acessar a transmiss\u00e3o atrav\u00e9s do <a href=\"https:\/\/www.youtube.com\/channel\/UCG2uD85ZDF3eX1FK7RF8GrA\">canal do TSE no YouTube<\/a> e pela TV Justi\u00e7a, facilitando assim a participa\u00e7\u00e3o remota.<\/p>\n<h2>Como participar da audi\u00eancia p\u00fablica<\/h2>\n<p>Participar da audi\u00eancia \u00e9 simples. Os cidad\u00e3os s\u00e3o encorajados a acompanhar a transmiss\u00e3o ao vivo e, caso desejem, podem enviar suas sugest\u00f5es ou coment\u00e1rios atrav\u00e9s dos canais disponibilizados pelo TSE. Essa participa\u00e7\u00e3o ativa \u00e9 fundamental para a elabora\u00e7\u00e3o de diretrizes que refletem as necessidades e realidades das comunidades envolvidas.<\/p>\n<h2>O papel do TSE na escuta p\u00fablica<\/h2>\n<p>O TSE, por meio de seu vice-presidente e relator das normas das elei\u00e7\u00f5es para 2026, o ministro Nunes Marques, est\u00e1 dedicado a promover um di\u00e1logo aberto e inclusivo. A atua\u00e7\u00e3o do tribunal neste evento \u00e9 uma demonstra\u00e7\u00e3o de seu compromisso em atender \u00e0s demandas dos cidad\u00e3os e em garantir um processo eleitoral mais justo e representativo.<\/p>\n<h2>Sugest\u00f5es que podem ser feitas<\/h2>\n<p>Durante a audi\u00eancia, v\u00e1rias categorias de sugest\u00f5es poder\u00e3o ser abordadas, incluindo:<\/p>\n<ul>\n<li>Diretrizes gerais do processo eleitoral;<\/li>\n<li>Crit\u00e9rios para registro de candidaturas;<\/li>\n<li>Normas sobre a presta\u00e7\u00e3o de contas;<\/li>\n<li>Regulamenta\u00e7\u00e3o do Fundo Especial de Financiamento de Campanha (FEFC);<\/li>\n<li>Aspectos da propaganda eleitoral;<\/li>\n<li>Regras sobre il\u00edcitos eleitorais;<\/li>\n<li>Provis\u00f5es de transporte para eleitores com defici\u00eancia;<\/li>\n<li>Consolida\u00e7\u00e3o das normas que envolvem o cidad\u00e3o nas elei\u00e7\u00f5es.<\/li>\n<\/ul>\n<h2>Tradutores e acessibilidade na audi\u00eancia<\/h2>\n<p>Um dos pontos not\u00e1veis da audi\u00eancia \u00e9 a inclus\u00e3o de tradutores que v\u00e3o permitir a comunica\u00e7\u00e3o em l\u00ednguas ind\u00edgenas. Interpretes de <strong>wai-wai, munduruku<\/strong> e <strong>nheengatu<\/strong> estar\u00e3o presentes, assim como tradutores de L\u00ednguas Ind\u00edgenas de Sinais (Tilis). Essa a\u00e7\u00e3o busca promover a acessibilidade e garantir que todos os participantes possam se expressar plenamente durante o evento.<\/p>\n<h2>Impacto das contribui\u00e7\u00f5es ind\u00edgenas<\/h2>\n<p>As contribui\u00e7\u00f5es trazidas pelos representantes ind\u00edgenas t\u00eam o potencial de influenciar diretamente as normas eleitorais que regem os direitos e deveres dos cidad\u00e3os. Isso n\u00e3o s\u00f3 enriquece o debate, mas tamb\u00e9m assegura que a diversidade das opini\u00f5es e realidades sociais sejam consideradas na formula\u00e7\u00e3o de pol\u00edticas p\u00fablicas.<\/p>\n<h2>Pr\u00f3ximos passos ap\u00f3s a audi\u00eancia<\/h2>\n<p>Ap\u00f3s a realiza\u00e7\u00e3o da audi\u00eancia p\u00fablica, o TSE dever\u00e1 analisar todas as propostas apresentadas. As sugest\u00f5es v\u00e1lidas ser\u00e3o incorporadas nas minutas de resolu\u00e7\u00e3o, que orientar\u00e3o o processo eleitoral em 2026. A pr\u00f3xima etapa incluir\u00e1 a divulga\u00e7\u00e3o das conclus\u00f5es tiradas e os desdobramentos das contribui\u00e7\u00f5es, assegurando assim a transpar\u00eancia e o acompanhamento da sociedade sobre os resultados do evento.<\/p>\n\n<div style=\"font-size: 0px; height: 0px; line-height: 0px; margin: 0; padding: 0; clear: both;\"><\/div>","protected":false},"excerpt":{"rendered":"<p>A audi\u00eancia p\u00fablica para eleitores ind\u00edgenas das elei\u00e7\u00f5es 2026 ser\u00e1 transmitida ao vivo.<\/p>\n","protected":false},"author":1,"featured_media":1322,"comment_status":"open","ping_status":"closed","sticky":false,"template":"","format":"standard","meta":{"footnotes":""},"categories":[1],"tags":[],"class_list":["post-1323","post","type-post","status-publish","format-standard","has-post-thumbnail","hentry","category-noticias-em-belem","has_thumb"],"aioseo_notices":[],"aioseo_head":"\n\t\t<!-- All in One SEO 5.0.0.1 - aioseo.com -->\n\t<meta name=\"description\" content=\"A audi\u00eancia p\u00fablica para eleitores ind\u00edgenas das elei\u00e7\u00f5es 2026 ser\u00e1 transmitida ao vivo.\" \/>\n\t<meta name=\"robots\" content=\"max-image-preview:large\" \/>\n\t<meta name=\"author\" content=\"Encontra Bel\u00e9m\"\/>\n\t<link rel=\"canonical\" href=\"https:\/\/www.encontrabelem.com.br\/sobre\/acompanhe-ao-vivo-audiencia-para-coletar-sugestoes-de-eleitores-indigenas-sobre-as-regras-das-eleicoes-2026\" \/>\n\t<meta name=\"generator\" content=\"All in One SEO (AIOSEO) 5.0.0.1\" \/>\n\t\t<meta property=\"og:locale\" content=\"pt_BR\" \/>\n\t\t<meta property=\"og:site_name\" content=\"Encontra Bel\u00e9m | Not\u00edcias, eventos, informa\u00e7\u00f5es e dicas na cidade Bel\u00e9m e regi\u00e3o.\" \/>\n\t\t<meta property=\"og:type\" content=\"article\" \/>\n\t\t<meta property=\"og:title\" content=\"Acompanhe, ao vivo, audi\u00eancia para coletar sugest\u00f5es de eleitores ind\u00edgenas sobre as regras das Elei\u00e7\u00f5es 2026 | Encontra Bel\u00e9m\" \/>\n\t\t<meta property=\"og:description\" content=\"A audi\u00eancia p\u00fablica para eleitores ind\u00edgenas das elei\u00e7\u00f5es 2026 ser\u00e1 transmitida ao vivo.\" \/>\n\t\t<meta property=\"og:url\" content=\"https:\/\/www.encontrabelem.com.br\/sobre\/acompanhe-ao-vivo-audiencia-para-coletar-sugestoes-de-eleitores-indigenas-sobre-as-regras-das-eleicoes-2026\" \/>\n\t\t<meta property=\"article:published_time\" content=\"2026-02-14T16:55:08+00:00\" \/>\n\t\t<meta property=\"article:modified_time\" content=\"2026-02-14T16:55:08+00:00\" \/>\n\t\t<meta name=\"twitter:card\" content=\"summary\" \/>\n\t\t<meta name=\"twitter:title\" content=\"Acompanhe, ao vivo, audi\u00eancia para coletar sugest\u00f5es de eleitores ind\u00edgenas sobre as regras das Elei\u00e7\u00f5es 2026 | Encontra Bel\u00e9m\" \/>\n\t\t<meta name=\"twitter:description\" content=\"A audi\u00eancia p\u00fablica para eleitores ind\u00edgenas das elei\u00e7\u00f5es 2026 ser\u00e1 transmitida ao vivo.\" \/>\n\t\t<script type=\"application\/ld+json\" class=\"aioseo-schema\">\n\t\t\t{\"@context\":\"https:\\\/\\\/schema.org\",\"@graph\":[{\"@type\":\"Article\",\"@id\":\"https:\\\/\\\/www.encontrabelem.com.br\\\/sobre\\\/acompanhe-ao-vivo-audiencia-para-coletar-sugestoes-de-eleitores-indigenas-sobre-as-regras-das-eleicoes-2026#article\",\"name\":\"Acompanhe, ao vivo, audi\\u00eancia para coletar sugest\\u00f5es de eleitores ind\\u00edgenas sobre as regras das Elei\\u00e7\\u00f5es 2026 | Encontra Bel\\u00e9m\",\"headline\":\"Acompanhe, ao vivo, audi\\u00eancia para coletar sugest\\u00f5es de eleitores ind\\u00edgenas sobre as regras das Elei\\u00e7\\u00f5es 2026\",\"author\":{\"@id\":\"https:\\\/\\\/www.encontrabelem.com.br\\\/sobre\\\/author\\\/ebelem#author\"},\"publisher\":{\"@id\":\"https:\\\/\\\/www.encontrabelem.com.br\\\/sobre\\\/#organization\"},\"image\":{\"@type\":\"ImageObject\",\"url\":\"https:\\\/\\\/www.encontrabelem.com.br\\\/sobre\\\/wp-content\\\/uploads\\\/2026\\\/02\\\/acompanhe-ao-vivo-audiencia-para-coletar-sugestoes-de-eleitores-indigenas-sobre-as-regras-das-eleico.webp\",\"width\":280,\"height\":280,\"caption\":\"audi\\u00eancia p\\u00fablica elei\\u00e7\\u00f5es 2026\"},\"datePublished\":\"2026-02-14T13:55:08-03:00\",\"dateModified\":\"2026-02-14T13:55:08-03:00\",\"inLanguage\":\"pt-BR\",\"mainEntityOfPage\":{\"@id\":\"https:\\\/\\\/www.encontrabelem.com.br\\\/sobre\\\/acompanhe-ao-vivo-audiencia-para-coletar-sugestoes-de-eleitores-indigenas-sobre-as-regras-das-eleicoes-2026#webpage\"},\"isPartOf\":{\"@id\":\"https:\\\/\\\/www.encontrabelem.com.br\\\/sobre\\\/acompanhe-ao-vivo-audiencia-para-coletar-sugestoes-de-eleitores-indigenas-sobre-as-regras-das-eleicoes-2026#webpage\"},\"articleSection\":\"Not\\u00edcias Bel\\u00e9m\"},{\"@type\":\"BreadcrumbList\",\"@id\":\"https:\\\/\\\/www.encontrabelem.com.br\\\/sobre\\\/acompanhe-ao-vivo-audiencia-para-coletar-sugestoes-de-eleitores-indigenas-sobre-as-regras-das-eleicoes-2026#breadcrumblist\",\"itemListElement\":[{\"@type\":\"ListItem\",\"@id\":\"https:\\\/\\\/www.encontrabelem.com.br\\\/sobre#listItem\",\"position\":1,\"name\":\"In\\u00edcio\",\"item\":\"https:\\\/\\\/www.encontrabelem.com.br\\\/sobre\",\"nextItem\":{\"@type\":\"ListItem\",\"@id\":\"https:\\\/\\\/www.encontrabelem.com.br\\\/sobre\\\/noticias-em-belem#listItem\",\"name\":\"Not\\u00edcias Bel\\u00e9m\"}},{\"@type\":\"ListItem\",\"@id\":\"https:\\\/\\\/www.encontrabelem.com.br\\\/sobre\\\/noticias-em-belem#listItem\",\"position\":2,\"name\":\"Not\\u00edcias Bel\\u00e9m\",\"item\":\"https:\\\/\\\/www.encontrabelem.com.br\\\/sobre\\\/noticias-em-belem\",\"nextItem\":{\"@type\":\"ListItem\",\"@id\":\"https:\\\/\\\/www.encontrabelem.com.br\\\/sobre\\\/acompanhe-ao-vivo-audiencia-para-coletar-sugestoes-de-eleitores-indigenas-sobre-as-regras-das-eleicoes-2026#listItem\",\"name\":\"Acompanhe, ao vivo, audi\\u00eancia para coletar sugest\\u00f5es de eleitores ind\\u00edgenas sobre as regras das Elei\\u00e7\\u00f5es 2026\"},\"previousItem\":{\"@type\":\"ListItem\",\"@id\":\"https:\\\/\\\/www.encontrabelem.com.br\\\/sobre#listItem\",\"name\":\"In\\u00edcio\"}},{\"@type\":\"ListItem\",\"@id\":\"https:\\\/\\\/www.encontrabelem.com.br\\\/sobre\\\/acompanhe-ao-vivo-audiencia-para-coletar-sugestoes-de-eleitores-indigenas-sobre-as-regras-das-eleicoes-2026#listItem\",\"position\":3,\"name\":\"Acompanhe, ao vivo, audi\\u00eancia para coletar sugest\\u00f5es de eleitores ind\\u00edgenas sobre as regras das Elei\\u00e7\\u00f5es 2026\",\"previousItem\":{\"@type\":\"ListItem\",\"@id\":\"https:\\\/\\\/www.encontrabelem.com.br\\\/sobre\\\/noticias-em-belem#listItem\",\"name\":\"Not\\u00edcias Bel\\u00e9m\"}}]},{\"@type\":\"Organization\",\"@id\":\"https:\\\/\\\/www.encontrabelem.com.br\\\/sobre\\\/#organization\",\"name\":\"Encontra Bel\\u00e9m\",\"description\":\"Not\\u00edcias, eventos, informa\\u00e7\\u00f5es e dicas na cidade Bel\\u00e9m e regi\\u00e3o.\",\"url\":\"https:\\\/\\\/www.encontrabelem.com.br\\\/sobre\\\/\"},{\"@type\":\"Person\",\"@id\":\"https:\\\/\\\/www.encontrabelem.com.br\\\/sobre\\\/author\\\/ebelem#author\",\"url\":\"https:\\\/\\\/www.encontrabelem.com.br\\\/sobre\\\/author\\\/ebelem\",\"name\":\"Encontra Bel\\u00e9m\",\"image\":{\"@type\":\"ImageObject\",\"@id\":\"https:\\\/\\\/www.encontrabelem.com.br\\\/sobre\\\/acompanhe-ao-vivo-audiencia-para-coletar-sugestoes-de-eleitores-indigenas-sobre-as-regras-das-eleicoes-2026#authorImage\",\"url\":\"https:\\\/\\\/secure.gravatar.com\\\/avatar\\\/507340682b8270222e1f208e23198b6ae7e2c6a1033ae84e99bc6bce4f82a387?s=96&d=mm&r=g\",\"width\":96,\"height\":96,\"caption\":\"Encontra Bel\\u00e9m\"}},{\"@type\":\"WebPage\",\"@id\":\"https:\\\/\\\/www.encontrabelem.com.br\\\/sobre\\\/acompanhe-ao-vivo-audiencia-para-coletar-sugestoes-de-eleitores-indigenas-sobre-as-regras-das-eleicoes-2026#webpage\",\"url\":\"https:\\\/\\\/www.encontrabelem.com.br\\\/sobre\\\/acompanhe-ao-vivo-audiencia-para-coletar-sugestoes-de-eleitores-indigenas-sobre-as-regras-das-eleicoes-2026\",\"name\":\"Acompanhe, ao vivo, audi\\u00eancia para coletar sugest\\u00f5es de eleitores ind\\u00edgenas sobre as regras das Elei\\u00e7\\u00f5es 2026 | Encontra Bel\\u00e9m\",\"description\":\"A audi\\u00eancia p\\u00fablica para eleitores ind\\u00edgenas das elei\\u00e7\\u00f5es 2026 ser\\u00e1 transmitida ao vivo.\",\"inLanguage\":\"pt-BR\",\"isPartOf\":{\"@id\":\"https:\\\/\\\/www.encontrabelem.com.br\\\/sobre\\\/#website\"},\"breadcrumb\":{\"@id\":\"https:\\\/\\\/www.encontrabelem.com.br\\\/sobre\\\/acompanhe-ao-vivo-audiencia-para-coletar-sugestoes-de-eleitores-indigenas-sobre-as-regras-das-eleicoes-2026#breadcrumblist\"},\"author\":{\"@id\":\"https:\\\/\\\/www.encontrabelem.com.br\\\/sobre\\\/author\\\/ebelem#author\"},\"creator\":{\"@id\":\"https:\\\/\\\/www.encontrabelem.com.br\\\/sobre\\\/author\\\/ebelem#author\"},\"image\":{\"@type\":\"ImageObject\",\"url\":\"https:\\\/\\\/www.encontrabelem.com.br\\\/sobre\\\/wp-content\\\/uploads\\\/2026\\\/02\\\/acompanhe-ao-vivo-audiencia-para-coletar-sugestoes-de-eleitores-indigenas-sobre-as-regras-das-eleico.webp\",\"@id\":\"https:\\\/\\\/www.encontrabelem.com.br\\\/sobre\\\/acompanhe-ao-vivo-audiencia-para-coletar-sugestoes-de-eleitores-indigenas-sobre-as-regras-das-eleicoes-2026\\\/#mainImage\",\"width\":280,\"height\":280,\"caption\":\"audi\\u00eancia p\\u00fablica elei\\u00e7\\u00f5es 2026\"},\"primaryImageOfPage\":{\"@id\":\"https:\\\/\\\/www.encontrabelem.com.br\\\/sobre\\\/acompanhe-ao-vivo-audiencia-para-coletar-sugestoes-de-eleitores-indigenas-sobre-as-regras-das-eleicoes-2026#mainImage\"},\"datePublished\":\"2026-02-14T13:55:08-03:00\",\"dateModified\":\"2026-02-14T13:55:08-03:00\"},{\"@type\":\"WebSite\",\"@id\":\"https:\\\/\\\/www.encontrabelem.com.br\\\/sobre\\\/#website\",\"url\":\"https:\\\/\\\/www.encontrabelem.com.br\\\/sobre\\\/\",\"name\":\"Encontra Bel\\u00e9m\",\"description\":\"Not\\u00edcias, eventos, informa\\u00e7\\u00f5es e dicas na cidade Bel\\u00e9m e regi\\u00e3o.\",\"inLanguage\":\"pt-BR\",\"publisher\":{\"@id\":\"https:\\\/\\\/www.encontrabelem.com.br\\\/sobre\\\/#organization\"}}]}\n\t\t<\/script>\n\t\t<!-- All in One SEO -->\n\n","aioseo_head_json":{"title":"Acompanhe, ao vivo, audi\u00eancia para coletar sugest\u00f5es de eleitores ind\u00edgenas sobre as regras das Elei\u00e7\u00f5es 2026 | Encontra Bel\u00e9m","description":"A audi\u00eancia p\u00fablica para eleitores ind\u00edgenas das elei\u00e7\u00f5es 2026 ser\u00e1 transmitida ao vivo.","canonical_url":"https:\/\/www.encontrabelem.com.br\/sobre\/acompanhe-ao-vivo-audiencia-para-coletar-sugestoes-de-eleitores-indigenas-sobre-as-regras-das-eleicoes-2026","robots":"max-image-preview:large","keywords":"","webmasterTools":{"miscellaneous":""},"schema":{"@context":"https:\/\/schema.org","@graph":[{"@type":"Article","@id":"https:\/\/www.encontrabelem.com.br\/sobre\/acompanhe-ao-vivo-audiencia-para-coletar-sugestoes-de-eleitores-indigenas-sobre-as-regras-das-eleicoes-2026#article","name":"Acompanhe, ao vivo, audi\u00eancia para coletar sugest\u00f5es de eleitores ind\u00edgenas sobre as regras das Elei\u00e7\u00f5es 2026 | Encontra Bel\u00e9m","headline":"Acompanhe, ao vivo, audi\u00eancia para coletar sugest\u00f5es de eleitores ind\u00edgenas sobre as regras das Elei\u00e7\u00f5es 2026","author":{"@id":"https:\/\/www.encontrabelem.com.br\/sobre\/author\/ebelem#author"},"publisher":{"@id":"https:\/\/www.encontrabelem.com.br\/sobre\/#organization"},"image":{"@type":"ImageObject","url":"https:\/\/www.encontrabelem.com.br\/sobre\/wp-content\/uploads\/2026\/02\/acompanhe-ao-vivo-audiencia-para-coletar-sugestoes-de-eleitores-indigenas-sobre-as-regras-das-eleico.webp","width":280,"height":280,"caption":"audi\u00eancia p\u00fablica elei\u00e7\u00f5es 2026"},"datePublished":"2026-02-14T13:55:08-03:00","dateModified":"2026-02-14T13:55:08-03:00","inLanguage":"pt-BR","mainEntityOfPage":{"@id":"https:\/\/www.encontrabelem.com.br\/sobre\/acompanhe-ao-vivo-audiencia-para-coletar-sugestoes-de-eleitores-indigenas-sobre-as-regras-das-eleicoes-2026#webpage"},"isPartOf":{"@id":"https:\/\/www.encontrabelem.com.br\/sobre\/acompanhe-ao-vivo-audiencia-para-coletar-sugestoes-de-eleitores-indigenas-sobre-as-regras-das-eleicoes-2026#webpage"},"articleSection":"Not\u00edcias Bel\u00e9m"},{"@type":"BreadcrumbList","@id":"https:\/\/www.encontrabelem.com.br\/sobre\/acompanhe-ao-vivo-audiencia-para-coletar-sugestoes-de-eleitores-indigenas-sobre-as-regras-das-eleicoes-2026#breadcrumblist","itemListElement":[{"@type":"ListItem","@id":"https:\/\/www.encontrabelem.com.br\/sobre#listItem","position":1,"name":"In\u00edcio","item":"https:\/\/www.encontrabelem.com.br\/sobre","nextItem":{"@type":"ListItem","@id":"https:\/\/www.encontrabelem.com.br\/sobre\/noticias-em-belem#listItem","name":"Not\u00edcias Bel\u00e9m"}},{"@type":"ListItem","@id":"https:\/\/www.encontrabelem.com.br\/sobre\/noticias-em-belem#listItem","position":2,"name":"Not\u00edcias Bel\u00e9m","item":"https:\/\/www.encontrabelem.com.br\/sobre\/noticias-em-belem","nextItem":{"@type":"ListItem","@id":"https:\/\/www.encontrabelem.com.br\/sobre\/acompanhe-ao-vivo-audiencia-para-coletar-sugestoes-de-eleitores-indigenas-sobre-as-regras-das-eleicoes-2026#listItem","name":"Acompanhe, ao vivo, audi\u00eancia para coletar sugest\u00f5es de eleitores ind\u00edgenas sobre as regras das Elei\u00e7\u00f5es 2026"},"previousItem":{"@type":"ListItem","@id":"https:\/\/www.encontrabelem.com.br\/sobre#listItem","name":"In\u00edcio"}},{"@type":"ListItem","@id":"https:\/\/www.encontrabelem.com.br\/sobre\/acompanhe-ao-vivo-audiencia-para-coletar-sugestoes-de-eleitores-indigenas-sobre-as-regras-das-eleicoes-2026#listItem","position":3,"name":"Acompanhe, ao vivo, audi\u00eancia para coletar sugest\u00f5es de eleitores ind\u00edgenas sobre as regras das Elei\u00e7\u00f5es 2026","previousItem":{"@type":"ListItem","@id":"https:\/\/www.encontrabelem.com.br\/sobre\/noticias-em-belem#listItem","name":"Not\u00edcias Bel\u00e9m"}}]},{"@type":"Organization","@id":"https:\/\/www.encontrabelem.com.br\/sobre\/#organization","name":"Encontra Bel\u00e9m","description":"Not\u00edcias, eventos, informa\u00e7\u00f5es e dicas na cidade Bel\u00e9m e regi\u00e3o.","url":"https:\/\/www.encontrabelem.com.br\/sobre\/"},{"@type":"Person","@id":"https:\/\/www.encontrabelem.com.br\/sobre\/author\/ebelem#author","url":"https:\/\/www.encontrabelem.com.br\/sobre\/author\/ebelem","name":"Encontra Bel\u00e9m","image":{"@type":"ImageObject","@id":"https:\/\/www.encontrabelem.com.br\/sobre\/acompanhe-ao-vivo-audiencia-para-coletar-sugestoes-de-eleitores-indigenas-sobre-as-regras-das-eleicoes-2026#authorImage","url":"https:\/\/secure.gravatar.com\/avatar\/507340682b8270222e1f208e23198b6ae7e2c6a1033ae84e99bc6bce4f82a387?s=96&d=mm&r=g","width":96,"height":96,"caption":"Encontra Bel\u00e9m"}},{"@type":"WebPage","@id":"https:\/\/www.encontrabelem.com.br\/sobre\/acompanhe-ao-vivo-audiencia-para-coletar-sugestoes-de-eleitores-indigenas-sobre-as-regras-das-eleicoes-2026#webpage","url":"https:\/\/www.encontrabelem.com.br\/sobre\/acompanhe-ao-vivo-audiencia-para-coletar-sugestoes-de-eleitores-indigenas-sobre-as-regras-das-eleicoes-2026","name":"Acompanhe, ao vivo, audi\u00eancia para coletar sugest\u00f5es de eleitores ind\u00edgenas sobre as regras das Elei\u00e7\u00f5es 2026 | Encontra Bel\u00e9m","description":"A audi\u00eancia p\u00fablica para eleitores ind\u00edgenas das elei\u00e7\u00f5es 2026 ser\u00e1 transmitida ao vivo.","inLanguage":"pt-BR","isPartOf":{"@id":"https:\/\/www.encontrabelem.com.br\/sobre\/#website"},"breadcrumb":{"@id":"https:\/\/www.encontrabelem.com.br\/sobre\/acompanhe-ao-vivo-audiencia-para-coletar-sugestoes-de-eleitores-indigenas-sobre-as-regras-das-eleicoes-2026#breadcrumblist"},"author":{"@id":"https:\/\/www.encontrabelem.com.br\/sobre\/author\/ebelem#author"},"creator":{"@id":"https:\/\/www.encontrabelem.com.br\/sobre\/author\/ebelem#author"},"image":{"@type":"ImageObject","url":"https:\/\/www.encontrabelem.com.br\/sobre\/wp-content\/uploads\/2026\/02\/acompanhe-ao-vivo-audiencia-para-coletar-sugestoes-de-eleitores-indigenas-sobre-as-regras-das-eleico.webp","@id":"https:\/\/www.encontrabelem.com.br\/sobre\/acompanhe-ao-vivo-audiencia-para-coletar-sugestoes-de-eleitores-indigenas-sobre-as-regras-das-eleicoes-2026\/#mainImage","width":280,"height":280,"caption":"audi\u00eancia p\u00fablica elei\u00e7\u00f5es 2026"},"primaryImageOfPage":{"@id":"https:\/\/www.encontrabelem.com.br\/sobre\/acompanhe-ao-vivo-audiencia-para-coletar-sugestoes-de-eleitores-indigenas-sobre-as-regras-das-eleicoes-2026#mainImage"},"datePublished":"2026-02-14T13:55:08-03:00","dateModified":"2026-02-14T13:55:08-03:00"},{"@type":"WebSite","@id":"https:\/\/www.encontrabelem.com.br\/sobre\/#website","url":"https:\/\/www.encontrabelem.com.br\/sobre\/","name":"Encontra Bel\u00e9m","description":"Not\u00edcias, eventos, informa\u00e7\u00f5es e dicas na cidade Bel\u00e9m e regi\u00e3o.","inLanguage":"pt-BR","publisher":{"@id":"https:\/\/www.encontrabelem.com.br\/sobre\/#organization"}}]},"og:locale":"pt_BR","og:site_name":"Encontra Bel\u00e9m | Not\u00edcias, eventos, informa\u00e7\u00f5es e dicas na cidade Bel\u00e9m e regi\u00e3o.","og:type":"article","og:title":"Acompanhe, ao vivo, audi\u00eancia para coletar sugest\u00f5es de eleitores ind\u00edgenas sobre as regras das Elei\u00e7\u00f5es 2026 | Encontra Bel\u00e9m","og:description":"A audi\u00eancia p\u00fablica para eleitores ind\u00edgenas das elei\u00e7\u00f5es 2026 ser\u00e1 transmitida ao vivo.","og:url":"https:\/\/www.encontrabelem.com.br\/sobre\/acompanhe-ao-vivo-audiencia-para-coletar-sugestoes-de-eleitores-indigenas-sobre-as-regras-das-eleicoes-2026","article:published_time":"2026-02-14T16:55:08+00:00","article:modified_time":"2026-02-14T16:55:08+00:00","twitter:card":"summary","twitter:title":"Acompanhe, ao vivo, audi\u00eancia para coletar sugest\u00f5es de eleitores ind\u00edgenas sobre as regras das Elei\u00e7\u00f5es 2026 | Encontra Bel\u00e9m","twitter:description":"A audi\u00eancia p\u00fablica para eleitores ind\u00edgenas das elei\u00e7\u00f5es 2026 ser\u00e1 transmitida ao vivo."},"aioseo_meta_data":{"post_id":"1323","title":null,"description":null,"keywords":null,"keyphrases":null,"primary_term":null,"canonical_url":null,"og_title":null,"og_description":null,"og_object_type":"default","og_image_type":"default","og_image_url":null,"og_image_width":null,"og_image_height":null,"og_image_custom_url":null,"og_image_custom_fields":null,"og_video":null,"og_custom_url":null,"og_article_section":null,"og_article_tags":null,"twitter_use_og":false,"twitter_card":"default","twitter_image_type":"default","twitter_image_url":null,"twitter_image_custom_url":null,"twitter_image_custom_fields":null,"twitter_title":null,"twitter_description":null,"schema":{"blockGraphs":[],"customGraphs":[],"default":{"data":{"Article":[],"Course":[],"Dataset":[],"FAQPage":[],"Movie":[],"Person":[],"Product":[],"ProductReview":[],"Car":[],"Recipe":[],"Service":[],"SoftwareApplication":[],"WebPage":[]},"graphName":"Article","isEnabled":true},"graphs":[]},"schema_type":"default","schema_type_options":null,"pillar_content":false,"robots_default":true,"robots_noindex":false,"robots_noarchive":false,"robots_nosnippet":false,"robots_nofollow":false,"robots_noimageindex":false,"robots_noodp":false,"robots_notranslate":false,"robots_max_snippet":null,"robots_max_videopreview":null,"robots_max_imagepreview":"large","priority":null,"frequency":null,"local_seo":null,"breadcrumb_settings":null,"limit_modified_date":false,"ai":null,"created":"2026-02-14 16:55:13","updated":"2026-02-14 17:46:59","focus_keyword":null,"additional_keywords":null,"truseo_locale":null,"seo_analyzer_scan_date":null},"aioseo_breadcrumb":"<div class=\"aioseo-breadcrumbs\"><span class=\"aioseo-breadcrumb\">\n\t\t\t<a href=\"https:\/\/www.encontrabelem.com.br\/sobre\" title=\"In\u00edcio\">In\u00edcio<\/a>\n\t\t<\/span><span class=\"aioseo-breadcrumb-separator\">&raquo;<\/span><span class=\"aioseo-breadcrumb\">\n\t\t\t<a href=\"https:\/\/www.encontrabelem.com.br\/sobre\/noticias-em-belem\" title=\"Not\u00edcias Bel\u00e9m\">Not\u00edcias Bel\u00e9m<\/a>\n\t\t<\/span><span class=\"aioseo-breadcrumb-separator\">&raquo;<\/span><span class=\"aioseo-breadcrumb\">\n\t\t\tAcompanhe, ao vivo, audi\u00eancia para coletar sugest\u00f5es de eleitores ind\u00edgenas sobre as regras das Elei\u00e7\u00f5es 2026\n\t\t<\/span><\/div>","aioseo_breadcrumb_json":[{"label":"In\u00edcio","link":"https:\/\/www.encontrabelem.com.br\/sobre"},{"label":"Not\u00edcias Bel\u00e9m","link":"https:\/\/www.encontrabelem.com.br\/sobre\/noticias-em-belem"},{"label":"Acompanhe, ao vivo, audi\u00eancia para coletar sugest\u00f5es de eleitores ind\u00edgenas sobre as regras das Elei\u00e7\u00f5es 2026","link":"https:\/\/www.encontrabelem.com.br\/sobre\/acompanhe-ao-vivo-audiencia-para-coletar-sugestoes-de-eleitores-indigenas-sobre-as-regras-das-eleicoes-2026"}],"_links":{"self":[{"href":"https:\/\/www.encontrabelem.com.br\/sobre\/wp-json\/wp\/v2\/posts\/1323","targetHints":{"allow":["GET"]}}],"collection":[{"href":"https:\/\/www.encontrabelem.com.br\/sobre\/wp-json\/wp\/v2\/posts"}],"about":[{"href":"https:\/\/www.encontrabelem.com.br\/sobre\/wp-json\/wp\/v2\/types\/post"}],"author":[{"embeddable":true,"href":"https:\/\/www.encontrabelem.com.br\/sobre\/wp-json\/wp\/v2\/users\/1"}],"replies":[{"embeddable":true,"href":"https:\/\/www.encontrabelem.com.br\/sobre\/wp-json\/wp\/v2\/comments?post=1323"}],"version-history":[{"count":0,"href":"https:\/\/www.encontrabelem.com.br\/sobre\/wp-json\/wp\/v2\/posts\/1323\/revisions"}],"wp:featuredmedia":[{"embeddable":true,"href":"https:\/\/www.encontrabelem.com.br\/sobre\/wp-json\/wp\/v2\/media\/1322"}],"wp:attachment":[{"href":"https:\/\/www.encontrabelem.com.br\/sobre\/wp-json\/wp\/v2\/media?parent=1323"}],"wp:term":[{"taxonomy":"category","embeddable":true,"href":"https:\/\/www.encontrabelem.com.br\/sobre\/wp-json\/wp\/v2\/categories?post=1323"},{"taxonomy":"post_tag","embeddable":true,"href":"https:\/\/www.encontrabelem.com.br\/sobre\/wp-json\/wp\/v2\/tags?post=1323"}],"curies":[{"name":"wp","href":"https:\/\/api.w.org\/{rel}","templated":true}]}}