{"id":1258,"date":"2026-02-02T13:55:21","date_gmt":"2026-02-02T16:55:21","guid":{"rendered":"https:\/\/www.encontrabelem.com.br\/sobre\/belem-tera-chuvas-diarias-e-ceu-parcialmente-nublado-na-proxima-semana"},"modified":"2026-02-02T13:55:21","modified_gmt":"2026-02-02T16:55:21","slug":"belem-tera-chuvas-diarias-e-ceu-parcialmente-nublado-na-proxima-semana","status":"publish","type":"post","link":"https:\/\/www.encontrabelem.com.br\/sobre\/belem-tera-chuvas-diarias-e-ceu-parcialmente-nublado-na-proxima-semana","title":{"rendered":"Bel\u00e9m ter\u00e1 chuvas di\u00e1rias e c\u00e9u parcialmente nublado na pr\u00f3xima semana"},"content":{"rendered":"<div class=\"b22802487b0d38c4c6d9f34966e16421\" data-index=\"1\" style=\"float: none; margin:0px;\">\n<!-- Anuncio display - global -->\r\n<ins class=\"adsbygoogle\"\r\n     style=\"display:block\"\r\n     data-ad-client=\"ca-pub-8585364105181520\"\r\n     data-ad-slot=\"8789329856\"\r\n     data-ad-format=\"auto\"\r\n     data-full-width-responsive=\"true\"><\/ins>\r\n<script>\r\n     (adsbygoogle = window.adsbygoogle || []).push({});\r\n<\/script>\n<\/div>\n<h2>Previs\u00e3o do Tempo em Bel\u00e9m<\/h2>\n<p>Durante a semana de 19 a 25 de janeiro de 2026, Bel\u00e9m experimentar\u00e1 condi\u00e7\u00f5es clim\u00e1ticas t\u00edpicas do ver\u00e3o amaz\u00f4nico, caracterizadas por chuva di\u00e1ria e c\u00e9u parcialmente nublado. A taxa de possibilidade de chuvas \u00e9 de 100% todos os dias, com precipita\u00e7\u00f5es variando entre 3,6 e 10,6 mil\u00edmetros.<\/p>\n<h2>Temperaturas para a Pr\u00f3xima Semana<\/h2>\n<p>A seguir, est\u00e3o as temperaturas esperadas em Bel\u00e9m para cada dia da semana:<\/p>\n<ul>\n<li><strong>Segunda-feira, 19 de janeiro:<\/strong> m\u00ednima de 24\u00b0C e m\u00e1xima de 30\u00b0C<\/li>\n<li><strong>Ter\u00e7a-feira, 20 de janeiro:<\/strong> m\u00ednima de 23\u00b0C e m\u00e1xima de 30\u00b0C<\/li>\n<li><strong>Quarta-feira, 21 de janeiro:<\/strong> m\u00ednima de 22\u00b0C e m\u00e1xima de 31\u00b0C<\/li>\n<li><strong>Quinta-feira, 22 de janeiro:<\/strong> m\u00ednima de 22\u00b0C e m\u00e1xima de 32\u00b0C<\/li>\n<li><strong>Sexta-feira, 23 de janeiro:<\/strong> m\u00ednima de 23\u00b0C e m\u00e1xima de 31\u00b0C<\/li>\n<li><strong>S\u00e1bado, 24 de janeiro:<\/strong> m\u00ednima de 23\u00b0C e m\u00e1xima de 32\u00b0C<\/li>\n<li><strong>Domingo, 25 de janeiro:<\/strong> m\u00ednima de 23\u00b0C e m\u00e1xima de 32\u00b0C<\/li>\n<\/ul>\n<h2>O que Esperar nas Chuvas Di\u00e1rias<\/h2>\n<p>Na segunda-feira, a previs\u00e3o aponta para chuvas leves com c\u00e9u parcialmente nublado. A temperatura varia entre 24\u00b0C e 30\u00b0C, e a sensa\u00e7\u00e3o t\u00e9rmica pode alcan\u00e7ar 32\u00b0C. A previs\u00e3o de precipita\u00e7\u00e3o \u00e9 de 6,9 mm e a umidade relativa do ar estar\u00e1 em 64%, com ventos de 3,5 m\/s e \u00edndice UV de 12,6.<\/p>\n<p><img decoding=\"async\" src=\"https:\/\/www.encontrabelem.com.br\/sobre\/wp-content\/uploads\/2026\/02\/belem-tera-chuvas-diarias-e-ceu-parcialmente-nublado-na-proxima-semana.webp\" alt=\"chuvas di\u00e1rias em Bel\u00e9m\" loading=\"lazy\" \/><\/p>\n<p>No dia seguinte, ter\u00e7a-feira, a previs\u00e3o \u00e9 de chuvas moderadas com o mesmo padr\u00e3o de c\u00e9u. As temperaturas variar\u00e3o entre 23\u00b0C e 30\u00b0C, com sensa\u00e7\u00e3o t\u00e9rmica atingindo at\u00e9 33\u00b0C. Espera-se que o volume total de chuvas chegue a 7,2 mm, a umidade do ar se mantenha em 61% e ventos de 3,3 m\/s.<\/p>\n<p>Quarta-feira trar\u00e1 chuvas moderadas novamente, com temperaturas entre 22\u00b0C e 31\u00b0C, sensa\u00e7\u00e3o t\u00e9rmica de 34\u00b0C e volume de chuvas de 4,6 mm. A umidade do ar dever\u00e1 estar em 57%, com ventos alcan\u00e7ando 4,4 m\/s.<\/p>\n<p>A quinta-feira ser\u00e1 marcada por c\u00e9u parcialmente nublado e chuvas leves, com temperaturas variando de 22\u00b0C a 32\u00b0C e sensa\u00e7\u00e3o t\u00e9rmica podendo chegar a 35\u00b0C. O previsto para o volume de chuvas \u00e9 de 4 mm e a umidade do ar se estipula em 54%, com ventos na faixa dos 3,4 m\/s.<\/p>\n<p>Na sexta-feira, as chuvas leves continuar\u00e3o, com c\u00e9u parcialmente nublado. As temperaturas variar\u00e3o entre 23\u00b0C e 31\u00b0C, e a sensa\u00e7\u00e3o t\u00e9rmica poder\u00e1 chegar a 34\u00b0C, com o volume de chuvas atingindo 10,6 mm, maior da semana. A umidade do ar se manter\u00e1 em 56% e os ventos a 2,9 m\/s.<\/p>\n<p>S\u00e1bado trar\u00e1 chuvas leves e temperatura entre 23\u00b0C e 32\u00b0C. A sensa\u00e7\u00e3o t\u00e9rmica ser\u00e1 de at\u00e9 35\u00b0C, e espera-se que a precipita\u00e7\u00e3o seja de 6,5 mm. O n\u00edvel de umidade do ar estar\u00e1 em 53%, com ventos a 3,6 m\/s.<\/p>\n<p>Finalmente, domingo come\u00e7ar\u00e1 com c\u00e9u parcialmente nublado e chuvas esperadas para a tarde. As temperaturas devem variar entre 23\u00b0C a 32\u00b0C, com sensa\u00e7\u00e3o t\u00e9rmica m\u00e1xima de 35\u00b0C. A previs\u00e3o de chuvas \u00e9 de 3,6 mm e humidade relativa em 54%, com ventos a 3,3 m\/s.<\/p>\n<h2>Impacto da Umidade do Ar<\/h2>\n<p>Durante a semana, a umidade relativa do ar ir\u00e1 variar entre 53% e 64%. Essa umidade influencia diretamente a sensa\u00e7\u00e3o t\u00e9rmica, tornando os dias mais quentes parecerem ainda mais abafados. A umidade alta \u00e9 uma caracter\u00edstica comum no ver\u00e3o amaz\u00f4nico, e os moradores de Bel\u00e9m, assim como os visitantes, precisam se preparar para essas condi\u00e7\u00f5es clim\u00e1ticas.<\/p>\n<h2>Como o Clima Afeta a Cidade<\/h2>\n<p>O clima em Bel\u00e9m, que \u00e9 marcado por umidade e chuvas frequentes, impacta diretamente v\u00e1rias atividades cotidianas. O crescimento da vegeta\u00e7\u00e3o \u00e9 favorecido pelas chuvas, ajudando a manter a rica biodiversidade da regi\u00e3o. No entanto, a umidade elevada pode tamb\u00e9m causar certo desconforto, especialmente em atividades ao ar livre.<\/p>\n<h2>Dicas para Aproveitar o Ver\u00e3o em Bel\u00e9m<\/h2>\n<p>Embora a previs\u00e3o do tempo indique chuvas, \u00e9 poss\u00edvel aproveitar o ver\u00e3o em Bel\u00e9m:<\/p>\n<ul>\n<li><strong>Planeje atividades em hor\u00e1rios estrat\u00e9gicos:<\/strong> Aproveite as manh\u00e3s e as tardes, reserve a parte da noite para atividades internas.<\/li>\n<li><strong>Utilize roupas leves:<\/strong> Tecidos leves e arejados ajudam a minimizar o desconforto da umidade.<\/li>\n<li><strong>Fique atento \u00e0s chuvas:<\/strong> Verifique a previs\u00e3o do tempo diariamente para ajustar seus planos.<\/li>\n<li><strong>Mantenha-se hidratado:<\/strong> A ingest\u00e3o regular de \u00e1gua \u00e9 fundamental, especialmente em dias quentes.<\/li>\n<\/ul>\n<h2>Cuidado com o \u00cdndice UV<\/h2>\n<p>A previs\u00e3o do tempo indica um \u00edndice UV alto nesta semana, com valores atingindo at\u00e9 12,6. Isso significa que \u00e9 essencial proteger-se contra os danos solares:<\/p>\n<ul>\n<li><strong>Use protetor solar:<\/strong> Aplique uma quantidade adequada de protetor solar para evitar queimaduras.<\/li>\n<li><strong>Use roupas de prote\u00e7\u00e3o:<\/strong> Camisas de manga longa e chap\u00e9us ajudam a proteger a pele do sol.<\/li>\n<li><strong>Evite exposi\u00e7\u00e3o prolongada:<\/strong> Procure ficar em \u00e1reas sombreadas durante o pico de radia\u00e7\u00e3o solar.<\/li>\n<\/ul>\n<h2>Atividades ao Ar Livre Durante as Chuvas<\/h2>\n<p>Mesmo com a previs\u00e3o de chuvas, h\u00e1 op\u00e7\u00f5es de entretenimento em Bel\u00e9m. Considere:<\/p>\n<ul>\n<li><strong>Visitar museus:<\/strong> Os museus da cidade s\u00e3o \u00f3timos para explorar a cultura local.<\/li>\n<li><strong>Experi\u00eancias gastron\u00f4micas:<\/strong> Aproveite a culin\u00e1ria rica da cidade em restaurantes da regi\u00e3o.<\/li>\n<li><strong>Passeios em shoppings:<\/strong> Um \u00f3timo lugar para compras e entretenimento quando a chuva \u00e9 constante.<\/li>\n<\/ul>\n<h2>Como se Preparar para os Dias Chuvosos<\/h2>\n<p>Preparar-se adequadamente pode fazer toda a diferen\u00e7a nos dias chuvosos:<\/p>\n<ul>\n<li><strong>Tenha guarda-chuvas e capas de chuva acess\u00edveis:<\/strong> Sempre leve uma op\u00e7\u00e3o de prote\u00e7\u00e3o contra a chuva.<\/li>\n<li><strong>Use cal\u00e7ados adequados:<\/strong> Opte por cal\u00e7ados \u00e0 prova d&#8217;\u00e1gua para evitar desconforto.<\/li>\n<li><strong>Verifique o tr\u00e2nsito:<\/strong> O clima pode impactar o tr\u00e1fego. Fique de olho nas condi\u00e7\u00f5es das vias.<\/li>\n<\/ul>\n<h2>A Import\u00e2ncia da Previs\u00e3o do Clima<\/h2>\n<p>Consultar a previs\u00e3o do clima \u00e9 essencial, especialmente em locais como Bel\u00e9m, onde a natureza do tempo pode mudar rapidamente. Estar ciente das condi\u00e7\u00f5es clim\u00e1ticas permite que moradores e visitantes planejem suas atividades com mais efic\u00e1cia e seguran\u00e7a, garantindo uma melhor experi\u00eancia na cidade.<\/p>\n\n<div style=\"font-size: 0px; height: 0px; line-height: 0px; margin: 0; padding: 0; clear: both;\"><\/div>","protected":false},"excerpt":{"rendered":"<p>Bel\u00e9m ter\u00e1 chuvas di\u00e1rias e c\u00e9u parcialmente nublado durante a pr\u00f3xima semana.<\/p>\n","protected":false},"author":1,"featured_media":1257,"comment_status":"open","ping_status":"closed","sticky":false,"template":"","format":"standard","meta":{"footnotes":""},"categories":[1],"tags":[],"class_list":["post-1258","post","type-post","status-publish","format-standard","has-post-thumbnail","hentry","category-noticias-em-belem","has_thumb"],"aioseo_notices":[],"aioseo_head":"\n\t\t<!-- All in One SEO 5.0.0.1 - aioseo.com -->\n\t<meta name=\"description\" content=\"Bel\u00e9m ter\u00e1 chuvas di\u00e1rias e c\u00e9u parcialmente nublado durante a pr\u00f3xima semana.\" \/>\n\t<meta name=\"robots\" content=\"max-image-preview:large\" \/>\n\t<meta name=\"author\" content=\"Encontra Bel\u00e9m\"\/>\n\t<link rel=\"canonical\" href=\"https:\/\/www.encontrabelem.com.br\/sobre\/belem-tera-chuvas-diarias-e-ceu-parcialmente-nublado-na-proxima-semana\" \/>\n\t<meta name=\"generator\" content=\"All in One SEO (AIOSEO) 5.0.0.1\" \/>\n\t\t<meta property=\"og:locale\" content=\"pt_BR\" \/>\n\t\t<meta property=\"og:site_name\" content=\"Encontra Bel\u00e9m | Not\u00edcias, eventos, informa\u00e7\u00f5es e dicas na cidade Bel\u00e9m e regi\u00e3o.\" \/>\n\t\t<meta property=\"og:type\" content=\"article\" \/>\n\t\t<meta property=\"og:title\" content=\"Bel\u00e9m ter\u00e1 chuvas di\u00e1rias e c\u00e9u parcialmente nublado na pr\u00f3xima semana | Encontra Bel\u00e9m\" \/>\n\t\t<meta property=\"og:description\" content=\"Bel\u00e9m ter\u00e1 chuvas di\u00e1rias e c\u00e9u parcialmente nublado durante a pr\u00f3xima semana.\" \/>\n\t\t<meta property=\"og:url\" content=\"https:\/\/www.encontrabelem.com.br\/sobre\/belem-tera-chuvas-diarias-e-ceu-parcialmente-nublado-na-proxima-semana\" \/>\n\t\t<meta property=\"article:published_time\" content=\"2026-02-02T16:55:21+00:00\" \/>\n\t\t<meta property=\"article:modified_time\" content=\"2026-02-02T16:55:21+00:00\" \/>\n\t\t<meta name=\"twitter:card\" content=\"summary\" \/>\n\t\t<meta name=\"twitter:title\" content=\"Bel\u00e9m ter\u00e1 chuvas di\u00e1rias e c\u00e9u parcialmente nublado na pr\u00f3xima semana | Encontra Bel\u00e9m\" \/>\n\t\t<meta name=\"twitter:description\" content=\"Bel\u00e9m ter\u00e1 chuvas di\u00e1rias e c\u00e9u parcialmente nublado durante a pr\u00f3xima semana.\" \/>\n\t\t<script type=\"application\/ld+json\" class=\"aioseo-schema\">\n\t\t\t{\"@context\":\"https:\\\/\\\/schema.org\",\"@graph\":[{\"@type\":\"Article\",\"@id\":\"https:\\\/\\\/www.encontrabelem.com.br\\\/sobre\\\/belem-tera-chuvas-diarias-e-ceu-parcialmente-nublado-na-proxima-semana#article\",\"name\":\"Bel\\u00e9m ter\\u00e1 chuvas di\\u00e1rias e c\\u00e9u parcialmente nublado na pr\\u00f3xima semana | Encontra Bel\\u00e9m\",\"headline\":\"Bel\\u00e9m ter\\u00e1 chuvas di\\u00e1rias e c\\u00e9u parcialmente nublado na pr\\u00f3xima semana\",\"author\":{\"@id\":\"https:\\\/\\\/www.encontrabelem.com.br\\\/sobre\\\/author\\\/ebelem#author\"},\"publisher\":{\"@id\":\"https:\\\/\\\/www.encontrabelem.com.br\\\/sobre\\\/#organization\"},\"image\":{\"@type\":\"ImageObject\",\"url\":\"https:\\\/\\\/www.encontrabelem.com.br\\\/sobre\\\/wp-content\\\/uploads\\\/2026\\\/02\\\/belem-tera-chuvas-diarias-e-ceu-parcialmente-nublado-na-proxima-semana.webp\",\"width\":280,\"height\":280,\"caption\":\"chuvas di\\u00e1rias em Bel\\u00e9m\"},\"datePublished\":\"2026-02-02T13:55:21-03:00\",\"dateModified\":\"2026-02-02T13:55:21-03:00\",\"inLanguage\":\"pt-BR\",\"mainEntityOfPage\":{\"@id\":\"https:\\\/\\\/www.encontrabelem.com.br\\\/sobre\\\/belem-tera-chuvas-diarias-e-ceu-parcialmente-nublado-na-proxima-semana#webpage\"},\"isPartOf\":{\"@id\":\"https:\\\/\\\/www.encontrabelem.com.br\\\/sobre\\\/belem-tera-chuvas-diarias-e-ceu-parcialmente-nublado-na-proxima-semana#webpage\"},\"articleSection\":\"Not\\u00edcias Bel\\u00e9m\"},{\"@type\":\"BreadcrumbList\",\"@id\":\"https:\\\/\\\/www.encontrabelem.com.br\\\/sobre\\\/belem-tera-chuvas-diarias-e-ceu-parcialmente-nublado-na-proxima-semana#breadcrumblist\",\"itemListElement\":[{\"@type\":\"ListItem\",\"@id\":\"https:\\\/\\\/www.encontrabelem.com.br\\\/sobre#listItem\",\"position\":1,\"name\":\"In\\u00edcio\",\"item\":\"https:\\\/\\\/www.encontrabelem.com.br\\\/sobre\",\"nextItem\":{\"@type\":\"ListItem\",\"@id\":\"https:\\\/\\\/www.encontrabelem.com.br\\\/sobre\\\/noticias-em-belem#listItem\",\"name\":\"Not\\u00edcias Bel\\u00e9m\"}},{\"@type\":\"ListItem\",\"@id\":\"https:\\\/\\\/www.encontrabelem.com.br\\\/sobre\\\/noticias-em-belem#listItem\",\"position\":2,\"name\":\"Not\\u00edcias Bel\\u00e9m\",\"item\":\"https:\\\/\\\/www.encontrabelem.com.br\\\/sobre\\\/noticias-em-belem\",\"nextItem\":{\"@type\":\"ListItem\",\"@id\":\"https:\\\/\\\/www.encontrabelem.com.br\\\/sobre\\\/belem-tera-chuvas-diarias-e-ceu-parcialmente-nublado-na-proxima-semana#listItem\",\"name\":\"Bel\\u00e9m ter\\u00e1 chuvas di\\u00e1rias e c\\u00e9u parcialmente nublado na pr\\u00f3xima semana\"},\"previousItem\":{\"@type\":\"ListItem\",\"@id\":\"https:\\\/\\\/www.encontrabelem.com.br\\\/sobre#listItem\",\"name\":\"In\\u00edcio\"}},{\"@type\":\"ListItem\",\"@id\":\"https:\\\/\\\/www.encontrabelem.com.br\\\/sobre\\\/belem-tera-chuvas-diarias-e-ceu-parcialmente-nublado-na-proxima-semana#listItem\",\"position\":3,\"name\":\"Bel\\u00e9m ter\\u00e1 chuvas di\\u00e1rias e c\\u00e9u parcialmente nublado na pr\\u00f3xima semana\",\"previousItem\":{\"@type\":\"ListItem\",\"@id\":\"https:\\\/\\\/www.encontrabelem.com.br\\\/sobre\\\/noticias-em-belem#listItem\",\"name\":\"Not\\u00edcias Bel\\u00e9m\"}}]},{\"@type\":\"Organization\",\"@id\":\"https:\\\/\\\/www.encontrabelem.com.br\\\/sobre\\\/#organization\",\"name\":\"Encontra Bel\\u00e9m\",\"description\":\"Not\\u00edcias, eventos, informa\\u00e7\\u00f5es e dicas na cidade Bel\\u00e9m e regi\\u00e3o.\",\"url\":\"https:\\\/\\\/www.encontrabelem.com.br\\\/sobre\\\/\"},{\"@type\":\"Person\",\"@id\":\"https:\\\/\\\/www.encontrabelem.com.br\\\/sobre\\\/author\\\/ebelem#author\",\"url\":\"https:\\\/\\\/www.encontrabelem.com.br\\\/sobre\\\/author\\\/ebelem\",\"name\":\"Encontra Bel\\u00e9m\",\"image\":{\"@type\":\"ImageObject\",\"@id\":\"https:\\\/\\\/www.encontrabelem.com.br\\\/sobre\\\/belem-tera-chuvas-diarias-e-ceu-parcialmente-nublado-na-proxima-semana#authorImage\",\"url\":\"https:\\\/\\\/secure.gravatar.com\\\/avatar\\\/507340682b8270222e1f208e23198b6ae7e2c6a1033ae84e99bc6bce4f82a387?s=96&d=mm&r=g\",\"width\":96,\"height\":96,\"caption\":\"Encontra Bel\\u00e9m\"}},{\"@type\":\"WebPage\",\"@id\":\"https:\\\/\\\/www.encontrabelem.com.br\\\/sobre\\\/belem-tera-chuvas-diarias-e-ceu-parcialmente-nublado-na-proxima-semana#webpage\",\"url\":\"https:\\\/\\\/www.encontrabelem.com.br\\\/sobre\\\/belem-tera-chuvas-diarias-e-ceu-parcialmente-nublado-na-proxima-semana\",\"name\":\"Bel\\u00e9m ter\\u00e1 chuvas di\\u00e1rias e c\\u00e9u parcialmente nublado na pr\\u00f3xima semana | Encontra Bel\\u00e9m\",\"description\":\"Bel\\u00e9m ter\\u00e1 chuvas di\\u00e1rias e c\\u00e9u parcialmente nublado durante a pr\\u00f3xima semana.\",\"inLanguage\":\"pt-BR\",\"isPartOf\":{\"@id\":\"https:\\\/\\\/www.encontrabelem.com.br\\\/sobre\\\/#website\"},\"breadcrumb\":{\"@id\":\"https:\\\/\\\/www.encontrabelem.com.br\\\/sobre\\\/belem-tera-chuvas-diarias-e-ceu-parcialmente-nublado-na-proxima-semana#breadcrumblist\"},\"author\":{\"@id\":\"https:\\\/\\\/www.encontrabelem.com.br\\\/sobre\\\/author\\\/ebelem#author\"},\"creator\":{\"@id\":\"https:\\\/\\\/www.encontrabelem.com.br\\\/sobre\\\/author\\\/ebelem#author\"},\"image\":{\"@type\":\"ImageObject\",\"url\":\"https:\\\/\\\/www.encontrabelem.com.br\\\/sobre\\\/wp-content\\\/uploads\\\/2026\\\/02\\\/belem-tera-chuvas-diarias-e-ceu-parcialmente-nublado-na-proxima-semana.webp\",\"@id\":\"https:\\\/\\\/www.encontrabelem.com.br\\\/sobre\\\/belem-tera-chuvas-diarias-e-ceu-parcialmente-nublado-na-proxima-semana\\\/#mainImage\",\"width\":280,\"height\":280,\"caption\":\"chuvas di\\u00e1rias em Bel\\u00e9m\"},\"primaryImageOfPage\":{\"@id\":\"https:\\\/\\\/www.encontrabelem.com.br\\\/sobre\\\/belem-tera-chuvas-diarias-e-ceu-parcialmente-nublado-na-proxima-semana#mainImage\"},\"datePublished\":\"2026-02-02T13:55:21-03:00\",\"dateModified\":\"2026-02-02T13:55:21-03:00\"},{\"@type\":\"WebSite\",\"@id\":\"https:\\\/\\\/www.encontrabelem.com.br\\\/sobre\\\/#website\",\"url\":\"https:\\\/\\\/www.encontrabelem.com.br\\\/sobre\\\/\",\"name\":\"Encontra Bel\\u00e9m\",\"description\":\"Not\\u00edcias, eventos, informa\\u00e7\\u00f5es e dicas na cidade Bel\\u00e9m e regi\\u00e3o.\",\"inLanguage\":\"pt-BR\",\"publisher\":{\"@id\":\"https:\\\/\\\/www.encontrabelem.com.br\\\/sobre\\\/#organization\"}}]}\n\t\t<\/script>\n\t\t<!-- All in One SEO -->\n\n","aioseo_head_json":{"title":"Bel\u00e9m ter\u00e1 chuvas di\u00e1rias e c\u00e9u parcialmente nublado na pr\u00f3xima semana | Encontra Bel\u00e9m","description":"Bel\u00e9m ter\u00e1 chuvas di\u00e1rias e c\u00e9u parcialmente nublado durante a pr\u00f3xima semana.","canonical_url":"https:\/\/www.encontrabelem.com.br\/sobre\/belem-tera-chuvas-diarias-e-ceu-parcialmente-nublado-na-proxima-semana","robots":"max-image-preview:large","keywords":"","webmasterTools":{"miscellaneous":""},"schema":{"@context":"https:\/\/schema.org","@graph":[{"@type":"Article","@id":"https:\/\/www.encontrabelem.com.br\/sobre\/belem-tera-chuvas-diarias-e-ceu-parcialmente-nublado-na-proxima-semana#article","name":"Bel\u00e9m ter\u00e1 chuvas di\u00e1rias e c\u00e9u parcialmente nublado na pr\u00f3xima semana | Encontra Bel\u00e9m","headline":"Bel\u00e9m ter\u00e1 chuvas di\u00e1rias e c\u00e9u parcialmente nublado na pr\u00f3xima semana","author":{"@id":"https:\/\/www.encontrabelem.com.br\/sobre\/author\/ebelem#author"},"publisher":{"@id":"https:\/\/www.encontrabelem.com.br\/sobre\/#organization"},"image":{"@type":"ImageObject","url":"https:\/\/www.encontrabelem.com.br\/sobre\/wp-content\/uploads\/2026\/02\/belem-tera-chuvas-diarias-e-ceu-parcialmente-nublado-na-proxima-semana.webp","width":280,"height":280,"caption":"chuvas di\u00e1rias em Bel\u00e9m"},"datePublished":"2026-02-02T13:55:21-03:00","dateModified":"2026-02-02T13:55:21-03:00","inLanguage":"pt-BR","mainEntityOfPage":{"@id":"https:\/\/www.encontrabelem.com.br\/sobre\/belem-tera-chuvas-diarias-e-ceu-parcialmente-nublado-na-proxima-semana#webpage"},"isPartOf":{"@id":"https:\/\/www.encontrabelem.com.br\/sobre\/belem-tera-chuvas-diarias-e-ceu-parcialmente-nublado-na-proxima-semana#webpage"},"articleSection":"Not\u00edcias Bel\u00e9m"},{"@type":"BreadcrumbList","@id":"https:\/\/www.encontrabelem.com.br\/sobre\/belem-tera-chuvas-diarias-e-ceu-parcialmente-nublado-na-proxima-semana#breadcrumblist","itemListElement":[{"@type":"ListItem","@id":"https:\/\/www.encontrabelem.com.br\/sobre#listItem","position":1,"name":"In\u00edcio","item":"https:\/\/www.encontrabelem.com.br\/sobre","nextItem":{"@type":"ListItem","@id":"https:\/\/www.encontrabelem.com.br\/sobre\/noticias-em-belem#listItem","name":"Not\u00edcias Bel\u00e9m"}},{"@type":"ListItem","@id":"https:\/\/www.encontrabelem.com.br\/sobre\/noticias-em-belem#listItem","position":2,"name":"Not\u00edcias Bel\u00e9m","item":"https:\/\/www.encontrabelem.com.br\/sobre\/noticias-em-belem","nextItem":{"@type":"ListItem","@id":"https:\/\/www.encontrabelem.com.br\/sobre\/belem-tera-chuvas-diarias-e-ceu-parcialmente-nublado-na-proxima-semana#listItem","name":"Bel\u00e9m ter\u00e1 chuvas di\u00e1rias e c\u00e9u parcialmente nublado na pr\u00f3xima semana"},"previousItem":{"@type":"ListItem","@id":"https:\/\/www.encontrabelem.com.br\/sobre#listItem","name":"In\u00edcio"}},{"@type":"ListItem","@id":"https:\/\/www.encontrabelem.com.br\/sobre\/belem-tera-chuvas-diarias-e-ceu-parcialmente-nublado-na-proxima-semana#listItem","position":3,"name":"Bel\u00e9m ter\u00e1 chuvas di\u00e1rias e c\u00e9u parcialmente nublado na pr\u00f3xima semana","previousItem":{"@type":"ListItem","@id":"https:\/\/www.encontrabelem.com.br\/sobre\/noticias-em-belem#listItem","name":"Not\u00edcias Bel\u00e9m"}}]},{"@type":"Organization","@id":"https:\/\/www.encontrabelem.com.br\/sobre\/#organization","name":"Encontra Bel\u00e9m","description":"Not\u00edcias, eventos, informa\u00e7\u00f5es e dicas na cidade Bel\u00e9m e regi\u00e3o.","url":"https:\/\/www.encontrabelem.com.br\/sobre\/"},{"@type":"Person","@id":"https:\/\/www.encontrabelem.com.br\/sobre\/author\/ebelem#author","url":"https:\/\/www.encontrabelem.com.br\/sobre\/author\/ebelem","name":"Encontra Bel\u00e9m","image":{"@type":"ImageObject","@id":"https:\/\/www.encontrabelem.com.br\/sobre\/belem-tera-chuvas-diarias-e-ceu-parcialmente-nublado-na-proxima-semana#authorImage","url":"https:\/\/secure.gravatar.com\/avatar\/507340682b8270222e1f208e23198b6ae7e2c6a1033ae84e99bc6bce4f82a387?s=96&d=mm&r=g","width":96,"height":96,"caption":"Encontra Bel\u00e9m"}},{"@type":"WebPage","@id":"https:\/\/www.encontrabelem.com.br\/sobre\/belem-tera-chuvas-diarias-e-ceu-parcialmente-nublado-na-proxima-semana#webpage","url":"https:\/\/www.encontrabelem.com.br\/sobre\/belem-tera-chuvas-diarias-e-ceu-parcialmente-nublado-na-proxima-semana","name":"Bel\u00e9m ter\u00e1 chuvas di\u00e1rias e c\u00e9u parcialmente nublado na pr\u00f3xima semana | Encontra Bel\u00e9m","description":"Bel\u00e9m ter\u00e1 chuvas di\u00e1rias e c\u00e9u parcialmente nublado durante a pr\u00f3xima semana.","inLanguage":"pt-BR","isPartOf":{"@id":"https:\/\/www.encontrabelem.com.br\/sobre\/#website"},"breadcrumb":{"@id":"https:\/\/www.encontrabelem.com.br\/sobre\/belem-tera-chuvas-diarias-e-ceu-parcialmente-nublado-na-proxima-semana#breadcrumblist"},"author":{"@id":"https:\/\/www.encontrabelem.com.br\/sobre\/author\/ebelem#author"},"creator":{"@id":"https:\/\/www.encontrabelem.com.br\/sobre\/author\/ebelem#author"},"image":{"@type":"ImageObject","url":"https:\/\/www.encontrabelem.com.br\/sobre\/wp-content\/uploads\/2026\/02\/belem-tera-chuvas-diarias-e-ceu-parcialmente-nublado-na-proxima-semana.webp","@id":"https:\/\/www.encontrabelem.com.br\/sobre\/belem-tera-chuvas-diarias-e-ceu-parcialmente-nublado-na-proxima-semana\/#mainImage","width":280,"height":280,"caption":"chuvas di\u00e1rias em Bel\u00e9m"},"primaryImageOfPage":{"@id":"https:\/\/www.encontrabelem.com.br\/sobre\/belem-tera-chuvas-diarias-e-ceu-parcialmente-nublado-na-proxima-semana#mainImage"},"datePublished":"2026-02-02T13:55:21-03:00","dateModified":"2026-02-02T13:55:21-03:00"},{"@type":"WebSite","@id":"https:\/\/www.encontrabelem.com.br\/sobre\/#website","url":"https:\/\/www.encontrabelem.com.br\/sobre\/","name":"Encontra Bel\u00e9m","description":"Not\u00edcias, eventos, informa\u00e7\u00f5es e dicas na cidade Bel\u00e9m e regi\u00e3o.","inLanguage":"pt-BR","publisher":{"@id":"https:\/\/www.encontrabelem.com.br\/sobre\/#organization"}}]},"og:locale":"pt_BR","og:site_name":"Encontra Bel\u00e9m | Not\u00edcias, eventos, informa\u00e7\u00f5es e dicas na cidade Bel\u00e9m e regi\u00e3o.","og:type":"article","og:title":"Bel\u00e9m ter\u00e1 chuvas di\u00e1rias e c\u00e9u parcialmente nublado na pr\u00f3xima semana | Encontra Bel\u00e9m","og:description":"Bel\u00e9m ter\u00e1 chuvas di\u00e1rias e c\u00e9u parcialmente nublado durante a pr\u00f3xima semana.","og:url":"https:\/\/www.encontrabelem.com.br\/sobre\/belem-tera-chuvas-diarias-e-ceu-parcialmente-nublado-na-proxima-semana","article:published_time":"2026-02-02T16:55:21+00:00","article:modified_time":"2026-02-02T16:55:21+00:00","twitter:card":"summary","twitter:title":"Bel\u00e9m ter\u00e1 chuvas di\u00e1rias e c\u00e9u parcialmente nublado na pr\u00f3xima semana | Encontra Bel\u00e9m","twitter:description":"Bel\u00e9m ter\u00e1 chuvas di\u00e1rias e c\u00e9u parcialmente nublado durante a pr\u00f3xima semana."},"aioseo_meta_data":{"post_id":"1258","title":null,"description":null,"keywords":null,"keyphrases":null,"primary_term":null,"canonical_url":null,"og_title":null,"og_description":null,"og_object_type":"default","og_image_type":"default","og_image_url":null,"og_image_width":null,"og_image_height":null,"og_image_custom_url":null,"og_image_custom_fields":null,"og_video":null,"og_custom_url":null,"og_article_section":null,"og_article_tags":null,"twitter_use_og":false,"twitter_card":"default","twitter_image_type":"default","twitter_image_url":null,"twitter_image_custom_url":null,"twitter_image_custom_fields":null,"twitter_title":null,"twitter_description":null,"schema":{"blockGraphs":[],"customGraphs":[],"default":{"data":{"Article":[],"Course":[],"Dataset":[],"FAQPage":[],"Movie":[],"Person":[],"Product":[],"ProductReview":[],"Car":[],"Recipe":[],"Service":[],"SoftwareApplication":[],"WebPage":[]},"graphName":"Article","isEnabled":true},"graphs":[]},"schema_type":"default","schema_type_options":null,"pillar_content":false,"robots_default":true,"robots_noindex":false,"robots_noarchive":false,"robots_nosnippet":false,"robots_nofollow":false,"robots_noimageindex":false,"robots_noodp":false,"robots_notranslate":false,"robots_max_snippet":null,"robots_max_videopreview":null,"robots_max_imagepreview":"large","priority":null,"frequency":null,"local_seo":null,"breadcrumb_settings":null,"limit_modified_date":false,"ai":null,"created":"2026-02-02 16:55:26","updated":"2026-02-02 17:27:53","focus_keyword":null,"additional_keywords":null,"truseo_locale":null,"seo_analyzer_scan_date":null},"aioseo_breadcrumb":"<div class=\"aioseo-breadcrumbs\"><span class=\"aioseo-breadcrumb\">\n\t\t\t<a href=\"https:\/\/www.encontrabelem.com.br\/sobre\" title=\"In\u00edcio\">In\u00edcio<\/a>\n\t\t<\/span><span class=\"aioseo-breadcrumb-separator\">&raquo;<\/span><span class=\"aioseo-breadcrumb\">\n\t\t\t<a href=\"https:\/\/www.encontrabelem.com.br\/sobre\/noticias-em-belem\" title=\"Not\u00edcias Bel\u00e9m\">Not\u00edcias Bel\u00e9m<\/a>\n\t\t<\/span><span class=\"aioseo-breadcrumb-separator\">&raquo;<\/span><span class=\"aioseo-breadcrumb\">\n\t\t\tBel\u00e9m ter\u00e1 chuvas di\u00e1rias e c\u00e9u parcialmente nublado na pr\u00f3xima semana\n\t\t<\/span><\/div>","aioseo_breadcrumb_json":[{"label":"In\u00edcio","link":"https:\/\/www.encontrabelem.com.br\/sobre"},{"label":"Not\u00edcias Bel\u00e9m","link":"https:\/\/www.encontrabelem.com.br\/sobre\/noticias-em-belem"},{"label":"Bel\u00e9m ter\u00e1 chuvas di\u00e1rias e c\u00e9u parcialmente nublado na pr\u00f3xima semana","link":"https:\/\/www.encontrabelem.com.br\/sobre\/belem-tera-chuvas-diarias-e-ceu-parcialmente-nublado-na-proxima-semana"}],"_links":{"self":[{"href":"https:\/\/www.encontrabelem.com.br\/sobre\/wp-json\/wp\/v2\/posts\/1258","targetHints":{"allow":["GET"]}}],"collection":[{"href":"https:\/\/www.encontrabelem.com.br\/sobre\/wp-json\/wp\/v2\/posts"}],"about":[{"href":"https:\/\/www.encontrabelem.com.br\/sobre\/wp-json\/wp\/v2\/types\/post"}],"author":[{"embeddable":true,"href":"https:\/\/www.encontrabelem.com.br\/sobre\/wp-json\/wp\/v2\/users\/1"}],"replies":[{"embeddable":true,"href":"https:\/\/www.encontrabelem.com.br\/sobre\/wp-json\/wp\/v2\/comments?post=1258"}],"version-history":[{"count":0,"href":"https:\/\/www.encontrabelem.com.br\/sobre\/wp-json\/wp\/v2\/posts\/1258\/revisions"}],"wp:featuredmedia":[{"embeddable":true,"href":"https:\/\/www.encontrabelem.com.br\/sobre\/wp-json\/wp\/v2\/media\/1257"}],"wp:attachment":[{"href":"https:\/\/www.encontrabelem.com.br\/sobre\/wp-json\/wp\/v2\/media?parent=1258"}],"wp:term":[{"taxonomy":"category","embeddable":true,"href":"https:\/\/www.encontrabelem.com.br\/sobre\/wp-json\/wp\/v2\/categories?post=1258"},{"taxonomy":"post_tag","embeddable":true,"href":"https:\/\/www.encontrabelem.com.br\/sobre\/wp-json\/wp\/v2\/tags?post=1258"}],"curies":[{"name":"wp","href":"https:\/\/api.w.org\/{rel}","templated":true}]}}