{"id":125,"date":"2013-03-08T00:01:43","date_gmt":"2013-03-08T03:01:43","guid":{"rendered":"http:\/\/www.encontrabelem.com.br\/noticias\/?p=125"},"modified":"2023-11-13T11:17:37","modified_gmt":"2023-11-13T14:17:37","slug":"chuva-atingira-belem-paraense-durante-todo-o-mes-de-marco","status":"publish","type":"post","link":"https:\/\/www.encontrabelem.com.br\/sobre\/chuva-atingira-belem-paraense-durante-todo-o-mes-de-marco","title":{"rendered":"Chuva atingir\u00e1 Bel\u00e9m paraense durante todo o m\u00eas de mar\u00e7o"},"content":{"rendered":"<div class=\"b22802487b0d38c4c6d9f34966e16421\" data-index=\"1\" style=\"float: none; margin:0px;\">\n<!-- Anuncio display - global -->\r\n<ins class=\"adsbygoogle\"\r\n     style=\"display:block\"\r\n     data-ad-client=\"ca-pub-8585364105181520\"\r\n     data-ad-slot=\"8789329856\"\r\n     data-ad-format=\"auto\"\r\n     data-full-width-responsive=\"true\"><\/ins>\r\n<script>\r\n     (adsbygoogle = window.adsbygoogle || []).push({});\r\n<\/script>\n<\/div>\n<p>De acordo com o Instituto Nacional de Pesquisas Espaciais (Inpe), a chuva talvez n\u00e3o d\u00ea tr\u00e9gua\u00a0a capital paraense na ter\u00e7a-feira (5). Segundo o Instituto, o tempo em Bel\u00e9m estar\u00e1 nublado e a probabilidade para chover, \u00e9 de 80%.<\/p>\n<p>Quem mora em Bel\u00e9m parece estar acostumado com aquela famosa &#8216;chuvinha da tarde&#8217;, por\u00e9m, nos \u00faltimos dias, Bel\u00e9m tem sido &#8216;despertada&#8217; com pancadas de chuvas intensas.<\/p>\n<p>A popula\u00e7\u00e3o deve ficar atenta a previs\u00e3o do tempo para este m\u00eas, j\u00e1 que a <a title=\"\u00c1gua em Bel\u00e9m\" href=\"http:\/\/www.encontrabelem.com.br\/a\/agua-em-belem.shtml\" target=\"_blank\" rel=\"noopener\">\u00e1gua na cidade de Bel\u00e9m<\/a> em mar\u00e7o costuma castigar principalmente as \u00e1reas com maior risco de alagamento, como as localizadas pr\u00f3ximo\u00a0a canais.<\/p>\n<p>Segundo o Inpe, o m\u00eas de mar\u00e7o ser\u00e1 de chuva na capital do Estado e a temperatura m\u00ednima deve ficar entre 23\u00baC e 24\u00baC e a m\u00e1xima de 31\u00baC a 34\u00baC.<\/p>\n<p>No <a href=\"http:\/\/www.encontrapara.com.br\" target=\"_blank\" rel=\"noopener\">Estado do Par\u00e1<\/a>, a previs\u00e3o \u00e9 de tempo nublado com pancadas de chuvas e trovoadas.<\/p>\n<p><em>Fonte: Portal ORM<\/em><\/p>\n<p>&nbsp;<\/p>\n\n<div style=\"font-size: 0px; height: 0px; line-height: 0px; margin: 0; padding: 0; clear: both;\"><\/div>","protected":false},"excerpt":{"rendered":"<p>De acordo com o Instituto Nacional de Pesquisas Espaciais (Inpe), a chuva talvez n\u00e3o d\u00ea tr\u00e9gua\u00a0a capital paraense na ter\u00e7a-feira (5). Segundo o Instituto, o tempo em Bel\u00e9m estar\u00e1 nublado e a probabilidade para chover, \u00e9 de 80%. Quem mora em Bel\u00e9m parece estar acostumado com aquela famosa &#8216;chuvinha da tarde&#8217;, por\u00e9m, nos \u00faltimos dias, Bel\u00e9m tem sido &#8216;despertada&#8217; com pancadas de chuvas intensas. A popula\u00e7\u00e3o deve ficar atenta a previs\u00e3o do tempo para este m\u00eas, j\u00e1 que a \u00e1gua na cidade de Bel\u00e9m em mar\u00e7o costuma castigar principalmente as \u00e1reas com maior risco de alagamento, como as localizadas pr\u00f3ximo\u00a0a <\/p>\n","protected":false},"author":1,"featured_media":0,"comment_status":"closed","ping_status":"closed","sticky":false,"template":"","format":"standard","meta":{"footnotes":""},"categories":[1,7],"tags":[11],"class_list":["post-125","post","type-post","status-publish","format-standard","hentry","category-noticias-em-belem","category-servicos-em-belem","tag-belem"],"aioseo_notices":[],"_links":{"self":[{"href":"https:\/\/www.encontrabelem.com.br\/sobre\/wp-json\/wp\/v2\/posts\/125","targetHints":{"allow":["GET"]}}],"collection":[{"href":"https:\/\/www.encontrabelem.com.br\/sobre\/wp-json\/wp\/v2\/posts"}],"about":[{"href":"https:\/\/www.encontrabelem.com.br\/sobre\/wp-json\/wp\/v2\/types\/post"}],"author":[{"embeddable":true,"href":"https:\/\/www.encontrabelem.com.br\/sobre\/wp-json\/wp\/v2\/users\/1"}],"replies":[{"embeddable":true,"href":"https:\/\/www.encontrabelem.com.br\/sobre\/wp-json\/wp\/v2\/comments?post=125"}],"version-history":[{"count":0,"href":"https:\/\/www.encontrabelem.com.br\/sobre\/wp-json\/wp\/v2\/posts\/125\/revisions"}],"wp:attachment":[{"href":"https:\/\/www.encontrabelem.com.br\/sobre\/wp-json\/wp\/v2\/media?parent=125"}],"wp:term":[{"taxonomy":"category","embeddable":true,"href":"https:\/\/www.encontrabelem.com.br\/sobre\/wp-json\/wp\/v2\/categories?post=125"},{"taxonomy":"post_tag","embeddable":true,"href":"https:\/\/www.encontrabelem.com.br\/sobre\/wp-json\/wp\/v2\/tags?post=125"}],"curies":[{"name":"wp","href":"https:\/\/api.w.org\/{rel}","templated":true}]}}