{"id":1228,"date":"2026-01-27T13:55:35","date_gmt":"2026-01-27T16:55:35","guid":{"rendered":"https:\/\/www.encontrabelem.com.br\/sobre\/juiz-da-corte-eleitoral-representa-o-presidente-do-tre-do-para-na-aula-magna-da-oab"},"modified":"2026-01-27T13:55:35","modified_gmt":"2026-01-27T16:55:35","slug":"juiz-da-corte-eleitoral-representa-o-presidente-do-tre-do-para-na-aula-magna-da-oab","status":"publish","type":"post","link":"https:\/\/www.encontrabelem.com.br\/sobre\/juiz-da-corte-eleitoral-representa-o-presidente-do-tre-do-para-na-aula-magna-da-oab","title":{"rendered":"Juiz da Corte Eleitoral representa o presidente do TRE do Par\u00e1 na Aula Magna da OAB"},"content":{"rendered":"<div class=\"b22802487b0d38c4c6d9f34966e16421\" data-index=\"1\" style=\"float: none; margin:0px;\">\n<!-- Anuncio display - global -->\r\n<ins class=\"adsbygoogle\"\r\n     style=\"display:block\"\r\n     data-ad-client=\"ca-pub-8585364105181520\"\r\n     data-ad-slot=\"8789329856\"\r\n     data-ad-format=\"auto\"\r\n     data-full-width-responsive=\"true\"><\/ins>\r\n<script>\r\n     (adsbygoogle = window.adsbygoogle || []).push({});\r\n<\/script>\n<\/div>\n<h2>Import\u00e2ncia da Aula Magna para a Advocacia<\/h2>\n<p>A Aula Magna, realizada pela Ordem dos Advogados do Brasil &#8211; Se\u00e7\u00e3o Par\u00e1 (OAB-PA), representa um marco significativo para a forma\u00e7\u00e3o e atualiza\u00e7\u00e3o dos profissionais da advocacia. Com o in\u00edcio de um novo ano letivo na Escola Superior de Advocacia do Par\u00e1 (ESA), o evento visa promover a discuss\u00e3o de temas relevantes que impactam o cen\u00e1rio jur\u00eddico atual. Al\u00e9m disso, a Aula Magna oferece um espa\u00e7o para a troca de experi\u00eancias entre acad\u00eamicos, advogados e especialistas da \u00e1rea.<\/p>\n<h2>Juiz da Corte Eleitoral: Papel no Evento<\/h2>\n<p>No evento deste ano, o juiz da Corte Eleitoral do Par\u00e1, Marcelo Guedes, atuou como representante do presidente do Tribunal Regional Eleitoral do Par\u00e1 (TRE-PA), desembargador Jos\u00e9 Maria Teixeira do Ros\u00e1rio. A presen\u00e7a dele n\u00e3o apenas destaca a import\u00e2ncia da Justi\u00e7a Eleitoral nas discuss\u00f5es acad\u00eamicas, mas tamb\u00e9m refor\u00e7a o compromisso do TRE com a educa\u00e7\u00e3o continuada e o fortalecimento da advocacia em nosso estado.<\/p>\n<h2>Nestor T\u00e1vora e sua Influ\u00eancia no Direito<\/h2>\n<p>A Aula Magna contou com a presen\u00e7a ilustre do Dr. Nestor T\u00e1vora, um dos mais renomados especialistas em Direito Penal e Processo Penal do Brasil. Sua participa\u00e7\u00e3o trouxe um valor inestim\u00e1vel ao evento, uma vez que ele \u00e9 amplamente respeitado por suas contribui\u00e7\u00f5es ao debate jur\u00eddico e por seu trabalho acad\u00eamico. O Dr. T\u00e1vora desenvolveu um discurso que n\u00e3o s\u00f3 inspirou os presentes, mas tamb\u00e9m destacou a relev\u00e2ncia de discutir temas como o &#8220;Juiz de Garantias&#8221;, que \u00e9 uma das inova\u00e7\u00f5es mais discutidas no sistema jur\u00eddico brasileiro recentemente.<\/p>\n<p><img decoding=\"async\" src=\"https:\/\/www.encontrabelem.com.br\/sobre\/wp-content\/uploads\/2026\/01\/juiz-da-corte-eleitoral-representa-o-presidente-do-tre-do-para-na-aula-magna-da-oab.webp\" alt=\"Juiz da Corte Eleitoral\" loading=\"lazy\" \/><\/p>\n<h2>Temas Abordados na Aula Magna<\/h2>\n<p>O tema principal deste ano foi &#8220;Juiz de Garantias&#8221;, um conceito que gera bastante discuss\u00e3o entre juristas. Essa figura tem o papel de assegurar a imparcialidade do processo judicial e \u00e9 um elemento crucial na prote\u00e7\u00e3o dos direitos dos cidad\u00e3os. A abordagem desse tema durante a Aula Magna ajudou a elucidar suas implica\u00e7\u00f5es pr\u00e1ticas e te\u00f3ricas, oferecendo uma vis\u00e3o ampla sobre como ele pode ser implementado de forma eficaz no sistema judicial.<\/p>\n<h2>Participa\u00e7\u00e3o de Estudantes de Direito<\/h2>\n<p>Alunos de Direito, professores e demais profissionais da \u00e1rea compareceram em grande n\u00famero \u00e0 Aula Magna. A participa\u00e7\u00e3o ativa desses estudantes \u00e9 fundamental para a forma\u00e7\u00e3o de futuros advogados comprometidos com a \u00e9tica, o conhecimento e a responsabilidade em suas pr\u00e1ticas profissionais. A intera\u00e7\u00e3o entre os estudantes e os oradores convidados criou um ambiente din\u00e2mico e prop\u00edcio ao aprendizado e ao debate.<\/p>\n<h2>Contribui\u00e7\u00f5es da OAB-PA para o Setor Jur\u00eddico<\/h2>\n<p>A OAB-PA desempenha um papel vital no fortalecimento da advocacia no estado, promovendo eventos como a Aula Magna que visam a cont\u00ednua forma\u00e7\u00e3o dos profissionais. Al\u00e9m de eventos educacionais, a OAB-PA tamb\u00e9m se envolve em atividades de defesa dos direitos dos advogados e da sociedade, oferecendo suporte e orienta\u00e7\u00e3o aos que atuam na \u00e1rea jur\u00eddica.<\/p>\n<h2>Trof\u00e9us de Honra e Reconhecimento<\/h2>\n<p>Durante a Aula Magna, o evento tamb\u00e9m fez uma homenagem a profissionais que se destacaram por suas atua\u00e7\u00f5es no Direito. Os trof\u00e9us de honra e reconhecimento atribu\u00eddos servem como motiva\u00e7\u00e3o para os novos advogados e s\u00e3o um testemunho do impacto que a pr\u00e1tica da advocacia pode ter na sociedade. Essas homenagens refletem a import\u00e2ncia de reconhecer o trabalho \u00e1rduo e a dedica\u00e7\u00e3o de indiv\u00edduos que contribuem para o fortalecimento do estado democr\u00e1tico de direito.<\/p>\n<h2>Impacto do Juiz de Garantias na Legisla\u00e7\u00e3o<\/h2>\n<p>O debate sobre o Juiz de Garantias \u00e9 relevante n\u00e3o apenas pela sua novidade na legisla\u00e7\u00e3o, mas tamb\u00e9m por suas implica\u00e7\u00f5es diretas para a judicializa\u00e7\u00e3o de processos e a prote\u00e7\u00e3o dos direitos fundamentais. Esse papel tem o potencial de modificar profundamente a forma como processos judiciais s\u00e3o conduzidos e a maneira como a justi\u00e7a \u00e9 percebida pela sociedade. A Aula Magna apresentou uma plataforma ideal para discutir essas quest\u00f5es e avaliar como essa nova abordagem pode ser aplicada em pr\u00e1ticas judiciais futuras.<\/p>\n<h2>Oportunidades de Networking na Aula Magna<\/h2>\n<p>A Aula Magna ofereceu diversas oportunidades de networking para os participantes, permitindo que advogados, acad\u00eamicos e estudantes se conectassem e compartilhassem suas perspectivas. O networking \u00e9 uma parte essencial da forma\u00e7\u00e3o profissional, pois possibilita a troca de ideias, a constru\u00e7\u00e3o de parcerias e o desenvolvimento de futuros projetos colaborativos. Tal intera\u00e7\u00e3o entre profissionais estabelece as bases para uma advocacia mais colaborativa e integrada.<\/p>\n<h2>Pr\u00f3ximos Eventos da OAB-PA<\/h2>\n<p>Ap\u00f3s o sucesso da Aula Magna, a OAB-PA j\u00e1 est\u00e1 planejando uma s\u00e9rie de eventos voltados para a forma\u00e7\u00e3o continuada e o fortalecimento da advocacia. Tais eventos englobar\u00e3o debates, palestras e workshops com temas variados voltados tanto para profissionais j\u00e1 atuantes quanto para estudantes de Direito. \u00c9 um fortalecimento da ideia de que o aprendizado e a troca de experi\u00eancias devem ser cont\u00ednuos ao longo da carreira.<\/p>\n\n<div style=\"font-size: 0px; height: 0px; line-height: 0px; margin: 0; padding: 0; clear: both;\"><\/div>","protected":false},"excerpt":{"rendered":"<p>Aula Magna da OAB-PA destaca a presen\u00e7a do Juiz da Corte Eleitoral e Nestor T\u00e1vora.<\/p>\n","protected":false},"author":1,"featured_media":1227,"comment_status":"open","ping_status":"closed","sticky":false,"template":"","format":"standard","meta":{"footnotes":""},"categories":[1],"tags":[],"class_list":["post-1228","post","type-post","status-publish","format-standard","has-post-thumbnail","hentry","category-noticias-em-belem","has_thumb"],"aioseo_notices":[],"_links":{"self":[{"href":"https:\/\/www.encontrabelem.com.br\/sobre\/wp-json\/wp\/v2\/posts\/1228","targetHints":{"allow":["GET"]}}],"collection":[{"href":"https:\/\/www.encontrabelem.com.br\/sobre\/wp-json\/wp\/v2\/posts"}],"about":[{"href":"https:\/\/www.encontrabelem.com.br\/sobre\/wp-json\/wp\/v2\/types\/post"}],"author":[{"embeddable":true,"href":"https:\/\/www.encontrabelem.com.br\/sobre\/wp-json\/wp\/v2\/users\/1"}],"replies":[{"embeddable":true,"href":"https:\/\/www.encontrabelem.com.br\/sobre\/wp-json\/wp\/v2\/comments?post=1228"}],"version-history":[{"count":0,"href":"https:\/\/www.encontrabelem.com.br\/sobre\/wp-json\/wp\/v2\/posts\/1228\/revisions"}],"wp:featuredmedia":[{"embeddable":true,"href":"https:\/\/www.encontrabelem.com.br\/sobre\/wp-json\/wp\/v2\/media\/1227"}],"wp:attachment":[{"href":"https:\/\/www.encontrabelem.com.br\/sobre\/wp-json\/wp\/v2\/media?parent=1228"}],"wp:term":[{"taxonomy":"category","embeddable":true,"href":"https:\/\/www.encontrabelem.com.br\/sobre\/wp-json\/wp\/v2\/categories?post=1228"},{"taxonomy":"post_tag","embeddable":true,"href":"https:\/\/www.encontrabelem.com.br\/sobre\/wp-json\/wp\/v2\/tags?post=1228"}],"curies":[{"name":"wp","href":"https:\/\/api.w.org\/{rel}","templated":true}]}}