{"id":1226,"date":"2026-01-26T13:56:36","date_gmt":"2026-01-26T16:56:36","guid":{"rendered":"https:\/\/www.encontrabelem.com.br\/sobre\/semas-inicia-mutirao-em-belem-para-regularizar-quem-usa-agua-de-pocos-ou-faz-captacao-de-rios"},"modified":"2026-01-26T13:56:36","modified_gmt":"2026-01-26T16:56:36","slug":"semas-inicia-mutirao-em-belem-para-regularizar-quem-usa-agua-de-pocos-ou-faz-captacao-de-rios","status":"publish","type":"post","link":"https:\/\/www.encontrabelem.com.br\/sobre\/semas-inicia-mutirao-em-belem-para-regularizar-quem-usa-agua-de-pocos-ou-faz-captacao-de-rios","title":{"rendered":"Semas inicia mutir\u00e3o em Bel\u00e9m para regularizar quem usa \u00e1gua de po\u00e7os ou faz capta\u00e7\u00e3o de rios"},"content":{"rendered":"<div class=\"b22802487b0d38c4c6d9f34966e16421\" data-index=\"1\" style=\"float: none; margin:0px;\">\n<!-- Anuncio display - global -->\r\n<ins class=\"adsbygoogle\"\r\n     style=\"display:block\"\r\n     data-ad-client=\"ca-pub-8585364105181520\"\r\n     data-ad-slot=\"8789329856\"\r\n     data-ad-format=\"auto\"\r\n     data-full-width-responsive=\"true\"><\/ins>\r\n<script>\r\n     (adsbygoogle = window.adsbygoogle || []).push({});\r\n<\/script>\n<\/div>\n<h2>Objetivos do Mutir\u00e3o<\/h2>\n<p>A campanha de regulariza\u00e7\u00e3o de po\u00e7os e capta\u00e7\u00e3o de \u00e1gua em Bel\u00e9m, promovida pela Secretaria de Estado de Meio Ambiente, Clima e Sustentabilidade (Semas), visa facilitar o acesso \u00e0 regulariza\u00e7\u00e3o de usu\u00e1rios de \u00e1gua de po\u00e7os, rios e igarap\u00e9s. O evento \u00e9 pensado tanto para moradores quanto para estabelecimentos comerciais e produtores que utilizam esses recursos h\u00eddricos. O objetivo principal \u00e9 formalizar o uso da \u00e1gua, proporcionando seguran\u00e7a jur\u00eddica e evitando complica\u00e7\u00f5es por falta de documenta\u00e7\u00e3o.<\/p>\n<h2>Como Participar do Mutir\u00e3o<\/h2>\n<p>Para participar do mutir\u00e3o, os cidad\u00e3os interessados em regularizar o uso da \u00e1gua devem se dirigir ao local designado, onde receber\u00e3o orienta\u00e7\u00f5es sobre o processo. O atendimento ocorrer\u00e1 das 8h30 \u00e0s 14h, no endere\u00e7o da Travessa Lomas Valentinas, n\u00ba 2100, pr\u00f3ximo ao Bosque Rodrigues Alves. O evento estar\u00e1 dispon\u00edvel at\u00e9 o dia 30 de janeiro, e tanto pessoas f\u00edsicas quanto jur\u00eddicas poder\u00e3o obter assist\u00eancia.<\/p>\n<h2>Documentos Necess\u00e1rios<\/h2>\n<p>Os documentos para a regulariza\u00e7\u00e3o s\u00e3o essenciais para que o processo transcorra de forma eficiente. \u00c9 recomend\u00e1vel que os participantes levem os seguintes documentos:<\/p>\n<p><img decoding=\"async\" src=\"https:\/\/www.encontrabelem.com.br\/sobre\/wp-content\/uploads\/2026\/01\/semas-inicia-mutirao-em-belem-para-regularizar-quem-usa-agua-de-pocos-ou-faz-captacao-de-rios.webp\" alt=\"regulariza\u00e7\u00e3o de \u00e1gua de po\u00e7os\" loading=\"lazy\" \/><\/p>\n<ul>\n<li>Documento de identidade (RG ou CNH);<\/li>\n<li>Comprovante de resid\u00eancia;<\/li>\n<li>Documenta\u00e7\u00e3o do im\u00f3vel (se propriet\u00e1rio);<\/li>\n<li>Dados do po\u00e7o ou da origem da \u00e1gua captada;<\/li>\n<li>Informa\u00e7\u00f5es sobre o uso da \u00e1gua (comercial, residencial, etc.).<\/li>\n<\/ul>\n<h2>Hor\u00e1rios de Atendimento<\/h2>\n<p>O mutir\u00e3o ocorrer\u00e1 no seguinte hor\u00e1rio:<\/p>\n<ul>\n<li><strong>Data:<\/strong> De 26 de janeiro a 30 de janeiro<\/li>\n<li><strong>Hor\u00e1rio:<\/strong> Das 8h30 \u00e0s 14h<\/li>\n<li><strong>Local:<\/strong> Travessa Lomas Valentinas, n\u00ba 2100, Bel\u00e9m-PA<\/li>\n<\/ul>\n<h2>Locais de Atendimento<\/h2>\n<p>Os atendimentos ser\u00e3o concentrados no endere\u00e7o mencionado acima, que fica ao lado do Bosque Rodrigues Alves em Bel\u00e9m. Este local foi escolhido para facilitar o acesso tanto para moradores da capital quanto das cidades adjacentes da Grande Bel\u00e9m, como Ananindeua, Marituba, Benevides, Santa B\u00e1rbara do Par\u00e1, Santa Izabel do Par\u00e1, Castanhal e Barcarena.<\/p>\n<h2>Benef\u00edcios da Regulariza\u00e7\u00e3o<\/h2>\n<p>A regulariza\u00e7\u00e3o do uso da \u00e1gua traz uma s\u00e9rie de benef\u00edcios para os usu\u00e1rios, tais como:<\/p>\n<ul>\n<li><strong>Seguran\u00e7a Jur\u00eddica:<\/strong> A regulariza\u00e7\u00e3o formaliza o uso da \u00e1gua e oferece garantias legais aos usu\u00e1rios.<\/li>\n<li><strong>Orienta\u00e7\u00e3o T\u00e9cnica:<\/strong> A Semas forneceria consultoria durante o processo, esclarecendo d\u00favidas e auxiliando no preenchimento de documentos.<\/li>\n<li><strong>Preven\u00e7\u00e3o de Problemas:<\/strong> Evita complica\u00e7\u00f5es futuras, como multas ou a\u00e7\u00f5es de fiscaliza\u00e7\u00e3o, por uso irregular.<\/li>\n<li><strong>Organiza\u00e7\u00e3o do Uso da \u00c1gua:<\/strong> A outorga ajuda a preservar os recursos h\u00eddricos, promovendo um uso consciente.<\/li>\n<\/ul>\n<h2>Import\u00e2ncia da Regulariza\u00e7\u00e3o<\/h2>\n<p>Regularizar o uso da \u00e1gua \u00e9 crucial para a sustentabilidade ambiental e a conviv\u00eancia harmoniosa entre a popula\u00e7\u00e3o e os recursos naturais. A formaliza\u00e7\u00e3o ajuda a monitorar e gerenciar os recursos h\u00eddricos, garantindo que eles sejam utilizados de maneira respons\u00e1vel. Al\u00e9m disso, a regulariza\u00e7\u00e3o proporciona uma melhor gest\u00e3o dos conflitos relacionados ao uso da \u00e1gua entre diferentes usu\u00e1rios, sejam eles residenciais ou comerciais.<\/p>\n<h2>D\u00favidas Comuns<\/h2>\n<p>Abaixo est\u00e3o algumas perguntas frequentes que podem surgir durante o processo de regulariza\u00e7\u00e3o:<\/p>\n<ul>\n<li><strong>Quem pode participar?<\/strong> Todos os cidad\u00e3os que utilizam \u00e1gua de po\u00e7os ou fazem capta\u00e7\u00e3o de \u00e1gua de rios e igarap\u00e9s podem participar.<\/li>\n<li><strong>\u00c9 necess\u00e1rio agendamento?<\/strong> N\u00e3o, o atendimento ser\u00e1 prioritariamente presencial durante o per\u00edodo do mutir\u00e3o.<\/li>\n<li><strong>Qual \u00e9 o custo da regulariza\u00e7\u00e3o?<\/strong> O mutir\u00e3o tem como objetivo facilitar e reduzir custos associados \u00e0 regulariza\u00e7\u00e3o, mas \u00e9 importante verificar se h\u00e1 taxas espec\u00edficas exigidas.<\/li>\n<li><strong>O que acontece se eu n\u00e3o me regularizar?<\/strong> A falta de regulariza\u00e7\u00e3o pode resultar em multas e restri\u00e7\u00f5es no uso da \u00e1gua.<\/li>\n<\/ul>\n<h2>O Papel da Semas<\/h2>\n<p>A Secretaria de Estado de Meio Ambiente, Clima e Sustentabilidade (Semas) desempenha um papel vital nesse processo. Ela \u00e9 respons\u00e1vel por:<\/p>\n<ul>\n<li>Realizar o atendimento e fornecer as orienta\u00e7\u00f5es necess\u00e1rias para a regulariza\u00e7\u00e3o;<\/li>\n<li>Emitir autoriza\u00e7\u00f5es para uso da \u00e1gua, conforme a necessidade dos usu\u00e1rios;<\/li>\n<li>Garantir que a gest\u00e3o dos recursos h\u00eddricos seja realizada de forma eficaz e sustent\u00e1vel;<\/li>\n<li>Promover campanhas educativas sobre o uso consciente da \u00e1gua.<\/li>\n<\/ul>\n<h2>Depoimentos de Participantes<\/h2>\n<p>Os participantes do mutir\u00e3o t\u00eam expressado sua satisfa\u00e7\u00e3o com a iniciativa. Veja alguns depoimentos:<\/p>\n<ul>\n<li><strong>Maria Souza:<\/strong> &#8220;\u00c9 muito importante ter este suporte para regularizar o uso da \u00e1gua. Assim, fico mais tranquila com rela\u00e7\u00e3o ao que pode acontecer no futuro.&#8221;<\/li>\n<li><strong>Jo\u00e3o da Silva:<\/strong> &#8220;O atendimento foi r\u00e1pido e as informa\u00e7\u00f5es que recebi foram muito claras. Agrade\u00e7o \u00e0 Semas por essa oportunidade.&#8221;<\/li>\n<li><strong>Ana Ferreira:<\/strong> &#8220;Achei muito interessante a iniciativa e que todos deveriam aproveitar. Regularizar \u00e9 um passo importante para garantir o que \u00e9 nosso!&#8221;<\/li>\n<\/ul>\n\n<div style=\"font-size: 0px; height: 0px; line-height: 0px; margin: 0; padding: 0; clear: both;\"><\/div>","protected":false},"excerpt":{"rendered":"<p>Semas come\u00e7a mutir\u00e3o para regularizar uso de \u00e1gua de po\u00e7os em Bel\u00e9m.<\/p>\n","protected":false},"author":1,"featured_media":1225,"comment_status":"open","ping_status":"closed","sticky":false,"template":"","format":"standard","meta":{"footnotes":""},"categories":[1],"tags":[],"class_list":["post-1226","post","type-post","status-publish","format-standard","has-post-thumbnail","hentry","category-noticias-em-belem","has_thumb"],"aioseo_notices":[],"aioseo_head":"\n\t\t<!-- All in One SEO 5.0.0.1 - aioseo.com -->\n\t<meta name=\"description\" content=\"Semas come\u00e7a mutir\u00e3o para regularizar uso de \u00e1gua de po\u00e7os em Bel\u00e9m.\" \/>\n\t<meta name=\"robots\" content=\"max-image-preview:large\" \/>\n\t<meta name=\"author\" content=\"Encontra Bel\u00e9m\"\/>\n\t<link rel=\"canonical\" href=\"https:\/\/www.encontrabelem.com.br\/sobre\/semas-inicia-mutirao-em-belem-para-regularizar-quem-usa-agua-de-pocos-ou-faz-captacao-de-rios\" \/>\n\t<meta name=\"generator\" content=\"All in One SEO (AIOSEO) 5.0.0.1\" \/>\n\t\t<meta property=\"og:locale\" content=\"pt_BR\" \/>\n\t\t<meta property=\"og:site_name\" content=\"Encontra Bel\u00e9m | Not\u00edcias, eventos, informa\u00e7\u00f5es e dicas na cidade Bel\u00e9m e regi\u00e3o.\" \/>\n\t\t<meta property=\"og:type\" content=\"article\" \/>\n\t\t<meta property=\"og:title\" content=\"Semas inicia mutir\u00e3o em Bel\u00e9m para regularizar quem usa \u00e1gua de po\u00e7os ou faz capta\u00e7\u00e3o de rios | Encontra Bel\u00e9m\" \/>\n\t\t<meta property=\"og:description\" content=\"Semas come\u00e7a mutir\u00e3o para regularizar uso de \u00e1gua de po\u00e7os em Bel\u00e9m.\" \/>\n\t\t<meta property=\"og:url\" content=\"https:\/\/www.encontrabelem.com.br\/sobre\/semas-inicia-mutirao-em-belem-para-regularizar-quem-usa-agua-de-pocos-ou-faz-captacao-de-rios\" \/>\n\t\t<meta property=\"article:published_time\" content=\"2026-01-26T16:56:36+00:00\" \/>\n\t\t<meta property=\"article:modified_time\" content=\"2026-01-26T16:56:36+00:00\" \/>\n\t\t<meta name=\"twitter:card\" content=\"summary\" \/>\n\t\t<meta name=\"twitter:title\" content=\"Semas inicia mutir\u00e3o em Bel\u00e9m para regularizar quem usa \u00e1gua de po\u00e7os ou faz capta\u00e7\u00e3o de rios | Encontra Bel\u00e9m\" \/>\n\t\t<meta name=\"twitter:description\" content=\"Semas come\u00e7a mutir\u00e3o para regularizar uso de \u00e1gua de po\u00e7os em Bel\u00e9m.\" \/>\n\t\t<script type=\"application\/ld+json\" class=\"aioseo-schema\">\n\t\t\t{\"@context\":\"https:\\\/\\\/schema.org\",\"@graph\":[{\"@type\":\"Article\",\"@id\":\"https:\\\/\\\/www.encontrabelem.com.br\\\/sobre\\\/semas-inicia-mutirao-em-belem-para-regularizar-quem-usa-agua-de-pocos-ou-faz-captacao-de-rios#article\",\"name\":\"Semas inicia mutir\\u00e3o em Bel\\u00e9m para regularizar quem usa \\u00e1gua de po\\u00e7os ou faz capta\\u00e7\\u00e3o de rios | Encontra Bel\\u00e9m\",\"headline\":\"Semas inicia mutir\\u00e3o em Bel\\u00e9m para regularizar quem usa \\u00e1gua de po\\u00e7os ou faz capta\\u00e7\\u00e3o de rios\",\"author\":{\"@id\":\"https:\\\/\\\/www.encontrabelem.com.br\\\/sobre\\\/author\\\/ebelem#author\"},\"publisher\":{\"@id\":\"https:\\\/\\\/www.encontrabelem.com.br\\\/sobre\\\/#organization\"},\"image\":{\"@type\":\"ImageObject\",\"url\":\"https:\\\/\\\/www.encontrabelem.com.br\\\/sobre\\\/wp-content\\\/uploads\\\/2026\\\/01\\\/semas-inicia-mutirao-em-belem-para-regularizar-quem-usa-agua-de-pocos-ou-faz-captacao-de-rios.webp\",\"width\":280,\"height\":280,\"caption\":\"regulariza\\u00e7\\u00e3o de \\u00e1gua de po\\u00e7os\"},\"datePublished\":\"2026-01-26T13:56:36-03:00\",\"dateModified\":\"2026-01-26T13:56:36-03:00\",\"inLanguage\":\"pt-BR\",\"mainEntityOfPage\":{\"@id\":\"https:\\\/\\\/www.encontrabelem.com.br\\\/sobre\\\/semas-inicia-mutirao-em-belem-para-regularizar-quem-usa-agua-de-pocos-ou-faz-captacao-de-rios#webpage\"},\"isPartOf\":{\"@id\":\"https:\\\/\\\/www.encontrabelem.com.br\\\/sobre\\\/semas-inicia-mutirao-em-belem-para-regularizar-quem-usa-agua-de-pocos-ou-faz-captacao-de-rios#webpage\"},\"articleSection\":\"Not\\u00edcias Bel\\u00e9m\"},{\"@type\":\"BreadcrumbList\",\"@id\":\"https:\\\/\\\/www.encontrabelem.com.br\\\/sobre\\\/semas-inicia-mutirao-em-belem-para-regularizar-quem-usa-agua-de-pocos-ou-faz-captacao-de-rios#breadcrumblist\",\"itemListElement\":[{\"@type\":\"ListItem\",\"@id\":\"https:\\\/\\\/www.encontrabelem.com.br\\\/sobre#listItem\",\"position\":1,\"name\":\"In\\u00edcio\",\"item\":\"https:\\\/\\\/www.encontrabelem.com.br\\\/sobre\",\"nextItem\":{\"@type\":\"ListItem\",\"@id\":\"https:\\\/\\\/www.encontrabelem.com.br\\\/sobre\\\/noticias-em-belem#listItem\",\"name\":\"Not\\u00edcias Bel\\u00e9m\"}},{\"@type\":\"ListItem\",\"@id\":\"https:\\\/\\\/www.encontrabelem.com.br\\\/sobre\\\/noticias-em-belem#listItem\",\"position\":2,\"name\":\"Not\\u00edcias Bel\\u00e9m\",\"item\":\"https:\\\/\\\/www.encontrabelem.com.br\\\/sobre\\\/noticias-em-belem\",\"nextItem\":{\"@type\":\"ListItem\",\"@id\":\"https:\\\/\\\/www.encontrabelem.com.br\\\/sobre\\\/semas-inicia-mutirao-em-belem-para-regularizar-quem-usa-agua-de-pocos-ou-faz-captacao-de-rios#listItem\",\"name\":\"Semas inicia mutir\\u00e3o em Bel\\u00e9m para regularizar quem usa \\u00e1gua de po\\u00e7os ou faz capta\\u00e7\\u00e3o de rios\"},\"previousItem\":{\"@type\":\"ListItem\",\"@id\":\"https:\\\/\\\/www.encontrabelem.com.br\\\/sobre#listItem\",\"name\":\"In\\u00edcio\"}},{\"@type\":\"ListItem\",\"@id\":\"https:\\\/\\\/www.encontrabelem.com.br\\\/sobre\\\/semas-inicia-mutirao-em-belem-para-regularizar-quem-usa-agua-de-pocos-ou-faz-captacao-de-rios#listItem\",\"position\":3,\"name\":\"Semas inicia mutir\\u00e3o em Bel\\u00e9m para regularizar quem usa \\u00e1gua de po\\u00e7os ou faz capta\\u00e7\\u00e3o de rios\",\"previousItem\":{\"@type\":\"ListItem\",\"@id\":\"https:\\\/\\\/www.encontrabelem.com.br\\\/sobre\\\/noticias-em-belem#listItem\",\"name\":\"Not\\u00edcias Bel\\u00e9m\"}}]},{\"@type\":\"Organization\",\"@id\":\"https:\\\/\\\/www.encontrabelem.com.br\\\/sobre\\\/#organization\",\"name\":\"Encontra Bel\\u00e9m\",\"description\":\"Not\\u00edcias, eventos, informa\\u00e7\\u00f5es e dicas na cidade Bel\\u00e9m e regi\\u00e3o.\",\"url\":\"https:\\\/\\\/www.encontrabelem.com.br\\\/sobre\\\/\"},{\"@type\":\"Person\",\"@id\":\"https:\\\/\\\/www.encontrabelem.com.br\\\/sobre\\\/author\\\/ebelem#author\",\"url\":\"https:\\\/\\\/www.encontrabelem.com.br\\\/sobre\\\/author\\\/ebelem\",\"name\":\"Encontra Bel\\u00e9m\",\"image\":{\"@type\":\"ImageObject\",\"@id\":\"https:\\\/\\\/www.encontrabelem.com.br\\\/sobre\\\/semas-inicia-mutirao-em-belem-para-regularizar-quem-usa-agua-de-pocos-ou-faz-captacao-de-rios#authorImage\",\"url\":\"https:\\\/\\\/secure.gravatar.com\\\/avatar\\\/507340682b8270222e1f208e23198b6ae7e2c6a1033ae84e99bc6bce4f82a387?s=96&d=mm&r=g\",\"width\":96,\"height\":96,\"caption\":\"Encontra Bel\\u00e9m\"}},{\"@type\":\"WebPage\",\"@id\":\"https:\\\/\\\/www.encontrabelem.com.br\\\/sobre\\\/semas-inicia-mutirao-em-belem-para-regularizar-quem-usa-agua-de-pocos-ou-faz-captacao-de-rios#webpage\",\"url\":\"https:\\\/\\\/www.encontrabelem.com.br\\\/sobre\\\/semas-inicia-mutirao-em-belem-para-regularizar-quem-usa-agua-de-pocos-ou-faz-captacao-de-rios\",\"name\":\"Semas inicia mutir\\u00e3o em Bel\\u00e9m para regularizar quem usa \\u00e1gua de po\\u00e7os ou faz capta\\u00e7\\u00e3o de rios | Encontra Bel\\u00e9m\",\"description\":\"Semas come\\u00e7a mutir\\u00e3o para regularizar uso de \\u00e1gua de po\\u00e7os em Bel\\u00e9m.\",\"inLanguage\":\"pt-BR\",\"isPartOf\":{\"@id\":\"https:\\\/\\\/www.encontrabelem.com.br\\\/sobre\\\/#website\"},\"breadcrumb\":{\"@id\":\"https:\\\/\\\/www.encontrabelem.com.br\\\/sobre\\\/semas-inicia-mutirao-em-belem-para-regularizar-quem-usa-agua-de-pocos-ou-faz-captacao-de-rios#breadcrumblist\"},\"author\":{\"@id\":\"https:\\\/\\\/www.encontrabelem.com.br\\\/sobre\\\/author\\\/ebelem#author\"},\"creator\":{\"@id\":\"https:\\\/\\\/www.encontrabelem.com.br\\\/sobre\\\/author\\\/ebelem#author\"},\"image\":{\"@type\":\"ImageObject\",\"url\":\"https:\\\/\\\/www.encontrabelem.com.br\\\/sobre\\\/wp-content\\\/uploads\\\/2026\\\/01\\\/semas-inicia-mutirao-em-belem-para-regularizar-quem-usa-agua-de-pocos-ou-faz-captacao-de-rios.webp\",\"@id\":\"https:\\\/\\\/www.encontrabelem.com.br\\\/sobre\\\/semas-inicia-mutirao-em-belem-para-regularizar-quem-usa-agua-de-pocos-ou-faz-captacao-de-rios\\\/#mainImage\",\"width\":280,\"height\":280,\"caption\":\"regulariza\\u00e7\\u00e3o de \\u00e1gua de po\\u00e7os\"},\"primaryImageOfPage\":{\"@id\":\"https:\\\/\\\/www.encontrabelem.com.br\\\/sobre\\\/semas-inicia-mutirao-em-belem-para-regularizar-quem-usa-agua-de-pocos-ou-faz-captacao-de-rios#mainImage\"},\"datePublished\":\"2026-01-26T13:56:36-03:00\",\"dateModified\":\"2026-01-26T13:56:36-03:00\"},{\"@type\":\"WebSite\",\"@id\":\"https:\\\/\\\/www.encontrabelem.com.br\\\/sobre\\\/#website\",\"url\":\"https:\\\/\\\/www.encontrabelem.com.br\\\/sobre\\\/\",\"name\":\"Encontra Bel\\u00e9m\",\"description\":\"Not\\u00edcias, eventos, informa\\u00e7\\u00f5es e dicas na cidade Bel\\u00e9m e regi\\u00e3o.\",\"inLanguage\":\"pt-BR\",\"publisher\":{\"@id\":\"https:\\\/\\\/www.encontrabelem.com.br\\\/sobre\\\/#organization\"}}]}\n\t\t<\/script>\n\t\t<!-- All in One SEO -->\n\n","aioseo_head_json":{"title":"Semas inicia mutir\u00e3o em Bel\u00e9m para regularizar quem usa \u00e1gua de po\u00e7os ou faz capta\u00e7\u00e3o de rios | Encontra Bel\u00e9m","description":"Semas come\u00e7a mutir\u00e3o para regularizar uso de \u00e1gua de po\u00e7os em Bel\u00e9m.","canonical_url":"https:\/\/www.encontrabelem.com.br\/sobre\/semas-inicia-mutirao-em-belem-para-regularizar-quem-usa-agua-de-pocos-ou-faz-captacao-de-rios","robots":"max-image-preview:large","keywords":"","webmasterTools":{"miscellaneous":""},"schema":{"@context":"https:\/\/schema.org","@graph":[{"@type":"Article","@id":"https:\/\/www.encontrabelem.com.br\/sobre\/semas-inicia-mutirao-em-belem-para-regularizar-quem-usa-agua-de-pocos-ou-faz-captacao-de-rios#article","name":"Semas inicia mutir\u00e3o em Bel\u00e9m para regularizar quem usa \u00e1gua de po\u00e7os ou faz capta\u00e7\u00e3o de rios | Encontra Bel\u00e9m","headline":"Semas inicia mutir\u00e3o em Bel\u00e9m para regularizar quem usa \u00e1gua de po\u00e7os ou faz capta\u00e7\u00e3o de rios","author":{"@id":"https:\/\/www.encontrabelem.com.br\/sobre\/author\/ebelem#author"},"publisher":{"@id":"https:\/\/www.encontrabelem.com.br\/sobre\/#organization"},"image":{"@type":"ImageObject","url":"https:\/\/www.encontrabelem.com.br\/sobre\/wp-content\/uploads\/2026\/01\/semas-inicia-mutirao-em-belem-para-regularizar-quem-usa-agua-de-pocos-ou-faz-captacao-de-rios.webp","width":280,"height":280,"caption":"regulariza\u00e7\u00e3o de \u00e1gua de po\u00e7os"},"datePublished":"2026-01-26T13:56:36-03:00","dateModified":"2026-01-26T13:56:36-03:00","inLanguage":"pt-BR","mainEntityOfPage":{"@id":"https:\/\/www.encontrabelem.com.br\/sobre\/semas-inicia-mutirao-em-belem-para-regularizar-quem-usa-agua-de-pocos-ou-faz-captacao-de-rios#webpage"},"isPartOf":{"@id":"https:\/\/www.encontrabelem.com.br\/sobre\/semas-inicia-mutirao-em-belem-para-regularizar-quem-usa-agua-de-pocos-ou-faz-captacao-de-rios#webpage"},"articleSection":"Not\u00edcias Bel\u00e9m"},{"@type":"BreadcrumbList","@id":"https:\/\/www.encontrabelem.com.br\/sobre\/semas-inicia-mutirao-em-belem-para-regularizar-quem-usa-agua-de-pocos-ou-faz-captacao-de-rios#breadcrumblist","itemListElement":[{"@type":"ListItem","@id":"https:\/\/www.encontrabelem.com.br\/sobre#listItem","position":1,"name":"In\u00edcio","item":"https:\/\/www.encontrabelem.com.br\/sobre","nextItem":{"@type":"ListItem","@id":"https:\/\/www.encontrabelem.com.br\/sobre\/noticias-em-belem#listItem","name":"Not\u00edcias Bel\u00e9m"}},{"@type":"ListItem","@id":"https:\/\/www.encontrabelem.com.br\/sobre\/noticias-em-belem#listItem","position":2,"name":"Not\u00edcias Bel\u00e9m","item":"https:\/\/www.encontrabelem.com.br\/sobre\/noticias-em-belem","nextItem":{"@type":"ListItem","@id":"https:\/\/www.encontrabelem.com.br\/sobre\/semas-inicia-mutirao-em-belem-para-regularizar-quem-usa-agua-de-pocos-ou-faz-captacao-de-rios#listItem","name":"Semas inicia mutir\u00e3o em Bel\u00e9m para regularizar quem usa \u00e1gua de po\u00e7os ou faz capta\u00e7\u00e3o de rios"},"previousItem":{"@type":"ListItem","@id":"https:\/\/www.encontrabelem.com.br\/sobre#listItem","name":"In\u00edcio"}},{"@type":"ListItem","@id":"https:\/\/www.encontrabelem.com.br\/sobre\/semas-inicia-mutirao-em-belem-para-regularizar-quem-usa-agua-de-pocos-ou-faz-captacao-de-rios#listItem","position":3,"name":"Semas inicia mutir\u00e3o em Bel\u00e9m para regularizar quem usa \u00e1gua de po\u00e7os ou faz capta\u00e7\u00e3o de rios","previousItem":{"@type":"ListItem","@id":"https:\/\/www.encontrabelem.com.br\/sobre\/noticias-em-belem#listItem","name":"Not\u00edcias Bel\u00e9m"}}]},{"@type":"Organization","@id":"https:\/\/www.encontrabelem.com.br\/sobre\/#organization","name":"Encontra Bel\u00e9m","description":"Not\u00edcias, eventos, informa\u00e7\u00f5es e dicas na cidade Bel\u00e9m e regi\u00e3o.","url":"https:\/\/www.encontrabelem.com.br\/sobre\/"},{"@type":"Person","@id":"https:\/\/www.encontrabelem.com.br\/sobre\/author\/ebelem#author","url":"https:\/\/www.encontrabelem.com.br\/sobre\/author\/ebelem","name":"Encontra Bel\u00e9m","image":{"@type":"ImageObject","@id":"https:\/\/www.encontrabelem.com.br\/sobre\/semas-inicia-mutirao-em-belem-para-regularizar-quem-usa-agua-de-pocos-ou-faz-captacao-de-rios#authorImage","url":"https:\/\/secure.gravatar.com\/avatar\/507340682b8270222e1f208e23198b6ae7e2c6a1033ae84e99bc6bce4f82a387?s=96&d=mm&r=g","width":96,"height":96,"caption":"Encontra Bel\u00e9m"}},{"@type":"WebPage","@id":"https:\/\/www.encontrabelem.com.br\/sobre\/semas-inicia-mutirao-em-belem-para-regularizar-quem-usa-agua-de-pocos-ou-faz-captacao-de-rios#webpage","url":"https:\/\/www.encontrabelem.com.br\/sobre\/semas-inicia-mutirao-em-belem-para-regularizar-quem-usa-agua-de-pocos-ou-faz-captacao-de-rios","name":"Semas inicia mutir\u00e3o em Bel\u00e9m para regularizar quem usa \u00e1gua de po\u00e7os ou faz capta\u00e7\u00e3o de rios | Encontra Bel\u00e9m","description":"Semas come\u00e7a mutir\u00e3o para regularizar uso de \u00e1gua de po\u00e7os em Bel\u00e9m.","inLanguage":"pt-BR","isPartOf":{"@id":"https:\/\/www.encontrabelem.com.br\/sobre\/#website"},"breadcrumb":{"@id":"https:\/\/www.encontrabelem.com.br\/sobre\/semas-inicia-mutirao-em-belem-para-regularizar-quem-usa-agua-de-pocos-ou-faz-captacao-de-rios#breadcrumblist"},"author":{"@id":"https:\/\/www.encontrabelem.com.br\/sobre\/author\/ebelem#author"},"creator":{"@id":"https:\/\/www.encontrabelem.com.br\/sobre\/author\/ebelem#author"},"image":{"@type":"ImageObject","url":"https:\/\/www.encontrabelem.com.br\/sobre\/wp-content\/uploads\/2026\/01\/semas-inicia-mutirao-em-belem-para-regularizar-quem-usa-agua-de-pocos-ou-faz-captacao-de-rios.webp","@id":"https:\/\/www.encontrabelem.com.br\/sobre\/semas-inicia-mutirao-em-belem-para-regularizar-quem-usa-agua-de-pocos-ou-faz-captacao-de-rios\/#mainImage","width":280,"height":280,"caption":"regulariza\u00e7\u00e3o de \u00e1gua de po\u00e7os"},"primaryImageOfPage":{"@id":"https:\/\/www.encontrabelem.com.br\/sobre\/semas-inicia-mutirao-em-belem-para-regularizar-quem-usa-agua-de-pocos-ou-faz-captacao-de-rios#mainImage"},"datePublished":"2026-01-26T13:56:36-03:00","dateModified":"2026-01-26T13:56:36-03:00"},{"@type":"WebSite","@id":"https:\/\/www.encontrabelem.com.br\/sobre\/#website","url":"https:\/\/www.encontrabelem.com.br\/sobre\/","name":"Encontra Bel\u00e9m","description":"Not\u00edcias, eventos, informa\u00e7\u00f5es e dicas na cidade Bel\u00e9m e regi\u00e3o.","inLanguage":"pt-BR","publisher":{"@id":"https:\/\/www.encontrabelem.com.br\/sobre\/#organization"}}]},"og:locale":"pt_BR","og:site_name":"Encontra Bel\u00e9m | Not\u00edcias, eventos, informa\u00e7\u00f5es e dicas na cidade Bel\u00e9m e regi\u00e3o.","og:type":"article","og:title":"Semas inicia mutir\u00e3o em Bel\u00e9m para regularizar quem usa \u00e1gua de po\u00e7os ou faz capta\u00e7\u00e3o de rios | Encontra Bel\u00e9m","og:description":"Semas come\u00e7a mutir\u00e3o para regularizar uso de \u00e1gua de po\u00e7os em Bel\u00e9m.","og:url":"https:\/\/www.encontrabelem.com.br\/sobre\/semas-inicia-mutirao-em-belem-para-regularizar-quem-usa-agua-de-pocos-ou-faz-captacao-de-rios","article:published_time":"2026-01-26T16:56:36+00:00","article:modified_time":"2026-01-26T16:56:36+00:00","twitter:card":"summary","twitter:title":"Semas inicia mutir\u00e3o em Bel\u00e9m para regularizar quem usa \u00e1gua de po\u00e7os ou faz capta\u00e7\u00e3o de rios | Encontra Bel\u00e9m","twitter:description":"Semas come\u00e7a mutir\u00e3o para regularizar uso de \u00e1gua de po\u00e7os em Bel\u00e9m."},"aioseo_meta_data":{"post_id":"1226","title":null,"description":null,"keywords":null,"keyphrases":null,"primary_term":null,"canonical_url":null,"og_title":null,"og_description":null,"og_object_type":"default","og_image_type":"default","og_image_url":null,"og_image_width":null,"og_image_height":null,"og_image_custom_url":null,"og_image_custom_fields":null,"og_video":null,"og_custom_url":null,"og_article_section":null,"og_article_tags":null,"twitter_use_og":false,"twitter_card":"default","twitter_image_type":"default","twitter_image_url":null,"twitter_image_custom_url":null,"twitter_image_custom_fields":null,"twitter_title":null,"twitter_description":null,"schema":{"blockGraphs":[],"customGraphs":[],"default":{"data":{"Article":[],"Course":[],"Dataset":[],"FAQPage":[],"Movie":[],"Person":[],"Product":[],"ProductReview":[],"Car":[],"Recipe":[],"Service":[],"SoftwareApplication":[],"WebPage":[]},"graphName":"Article","isEnabled":true},"graphs":[]},"schema_type":"default","schema_type_options":null,"pillar_content":false,"robots_default":true,"robots_noindex":false,"robots_noarchive":false,"robots_nosnippet":false,"robots_nofollow":false,"robots_noimageindex":false,"robots_noodp":false,"robots_notranslate":false,"robots_max_snippet":null,"robots_max_videopreview":null,"robots_max_imagepreview":"large","priority":null,"frequency":null,"local_seo":null,"breadcrumb_settings":null,"limit_modified_date":false,"ai":null,"created":"2026-01-26 16:56:39","updated":"2026-01-26 17:44:32","focus_keyword":null,"additional_keywords":null,"truseo_locale":null,"seo_analyzer_scan_date":null},"aioseo_breadcrumb":"<div class=\"aioseo-breadcrumbs\"><span class=\"aioseo-breadcrumb\">\n\t\t\t<a href=\"https:\/\/www.encontrabelem.com.br\/sobre\" title=\"In\u00edcio\">In\u00edcio<\/a>\n\t\t<\/span><span class=\"aioseo-breadcrumb-separator\">&raquo;<\/span><span class=\"aioseo-breadcrumb\">\n\t\t\t<a href=\"https:\/\/www.encontrabelem.com.br\/sobre\/noticias-em-belem\" title=\"Not\u00edcias Bel\u00e9m\">Not\u00edcias Bel\u00e9m<\/a>\n\t\t<\/span><span class=\"aioseo-breadcrumb-separator\">&raquo;<\/span><span class=\"aioseo-breadcrumb\">\n\t\t\tSemas inicia mutir\u00e3o em Bel\u00e9m para regularizar quem usa \u00e1gua de po\u00e7os ou faz capta\u00e7\u00e3o de rios\n\t\t<\/span><\/div>","aioseo_breadcrumb_json":[{"label":"In\u00edcio","link":"https:\/\/www.encontrabelem.com.br\/sobre"},{"label":"Not\u00edcias Bel\u00e9m","link":"https:\/\/www.encontrabelem.com.br\/sobre\/noticias-em-belem"},{"label":"Semas inicia mutir\u00e3o em Bel\u00e9m para regularizar quem usa \u00e1gua de po\u00e7os ou faz capta\u00e7\u00e3o de rios","link":"https:\/\/www.encontrabelem.com.br\/sobre\/semas-inicia-mutirao-em-belem-para-regularizar-quem-usa-agua-de-pocos-ou-faz-captacao-de-rios"}],"_links":{"self":[{"href":"https:\/\/www.encontrabelem.com.br\/sobre\/wp-json\/wp\/v2\/posts\/1226","targetHints":{"allow":["GET"]}}],"collection":[{"href":"https:\/\/www.encontrabelem.com.br\/sobre\/wp-json\/wp\/v2\/posts"}],"about":[{"href":"https:\/\/www.encontrabelem.com.br\/sobre\/wp-json\/wp\/v2\/types\/post"}],"author":[{"embeddable":true,"href":"https:\/\/www.encontrabelem.com.br\/sobre\/wp-json\/wp\/v2\/users\/1"}],"replies":[{"embeddable":true,"href":"https:\/\/www.encontrabelem.com.br\/sobre\/wp-json\/wp\/v2\/comments?post=1226"}],"version-history":[{"count":0,"href":"https:\/\/www.encontrabelem.com.br\/sobre\/wp-json\/wp\/v2\/posts\/1226\/revisions"}],"wp:featuredmedia":[{"embeddable":true,"href":"https:\/\/www.encontrabelem.com.br\/sobre\/wp-json\/wp\/v2\/media\/1225"}],"wp:attachment":[{"href":"https:\/\/www.encontrabelem.com.br\/sobre\/wp-json\/wp\/v2\/media?parent=1226"}],"wp:term":[{"taxonomy":"category","embeddable":true,"href":"https:\/\/www.encontrabelem.com.br\/sobre\/wp-json\/wp\/v2\/categories?post=1226"},{"taxonomy":"post_tag","embeddable":true,"href":"https:\/\/www.encontrabelem.com.br\/sobre\/wp-json\/wp\/v2\/tags?post=1226"}],"curies":[{"name":"wp","href":"https:\/\/api.w.org\/{rel}","templated":true}]}}