{"id":1155,"date":"2026-01-13T13:41:42","date_gmt":"2026-01-13T16:41:42","guid":{"rendered":"https:\/\/www.encontrabelem.com.br\/sobre\/no-aniversario-de-belem-pa-ministerio-das-cidades-da-inicio-a-revitalizacao-da-orla-do-cruzeiro-em-icoaraci"},"modified":"2026-01-13T13:41:42","modified_gmt":"2026-01-13T16:41:42","slug":"no-aniversario-de-belem-pa-ministerio-das-cidades-da-inicio-a-revitalizacao-da-orla-do-cruzeiro-em-icoaraci","status":"publish","type":"post","link":"https:\/\/www.encontrabelem.com.br\/sobre\/no-aniversario-de-belem-pa-ministerio-das-cidades-da-inicio-a-revitalizacao-da-orla-do-cruzeiro-em-icoaraci","title":{"rendered":"No anivers\u00e1rio de Bel\u00e9m (PA), Minist\u00e9rio das Cidades d\u00e1 in\u00edcio \u00e0 revitaliza\u00e7\u00e3o da Orla do Cruzeiro, em Icoaraci"},"content":{"rendered":"<div class=\"b22802487b0d38c4c6d9f34966e16421\" data-index=\"1\" style=\"float: none; margin:0px;\">\n<!-- Anuncio display - global -->\r\n<ins class=\"adsbygoogle\"\r\n     style=\"display:block\"\r\n     data-ad-client=\"ca-pub-8585364105181520\"\r\n     data-ad-slot=\"8789329856\"\r\n     data-ad-format=\"auto\"\r\n     data-full-width-responsive=\"true\"><\/ins>\r\n<script>\r\n     (adsbygoogle = window.adsbygoogle || []).push({});\r\n<\/script>\n<\/div>\n<h2>Import\u00e2ncia da Revitaliza\u00e7\u00e3o Urbana<\/h2>\n<p>A revitaliza\u00e7\u00e3o urbana \u00e9 um processo essencial para o desenvolvimento de \u00e1reas urbanas, visando melhorar a qualidade de vida dos cidad\u00e3os e revitalizar espa\u00e7os que est\u00e3o em estado de deteriora\u00e7\u00e3o. No contexto da revitaliza\u00e7\u00e3o da Orla do Cruzeiro, em Bel\u00e9m, este projeto aborda n\u00e3o apenas a est\u00e9tica do local, mas tamb\u00e9m aspectos sociais, econ\u00f4micos e ambientais. Ao transformar a orla em um espa\u00e7o atrativo e acess\u00edvel, a iniciativa promove o acolhimento da comunidade, e proporciona oportunidades de desenvolvimento econ\u00f4mico por meio do turismo local.<\/p>\n<p>A revitaliza\u00e7\u00e3o ajuda a regulamentar e pacificar \u00e1reas que, em muitos casos, eram negligenciadas. Atrav\u00e9s de obras para a constru\u00e7\u00e3o de novas pra\u00e7as, mirantes e \u00e1reas de lazer, trabalha-se para criar um espa\u00e7o que inicie uma nova fase para a regi\u00e3o. Ao atrair mais visitantes e moradores, essa revitaliza\u00e7\u00e3o se torna uma estrat\u00e9gia valiosa para fomentar a economia local.<\/p>\n<h2>O que Muda com as Novas Obras<\/h2>\n<p>As novas obras na Orla do Cruzeiro trazem uma s\u00e9rie de mudan\u00e7as significativas para o local. Com um investimento de cerca de R$ 19 milh\u00f5es, o projeto inclui a constru\u00e7\u00e3o de pistas de skate, espa\u00e7os para a pr\u00e1tica de kitesurf, novas \u00e1reas de recrea\u00e7\u00e3o e a reforma dos espa\u00e7os j\u00e1 existentes, como o mirante e o anfiteatro. Essas mudan\u00e7as visam n\u00e3o apenas a recrea\u00e7\u00e3o, mas tamb\u00e9m o fortalecimento da identidade cultural da regi\u00e3o.<\/p>\n<p><img decoding=\"async\" src=\"https:\/\/www.encontrabelem.com.br\/sobre\/wp-content\/uploads\/2026\/01\/no-aniversario-de-belem-pa-ministerio-das-cidades-da-inicio-a-revitalizacao-da-orla-do-cruzeiro-em-i.webp\" alt=\"revitaliza\u00e7\u00e3o da Orla do Cruzeiro\" loading=\"lazy\" \/><\/p>\n<p>As infraestruturas de lazer melhoradas promovem um ambiente mais seguro e acess\u00edvel. Isto significa que a popula\u00e7\u00e3o poder\u00e1 desfrutar de atividades ao ar livre, uma vez que os novos espa\u00e7os ser\u00e3o planejados para acomodar os diferentes interesses dos moradores e visitantes. Al\u00e9m de incentivar pr\u00e1ticas esportivas, as novas \u00e1reas tamb\u00e9m servir\u00e3o para eventos culturais e festividades, trazendo um maior apelo \u00e0 comunidade.<\/p>\n<h2>Impacto no Turismo Local<\/h2>\n<p>A revitaliza\u00e7\u00e3o da Orla do Cruzeiro representa um grande impulso para o turismo em Bel\u00e9m. A nova orla n\u00e3o s\u00f3 moderniza e embeleza a paisagem urbana, mas tamb\u00e9m cria uma nova oportunidade para atrair visitantes. Com a inclus\u00e3o de espa\u00e7os para eventos, promo\u00e7\u00f5es culturais e atividades recreativas, a expectativa \u00e9 que o fluxo de turistas aumente consideravelmente.<\/p>\n<p>Esse aumento no turismo ter\u00e1 um efeito direto na economia local. Com a constru\u00e7\u00e3o de novas barracas para a venda de alimentos, artesanato e produtos locais, mais empregos ser\u00e3o gerados. A revitaliza\u00e7\u00e3o incentiva, portanto, a circula\u00e7\u00e3o de renda dentro da comunidade. Em um cen\u00e1rio mais abrangente, a revitaliza\u00e7\u00e3o poder\u00e1 ainda promover parcerias com neg\u00f3cios locais, como restaurantes e hot\u00e9is, ampliando ainda mais a atua\u00e7\u00e3o econ\u00f4mica da regi\u00e3o.<\/p>\n<h2>Infraestrutura de Lazer Melhorada<\/h2>\n<p>Com a revitaliza\u00e7\u00e3o, a infraestrutura de lazer na Orla do Cruzeiro ser\u00e1 amplamente expandida. Novas \u00e1reas p\u00fablicas, como parques e pra\u00e7as, estar\u00e3o dispon\u00edveis para o uso da comunidade e visitantes. Uma das inova\u00e7\u00f5es abordadas no projeto \u00e9 a cria\u00e7\u00e3o de um espa\u00e7o destinado ao kitesurf, um esporte aqu\u00e1tico que est\u00e1 ganhando popularidade e que pode atrair tanto praticantes quanto espectadores.<\/p>\n<p>Al\u00e9m disso, a pista de skate ser\u00e1 um grande atrativo para os jovens. Esses tipos de espa\u00e7os de lazer s\u00e3o vitais para promover a sa\u00fade f\u00edsica e mental dos cidad\u00e3os, al\u00e9m de contribuir para o fortalecimento de uma comunidade ativa e envolvida. A Orla do Cruzeiro, nas suas novas configura\u00e7\u00f5es, estar\u00e1 apta a oferecer uma s\u00e9rie de op\u00e7\u00f5es de entretenimento e bem-estar para todos.<\/p>\n<h2>O que Esperar das Novas \u00c1reas de Lazer<\/h2>\n<p>As novas \u00e1reas de lazer prometem trazer uma s\u00e9rie de benef\u00edcios tanto para a popula\u00e7\u00e3o local quanto para os visitantes. Com a inclus\u00e3o de equipamentos e espa\u00e7os destinados \u00e0 pr\u00e1tica esportiva, a comunidade ter\u00e1 \u00e0 sua disposi\u00e7\u00e3o oportunidades diversificadas de intera\u00e7\u00e3o social e entretenimento. \u00c9 esperado que as \u00e1reas de conviv\u00eancia e lazer estimulem a uni\u00e3o familiar e a participa\u00e7\u00e3o comunit\u00e1ria.<\/p>\n<p>Outro aspecto a ser considerado \u00e9 a melhoria na sa\u00fade p\u00fablica, j\u00e1 que a promo\u00e7\u00e3o de atividade f\u00edsica em ambientes de lazer adequados pode trazer redu\u00e7\u00e3o nos \u00edndices de doen\u00e7as associadas ao sedentarismo. As \u00e1reas ser\u00e3o planejadas para serem acess\u00edveis e inclusivas, priorizando a seguran\u00e7a e o bem-estar de todos. As melhorias no espa\u00e7o urbano tamb\u00e9m podem melhorar a autoestima da comunidade, gerando um sentimento de pertencimento e orgulho em rela\u00e7\u00e3o \u00e0 sua cidade.<\/p>\n<h2>Participa\u00e7\u00e3o da Comunidade no Projeto<\/h2>\n<p>A participa\u00e7\u00e3o da comunidade \u00e9 um pilar central no projeto de revitaliza\u00e7\u00e3o da Orla do Cruzeiro. O processo de planeamento e execu\u00e7\u00e3o das obras sempre busca incluir a voz dos moradores. Audi\u00eancias p\u00fablicas e consultas foram realizadas para entender as expectativas e necessidades dos cidad\u00e3os, garantindo que as mudan\u00e7as propostas estejam alinhadas com o que a popula\u00e7\u00e3o deseja.<\/p>\n<p>Com a participa\u00e7\u00e3o da comunidade, n\u00e3o s\u00f3 as expectativas s\u00e3o atendidas, mas tamb\u00e9m h\u00e1 um maior engajamento nas atividades que ser\u00e3o oferecidas no futuro. Um projeto que envolve a popula\u00e7\u00e3o tende a gerar um senso maior de responsabilidade sobre o espa\u00e7o revitalizado. Isso resulta em um cuidado coletivo com as instala\u00e7\u00f5es e espa\u00e7os p\u00fablicos, mantendo um bom estado de conserva\u00e7\u00e3o e um uso respons\u00e1vel.<\/p>\n<h2>Hist\u00f3ria da Orla do Cruzeiro<\/h2>\n<p>A Orla do Cruzeiro \u00e9 um dos pontos mais emblem\u00e1ticos de Bel\u00e9m, e sua hist\u00f3ria est\u00e1 intrinsecamente ligada \u00e0 identidade da cidade. Desde sua funda\u00e7\u00e3o em 1616, a orla se tornou um espa\u00e7o utilizado para diversas finalidades, incluindo lazer e eventos culturais. Ao longo dos anos, a regi\u00e3o sofreu com o desgaste natural e a falta de investimentos, levando \u00e0 necessidade de revitaliza\u00e7\u00e3o.<\/p>\n<p>A hist\u00f3ria da Orla do Cruzeiro \u00e9 marcada por transforma\u00e7\u00f5es significativas, refletindo as mudan\u00e7as sociais e econ\u00f4micas de Bel\u00e9m. Com a nova revitaliza\u00e7\u00e3o, espera-se que a orla n\u00e3o apenas retome sua import\u00e2ncia hist\u00f3rica, mas tamb\u00e9m se transforme em um espa\u00e7o moderno, representativo da cidade, e um legado para futuras gera\u00e7\u00f5es.<\/p>\n<h2>Investimento Federal em Bel\u00e9m<\/h2>\n<p>O investimento de R$ 19 milh\u00f5es para a revitaliza\u00e7\u00e3o da Orla do Cruzeiro demonstra o compromisso do governo federal com o desenvolvimento urbano em Bel\u00e9m. Este aporte financeiro \u00e9 crucial para a implementa\u00e7\u00e3o das obras, garantindo que as mudan\u00e7as possam ser feitas de maneira efetiva e abrangente.<\/p>\n<p>O investimento n\u00e3o apenas melhora a infraestrutura p\u00fablica, mas tamb\u00e9m gera empregos e fomenta a economia local. Em um momento em que muitas cidades enfrentam dificuldades financeiras e sociais, a inje\u00e7\u00e3o de recursos federais representa uma luz de esperan\u00e7a para a comunidade de Bel\u00e9m, especificamente para o distrito de Icoaraci, onde est\u00e3o concentrados os esfor\u00e7os de revitaliza\u00e7\u00e3o.<\/p>\n<h2>Celebra\u00e7\u00e3o do Anivers\u00e1rio de Bel\u00e9m<\/h2>\n<p>O in\u00edcio das obras de revitaliza\u00e7\u00e3o foi assinalado em um momento significativo, durante as celebra\u00e7\u00f5es do 410\u00ba anivers\u00e1rio de Bel\u00e9m. Esta coincid\u00eancia simboliza um novo come\u00e7o para a cidade, com um presente que impactar\u00e1 positivamente a comunidade. Festividades e eventos comunit\u00e1rios foram organizados em torno desse marco, trazendo moradores e autoridades para celebrarem juntas as mudan\u00e7as.<\/p>\n<p>As comemora\u00e7\u00f5es n\u00e3o apenas refor\u00e7am a mem\u00f3ria coletiva da cidade, mas tamb\u00e9m instigam um novo amor pelos pontos tur\u00edsticos locais. Para a popula\u00e7\u00e3o de Icoaraci, saber que sua orla est\u00e1 sendo revitalizada \u00e9 motivo de orgulho e dois milh\u00f5es de novas expectativas. Essas mudan\u00e7as prometem n\u00e3o s\u00f3 a renova\u00e7\u00e3o do visual do lugar, mas tamb\u00e9m a revitaliza\u00e7\u00e3o da cultura local, da economia e a melhoria na qualidade de vida.<\/p>\n<h2>Vis\u00e3o P\u00fablica sobre a Revitaliza\u00e7\u00e3o<\/h2>\n<p>A vis\u00e3o p\u00fablica sobre a revitaliza\u00e7\u00e3o da Orla do Cruzeiro \u00e9, em grande parte, otimista. Moradores e visitantes expressam entusiasmo em rela\u00e7\u00e3o \u00e0s novas \u00e1reas de lazer e ao potencial de transforma\u00e7\u00e3o do espa\u00e7o. Essa percep\u00e7\u00e3o positiva \u00e9 apoiada por estudos que mostram que a revitaliza\u00e7\u00e3o urbana, quando executada com a participa\u00e7\u00e3o da comunidade, tende a ser bem-sucedida.<\/p>\n<p>Al\u00e9m disso, o olhar da popula\u00e7\u00e3o \u00e9 fundamental para que o governo possa constantemente aprimorar os projetos e ajust\u00e1-los \u00e0s necessidades emergentes. Com a revitaliza\u00e7\u00e3o, espera-se que a Orla do Cruzeiro se torne n\u00e3o apenas um ponto tur\u00edstico, mas um local vibrante, que respira vida, intera\u00e7\u00e3o social e diversas oportunidades.<\/p>\n\n<div style=\"font-size: 0px; height: 0px; line-height: 0px; margin: 0; padding: 0; clear: both;\"><\/div>","protected":false},"excerpt":{"rendered":"<p>Revitaliza\u00e7\u00e3o da Orla do Cruzeiro promete melhorar o turismo em Bel\u00e9m (PA).<\/p>\n","protected":false},"author":1,"featured_media":1154,"comment_status":"open","ping_status":"closed","sticky":false,"template":"","format":"standard","meta":{"footnotes":""},"categories":[1],"tags":[],"class_list":["post-1155","post","type-post","status-publish","format-standard","has-post-thumbnail","hentry","category-noticias-em-belem","has_thumb"],"aioseo_notices":[],"aioseo_head":"\n\t\t<!-- All in One SEO 5.0.0.1 - aioseo.com -->\n\t<meta name=\"description\" content=\"Revitaliza\u00e7\u00e3o da Orla do Cruzeiro promete melhorar o turismo em Bel\u00e9m (PA).\" \/>\n\t<meta name=\"robots\" content=\"max-image-preview:large\" \/>\n\t<meta name=\"author\" content=\"Encontra Bel\u00e9m\"\/>\n\t<link rel=\"canonical\" href=\"https:\/\/www.encontrabelem.com.br\/sobre\/no-aniversario-de-belem-pa-ministerio-das-cidades-da-inicio-a-revitalizacao-da-orla-do-cruzeiro-em-icoaraci\" \/>\n\t<meta name=\"generator\" content=\"All in One SEO (AIOSEO) 5.0.0.1\" \/>\n\t\t<meta property=\"og:locale\" content=\"pt_BR\" \/>\n\t\t<meta property=\"og:site_name\" content=\"Encontra Bel\u00e9m | Not\u00edcias, eventos, informa\u00e7\u00f5es e dicas na cidade Bel\u00e9m e regi\u00e3o.\" \/>\n\t\t<meta property=\"og:type\" content=\"article\" \/>\n\t\t<meta property=\"og:title\" content=\"No anivers\u00e1rio de Bel\u00e9m (PA), Minist\u00e9rio das Cidades d\u00e1 in\u00edcio \u00e0 revitaliza\u00e7\u00e3o da Orla do Cruzeiro, em Icoaraci | Encontra Bel\u00e9m\" \/>\n\t\t<meta property=\"og:description\" content=\"Revitaliza\u00e7\u00e3o da Orla do Cruzeiro promete melhorar o turismo em Bel\u00e9m (PA).\" \/>\n\t\t<meta property=\"og:url\" content=\"https:\/\/www.encontrabelem.com.br\/sobre\/no-aniversario-de-belem-pa-ministerio-das-cidades-da-inicio-a-revitalizacao-da-orla-do-cruzeiro-em-icoaraci\" \/>\n\t\t<meta property=\"article:published_time\" content=\"2026-01-13T16:41:42+00:00\" \/>\n\t\t<meta property=\"article:modified_time\" content=\"2026-01-13T16:41:42+00:00\" \/>\n\t\t<meta name=\"twitter:card\" content=\"summary\" \/>\n\t\t<meta name=\"twitter:title\" content=\"No anivers\u00e1rio de Bel\u00e9m (PA), Minist\u00e9rio das Cidades d\u00e1 in\u00edcio \u00e0 revitaliza\u00e7\u00e3o da Orla do Cruzeiro, em Icoaraci | Encontra Bel\u00e9m\" \/>\n\t\t<meta name=\"twitter:description\" content=\"Revitaliza\u00e7\u00e3o da Orla do Cruzeiro promete melhorar o turismo em Bel\u00e9m (PA).\" \/>\n\t\t<script type=\"application\/ld+json\" class=\"aioseo-schema\">\n\t\t\t{\"@context\":\"https:\\\/\\\/schema.org\",\"@graph\":[{\"@type\":\"Article\",\"@id\":\"https:\\\/\\\/www.encontrabelem.com.br\\\/sobre\\\/no-aniversario-de-belem-pa-ministerio-das-cidades-da-inicio-a-revitalizacao-da-orla-do-cruzeiro-em-icoaraci#article\",\"name\":\"No anivers\\u00e1rio de Bel\\u00e9m (PA), Minist\\u00e9rio das Cidades d\\u00e1 in\\u00edcio \\u00e0 revitaliza\\u00e7\\u00e3o da Orla do Cruzeiro, em Icoaraci | Encontra Bel\\u00e9m\",\"headline\":\"No anivers\\u00e1rio de Bel\\u00e9m (PA), Minist\\u00e9rio das Cidades d\\u00e1 in\\u00edcio \\u00e0 revitaliza\\u00e7\\u00e3o da Orla do Cruzeiro, em Icoaraci\",\"author\":{\"@id\":\"https:\\\/\\\/www.encontrabelem.com.br\\\/sobre\\\/author\\\/ebelem#author\"},\"publisher\":{\"@id\":\"https:\\\/\\\/www.encontrabelem.com.br\\\/sobre\\\/#organization\"},\"image\":{\"@type\":\"ImageObject\",\"url\":\"https:\\\/\\\/www.encontrabelem.com.br\\\/sobre\\\/wp-content\\\/uploads\\\/2026\\\/01\\\/no-aniversario-de-belem-pa-ministerio-das-cidades-da-inicio-a-revitalizacao-da-orla-do-cruzeiro-em-i.webp\",\"width\":320,\"height\":280,\"caption\":\"revitaliza\\u00e7\\u00e3o da Orla do Cruzeiro\"},\"datePublished\":\"2026-01-13T13:41:42-03:00\",\"dateModified\":\"2026-01-13T13:41:42-03:00\",\"inLanguage\":\"pt-BR\",\"mainEntityOfPage\":{\"@id\":\"https:\\\/\\\/www.encontrabelem.com.br\\\/sobre\\\/no-aniversario-de-belem-pa-ministerio-das-cidades-da-inicio-a-revitalizacao-da-orla-do-cruzeiro-em-icoaraci#webpage\"},\"isPartOf\":{\"@id\":\"https:\\\/\\\/www.encontrabelem.com.br\\\/sobre\\\/no-aniversario-de-belem-pa-ministerio-das-cidades-da-inicio-a-revitalizacao-da-orla-do-cruzeiro-em-icoaraci#webpage\"},\"articleSection\":\"Not\\u00edcias Bel\\u00e9m\"},{\"@type\":\"BreadcrumbList\",\"@id\":\"https:\\\/\\\/www.encontrabelem.com.br\\\/sobre\\\/no-aniversario-de-belem-pa-ministerio-das-cidades-da-inicio-a-revitalizacao-da-orla-do-cruzeiro-em-icoaraci#breadcrumblist\",\"itemListElement\":[{\"@type\":\"ListItem\",\"@id\":\"https:\\\/\\\/www.encontrabelem.com.br\\\/sobre#listItem\",\"position\":1,\"name\":\"In\\u00edcio\",\"item\":\"https:\\\/\\\/www.encontrabelem.com.br\\\/sobre\",\"nextItem\":{\"@type\":\"ListItem\",\"@id\":\"https:\\\/\\\/www.encontrabelem.com.br\\\/sobre\\\/noticias-em-belem#listItem\",\"name\":\"Not\\u00edcias Bel\\u00e9m\"}},{\"@type\":\"ListItem\",\"@id\":\"https:\\\/\\\/www.encontrabelem.com.br\\\/sobre\\\/noticias-em-belem#listItem\",\"position\":2,\"name\":\"Not\\u00edcias Bel\\u00e9m\",\"item\":\"https:\\\/\\\/www.encontrabelem.com.br\\\/sobre\\\/noticias-em-belem\",\"nextItem\":{\"@type\":\"ListItem\",\"@id\":\"https:\\\/\\\/www.encontrabelem.com.br\\\/sobre\\\/no-aniversario-de-belem-pa-ministerio-das-cidades-da-inicio-a-revitalizacao-da-orla-do-cruzeiro-em-icoaraci#listItem\",\"name\":\"No anivers\\u00e1rio de Bel\\u00e9m (PA), Minist\\u00e9rio das Cidades d\\u00e1 in\\u00edcio \\u00e0 revitaliza\\u00e7\\u00e3o da Orla do Cruzeiro, em Icoaraci\"},\"previousItem\":{\"@type\":\"ListItem\",\"@id\":\"https:\\\/\\\/www.encontrabelem.com.br\\\/sobre#listItem\",\"name\":\"In\\u00edcio\"}},{\"@type\":\"ListItem\",\"@id\":\"https:\\\/\\\/www.encontrabelem.com.br\\\/sobre\\\/no-aniversario-de-belem-pa-ministerio-das-cidades-da-inicio-a-revitalizacao-da-orla-do-cruzeiro-em-icoaraci#listItem\",\"position\":3,\"name\":\"No anivers\\u00e1rio de Bel\\u00e9m (PA), Minist\\u00e9rio das Cidades d\\u00e1 in\\u00edcio \\u00e0 revitaliza\\u00e7\\u00e3o da Orla do Cruzeiro, em Icoaraci\",\"previousItem\":{\"@type\":\"ListItem\",\"@id\":\"https:\\\/\\\/www.encontrabelem.com.br\\\/sobre\\\/noticias-em-belem#listItem\",\"name\":\"Not\\u00edcias Bel\\u00e9m\"}}]},{\"@type\":\"Organization\",\"@id\":\"https:\\\/\\\/www.encontrabelem.com.br\\\/sobre\\\/#organization\",\"name\":\"Encontra Bel\\u00e9m\",\"description\":\"Not\\u00edcias, eventos, informa\\u00e7\\u00f5es e dicas na cidade Bel\\u00e9m e regi\\u00e3o.\",\"url\":\"https:\\\/\\\/www.encontrabelem.com.br\\\/sobre\\\/\"},{\"@type\":\"Person\",\"@id\":\"https:\\\/\\\/www.encontrabelem.com.br\\\/sobre\\\/author\\\/ebelem#author\",\"url\":\"https:\\\/\\\/www.encontrabelem.com.br\\\/sobre\\\/author\\\/ebelem\",\"name\":\"Encontra Bel\\u00e9m\",\"image\":{\"@type\":\"ImageObject\",\"@id\":\"https:\\\/\\\/www.encontrabelem.com.br\\\/sobre\\\/no-aniversario-de-belem-pa-ministerio-das-cidades-da-inicio-a-revitalizacao-da-orla-do-cruzeiro-em-icoaraci#authorImage\",\"url\":\"https:\\\/\\\/secure.gravatar.com\\\/avatar\\\/507340682b8270222e1f208e23198b6ae7e2c6a1033ae84e99bc6bce4f82a387?s=96&d=mm&r=g\",\"width\":96,\"height\":96,\"caption\":\"Encontra Bel\\u00e9m\"}},{\"@type\":\"WebPage\",\"@id\":\"https:\\\/\\\/www.encontrabelem.com.br\\\/sobre\\\/no-aniversario-de-belem-pa-ministerio-das-cidades-da-inicio-a-revitalizacao-da-orla-do-cruzeiro-em-icoaraci#webpage\",\"url\":\"https:\\\/\\\/www.encontrabelem.com.br\\\/sobre\\\/no-aniversario-de-belem-pa-ministerio-das-cidades-da-inicio-a-revitalizacao-da-orla-do-cruzeiro-em-icoaraci\",\"name\":\"No anivers\\u00e1rio de Bel\\u00e9m (PA), Minist\\u00e9rio das Cidades d\\u00e1 in\\u00edcio \\u00e0 revitaliza\\u00e7\\u00e3o da Orla do Cruzeiro, em Icoaraci | Encontra Bel\\u00e9m\",\"description\":\"Revitaliza\\u00e7\\u00e3o da Orla do Cruzeiro promete melhorar o turismo em Bel\\u00e9m (PA).\",\"inLanguage\":\"pt-BR\",\"isPartOf\":{\"@id\":\"https:\\\/\\\/www.encontrabelem.com.br\\\/sobre\\\/#website\"},\"breadcrumb\":{\"@id\":\"https:\\\/\\\/www.encontrabelem.com.br\\\/sobre\\\/no-aniversario-de-belem-pa-ministerio-das-cidades-da-inicio-a-revitalizacao-da-orla-do-cruzeiro-em-icoaraci#breadcrumblist\"},\"author\":{\"@id\":\"https:\\\/\\\/www.encontrabelem.com.br\\\/sobre\\\/author\\\/ebelem#author\"},\"creator\":{\"@id\":\"https:\\\/\\\/www.encontrabelem.com.br\\\/sobre\\\/author\\\/ebelem#author\"},\"image\":{\"@type\":\"ImageObject\",\"url\":\"https:\\\/\\\/www.encontrabelem.com.br\\\/sobre\\\/wp-content\\\/uploads\\\/2026\\\/01\\\/no-aniversario-de-belem-pa-ministerio-das-cidades-da-inicio-a-revitalizacao-da-orla-do-cruzeiro-em-i.webp\",\"@id\":\"https:\\\/\\\/www.encontrabelem.com.br\\\/sobre\\\/no-aniversario-de-belem-pa-ministerio-das-cidades-da-inicio-a-revitalizacao-da-orla-do-cruzeiro-em-icoaraci\\\/#mainImage\",\"width\":320,\"height\":280,\"caption\":\"revitaliza\\u00e7\\u00e3o da Orla do Cruzeiro\"},\"primaryImageOfPage\":{\"@id\":\"https:\\\/\\\/www.encontrabelem.com.br\\\/sobre\\\/no-aniversario-de-belem-pa-ministerio-das-cidades-da-inicio-a-revitalizacao-da-orla-do-cruzeiro-em-icoaraci#mainImage\"},\"datePublished\":\"2026-01-13T13:41:42-03:00\",\"dateModified\":\"2026-01-13T13:41:42-03:00\"},{\"@type\":\"WebSite\",\"@id\":\"https:\\\/\\\/www.encontrabelem.com.br\\\/sobre\\\/#website\",\"url\":\"https:\\\/\\\/www.encontrabelem.com.br\\\/sobre\\\/\",\"name\":\"Encontra Bel\\u00e9m\",\"description\":\"Not\\u00edcias, eventos, informa\\u00e7\\u00f5es e dicas na cidade Bel\\u00e9m e regi\\u00e3o.\",\"inLanguage\":\"pt-BR\",\"publisher\":{\"@id\":\"https:\\\/\\\/www.encontrabelem.com.br\\\/sobre\\\/#organization\"}}]}\n\t\t<\/script>\n\t\t<!-- All in One SEO -->\n\n","aioseo_head_json":{"title":"No anivers\u00e1rio de Bel\u00e9m (PA), Minist\u00e9rio das Cidades d\u00e1 in\u00edcio \u00e0 revitaliza\u00e7\u00e3o da Orla do Cruzeiro, em Icoaraci | Encontra Bel\u00e9m","description":"Revitaliza\u00e7\u00e3o da Orla do Cruzeiro promete melhorar o turismo em Bel\u00e9m (PA).","canonical_url":"https:\/\/www.encontrabelem.com.br\/sobre\/no-aniversario-de-belem-pa-ministerio-das-cidades-da-inicio-a-revitalizacao-da-orla-do-cruzeiro-em-icoaraci","robots":"max-image-preview:large","keywords":"","webmasterTools":{"miscellaneous":""},"schema":{"@context":"https:\/\/schema.org","@graph":[{"@type":"Article","@id":"https:\/\/www.encontrabelem.com.br\/sobre\/no-aniversario-de-belem-pa-ministerio-das-cidades-da-inicio-a-revitalizacao-da-orla-do-cruzeiro-em-icoaraci#article","name":"No anivers\u00e1rio de Bel\u00e9m (PA), Minist\u00e9rio das Cidades d\u00e1 in\u00edcio \u00e0 revitaliza\u00e7\u00e3o da Orla do Cruzeiro, em Icoaraci | Encontra Bel\u00e9m","headline":"No anivers\u00e1rio de Bel\u00e9m (PA), Minist\u00e9rio das Cidades d\u00e1 in\u00edcio \u00e0 revitaliza\u00e7\u00e3o da Orla do Cruzeiro, em Icoaraci","author":{"@id":"https:\/\/www.encontrabelem.com.br\/sobre\/author\/ebelem#author"},"publisher":{"@id":"https:\/\/www.encontrabelem.com.br\/sobre\/#organization"},"image":{"@type":"ImageObject","url":"https:\/\/www.encontrabelem.com.br\/sobre\/wp-content\/uploads\/2026\/01\/no-aniversario-de-belem-pa-ministerio-das-cidades-da-inicio-a-revitalizacao-da-orla-do-cruzeiro-em-i.webp","width":320,"height":280,"caption":"revitaliza\u00e7\u00e3o da Orla do Cruzeiro"},"datePublished":"2026-01-13T13:41:42-03:00","dateModified":"2026-01-13T13:41:42-03:00","inLanguage":"pt-BR","mainEntityOfPage":{"@id":"https:\/\/www.encontrabelem.com.br\/sobre\/no-aniversario-de-belem-pa-ministerio-das-cidades-da-inicio-a-revitalizacao-da-orla-do-cruzeiro-em-icoaraci#webpage"},"isPartOf":{"@id":"https:\/\/www.encontrabelem.com.br\/sobre\/no-aniversario-de-belem-pa-ministerio-das-cidades-da-inicio-a-revitalizacao-da-orla-do-cruzeiro-em-icoaraci#webpage"},"articleSection":"Not\u00edcias Bel\u00e9m"},{"@type":"BreadcrumbList","@id":"https:\/\/www.encontrabelem.com.br\/sobre\/no-aniversario-de-belem-pa-ministerio-das-cidades-da-inicio-a-revitalizacao-da-orla-do-cruzeiro-em-icoaraci#breadcrumblist","itemListElement":[{"@type":"ListItem","@id":"https:\/\/www.encontrabelem.com.br\/sobre#listItem","position":1,"name":"In\u00edcio","item":"https:\/\/www.encontrabelem.com.br\/sobre","nextItem":{"@type":"ListItem","@id":"https:\/\/www.encontrabelem.com.br\/sobre\/noticias-em-belem#listItem","name":"Not\u00edcias Bel\u00e9m"}},{"@type":"ListItem","@id":"https:\/\/www.encontrabelem.com.br\/sobre\/noticias-em-belem#listItem","position":2,"name":"Not\u00edcias Bel\u00e9m","item":"https:\/\/www.encontrabelem.com.br\/sobre\/noticias-em-belem","nextItem":{"@type":"ListItem","@id":"https:\/\/www.encontrabelem.com.br\/sobre\/no-aniversario-de-belem-pa-ministerio-das-cidades-da-inicio-a-revitalizacao-da-orla-do-cruzeiro-em-icoaraci#listItem","name":"No anivers\u00e1rio de Bel\u00e9m (PA), Minist\u00e9rio das Cidades d\u00e1 in\u00edcio \u00e0 revitaliza\u00e7\u00e3o da Orla do Cruzeiro, em Icoaraci"},"previousItem":{"@type":"ListItem","@id":"https:\/\/www.encontrabelem.com.br\/sobre#listItem","name":"In\u00edcio"}},{"@type":"ListItem","@id":"https:\/\/www.encontrabelem.com.br\/sobre\/no-aniversario-de-belem-pa-ministerio-das-cidades-da-inicio-a-revitalizacao-da-orla-do-cruzeiro-em-icoaraci#listItem","position":3,"name":"No anivers\u00e1rio de Bel\u00e9m (PA), Minist\u00e9rio das Cidades d\u00e1 in\u00edcio \u00e0 revitaliza\u00e7\u00e3o da Orla do Cruzeiro, em Icoaraci","previousItem":{"@type":"ListItem","@id":"https:\/\/www.encontrabelem.com.br\/sobre\/noticias-em-belem#listItem","name":"Not\u00edcias Bel\u00e9m"}}]},{"@type":"Organization","@id":"https:\/\/www.encontrabelem.com.br\/sobre\/#organization","name":"Encontra Bel\u00e9m","description":"Not\u00edcias, eventos, informa\u00e7\u00f5es e dicas na cidade Bel\u00e9m e regi\u00e3o.","url":"https:\/\/www.encontrabelem.com.br\/sobre\/"},{"@type":"Person","@id":"https:\/\/www.encontrabelem.com.br\/sobre\/author\/ebelem#author","url":"https:\/\/www.encontrabelem.com.br\/sobre\/author\/ebelem","name":"Encontra Bel\u00e9m","image":{"@type":"ImageObject","@id":"https:\/\/www.encontrabelem.com.br\/sobre\/no-aniversario-de-belem-pa-ministerio-das-cidades-da-inicio-a-revitalizacao-da-orla-do-cruzeiro-em-icoaraci#authorImage","url":"https:\/\/secure.gravatar.com\/avatar\/507340682b8270222e1f208e23198b6ae7e2c6a1033ae84e99bc6bce4f82a387?s=96&d=mm&r=g","width":96,"height":96,"caption":"Encontra Bel\u00e9m"}},{"@type":"WebPage","@id":"https:\/\/www.encontrabelem.com.br\/sobre\/no-aniversario-de-belem-pa-ministerio-das-cidades-da-inicio-a-revitalizacao-da-orla-do-cruzeiro-em-icoaraci#webpage","url":"https:\/\/www.encontrabelem.com.br\/sobre\/no-aniversario-de-belem-pa-ministerio-das-cidades-da-inicio-a-revitalizacao-da-orla-do-cruzeiro-em-icoaraci","name":"No anivers\u00e1rio de Bel\u00e9m (PA), Minist\u00e9rio das Cidades d\u00e1 in\u00edcio \u00e0 revitaliza\u00e7\u00e3o da Orla do Cruzeiro, em Icoaraci | Encontra Bel\u00e9m","description":"Revitaliza\u00e7\u00e3o da Orla do Cruzeiro promete melhorar o turismo em Bel\u00e9m (PA).","inLanguage":"pt-BR","isPartOf":{"@id":"https:\/\/www.encontrabelem.com.br\/sobre\/#website"},"breadcrumb":{"@id":"https:\/\/www.encontrabelem.com.br\/sobre\/no-aniversario-de-belem-pa-ministerio-das-cidades-da-inicio-a-revitalizacao-da-orla-do-cruzeiro-em-icoaraci#breadcrumblist"},"author":{"@id":"https:\/\/www.encontrabelem.com.br\/sobre\/author\/ebelem#author"},"creator":{"@id":"https:\/\/www.encontrabelem.com.br\/sobre\/author\/ebelem#author"},"image":{"@type":"ImageObject","url":"https:\/\/www.encontrabelem.com.br\/sobre\/wp-content\/uploads\/2026\/01\/no-aniversario-de-belem-pa-ministerio-das-cidades-da-inicio-a-revitalizacao-da-orla-do-cruzeiro-em-i.webp","@id":"https:\/\/www.encontrabelem.com.br\/sobre\/no-aniversario-de-belem-pa-ministerio-das-cidades-da-inicio-a-revitalizacao-da-orla-do-cruzeiro-em-icoaraci\/#mainImage","width":320,"height":280,"caption":"revitaliza\u00e7\u00e3o da Orla do Cruzeiro"},"primaryImageOfPage":{"@id":"https:\/\/www.encontrabelem.com.br\/sobre\/no-aniversario-de-belem-pa-ministerio-das-cidades-da-inicio-a-revitalizacao-da-orla-do-cruzeiro-em-icoaraci#mainImage"},"datePublished":"2026-01-13T13:41:42-03:00","dateModified":"2026-01-13T13:41:42-03:00"},{"@type":"WebSite","@id":"https:\/\/www.encontrabelem.com.br\/sobre\/#website","url":"https:\/\/www.encontrabelem.com.br\/sobre\/","name":"Encontra Bel\u00e9m","description":"Not\u00edcias, eventos, informa\u00e7\u00f5es e dicas na cidade Bel\u00e9m e regi\u00e3o.","inLanguage":"pt-BR","publisher":{"@id":"https:\/\/www.encontrabelem.com.br\/sobre\/#organization"}}]},"og:locale":"pt_BR","og:site_name":"Encontra Bel\u00e9m | Not\u00edcias, eventos, informa\u00e7\u00f5es e dicas na cidade Bel\u00e9m e regi\u00e3o.","og:type":"article","og:title":"No anivers\u00e1rio de Bel\u00e9m (PA), Minist\u00e9rio das Cidades d\u00e1 in\u00edcio \u00e0 revitaliza\u00e7\u00e3o da Orla do Cruzeiro, em Icoaraci | Encontra Bel\u00e9m","og:description":"Revitaliza\u00e7\u00e3o da Orla do Cruzeiro promete melhorar o turismo em Bel\u00e9m (PA).","og:url":"https:\/\/www.encontrabelem.com.br\/sobre\/no-aniversario-de-belem-pa-ministerio-das-cidades-da-inicio-a-revitalizacao-da-orla-do-cruzeiro-em-icoaraci","article:published_time":"2026-01-13T16:41:42+00:00","article:modified_time":"2026-01-13T16:41:42+00:00","twitter:card":"summary","twitter:title":"No anivers\u00e1rio de Bel\u00e9m (PA), Minist\u00e9rio das Cidades d\u00e1 in\u00edcio \u00e0 revitaliza\u00e7\u00e3o da Orla do Cruzeiro, em Icoaraci | Encontra Bel\u00e9m","twitter:description":"Revitaliza\u00e7\u00e3o da Orla do Cruzeiro promete melhorar o turismo em Bel\u00e9m (PA)."},"aioseo_meta_data":{"post_id":"1155","title":null,"description":null,"keywords":null,"keyphrases":null,"primary_term":null,"canonical_url":null,"og_title":null,"og_description":null,"og_object_type":"default","og_image_type":"default","og_image_url":null,"og_image_width":null,"og_image_height":null,"og_image_custom_url":null,"og_image_custom_fields":null,"og_video":null,"og_custom_url":null,"og_article_section":null,"og_article_tags":null,"twitter_use_og":false,"twitter_card":"default","twitter_image_type":"default","twitter_image_url":null,"twitter_image_custom_url":null,"twitter_image_custom_fields":null,"twitter_title":null,"twitter_description":null,"schema":{"blockGraphs":[],"customGraphs":[],"default":{"data":{"Article":[],"Course":[],"Dataset":[],"FAQPage":[],"Movie":[],"Person":[],"Product":[],"ProductReview":[],"Car":[],"Recipe":[],"Service":[],"SoftwareApplication":[],"WebPage":[]},"graphName":"Article","isEnabled":true},"graphs":[]},"schema_type":"default","schema_type_options":null,"pillar_content":false,"robots_default":true,"robots_noindex":false,"robots_noarchive":false,"robots_nosnippet":false,"robots_nofollow":false,"robots_noimageindex":false,"robots_noodp":false,"robots_notranslate":false,"robots_max_snippet":null,"robots_max_videopreview":null,"robots_max_imagepreview":"large","priority":null,"frequency":null,"local_seo":null,"breadcrumb_settings":null,"limit_modified_date":false,"ai":null,"created":"2026-01-13 16:41:46","updated":"2026-01-13 16:48:51","focus_keyword":null,"additional_keywords":null,"truseo_locale":null,"seo_analyzer_scan_date":null},"aioseo_breadcrumb":"<div class=\"aioseo-breadcrumbs\"><span class=\"aioseo-breadcrumb\">\n\t\t\t<a href=\"https:\/\/www.encontrabelem.com.br\/sobre\" title=\"In\u00edcio\">In\u00edcio<\/a>\n\t\t<\/span><span class=\"aioseo-breadcrumb-separator\">&raquo;<\/span><span class=\"aioseo-breadcrumb\">\n\t\t\t<a href=\"https:\/\/www.encontrabelem.com.br\/sobre\/noticias-em-belem\" title=\"Not\u00edcias Bel\u00e9m\">Not\u00edcias Bel\u00e9m<\/a>\n\t\t<\/span><span class=\"aioseo-breadcrumb-separator\">&raquo;<\/span><span class=\"aioseo-breadcrumb\">\n\t\t\tNo anivers\u00e1rio de Bel\u00e9m (PA), Minist\u00e9rio das Cidades d\u00e1 in\u00edcio \u00e0 revitaliza\u00e7\u00e3o da Orla do Cruzeiro, em Icoaraci\n\t\t<\/span><\/div>","aioseo_breadcrumb_json":[{"label":"In\u00edcio","link":"https:\/\/www.encontrabelem.com.br\/sobre"},{"label":"Not\u00edcias Bel\u00e9m","link":"https:\/\/www.encontrabelem.com.br\/sobre\/noticias-em-belem"},{"label":"No anivers\u00e1rio de Bel\u00e9m (PA), Minist\u00e9rio das Cidades d\u00e1 in\u00edcio \u00e0 revitaliza\u00e7\u00e3o da Orla do Cruzeiro, em Icoaraci","link":"https:\/\/www.encontrabelem.com.br\/sobre\/no-aniversario-de-belem-pa-ministerio-das-cidades-da-inicio-a-revitalizacao-da-orla-do-cruzeiro-em-icoaraci"}],"_links":{"self":[{"href":"https:\/\/www.encontrabelem.com.br\/sobre\/wp-json\/wp\/v2\/posts\/1155","targetHints":{"allow":["GET"]}}],"collection":[{"href":"https:\/\/www.encontrabelem.com.br\/sobre\/wp-json\/wp\/v2\/posts"}],"about":[{"href":"https:\/\/www.encontrabelem.com.br\/sobre\/wp-json\/wp\/v2\/types\/post"}],"author":[{"embeddable":true,"href":"https:\/\/www.encontrabelem.com.br\/sobre\/wp-json\/wp\/v2\/users\/1"}],"replies":[{"embeddable":true,"href":"https:\/\/www.encontrabelem.com.br\/sobre\/wp-json\/wp\/v2\/comments?post=1155"}],"version-history":[{"count":0,"href":"https:\/\/www.encontrabelem.com.br\/sobre\/wp-json\/wp\/v2\/posts\/1155\/revisions"}],"wp:featuredmedia":[{"embeddable":true,"href":"https:\/\/www.encontrabelem.com.br\/sobre\/wp-json\/wp\/v2\/media\/1154"}],"wp:attachment":[{"href":"https:\/\/www.encontrabelem.com.br\/sobre\/wp-json\/wp\/v2\/media?parent=1155"}],"wp:term":[{"taxonomy":"category","embeddable":true,"href":"https:\/\/www.encontrabelem.com.br\/sobre\/wp-json\/wp\/v2\/categories?post=1155"},{"taxonomy":"post_tag","embeddable":true,"href":"https:\/\/www.encontrabelem.com.br\/sobre\/wp-json\/wp\/v2\/tags?post=1155"}],"curies":[{"name":"wp","href":"https:\/\/api.w.org\/{rel}","templated":true}]}}